{"id":1511,"date":"2014-12-28T15:06:51","date_gmt":"2014-12-28T14:06:51","guid":{"rendered":"http:\/\/wp.kristdemokraterna.se\/hakanjohansson\/?p=1511"},"modified":"2015-01-07T06:59:05","modified_gmt":"2015-01-07T05:59:05","slug":"det-var-inte-detta-jag-rostade-pa","status":"publish","type":"post","link":"https:\/\/wp.kristdemokraterna.se\/hakanjohansson\/2014\/12\/28\/det-var-inte-detta-jag-rostade-pa\/","title":{"rendered":"Det var inte detta jag r\u00f6stade p\u00e5"},"content":{"rendered":"<p>Det har g\u00e5tt ett par dagar sedan den s\u00e5 kallade December\u00f6verenskommelsen och debattens v\u00e5gor har g\u00e5tt h\u00f6ga b\u00e5de f\u00f6r och emot. Jod\u00e5, jag f\u00f6rst\u00e5r ocks\u00e5 att det m\u00e5ste vara m\u00f6jligt att styra landet \u2013\u00a0\u00e4ven f\u00f6r en minoritetsregering. Jod\u00e5, jag inser ocks\u00e5 att det \u00e4r s\u00e5 h\u00e4r partierna har agerat i praktiken under m\u00e5nga \u00e5r och att det beh\u00f6vde kodifieras p\u00e5 n\u00e5got s\u00e4tt. Jod\u00e5, jag begriper\u00a0ocks\u00e5 att det \u00e4r en f\u00f6rdel att det inte ska g\u00e5 att bryta ut delar ur budgeten som oppositionen h\u00f6ll p\u00e5 med under den f\u00f6rra mandatperioden. Men \u2013\u00a0det var inte detta jag k\u00e4mpade f\u00f6r i valr\u00f6relsen och r\u00f6stade p\u00e5 i valet!<\/p>\n<p><!--more--><\/p>\n<p><a title=\"H\u00e4rlig valdag med bitter eftersmak\" href=\"http:\/\/wp.kristdemokraterna.se\/hakanjohansson\/2014\/09\/14\/harlig-valdag-med-bitter-eftersmak\/\">Jag har jobbat h\u00e5rt f\u00f6r en fortsatt alliansregering med starkt kristdemokratiskt inflytande<\/a>. Efter <a title=\"Min eftervalsanalys\" href=\"http:\/\/wp.kristdemokraterna.se\/hakanjohansson\/2014\/09\/26\/min-eftervalsanalys\/\">valresultatet<\/a>\u00a0fick jag b\u00f6rja st\u00e4lla\u00a0mitt hopp till\u00a0en tydlig\u00a0alliansopposition med stark kristdemokratisk pr\u00e4gel. Nu ser det ut som jag har f\u00e5tt en stark minoritetsregering och en alliansopposition som f\u00f6rbundit sig att inte f\u00e4lla den n\u00e5got st\u00f6rre minoritetens budgetar under resten av mandatperioden. Till r\u00e5ga p\u00e5 allt g\u00e4ller \u00f6verenskommelsen ytterligare en mandatperiod!<\/p>\n<p>I min v\u00e4rld \u00e4r detta inte bara ett utan flera demokratiska problem. Med vilken r\u00e4tt sluter partier avtal om hur sj\u00e4lvst\u00e4ndiga folkvalda ska r\u00f6sta? M\u00f6jligen kan en partigrupp g\u00f6r en intern \u00f6verenskommelse f\u00f6r mandatperioden, men inte bakbinda den partigrupp som kommer efter n\u00e4sta val! Det \u00e4r ett demokratiskt problem att en av Sveriges svagaste regeringar f\u00f6rvandlas till en av Sveriges starkaste regeringar bara s\u00e5d\u00e4r. Det \u00e4r dessutom en regering som \u00e4r starkt beroende av ett parti som \u00f6ver huvud taget inte ing\u00e5r i regeringsunderlaget! V\u00e4nsterpartiet kan d\u00e4rmed kan driva politiken mot mindre valfrihet och mer f\u00f6retagsfientlighet samtidigt som Alliansen lovar att avst\u00e5\u00a0fr\u00e5n att r\u00f6sta f\u00f6r sin egen budget. Det var i alla fall inte det som jag gick till val p\u00e5!<\/p>\n<p>Det g\u00e5r att r\u00e4kna upp fler demokratiska problem och det har m\u00e5nga andra redan gjort i debatten. Som jag ser det \u00e4r dock det viktigaste att Alliansen p\u00e5 f\u00f6rhand ger bort\u00a0n\u00e5gra av sina viktigaste och kraftfullaste politiska verktyg.\u00a0Tove Lifvendahl uttrycker det v\u00e4l i sin ledare i Svenska Dagbladet den 2014-12-27:<br \/>\n<q title=\"Tove Lifvendahl, Svenska Dagbladet den 2014-12-27\">Demokratins s\u00e4kerhetsventil \u00e4r dess opposition, och kraften i oppositionen bygger delvis p\u00e5 hur stort hot den kan trov\u00e4rdigg\u00f6ra gentemot regeringen i att reellt \u00e4ventyra makten. Det vapnet fr\u00e5nh\u00e4nder man sig till stor del nu.<\/q><\/p>\n<p>Jag inser naturligtvis att vi har ett nytt politiskt landskap efter valet. Sverigedemokraterna har f\u00e5tt en stark v\u00e5gm\u00e4starposition i Riksdagen och tydligt aviserat att de t\u00e4nker anv\u00e4nda den till att f\u00e4lla varje regering som inte f\u00f6r\u00e4ndrar invandringspolitiken i riktning mot deras. Sj\u00e4lvklart kan man inte ha ett l\u00e4ge d\u00e4r ett enda minoritetsparti f\u00e5r makt att f\u00e4lla regeringar och budgetar godtyckligt, baserat p\u00e5 en enda fr\u00e5ga. I min v\u00e4rld l\u00f6ser man emellertid inte det problemet genom att\u00a0bilda kotterier med syfte att h\u00e5lla ett parti utanf\u00f6r. Det luktar partiegoism och bekr\u00e4ftar bara SD:s sj\u00e4lvbild som enda oppositionsparti.<\/p>\n<p>Ett b\u00e4ttre s\u00e4tt \u00e4r att att i f\u00f6rsta hand str\u00e4va efter en majoritetsregering, till exempel genom att hitta nya samarbetspartier- eller former, genom extra\u00a0val eller kanske allra helst genom en stor koalition mellan Moderaterna och Socialdemokraterna. Ett stort parti har ocks\u00e5 ett stort ansvar och detta kanske \u00e4r vad som kr\u00e4vs f\u00f6r att f\u00e5 den ordning och reda som ger den l\u00e5ngsiktigt f\u00f6rutsebara politik som \u00e4r n\u00f6dv\u00e4ndig f\u00f6r att beh\u00e5lla Sveriges internationella trov\u00e4rdighet. Under tiden kan \u00f6vriga partier i Alliansen utveckla sin egen politik, n\u00e5got som har varit sv\u00e5rt under n\u00e5gra \u00e5r, och komma tillbaka som ny och uppgraderad majoritetsregering efter 2018 \u00e5rs val!<\/p>\n<p>Jag vill bara g\u00f6ra tydligt\u00a0att jag f\u00f6rst\u00e5r vikten av att s\u00e4kra minoritetsregeringars m\u00f6jlighet att att styra landet\u00a0f\u00f6r att f\u00e5 ordning och reda. Jag ser\u00a0ocks\u00e5\u00a0att December\u00f6verenskommelsen \u00e4r\u00a0ett tecken p\u00e5 ansvarstagande \u2013 att den\u00a0s\u00e4tter Sveriges l\u00e5ngsiktiga stabilitet\u00a0i fokus. I och f\u00f6r sig kan man ju\u00a0problematisera politisk stabilitet\u00a0\u2013 det brukar exempelvis ofta vara ett k\u00e4nnetecken p\u00e5 diktaturer \ud83d\ude09 . Nu har vi i alla fall \u00f6verenskommelsen, med dess svagheter och styrkor, och det \u00e4r det vi f\u00e5r f\u00f6rh\u00e5lla oss till.<\/p>\n<p>M\u00e5nga kloka\u00a0kristdemokrater och andra alliansf\u00f6retr\u00e4dare har varit med och utformat uppg\u00f6relsen och de h\u00e4vdar att det fortfarande g\u00e5r att bedriva effektiv opposition. Okej, jag litar p\u00e5 er. D\u00e5 vill jag ocks\u00e5 se en kraftfull och\u00a0tydlig\u00a0alliansopposition med stark kristdemokratisk pr\u00e4gel som ger konkreta resultat i praktisk politik!<\/p>\n<hr \/>\n<p>N\u00e5gra kloka inl\u00e4gg som ger ett bredare perspektiv p\u00e5 debatten har jag delat p\u00e5 min facebooksida. L\u00e4s g\u00e4rna dem ocks\u00e5:<br \/>\n[<a title=\"Min facebooksida (H\u00e5kan Johansson - KD)\" href=\"https:\/\/www.facebook.com\/hakanjohansson.KD\" target=\"_blank\">Min facebooksida (H\u00e5kan Johansson &#8211; KD)<\/a>]<\/p>\n","protected":false},"excerpt":{"rendered":"<p>Det har g\u00e5tt ett par dagar sedan den s\u00e5 kallade December\u00f6verenskommelsen och debattens v\u00e5gor har g\u00e5tt h\u00f6ga b\u00e5de f\u00f6r och emot. Jod\u00e5, jag f\u00f6rst\u00e5r ocks\u00e5 att det m\u00e5ste vara m\u00f6jligt att styra landet \u2013\u00a0\u00e4ven f\u00f6r en minoritetsregering. Jod\u00e5, jag inser ocks\u00e5 att det \u00e4r s\u00e5 h\u00e4r partierna har agerat i praktiken under m\u00e5nga \u00e5r och&hellip; <a class=\"read-more-link\" href=\"https:\/\/wp.kristdemokraterna.se\/hakanjohansson\/2014\/12\/28\/det-var-inte-detta-jag-rostade-pa\/\">Forts\u00e4tt l\u00e4sa<\/a><\/p>\n","protected":false},"author":507,"featured_media":123,"comment_status":"closed","ping_status":"closed","sticky":false,"template":"","format":"standard","meta":{"_acf_changed":false,"footnotes":""},"categories":[41],"tags":[152,121,878,877,288,876,94,903,879,71,360,440,864,894,177,888,884,638,887,889,842,833,895,793,892,354,880,886,885,891,890,883,835,882,893,843,22,349,847,63,881,477],"class_list":["post-1511","post","type-post","status-publish","format-standard","hentry","category-inlagg","tag-alliansen","tag-ansvar","tag-avtal","tag-budget","tag-debatt-2","tag-decemberoverenskommelsen","tag-demokrati","tag-extra-val","tag-folkvald","tag-foretag","tag-inflytande","tag-internationell","tag-invandring","tag-kristdemokrat","tag-langsiktighet","tag-majoritetsregering","tag-makt","tag-mandatperiod","tag-minoritetsparti","tag-minoritetsregering","tag-minoritetsstyre","tag-moderaterna","tag-opposition","tag-oppositionen","tag-ordning-och-reda","tag-parti","tag-problem","tag-regering","tag-riksdagen","tag-socialdemokraterna","tag-stor-koalition","tag-svenska-dagbladet","tag-sverigedemokraterna","tag-tove-lifvendahl","tag-trovardighet","tag-vagmastare","tag-val","tag-valfrihet","tag-valresultat","tag-valrorelse","tag-vansterpartiet","tag-verktyg"],"acf":[],"yoast_head":"<!-- This site is optimized with the Yoast SEO plugin v27.5 - https:\/\/yoast.com\/product\/yoast-seo-wordpress\/ -->\n<title>Det var inte detta jag r\u00f6stade p\u00e5 - H\u00e5kan Johansson, KD<\/title>\n<meta name=\"robots\" content=\"index, follow, max-snippet:-1, max-image-preview:large, max-video-preview:-1\" \/>\n<link rel=\"canonical\" href=\"https:\/\/wp.kristdemokraterna.se\/hakanjohansson\/2014\/12\/28\/det-var-inte-detta-jag-rostade-pa\/\" \/>\n<meta property=\"og:locale\" content=\"sv_SE\" \/>\n<meta property=\"og:type\" content=\"article\" \/>\n<meta property=\"og:title\" content=\"Det var inte detta jag r\u00f6stade p\u00e5 - H\u00e5kan Johansson, KD\" \/>\n<meta property=\"og:description\" content=\"Det har g\u00e5tt ett par dagar sedan den s\u00e5 kallade December\u00f6verenskommelsen och debattens v\u00e5gor har g\u00e5tt h\u00f6ga b\u00e5de f\u00f6r och emot. Jod\u00e5, jag f\u00f6rst\u00e5r ocks\u00e5 att det m\u00e5ste vara m\u00f6jligt att styra landet \u2013\u00a0\u00e4ven f\u00f6r en minoritetsregering. Jod\u00e5, jag inser ocks\u00e5 att det \u00e4r s\u00e5 h\u00e4r partierna har agerat i praktiken under m\u00e5nga \u00e5r och&hellip; Forts\u00e4tt l\u00e4sa\" \/>\n<meta property=\"og:url\" content=\"https:\/\/wp.kristdemokraterna.se\/hakanjohansson\/2014\/12\/28\/det-var-inte-detta-jag-rostade-pa\/\" \/>\n<meta property=\"og:site_name\" content=\"H\u00e5kan Johansson, KD\" \/>\n<meta property=\"article:published_time\" content=\"2014-12-28T14:06:51+00:00\" \/>\n<meta property=\"article:modified_time\" content=\"2015-01-07T05:59:05+00:00\" \/>\n<meta property=\"og:image\" content=\"https:\/\/wp.kristdemokraterna.se\/hakanjohansson\/files\/2014\/06\/hakan_johansson_2013.png\" \/>\n\t<meta property=\"og:image:width\" content=\"256\" \/>\n\t<meta property=\"og:image:height\" content=\"300\" \/>\n\t<meta property=\"og:image:type\" content=\"image\/png\" \/>\n<meta name=\"author\" content=\"H\u00e5kan Johansson\" \/>\n<meta name=\"twitter:card\" content=\"summary_large_image\" \/>\n<meta name=\"twitter:label1\" content=\"Skriven av\" \/>\n\t<meta name=\"twitter:data1\" content=\"H\u00e5kan Johansson\" \/>\n\t<meta name=\"twitter:label2\" content=\"Ber\u00e4knad l\u00e4stid\" \/>\n\t<meta name=\"twitter:data2\" content=\"4 minuter\" \/>\n<script type=\"application\/ld+json\" class=\"yoast-schema-graph\">{\"@context\":\"https:\\\/\\\/schema.org\",\"@graph\":[{\"@type\":\"Article\",\"@id\":\"https:\\\/\\\/wp.kristdemokraterna.se\\\/hakanjohansson\\\/2014\\\/12\\\/28\\\/det-var-inte-detta-jag-rostade-pa\\\/#article\",\"isPartOf\":{\"@id\":\"https:\\\/\\\/wp.kristdemokraterna.se\\\/hakanjohansson\\\/2014\\\/12\\\/28\\\/det-var-inte-detta-jag-rostade-pa\\\/\"},\"author\":{\"name\":\"H\u00e5kan Johansson\",\"@id\":\"https:\\\/\\\/wp.kristdemokraterna.se\\\/hakanjohansson\\\/#\\\/schema\\\/person\\\/1ebb24d2d3a4cdd92106ea18359c8b63\"},\"headline\":\"Det var inte detta jag r\u00f6stade p\u00e5\",\"datePublished\":\"2014-12-28T14:06:51+00:00\",\"dateModified\":\"2015-01-07T05:59:05+00:00\",\"mainEntityOfPage\":{\"@id\":\"https:\\\/\\\/wp.kristdemokraterna.se\\\/hakanjohansson\\\/2014\\\/12\\\/28\\\/det-var-inte-detta-jag-rostade-pa\\\/\"},\"wordCount\":875,\"image\":{\"@id\":\"https:\\\/\\\/wp.kristdemokraterna.se\\\/hakanjohansson\\\/2014\\\/12\\\/28\\\/det-var-inte-detta-jag-rostade-pa\\\/#primaryimage\"},\"thumbnailUrl\":\"https:\\\/\\\/wp.kristdemokraterna.se\\\/hakanjohansson\\\/files\\\/2014\\\/06\\\/hakan_johansson_2013.png\",\"keywords\":[\"Alliansen\",\"ansvar\",\"avtal\",\"budget\",\"debatt\",\"December\u00f6verenskommelsen\",\"demokrati\",\"extra val\",\"folkvald\",\"f\u00f6retag\",\"inflytande\",\"internationell\",\"invandring\",\"kristdemokrat\",\"l\u00e5ngsiktighet\",\"majoritetsregering\",\"makt\",\"mandatperiod\",\"minoritetsparti\",\"minoritetsregering\",\"minoritetsstyre\",\"Moderaterna\",\"opposition\",\"oppositionen\",\"ordning och reda\",\"parti\",\"problem\",\"regering\",\"Riksdagen\",\"Socialdemokraterna\",\"stor koalition\",\"Svenska Dagbladet\",\"Sverigedemokraterna\",\"Tove Lifvendahl\",\"trov\u00e4rdighet\",\"v\u00e5gm\u00e4stare\",\"val\",\"valfrihet\",\"valresultat\",\"valr\u00f6relse\",\"V\u00e4nsterpartiet\",\"verktyg\"],\"articleSection\":[\"Inl\u00e4gg\"],\"inLanguage\":\"sv-SE\"},{\"@type\":\"WebPage\",\"@id\":\"https:\\\/\\\/wp.kristdemokraterna.se\\\/hakanjohansson\\\/2014\\\/12\\\/28\\\/det-var-inte-detta-jag-rostade-pa\\\/\",\"url\":\"https:\\\/\\\/wp.kristdemokraterna.se\\\/hakanjohansson\\\/2014\\\/12\\\/28\\\/det-var-inte-detta-jag-rostade-pa\\\/\",\"name\":\"Det var inte detta jag r\u00f6stade p\u00e5 - H\u00e5kan Johansson, KD\",\"isPartOf\":{\"@id\":\"https:\\\/\\\/wp.kristdemokraterna.se\\\/hakanjohansson\\\/#website\"},\"primaryImageOfPage\":{\"@id\":\"https:\\\/\\\/wp.kristdemokraterna.se\\\/hakanjohansson\\\/2014\\\/12\\\/28\\\/det-var-inte-detta-jag-rostade-pa\\\/#primaryimage\"},\"image\":{\"@id\":\"https:\\\/\\\/wp.kristdemokraterna.se\\\/hakanjohansson\\\/2014\\\/12\\\/28\\\/det-var-inte-detta-jag-rostade-pa\\\/#primaryimage\"},\"thumbnailUrl\":\"https:\\\/\\\/wp.kristdemokraterna.se\\\/hakanjohansson\\\/files\\\/2014\\\/06\\\/hakan_johansson_2013.png\",\"datePublished\":\"2014-12-28T14:06:51+00:00\",\"dateModified\":\"2015-01-07T05:59:05+00:00\",\"author\":{\"@id\":\"https:\\\/\\\/wp.kristdemokraterna.se\\\/hakanjohansson\\\/#\\\/schema\\\/person\\\/1ebb24d2d3a4cdd92106ea18359c8b63\"},\"breadcrumb\":{\"@id\":\"https:\\\/\\\/wp.kristdemokraterna.se\\\/hakanjohansson\\\/2014\\\/12\\\/28\\\/det-var-inte-detta-jag-rostade-pa\\\/#breadcrumb\"},\"inLanguage\":\"sv-SE\",\"potentialAction\":[{\"@type\":\"ReadAction\",\"target\":[\"https:\\\/\\\/wp.kristdemokraterna.se\\\/hakanjohansson\\\/2014\\\/12\\\/28\\\/det-var-inte-detta-jag-rostade-pa\\\/\"]}]},{\"@type\":\"ImageObject\",\"inLanguage\":\"sv-SE\",\"@id\":\"https:\\\/\\\/wp.kristdemokraterna.se\\\/hakanjohansson\\\/2014\\\/12\\\/28\\\/det-var-inte-detta-jag-rostade-pa\\\/#primaryimage\",\"url\":\"https:\\\/\\\/wp.kristdemokraterna.se\\\/hakanjohansson\\\/files\\\/2014\\\/06\\\/hakan_johansson_2013.png\",\"contentUrl\":\"https:\\\/\\\/wp.kristdemokraterna.se\\\/hakanjohansson\\\/files\\\/2014\\\/06\\\/hakan_johansson_2013.png\",\"width\":256,\"height\":300,\"caption\":\"H\u00e5kan Johansson, Kristdemokraterna V\u00e4rnamo. (Foto: Lennart Molin)\"},{\"@type\":\"BreadcrumbList\",\"@id\":\"https:\\\/\\\/wp.kristdemokraterna.se\\\/hakanjohansson\\\/2014\\\/12\\\/28\\\/det-var-inte-detta-jag-rostade-pa\\\/#breadcrumb\",\"itemListElement\":[{\"@type\":\"ListItem\",\"position\":1,\"name\":\"Hem\",\"item\":\"https:\\\/\\\/wp.kristdemokraterna.se\\\/hakanjohansson\\\/\"},{\"@type\":\"ListItem\",\"position\":2,\"name\":\"Det var inte detta jag r\u00f6stade p\u00e5\"}]},{\"@type\":\"WebSite\",\"@id\":\"https:\\\/\\\/wp.kristdemokraterna.se\\\/hakanjohansson\\\/#website\",\"url\":\"https:\\\/\\\/wp.kristdemokraterna.se\\\/hakanjohansson\\\/\",\"name\":\"H\u00e5kan Johansson, KD\",\"description\":\"Politik, musik och teknik...\",\"inLanguage\":\"sv-SE\"},{\"@type\":\"Person\",\"@id\":\"https:\\\/\\\/wp.kristdemokraterna.se\\\/hakanjohansson\\\/#\\\/schema\\\/person\\\/1ebb24d2d3a4cdd92106ea18359c8b63\",\"name\":\"H\u00e5kan Johansson\",\"image\":{\"@type\":\"ImageObject\",\"inLanguage\":\"sv-SE\",\"@id\":\"https:\\\/\\\/secure.gravatar.com\\\/avatar\\\/2f492f08c4bdc714d7db0d433c48b51adbc8f67dd2112ac3a50d66d0d1ddd173?s=96&r=g\",\"url\":\"https:\\\/\\\/secure.gravatar.com\\\/avatar\\\/2f492f08c4bdc714d7db0d433c48b51adbc8f67dd2112ac3a50d66d0d1ddd173?s=96&r=g\",\"contentUrl\":\"https:\\\/\\\/secure.gravatar.com\\\/avatar\\\/2f492f08c4bdc714d7db0d433c48b51adbc8f67dd2112ac3a50d66d0d1ddd173?s=96&r=g\",\"caption\":\"H\u00e5kan Johansson\"},\"description\":\"Politik, musik och teknik...\",\"sameAs\":[\"https:\\\/\\\/wp.kristdemokraterna.se\\\/hakanjohansson\"],\"url\":\"https:\\\/\\\/wp.kristdemokraterna.se\\\/hakanjohansson\\\/author\\\/hakanjohansson\\\/\"}]}<\/script>\n<!-- \/ Yoast SEO plugin. -->","yoast_head_json":{"title":"Det var inte detta jag r\u00f6stade p\u00e5 - H\u00e5kan Johansson, KD","robots":{"index":"index","follow":"follow","max-snippet":"max-snippet:-1","max-image-preview":"max-image-preview:large","max-video-preview":"max-video-preview:-1"},"canonical":"https:\/\/wp.kristdemokraterna.se\/hakanjohansson\/2014\/12\/28\/det-var-inte-detta-jag-rostade-pa\/","og_locale":"sv_SE","og_type":"article","og_title":"Det var inte detta jag r\u00f6stade p\u00e5 - H\u00e5kan Johansson, KD","og_description":"Det har g\u00e5tt ett par dagar sedan den s\u00e5 kallade December\u00f6verenskommelsen och debattens v\u00e5gor har g\u00e5tt h\u00f6ga b\u00e5de f\u00f6r och emot. Jod\u00e5, jag f\u00f6rst\u00e5r ocks\u00e5 att det m\u00e5ste vara m\u00f6jligt att styra landet \u2013\u00a0\u00e4ven f\u00f6r en minoritetsregering. Jod\u00e5, jag inser ocks\u00e5 att det \u00e4r s\u00e5 h\u00e4r partierna har agerat i praktiken under m\u00e5nga \u00e5r och&hellip; Forts\u00e4tt l\u00e4sa","og_url":"https:\/\/wp.kristdemokraterna.se\/hakanjohansson\/2014\/12\/28\/det-var-inte-detta-jag-rostade-pa\/","og_site_name":"H\u00e5kan Johansson, KD","article_published_time":"2014-12-28T14:06:51+00:00","article_modified_time":"2015-01-07T05:59:05+00:00","og_image":[{"width":256,"height":300,"url":"https:\/\/wp.kristdemokraterna.se\/hakanjohansson\/files\/2014\/06\/hakan_johansson_2013.png","type":"image\/png"}],"author":"H\u00e5kan Johansson","twitter_card":"summary_large_image","twitter_misc":{"Skriven av":"H\u00e5kan Johansson","Ber\u00e4knad l\u00e4stid":"4 minuter"},"schema":{"@context":"https:\/\/schema.org","@graph":[{"@type":"Article","@id":"https:\/\/wp.kristdemokraterna.se\/hakanjohansson\/2014\/12\/28\/det-var-inte-detta-jag-rostade-pa\/#article","isPartOf":{"@id":"https:\/\/wp.kristdemokraterna.se\/hakanjohansson\/2014\/12\/28\/det-var-inte-detta-jag-rostade-pa\/"},"author":{"name":"H\u00e5kan Johansson","@id":"https:\/\/wp.kristdemokraterna.se\/hakanjohansson\/#\/schema\/person\/1ebb24d2d3a4cdd92106ea18359c8b63"},"headline":"Det var inte detta jag r\u00f6stade p\u00e5","datePublished":"2014-12-28T14:06:51+00:00","dateModified":"2015-01-07T05:59:05+00:00","mainEntityOfPage":{"@id":"https:\/\/wp.kristdemokraterna.se\/hakanjohansson\/2014\/12\/28\/det-var-inte-detta-jag-rostade-pa\/"},"wordCount":875,"image":{"@id":"https:\/\/wp.kristdemokraterna.se\/hakanjohansson\/2014\/12\/28\/det-var-inte-detta-jag-rostade-pa\/#primaryimage"},"thumbnailUrl":"https:\/\/wp.kristdemokraterna.se\/hakanjohansson\/files\/2014\/06\/hakan_johansson_2013.png","keywords":["Alliansen","ansvar","avtal","budget","debatt","December\u00f6verenskommelsen","demokrati","extra val","folkvald","f\u00f6retag","inflytande","internationell","invandring","kristdemokrat","l\u00e5ngsiktighet","majoritetsregering","makt","mandatperiod","minoritetsparti","minoritetsregering","minoritetsstyre","Moderaterna","opposition","oppositionen","ordning och reda","parti","problem","regering","Riksdagen","Socialdemokraterna","stor koalition","Svenska Dagbladet","Sverigedemokraterna","Tove Lifvendahl","trov\u00e4rdighet","v\u00e5gm\u00e4stare","val","valfrihet","valresultat","valr\u00f6relse","V\u00e4nsterpartiet","verktyg"],"articleSection":["Inl\u00e4gg"],"inLanguage":"sv-SE"},{"@type":"WebPage","@id":"https:\/\/wp.kristdemokraterna.se\/hakanjohansson\/2014\/12\/28\/det-var-inte-detta-jag-rostade-pa\/","url":"https:\/\/wp.kristdemokraterna.se\/hakanjohansson\/2014\/12\/28\/det-var-inte-detta-jag-rostade-pa\/","name":"Det var inte detta jag r\u00f6stade p\u00e5 - H\u00e5kan Johansson, KD","isPartOf":{"@id":"https:\/\/wp.kristdemokraterna.se\/hakanjohansson\/#website"},"primaryImageOfPage":{"@id":"https:\/\/wp.kristdemokraterna.se\/hakanjohansson\/2014\/12\/28\/det-var-inte-detta-jag-rostade-pa\/#primaryimage"},"image":{"@id":"https:\/\/wp.kristdemokraterna.se\/hakanjohansson\/2014\/12\/28\/det-var-inte-detta-jag-rostade-pa\/#primaryimage"},"thumbnailUrl":"https:\/\/wp.kristdemokraterna.se\/hakanjohansson\/files\/2014\/06\/hakan_johansson_2013.png","datePublished":"2014-12-28T14:06:51+00:00","dateModified":"2015-01-07T05:59:05+00:00","author":{"@id":"https:\/\/wp.kristdemokraterna.se\/hakanjohansson\/#\/schema\/person\/1ebb24d2d3a4cdd92106ea18359c8b63"},"breadcrumb":{"@id":"https:\/\/wp.kristdemokraterna.se\/hakanjohansson\/2014\/12\/28\/det-var-inte-detta-jag-rostade-pa\/#breadcrumb"},"inLanguage":"sv-SE","potentialAction":[{"@type":"ReadAction","target":["https:\/\/wp.kristdemokraterna.se\/hakanjohansson\/2014\/12\/28\/det-var-inte-detta-jag-rostade-pa\/"]}]},{"@type":"ImageObject","inLanguage":"sv-SE","@id":"https:\/\/wp.kristdemokraterna.se\/hakanjohansson\/2014\/12\/28\/det-var-inte-detta-jag-rostade-pa\/#primaryimage","url":"https:\/\/wp.kristdemokraterna.se\/hakanjohansson\/files\/2014\/06\/hakan_johansson_2013.png","contentUrl":"https:\/\/wp.kristdemokraterna.se\/hakanjohansson\/files\/2014\/06\/hakan_johansson_2013.png","width":256,"height":300,"caption":"H\u00e5kan Johansson, Kristdemokraterna V\u00e4rnamo. (Foto: Lennart Molin)"},{"@type":"BreadcrumbList","@id":"https:\/\/wp.kristdemokraterna.se\/hakanjohansson\/2014\/12\/28\/det-var-inte-detta-jag-rostade-pa\/#breadcrumb","itemListElement":[{"@type":"ListItem","position":1,"name":"Hem","item":"https:\/\/wp.kristdemokraterna.se\/hakanjohansson\/"},{"@type":"ListItem","position":2,"name":"Det var inte detta jag r\u00f6stade p\u00e5"}]},{"@type":"WebSite","@id":"https:\/\/wp.kristdemokraterna.se\/hakanjohansson\/#website","url":"https:\/\/wp.kristdemokraterna.se\/hakanjohansson\/","name":"H\u00e5kan Johansson, KD","description":"Politik, musik och teknik...","inLanguage":"sv-SE"},{"@type":"Person","@id":"https:\/\/wp.kristdemokraterna.se\/hakanjohansson\/#\/schema\/person\/1ebb24d2d3a4cdd92106ea18359c8b63","name":"H\u00e5kan Johansson","image":{"@type":"ImageObject","inLanguage":"sv-SE","@id":"https:\/\/secure.gravatar.com\/avatar\/2f492f08c4bdc714d7db0d433c48b51adbc8f67dd2112ac3a50d66d0d1ddd173?s=96&r=g","url":"https:\/\/secure.gravatar.com\/avatar\/2f492f08c4bdc714d7db0d433c48b51adbc8f67dd2112ac3a50d66d0d1ddd173?s=96&r=g","contentUrl":"https:\/\/secure.gravatar.com\/avatar\/2f492f08c4bdc714d7db0d433c48b51adbc8f67dd2112ac3a50d66d0d1ddd173?s=96&r=g","caption":"H\u00e5kan Johansson"},"description":"Politik, musik och teknik...","sameAs":["https:\/\/wp.kristdemokraterna.se\/hakanjohansson"],"url":"https:\/\/wp.kristdemokraterna.se\/hakanjohansson\/author\/hakanjohansson\/"}]}},"_links":{"self":[{"href":"https:\/\/wp.kristdemokraterna.se\/hakanjohansson\/wp-json\/wp\/v2\/posts\/1511","targetHints":{"allow":["GET"]}}],"collection":[{"href":"https:\/\/wp.kristdemokraterna.se\/hakanjohansson\/wp-json\/wp\/v2\/posts"}],"about":[{"href":"https:\/\/wp.kristdemokraterna.se\/hakanjohansson\/wp-json\/wp\/v2\/types\/post"}],"author":[{"embeddable":true,"href":"https:\/\/wp.kristdemokraterna.se\/hakanjohansson\/wp-json\/wp\/v2\/users\/507"}],"replies":[{"embeddable":true,"href":"https:\/\/wp.kristdemokraterna.se\/hakanjohansson\/wp-json\/wp\/v2\/comments?post=1511"}],"version-history":[{"count":15,"href":"https:\/\/wp.kristdemokraterna.se\/hakanjohansson\/wp-json\/wp\/v2\/posts\/1511\/revisions"}],"predecessor-version":[{"id":1544,"href":"https:\/\/wp.kristdemokraterna.se\/hakanjohansson\/wp-json\/wp\/v2\/posts\/1511\/revisions\/1544"}],"wp:featuredmedia":[{"embeddable":true,"href":"https:\/\/wp.kristdemokraterna.se\/hakanjohansson\/wp-json\/wp\/v2\/media\/123"}],"wp:attachment":[{"href":"https:\/\/wp.kristdemokraterna.se\/hakanjohansson\/wp-json\/wp\/v2\/media?parent=1511"}],"wp:term":[{"taxonomy":"category","embeddable":true,"href":"https:\/\/wp.kristdemokraterna.se\/hakanjohansson\/wp-json\/wp\/v2\/categories?post=1511"},{"taxonomy":"post_tag","embeddable":true,"href":"https:\/\/wp.kristdemokraterna.se\/hakanjohansson\/wp-json\/wp\/v2\/tags?post=1511"}],"curies":[{"name":"wp","href":"https:\/\/api.w.org\/{rel}","templated":true}]}}