{"id":1530,"date":"2015-01-01T18:55:24","date_gmt":"2015-01-01T17:55:24","guid":{"rendered":"http:\/\/wp.kristdemokraterna.se\/hakanjohansson\/?p=1530"},"modified":"2015-01-09T11:52:44","modified_gmt":"2015-01-09T10:52:44","slug":"min-nyarshalsning","status":"publish","type":"post","link":"https:\/\/wp.kristdemokraterna.se\/hakanjohansson\/2015\/01\/01\/min-nyarshalsning\/","title":{"rendered":"Min ny\u00e5rsh\u00e4lsning"},"content":{"rendered":"<p>S\u00e5 h\u00e4r i ny\u00e5rstider kan det v\u00e4l vara p\u00e5 sin plats att ta en liten stund till att summera \u00e5ret som ligger bakom och blicka lite fram\u00e5t. Jag tycker att 2014 har varit ett bra \u00e5r p\u00e5 m\u00e5nga s\u00e4tt. Det b\u00f6rjade bra med att jag \u00e4ntligen fick jobb efter ett halv\u00e5r som arbetsl\u00f6s! \ud83d\ude00 Dessutom ett jobb som jag trivs med\u00a0\u2013 det var riktigt roligt att b\u00f6rja jobba med grundskoleelever efter nio \u00e5r p\u00e5 gymnasiet (vilket sj\u00e4lvklart ocks\u00e5 var roligt&#8230;).<\/p>\n<p><!--more--><\/p>\n<p>2014 var \u00e4ven \u00e5ret d\u00e5 pappa fyllde 80 \u00e5r. Det \u00e4r stort att ha en far som uppn\u00e5tt en s\u00e5 h\u00f6g \u00e5lder \u2013 det ger perspektiv p\u00e5 tillvaron. Ju \u00e4ldre jag blir desto mer inser jag hur viktigt det \u00e4r med familj och sl\u00e4kt. De utg\u00f6r ett sammanhang som har format liv och personlighet och de finns alltid med, trots att vi\u00a0inte sj\u00e4lva har f\u00e5tt v\u00e4lja varandra\u2026<\/p>\n<p>En hel del musik har jag naturligtvis ocks\u00e5 hunnit med under \u00e5ret \u2013 b\u00e5de att spela och att lyssna p\u00e5. Det h\u00e4ftigaste var nog julshowerna som storbandet gjorde i Gisleparken tillsammans med ett g\u00e4ng h\u00e4rliga artiser.<\/p>\n<p>En stor del av \u00e5ret har naturligtvis handlat om val och valr\u00f6relser. Jag har varit p\u00e5 valutbildningar, \u00e5rsm\u00f6ten, nomineringsst\u00e4mmor, vitsippsprisutdelning och inte minst Kommun- och landstingspolitiska dagar i G\u00f6teborg. Jag har varit med och tagit fram valprogram, foldrar och annonser och jag var p\u00e5 min f\u00f6rsta skolinformation p\u00e5 m\u00e5nga \u00e5r och tror att det gick r\u00e4tt bra. Mitt parti, Kristdemokraterna, fyllde 50 \u00e5r och det firade vi rej\u00e4lt h\u00e4r i V\u00e4rnamo. F\u00f6r mig som informationsansvarig har det varit m\u00e5nga, ofta l\u00e5nga, dagar med h\u00e5rt arbete. Inte minst var det\u00a0premi\u00e4r f\u00f6r denna hemsida och blogg! \ud83d\ude09<\/p>\n<p>Valen var ju en historia f\u00f6r sig. Europavalet gick lysande h\u00e4r i V\u00e4rnamo\u00a0\u2013 Kristdemokraterna fick n\u00e4st flest r\u00f6ster och vi hade bra exponering i media. Vi gick in i valr\u00f6relsen inf\u00f6r de allm\u00e4nna valen med medvind i ryggen och jag var till och med anst\u00e4lld som kampanjarbetare av mitt partidistrikt de sista veckorna f\u00f6re valet. \u00c4ven i detta val fick vi bra mediaexponering p\u00e5 v\u00e5ra fr\u00e5gor i V\u00e4rnamo och det k\u00e4ndes som att det skulle bli \u00e4nnu en regeringsperiod f\u00f6r Alliansen. D\u00e4rf\u00f6r k\u00e4ndes det extra h\u00e5rt att se valresultatet d\u00e4r\u00a0Alliansen backade n\u00e4stan \u00f6verallt, hur den n\u00e5got st\u00f6rre r\u00f6dgr\u00f6na minoriteten kunde bilda regering och hur Sverigedemokraterna n\u00e4stan f\u00f6rdubblade sina mandat. Den enda tr\u00f6sten var att Kristdemokraterna V\u00e4rnamo h\u00f6ll st\u00e4llningarna och st\u00e4rkte den relativa styrkan inom Alliansen samt\u00a0att allianspartierna tillsammans med Milj\u00f6partiet kunde bilda majoritetsstyre i V\u00e4rnamo kommun.<\/p>\n<p>Om jag dristar mig till att spana in i 2015 lite f\u00f6rsiktigt s\u00e5 skulle jag s\u00e4ga att det ser sp\u00e4nnande ut. Inte minst ska det bli roligt och intressant att vara ordf\u00f6rande i Milj\u00f6- och stadsbyggnadsn\u00e4mnden. Det \u00e4r en viktig n\u00e4mnd och den har ansvar f\u00f6r m\u00e5nga viktiga omr\u00e5den f\u00f6r kommunens utveckling och tillv\u00e4xt. V\u00e4rnamo kommun utvecklas hela tiden och nu med f\u00f6rra \u00e5rets beslut om Sverigebygget och Europakorridoren f\u00f6r h\u00f6ghastighetst\u00e5g i ryggen har V\u00e4rnamo extra goda f\u00f6ruts\u00e4ttningar att v\u00e4xa \u2013 det \u00e4r den utvecklingen vi m\u00e5ste planera f\u00f6r i dag!<\/p>\n<p>Gott Nytt \u00c5r!<\/p>\n<hr \/>\n<p>L\u00e4s g\u00e4rna mer om mitt \u00e5r i min <a title=\"Min blogg\" href=\"http:\/\/wp.kristdemokraterna.se\/hakanjohansson\/kategorier\/blogg\/\">blogg<\/a>! \ud83d\ude42<\/p>\n","protected":false},"excerpt":{"rendered":"<p>S\u00e5 h\u00e4r i ny\u00e5rstider kan det v\u00e4l vara p\u00e5 sin plats att ta en liten stund till att summera \u00e5ret som ligger bakom och blicka lite fram\u00e5t. Jag tycker att 2014 har varit ett bra \u00e5r p\u00e5 m\u00e5nga s\u00e4tt. Det b\u00f6rjade bra med att jag \u00e4ntligen fick jobb efter ett halv\u00e5r som arbetsl\u00f6s! \ud83d\ude00 Dessutom&hellip; <a class=\"read-more-link\" href=\"https:\/\/wp.kristdemokraterna.se\/hakanjohansson\/2015\/01\/01\/min-nyarshalsning\/\">Forts\u00e4tt l\u00e4sa<\/a><\/p>\n","protected":false},"author":507,"featured_media":123,"comment_status":"closed","ping_status":"closed","sticky":false,"template":"","format":"standard","meta":{"_acf_changed":false,"footnotes":""},"categories":[41],"tags":[152,700,113,12,906,710,396,600,484,633,905,399,896,899,900,415,721,417,898,766,352,32,274,840,569,31,836,713,845,334,897,902,901,886,551,904,719,835,75,90,20,22,636,847,63,5,26,439],"class_list":["post-1530","post","type-post","status-publish","format-standard","hentry","category-inlagg","tag-alliansen","tag-annons","tag-arbetsloshet","tag-arsmote","tag-artist","tag-blogg-2","tag-europakorridoren","tag-europavalet","tag-familj","tag-folder","tag-gisleparken","tag-goteborg","tag-gott-nytt-ar","tag-grundskolan","tag-gymnasiet","tag-hemsida","tag-hoghastighetstag","tag-informationsansvarig","tag-jobb","tag-kampanjarbetare","tag-kommun-och-landstingspolitiska-dagar","tag-kristdemokraterna","tag-kristdemokraterna-varnamo","tag-majoritetsstyre","tag-media","tag-miljo-och-stadsbyggnadsnamnden","tag-miljopartiet","tag-musik","tag-namnd","tag-nomineringsstamma","tag-nyar","tag-ordforande","tag-personlighet","tag-regering","tag-skolinformation","tag-storband","tag-sverigebygget","tag-sverigedemokraterna","tag-tillvaxt","tag-utbildning","tag-utveckling","tag-val","tag-valprogram","tag-valresultat","tag-valrorelse","tag-varnamo","tag-varnamo-kommun","tag-vitsippspriset"],"acf":[],"yoast_head":"<!-- This site is optimized with the Yoast SEO plugin v27.4 - https:\/\/yoast.com\/product\/yoast-seo-wordpress\/ -->\n<title>Min ny\u00e5rsh\u00e4lsning - H\u00e5kan Johansson, KD<\/title>\n<meta name=\"robots\" content=\"index, follow, max-snippet:-1, max-image-preview:large, max-video-preview:-1\" \/>\n<link rel=\"canonical\" href=\"https:\/\/wp.kristdemokraterna.se\/hakanjohansson\/2015\/01\/01\/min-nyarshalsning\/\" \/>\n<meta property=\"og:locale\" content=\"sv_SE\" \/>\n<meta property=\"og:type\" content=\"article\" \/>\n<meta property=\"og:title\" content=\"Min ny\u00e5rsh\u00e4lsning - H\u00e5kan Johansson, KD\" \/>\n<meta property=\"og:description\" content=\"S\u00e5 h\u00e4r i ny\u00e5rstider kan det v\u00e4l vara p\u00e5 sin plats att ta en liten stund till att summera \u00e5ret som ligger bakom och blicka lite fram\u00e5t. Jag tycker att 2014 har varit ett bra \u00e5r p\u00e5 m\u00e5nga s\u00e4tt. Det b\u00f6rjade bra med att jag \u00e4ntligen fick jobb efter ett halv\u00e5r som arbetsl\u00f6s! \ud83d\ude00 Dessutom&hellip; Forts\u00e4tt l\u00e4sa\" \/>\n<meta property=\"og:url\" content=\"https:\/\/wp.kristdemokraterna.se\/hakanjohansson\/2015\/01\/01\/min-nyarshalsning\/\" \/>\n<meta property=\"og:site_name\" content=\"H\u00e5kan Johansson, KD\" \/>\n<meta property=\"article:published_time\" content=\"2015-01-01T17:55:24+00:00\" \/>\n<meta property=\"article:modified_time\" content=\"2015-01-09T10:52:44+00:00\" \/>\n<meta property=\"og:image\" content=\"https:\/\/wp.kristdemokraterna.se\/hakanjohansson\/files\/2014\/06\/hakan_johansson_2013.png\" \/>\n\t<meta property=\"og:image:width\" content=\"256\" \/>\n\t<meta property=\"og:image:height\" content=\"300\" \/>\n\t<meta property=\"og:image:type\" content=\"image\/png\" \/>\n<meta name=\"author\" content=\"H\u00e5kan Johansson\" \/>\n<meta name=\"twitter:card\" content=\"summary_large_image\" \/>\n<meta name=\"twitter:label1\" content=\"Skriven av\" \/>\n\t<meta name=\"twitter:data1\" content=\"H\u00e5kan Johansson\" \/>\n\t<meta name=\"twitter:label2\" content=\"Ber\u00e4knad l\u00e4stid\" \/>\n\t<meta name=\"twitter:data2\" content=\"3 minuter\" \/>\n<script type=\"application\/ld+json\" class=\"yoast-schema-graph\">{\"@context\":\"https:\\\/\\\/schema.org\",\"@graph\":[{\"@type\":\"Article\",\"@id\":\"https:\\\/\\\/wp.kristdemokraterna.se\\\/hakanjohansson\\\/2015\\\/01\\\/01\\\/min-nyarshalsning\\\/#article\",\"isPartOf\":{\"@id\":\"https:\\\/\\\/wp.kristdemokraterna.se\\\/hakanjohansson\\\/2015\\\/01\\\/01\\\/min-nyarshalsning\\\/\"},\"author\":{\"name\":\"H\u00e5kan Johansson\",\"@id\":\"https:\\\/\\\/wp.kristdemokraterna.se\\\/hakanjohansson\\\/#\\\/schema\\\/person\\\/1ebb24d2d3a4cdd92106ea18359c8b63\"},\"headline\":\"Min ny\u00e5rsh\u00e4lsning\",\"datePublished\":\"2015-01-01T17:55:24+00:00\",\"dateModified\":\"2015-01-09T10:52:44+00:00\",\"mainEntityOfPage\":{\"@id\":\"https:\\\/\\\/wp.kristdemokraterna.se\\\/hakanjohansson\\\/2015\\\/01\\\/01\\\/min-nyarshalsning\\\/\"},\"wordCount\":613,\"image\":{\"@id\":\"https:\\\/\\\/wp.kristdemokraterna.se\\\/hakanjohansson\\\/2015\\\/01\\\/01\\\/min-nyarshalsning\\\/#primaryimage\"},\"thumbnailUrl\":\"https:\\\/\\\/wp.kristdemokraterna.se\\\/hakanjohansson\\\/files\\\/2014\\\/06\\\/hakan_johansson_2013.png\",\"keywords\":[\"Alliansen\",\"annons\",\"arbetsl\u00f6shet\",\"\u00e5rsm\u00f6te\",\"artist\",\"blogg\",\"Europakorridoren\",\"Europavalet\",\"familj\",\"folder\",\"Gisleparken\",\"G\u00f6teborg\",\"Gott Nytt \u00c5r\",\"grundskolan\",\"gymnasiet\",\"hemsida\",\"h\u00f6ghastighetst\u00e5g\",\"informationsansvarig\",\"jobb\",\"kampanjarbetare\",\"kommun- och landstingspolitiska dagar\",\"Kristdemokraterna\",\"Kristdemokraterna V\u00e4rnamo\",\"majoritetsstyre\",\"media\",\"Milj\u00f6- och stadsbyggnadsn\u00e4mnden\",\"Milj\u00f6partiet\",\"musik\",\"n\u00e4mnd\",\"nomineringsst\u00e4mma\",\"ny\u00e5r\",\"ordf\u00f6rande\",\"personlighet\",\"regering\",\"skolinformation\",\"storband\",\"Sverigebygget\",\"Sverigedemokraterna\",\"tillv\u00e4xt\",\"utbildning\",\"utveckling\",\"val\",\"valprogram\",\"valresultat\",\"valr\u00f6relse\",\"V\u00e4rnamo\",\"V\u00e4rnamo kommun\",\"Vitsippspriset\"],\"articleSection\":[\"Inl\u00e4gg\"],\"inLanguage\":\"sv-SE\"},{\"@type\":\"WebPage\",\"@id\":\"https:\\\/\\\/wp.kristdemokraterna.se\\\/hakanjohansson\\\/2015\\\/01\\\/01\\\/min-nyarshalsning\\\/\",\"url\":\"https:\\\/\\\/wp.kristdemokraterna.se\\\/hakanjohansson\\\/2015\\\/01\\\/01\\\/min-nyarshalsning\\\/\",\"name\":\"Min ny\u00e5rsh\u00e4lsning - H\u00e5kan Johansson, KD\",\"isPartOf\":{\"@id\":\"https:\\\/\\\/wp.kristdemokraterna.se\\\/hakanjohansson\\\/#website\"},\"primaryImageOfPage\":{\"@id\":\"https:\\\/\\\/wp.kristdemokraterna.se\\\/hakanjohansson\\\/2015\\\/01\\\/01\\\/min-nyarshalsning\\\/#primaryimage\"},\"image\":{\"@id\":\"https:\\\/\\\/wp.kristdemokraterna.se\\\/hakanjohansson\\\/2015\\\/01\\\/01\\\/min-nyarshalsning\\\/#primaryimage\"},\"thumbnailUrl\":\"https:\\\/\\\/wp.kristdemokraterna.se\\\/hakanjohansson\\\/files\\\/2014\\\/06\\\/hakan_johansson_2013.png\",\"datePublished\":\"2015-01-01T17:55:24+00:00\",\"dateModified\":\"2015-01-09T10:52:44+00:00\",\"author\":{\"@id\":\"https:\\\/\\\/wp.kristdemokraterna.se\\\/hakanjohansson\\\/#\\\/schema\\\/person\\\/1ebb24d2d3a4cdd92106ea18359c8b63\"},\"breadcrumb\":{\"@id\":\"https:\\\/\\\/wp.kristdemokraterna.se\\\/hakanjohansson\\\/2015\\\/01\\\/01\\\/min-nyarshalsning\\\/#breadcrumb\"},\"inLanguage\":\"sv-SE\",\"potentialAction\":[{\"@type\":\"ReadAction\",\"target\":[\"https:\\\/\\\/wp.kristdemokraterna.se\\\/hakanjohansson\\\/2015\\\/01\\\/01\\\/min-nyarshalsning\\\/\"]}]},{\"@type\":\"ImageObject\",\"inLanguage\":\"sv-SE\",\"@id\":\"https:\\\/\\\/wp.kristdemokraterna.se\\\/hakanjohansson\\\/2015\\\/01\\\/01\\\/min-nyarshalsning\\\/#primaryimage\",\"url\":\"https:\\\/\\\/wp.kristdemokraterna.se\\\/hakanjohansson\\\/files\\\/2014\\\/06\\\/hakan_johansson_2013.png\",\"contentUrl\":\"https:\\\/\\\/wp.kristdemokraterna.se\\\/hakanjohansson\\\/files\\\/2014\\\/06\\\/hakan_johansson_2013.png\",\"width\":256,\"height\":300,\"caption\":\"H\u00e5kan Johansson, Kristdemokraterna V\u00e4rnamo. (Foto: Lennart Molin)\"},{\"@type\":\"BreadcrumbList\",\"@id\":\"https:\\\/\\\/wp.kristdemokraterna.se\\\/hakanjohansson\\\/2015\\\/01\\\/01\\\/min-nyarshalsning\\\/#breadcrumb\",\"itemListElement\":[{\"@type\":\"ListItem\",\"position\":1,\"name\":\"Hem\",\"item\":\"https:\\\/\\\/wp.kristdemokraterna.se\\\/hakanjohansson\\\/\"},{\"@type\":\"ListItem\",\"position\":2,\"name\":\"Min ny\u00e5rsh\u00e4lsning\"}]},{\"@type\":\"WebSite\",\"@id\":\"https:\\\/\\\/wp.kristdemokraterna.se\\\/hakanjohansson\\\/#website\",\"url\":\"https:\\\/\\\/wp.kristdemokraterna.se\\\/hakanjohansson\\\/\",\"name\":\"H\u00e5kan Johansson, KD\",\"description\":\"Politik, musik och teknik...\",\"inLanguage\":\"sv-SE\"},{\"@type\":\"Person\",\"@id\":\"https:\\\/\\\/wp.kristdemokraterna.se\\\/hakanjohansson\\\/#\\\/schema\\\/person\\\/1ebb24d2d3a4cdd92106ea18359c8b63\",\"name\":\"H\u00e5kan Johansson\",\"image\":{\"@type\":\"ImageObject\",\"inLanguage\":\"sv-SE\",\"@id\":\"https:\\\/\\\/secure.gravatar.com\\\/avatar\\\/2f492f08c4bdc714d7db0d433c48b51adbc8f67dd2112ac3a50d66d0d1ddd173?s=96&r=g\",\"url\":\"https:\\\/\\\/secure.gravatar.com\\\/avatar\\\/2f492f08c4bdc714d7db0d433c48b51adbc8f67dd2112ac3a50d66d0d1ddd173?s=96&r=g\",\"contentUrl\":\"https:\\\/\\\/secure.gravatar.com\\\/avatar\\\/2f492f08c4bdc714d7db0d433c48b51adbc8f67dd2112ac3a50d66d0d1ddd173?s=96&r=g\",\"caption\":\"H\u00e5kan Johansson\"},\"description\":\"Politik, musik och teknik...\",\"sameAs\":[\"https:\\\/\\\/wp.kristdemokraterna.se\\\/hakanjohansson\"],\"url\":\"https:\\\/\\\/wp.kristdemokraterna.se\\\/hakanjohansson\\\/author\\\/hakanjohansson\\\/\"}]}<\/script>\n<!-- \/ Yoast SEO plugin. -->","yoast_head_json":{"title":"Min ny\u00e5rsh\u00e4lsning - H\u00e5kan Johansson, KD","robots":{"index":"index","follow":"follow","max-snippet":"max-snippet:-1","max-image-preview":"max-image-preview:large","max-video-preview":"max-video-preview:-1"},"canonical":"https:\/\/wp.kristdemokraterna.se\/hakanjohansson\/2015\/01\/01\/min-nyarshalsning\/","og_locale":"sv_SE","og_type":"article","og_title":"Min ny\u00e5rsh\u00e4lsning - H\u00e5kan Johansson, KD","og_description":"S\u00e5 h\u00e4r i ny\u00e5rstider kan det v\u00e4l vara p\u00e5 sin plats att ta en liten stund till att summera \u00e5ret som ligger bakom och blicka lite fram\u00e5t. Jag tycker att 2014 har varit ett bra \u00e5r p\u00e5 m\u00e5nga s\u00e4tt. Det b\u00f6rjade bra med att jag \u00e4ntligen fick jobb efter ett halv\u00e5r som arbetsl\u00f6s! \ud83d\ude00 Dessutom&hellip; Forts\u00e4tt l\u00e4sa","og_url":"https:\/\/wp.kristdemokraterna.se\/hakanjohansson\/2015\/01\/01\/min-nyarshalsning\/","og_site_name":"H\u00e5kan Johansson, KD","article_published_time":"2015-01-01T17:55:24+00:00","article_modified_time":"2015-01-09T10:52:44+00:00","og_image":[{"width":256,"height":300,"url":"https:\/\/wp.kristdemokraterna.se\/hakanjohansson\/files\/2014\/06\/hakan_johansson_2013.png","type":"image\/png"}],"author":"H\u00e5kan Johansson","twitter_card":"summary_large_image","twitter_misc":{"Skriven av":"H\u00e5kan Johansson","Ber\u00e4knad l\u00e4stid":"3 minuter"},"schema":{"@context":"https:\/\/schema.org","@graph":[{"@type":"Article","@id":"https:\/\/wp.kristdemokraterna.se\/hakanjohansson\/2015\/01\/01\/min-nyarshalsning\/#article","isPartOf":{"@id":"https:\/\/wp.kristdemokraterna.se\/hakanjohansson\/2015\/01\/01\/min-nyarshalsning\/"},"author":{"name":"H\u00e5kan Johansson","@id":"https:\/\/wp.kristdemokraterna.se\/hakanjohansson\/#\/schema\/person\/1ebb24d2d3a4cdd92106ea18359c8b63"},"headline":"Min ny\u00e5rsh\u00e4lsning","datePublished":"2015-01-01T17:55:24+00:00","dateModified":"2015-01-09T10:52:44+00:00","mainEntityOfPage":{"@id":"https:\/\/wp.kristdemokraterna.se\/hakanjohansson\/2015\/01\/01\/min-nyarshalsning\/"},"wordCount":613,"image":{"@id":"https:\/\/wp.kristdemokraterna.se\/hakanjohansson\/2015\/01\/01\/min-nyarshalsning\/#primaryimage"},"thumbnailUrl":"https:\/\/wp.kristdemokraterna.se\/hakanjohansson\/files\/2014\/06\/hakan_johansson_2013.png","keywords":["Alliansen","annons","arbetsl\u00f6shet","\u00e5rsm\u00f6te","artist","blogg","Europakorridoren","Europavalet","familj","folder","Gisleparken","G\u00f6teborg","Gott Nytt \u00c5r","grundskolan","gymnasiet","hemsida","h\u00f6ghastighetst\u00e5g","informationsansvarig","jobb","kampanjarbetare","kommun- och landstingspolitiska dagar","Kristdemokraterna","Kristdemokraterna V\u00e4rnamo","majoritetsstyre","media","Milj\u00f6- och stadsbyggnadsn\u00e4mnden","Milj\u00f6partiet","musik","n\u00e4mnd","nomineringsst\u00e4mma","ny\u00e5r","ordf\u00f6rande","personlighet","regering","skolinformation","storband","Sverigebygget","Sverigedemokraterna","tillv\u00e4xt","utbildning","utveckling","val","valprogram","valresultat","valr\u00f6relse","V\u00e4rnamo","V\u00e4rnamo kommun","Vitsippspriset"],"articleSection":["Inl\u00e4gg"],"inLanguage":"sv-SE"},{"@type":"WebPage","@id":"https:\/\/wp.kristdemokraterna.se\/hakanjohansson\/2015\/01\/01\/min-nyarshalsning\/","url":"https:\/\/wp.kristdemokraterna.se\/hakanjohansson\/2015\/01\/01\/min-nyarshalsning\/","name":"Min ny\u00e5rsh\u00e4lsning - H\u00e5kan Johansson, KD","isPartOf":{"@id":"https:\/\/wp.kristdemokraterna.se\/hakanjohansson\/#website"},"primaryImageOfPage":{"@id":"https:\/\/wp.kristdemokraterna.se\/hakanjohansson\/2015\/01\/01\/min-nyarshalsning\/#primaryimage"},"image":{"@id":"https:\/\/wp.kristdemokraterna.se\/hakanjohansson\/2015\/01\/01\/min-nyarshalsning\/#primaryimage"},"thumbnailUrl":"https:\/\/wp.kristdemokraterna.se\/hakanjohansson\/files\/2014\/06\/hakan_johansson_2013.png","datePublished":"2015-01-01T17:55:24+00:00","dateModified":"2015-01-09T10:52:44+00:00","author":{"@id":"https:\/\/wp.kristdemokraterna.se\/hakanjohansson\/#\/schema\/person\/1ebb24d2d3a4cdd92106ea18359c8b63"},"breadcrumb":{"@id":"https:\/\/wp.kristdemokraterna.se\/hakanjohansson\/2015\/01\/01\/min-nyarshalsning\/#breadcrumb"},"inLanguage":"sv-SE","potentialAction":[{"@type":"ReadAction","target":["https:\/\/wp.kristdemokraterna.se\/hakanjohansson\/2015\/01\/01\/min-nyarshalsning\/"]}]},{"@type":"ImageObject","inLanguage":"sv-SE","@id":"https:\/\/wp.kristdemokraterna.se\/hakanjohansson\/2015\/01\/01\/min-nyarshalsning\/#primaryimage","url":"https:\/\/wp.kristdemokraterna.se\/hakanjohansson\/files\/2014\/06\/hakan_johansson_2013.png","contentUrl":"https:\/\/wp.kristdemokraterna.se\/hakanjohansson\/files\/2014\/06\/hakan_johansson_2013.png","width":256,"height":300,"caption":"H\u00e5kan Johansson, Kristdemokraterna V\u00e4rnamo. (Foto: Lennart Molin)"},{"@type":"BreadcrumbList","@id":"https:\/\/wp.kristdemokraterna.se\/hakanjohansson\/2015\/01\/01\/min-nyarshalsning\/#breadcrumb","itemListElement":[{"@type":"ListItem","position":1,"name":"Hem","item":"https:\/\/wp.kristdemokraterna.se\/hakanjohansson\/"},{"@type":"ListItem","position":2,"name":"Min ny\u00e5rsh\u00e4lsning"}]},{"@type":"WebSite","@id":"https:\/\/wp.kristdemokraterna.se\/hakanjohansson\/#website","url":"https:\/\/wp.kristdemokraterna.se\/hakanjohansson\/","name":"H\u00e5kan Johansson, KD","description":"Politik, musik och teknik...","inLanguage":"sv-SE"},{"@type":"Person","@id":"https:\/\/wp.kristdemokraterna.se\/hakanjohansson\/#\/schema\/person\/1ebb24d2d3a4cdd92106ea18359c8b63","name":"H\u00e5kan Johansson","image":{"@type":"ImageObject","inLanguage":"sv-SE","@id":"https:\/\/secure.gravatar.com\/avatar\/2f492f08c4bdc714d7db0d433c48b51adbc8f67dd2112ac3a50d66d0d1ddd173?s=96&r=g","url":"https:\/\/secure.gravatar.com\/avatar\/2f492f08c4bdc714d7db0d433c48b51adbc8f67dd2112ac3a50d66d0d1ddd173?s=96&r=g","contentUrl":"https:\/\/secure.gravatar.com\/avatar\/2f492f08c4bdc714d7db0d433c48b51adbc8f67dd2112ac3a50d66d0d1ddd173?s=96&r=g","caption":"H\u00e5kan Johansson"},"description":"Politik, musik och teknik...","sameAs":["https:\/\/wp.kristdemokraterna.se\/hakanjohansson"],"url":"https:\/\/wp.kristdemokraterna.se\/hakanjohansson\/author\/hakanjohansson\/"}]}},"_links":{"self":[{"href":"https:\/\/wp.kristdemokraterna.se\/hakanjohansson\/wp-json\/wp\/v2\/posts\/1530","targetHints":{"allow":["GET"]}}],"collection":[{"href":"https:\/\/wp.kristdemokraterna.se\/hakanjohansson\/wp-json\/wp\/v2\/posts"}],"about":[{"href":"https:\/\/wp.kristdemokraterna.se\/hakanjohansson\/wp-json\/wp\/v2\/types\/post"}],"author":[{"embeddable":true,"href":"https:\/\/wp.kristdemokraterna.se\/hakanjohansson\/wp-json\/wp\/v2\/users\/507"}],"replies":[{"embeddable":true,"href":"https:\/\/wp.kristdemokraterna.se\/hakanjohansson\/wp-json\/wp\/v2\/comments?post=1530"}],"version-history":[{"count":14,"href":"https:\/\/wp.kristdemokraterna.se\/hakanjohansson\/wp-json\/wp\/v2\/posts\/1530\/revisions"}],"predecessor-version":[{"id":1546,"href":"https:\/\/wp.kristdemokraterna.se\/hakanjohansson\/wp-json\/wp\/v2\/posts\/1530\/revisions\/1546"}],"wp:featuredmedia":[{"embeddable":true,"href":"https:\/\/wp.kristdemokraterna.se\/hakanjohansson\/wp-json\/wp\/v2\/media\/123"}],"wp:attachment":[{"href":"https:\/\/wp.kristdemokraterna.se\/hakanjohansson\/wp-json\/wp\/v2\/media?parent=1530"}],"wp:term":[{"taxonomy":"category","embeddable":true,"href":"https:\/\/wp.kristdemokraterna.se\/hakanjohansson\/wp-json\/wp\/v2\/categories?post=1530"},{"taxonomy":"post_tag","embeddable":true,"href":"https:\/\/wp.kristdemokraterna.se\/hakanjohansson\/wp-json\/wp\/v2\/tags?post=1530"}],"curies":[{"name":"wp","href":"https:\/\/api.w.org\/{rel}","templated":true}]}}