{"id":1548,"date":"2015-01-11T21:54:40","date_gmt":"2015-01-11T20:54:40","guid":{"rendered":"http:\/\/wp.kristdemokraterna.se\/hakanjohansson\/?p=1548"},"modified":"2015-01-11T22:14:18","modified_gmt":"2015-01-11T21:14:18","slug":"avblasta-tak-elavbrott-och-nedfallna-trad","status":"publish","type":"post","link":"https:\/\/wp.kristdemokraterna.se\/hakanjohansson\/2015\/01\/11\/avblasta-tak-elavbrott-och-nedfallna-trad\/","title":{"rendered":"Avbl\u00e5sta tak, elavbrott och nedfallna tr\u00e4d"},"content":{"rendered":"<p>Det har varit ett intensivt dygn f\u00f6r R\u00e4ddningstj\u00e4nsten i V\u00e4rnamo. N\u00e4r jag pratade med r\u00e4ddningschefen, Anders Nyberg, tidigare i dag kunde han meddela att det har g\u00e5tt fr\u00e5n den ena insatsen till den andra f\u00f6r alla som legat i beredskap i natt och under dagen. Han ber\u00e4ttade ocks\u00e5 att det har handlat om allt ifr\u00e5n elavbrott till nedfallna tr\u00e4d och avbl\u00e5sta tak. Annars har V\u00e4rnamo kommun kommit relativt lindrigt undan stormen Egons h\u00e4rjningar, det handlar till st\u00f6rsta delen\u00a0om materiella skador. Jag vill rikta ett varmt tack till alla som deltar i arbetet med att r\u00f6ja upp\u00a0efter stormen.<\/p>\n<p><!--more--><\/p>\n<p>L\u00e4s g\u00e4rna mer om arbetet p\u00e5 V\u00e4rnamo kommuns hemsida:<br \/>\n[<a title=\"Elavbrott och nedfallna tr\u00e4d i stormen Egons fotsp\u00e5r\" href=\"http:\/\/varnamo.se\/nyhetsarkiv\/aktuellt2014\/elavbrottochnedfallnatradistormenegonsfotspar.5.11321f1d14aca52dc78a43.html\" target=\"_blank\">Elavbrott och nedfallna tr\u00e4d i stormen Egons fotsp\u00e5r<\/a>]<br \/>\n[<a title=\"Information fr\u00e5n omsorgsf\u00f6rvaltningen till dig som har trygghetslarm\" href=\"http:\/\/varnamo.se\/nyhetsarkiv\/aktuellt2014\/informationfranomsorgsforvaltningentilldigsomhartrygghetslarm.5.11321f1d14aca52dc78aef.html\" target=\"_blank\">Information fr\u00e5n omsorgsf\u00f6rvaltningen till dig som har trygghetslarm<\/a>]<\/p>\n","protected":false},"excerpt":{"rendered":"<p>Det har varit ett intensivt dygn f\u00f6r R\u00e4ddningstj\u00e4nsten i V\u00e4rnamo. N\u00e4r jag pratade med r\u00e4ddningschefen, Anders Nyberg, tidigare i dag kunde han meddela att det har g\u00e5tt fr\u00e5n den ena insatsen till den andra f\u00f6r alla som legat i beredskap i natt och under dagen. Han ber\u00e4ttade ocks\u00e5 att det har handlat om allt ifr\u00e5n&hellip; <a class=\"read-more-link\" href=\"https:\/\/wp.kristdemokraterna.se\/hakanjohansson\/2015\/01\/11\/avblasta-tak-elavbrott-och-nedfallna-trad\/\">Forts\u00e4tt l\u00e4sa<\/a><\/p>\n","protected":false},"author":507,"featured_media":123,"comment_status":"closed","ping_status":"closed","sticky":false,"template":"","format":"standard","meta":{"_acf_changed":false,"footnotes":""},"categories":[41],"tags":[908,910,911,909,907,806,913,912,26],"class_list":["post-1548","post","type-post","status-publish","format-standard","hentry","category-inlagg","tag-anders-nyberg","tag-beredskap","tag-elavbrott","tag-insats","tag-raddningschef","tag-raddningstjanst","tag-skador","tag-storm","tag-varnamo-kommun"],"acf":[],"yoast_head":"<!-- This site is optimized with the Yoast SEO plugin v27.4 - https:\/\/yoast.com\/product\/yoast-seo-wordpress\/ -->\n<title>Avbl\u00e5sta tak, elavbrott och nedfallna tr\u00e4d - H\u00e5kan Johansson, KD<\/title>\n<meta name=\"robots\" content=\"index, follow, max-snippet:-1, max-image-preview:large, max-video-preview:-1\" \/>\n<link rel=\"canonical\" href=\"https:\/\/wp.kristdemokraterna.se\/hakanjohansson\/2015\/01\/11\/avblasta-tak-elavbrott-och-nedfallna-trad\/\" \/>\n<meta property=\"og:locale\" content=\"sv_SE\" \/>\n<meta property=\"og:type\" content=\"article\" \/>\n<meta property=\"og:title\" content=\"Avbl\u00e5sta tak, elavbrott och nedfallna tr\u00e4d - H\u00e5kan Johansson, KD\" \/>\n<meta property=\"og:description\" content=\"Det har varit ett intensivt dygn f\u00f6r R\u00e4ddningstj\u00e4nsten i V\u00e4rnamo. N\u00e4r jag pratade med r\u00e4ddningschefen, Anders Nyberg, tidigare i dag kunde han meddela att det har g\u00e5tt fr\u00e5n den ena insatsen till den andra f\u00f6r alla som legat i beredskap i natt och under dagen. Han ber\u00e4ttade ocks\u00e5 att det har handlat om allt ifr\u00e5n&hellip; Forts\u00e4tt l\u00e4sa\" \/>\n<meta property=\"og:url\" content=\"https:\/\/wp.kristdemokraterna.se\/hakanjohansson\/2015\/01\/11\/avblasta-tak-elavbrott-och-nedfallna-trad\/\" \/>\n<meta property=\"og:site_name\" content=\"H\u00e5kan Johansson, KD\" \/>\n<meta property=\"article:published_time\" content=\"2015-01-11T20:54:40+00:00\" \/>\n<meta property=\"article:modified_time\" content=\"2015-01-11T21:14:18+00:00\" \/>\n<meta property=\"og:image\" content=\"https:\/\/wp.kristdemokraterna.se\/hakanjohansson\/files\/2014\/06\/hakan_johansson_2013.png\" \/>\n\t<meta property=\"og:image:width\" content=\"256\" \/>\n\t<meta property=\"og:image:height\" content=\"300\" \/>\n\t<meta property=\"og:image:type\" content=\"image\/png\" \/>\n<meta name=\"author\" content=\"H\u00e5kan Johansson\" \/>\n<meta name=\"twitter:card\" content=\"summary_large_image\" \/>\n<meta name=\"twitter:label1\" content=\"Skriven av\" \/>\n\t<meta name=\"twitter:data1\" content=\"H\u00e5kan Johansson\" \/>\n\t<meta name=\"twitter:label2\" content=\"Ber\u00e4knad l\u00e4stid\" \/>\n\t<meta name=\"twitter:data2\" content=\"1 minut\" \/>\n<script type=\"application\/ld+json\" class=\"yoast-schema-graph\">{\"@context\":\"https:\\\/\\\/schema.org\",\"@graph\":[{\"@type\":\"Article\",\"@id\":\"https:\\\/\\\/wp.kristdemokraterna.se\\\/hakanjohansson\\\/2015\\\/01\\\/11\\\/avblasta-tak-elavbrott-och-nedfallna-trad\\\/#article\",\"isPartOf\":{\"@id\":\"https:\\\/\\\/wp.kristdemokraterna.se\\\/hakanjohansson\\\/2015\\\/01\\\/11\\\/avblasta-tak-elavbrott-och-nedfallna-trad\\\/\"},\"author\":{\"name\":\"H\u00e5kan Johansson\",\"@id\":\"https:\\\/\\\/wp.kristdemokraterna.se\\\/hakanjohansson\\\/#\\\/schema\\\/person\\\/1ebb24d2d3a4cdd92106ea18359c8b63\"},\"headline\":\"Avbl\u00e5sta tak, elavbrott och nedfallna tr\u00e4d\",\"datePublished\":\"2015-01-11T20:54:40+00:00\",\"dateModified\":\"2015-01-11T21:14:18+00:00\",\"mainEntityOfPage\":{\"@id\":\"https:\\\/\\\/wp.kristdemokraterna.se\\\/hakanjohansson\\\/2015\\\/01\\\/11\\\/avblasta-tak-elavbrott-och-nedfallna-trad\\\/\"},\"wordCount\":156,\"image\":{\"@id\":\"https:\\\/\\\/wp.kristdemokraterna.se\\\/hakanjohansson\\\/2015\\\/01\\\/11\\\/avblasta-tak-elavbrott-och-nedfallna-trad\\\/#primaryimage\"},\"thumbnailUrl\":\"https:\\\/\\\/wp.kristdemokraterna.se\\\/hakanjohansson\\\/files\\\/2014\\\/06\\\/hakan_johansson_2013.png\",\"keywords\":[\"Anders Nyberg\",\"beredskap\",\"elavbrott\",\"insats\",\"r\u00e4ddningschef\",\"r\u00e4ddningstj\u00e4nst\",\"skador\",\"storm\",\"V\u00e4rnamo kommun\"],\"articleSection\":[\"Inl\u00e4gg\"],\"inLanguage\":\"sv-SE\"},{\"@type\":\"WebPage\",\"@id\":\"https:\\\/\\\/wp.kristdemokraterna.se\\\/hakanjohansson\\\/2015\\\/01\\\/11\\\/avblasta-tak-elavbrott-och-nedfallna-trad\\\/\",\"url\":\"https:\\\/\\\/wp.kristdemokraterna.se\\\/hakanjohansson\\\/2015\\\/01\\\/11\\\/avblasta-tak-elavbrott-och-nedfallna-trad\\\/\",\"name\":\"Avbl\u00e5sta tak, elavbrott och nedfallna tr\u00e4d - H\u00e5kan Johansson, KD\",\"isPartOf\":{\"@id\":\"https:\\\/\\\/wp.kristdemokraterna.se\\\/hakanjohansson\\\/#website\"},\"primaryImageOfPage\":{\"@id\":\"https:\\\/\\\/wp.kristdemokraterna.se\\\/hakanjohansson\\\/2015\\\/01\\\/11\\\/avblasta-tak-elavbrott-och-nedfallna-trad\\\/#primaryimage\"},\"image\":{\"@id\":\"https:\\\/\\\/wp.kristdemokraterna.se\\\/hakanjohansson\\\/2015\\\/01\\\/11\\\/avblasta-tak-elavbrott-och-nedfallna-trad\\\/#primaryimage\"},\"thumbnailUrl\":\"https:\\\/\\\/wp.kristdemokraterna.se\\\/hakanjohansson\\\/files\\\/2014\\\/06\\\/hakan_johansson_2013.png\",\"datePublished\":\"2015-01-11T20:54:40+00:00\",\"dateModified\":\"2015-01-11T21:14:18+00:00\",\"author\":{\"@id\":\"https:\\\/\\\/wp.kristdemokraterna.se\\\/hakanjohansson\\\/#\\\/schema\\\/person\\\/1ebb24d2d3a4cdd92106ea18359c8b63\"},\"breadcrumb\":{\"@id\":\"https:\\\/\\\/wp.kristdemokraterna.se\\\/hakanjohansson\\\/2015\\\/01\\\/11\\\/avblasta-tak-elavbrott-och-nedfallna-trad\\\/#breadcrumb\"},\"inLanguage\":\"sv-SE\",\"potentialAction\":[{\"@type\":\"ReadAction\",\"target\":[\"https:\\\/\\\/wp.kristdemokraterna.se\\\/hakanjohansson\\\/2015\\\/01\\\/11\\\/avblasta-tak-elavbrott-och-nedfallna-trad\\\/\"]}]},{\"@type\":\"ImageObject\",\"inLanguage\":\"sv-SE\",\"@id\":\"https:\\\/\\\/wp.kristdemokraterna.se\\\/hakanjohansson\\\/2015\\\/01\\\/11\\\/avblasta-tak-elavbrott-och-nedfallna-trad\\\/#primaryimage\",\"url\":\"https:\\\/\\\/wp.kristdemokraterna.se\\\/hakanjohansson\\\/files\\\/2014\\\/06\\\/hakan_johansson_2013.png\",\"contentUrl\":\"https:\\\/\\\/wp.kristdemokraterna.se\\\/hakanjohansson\\\/files\\\/2014\\\/06\\\/hakan_johansson_2013.png\",\"width\":256,\"height\":300,\"caption\":\"H\u00e5kan Johansson, Kristdemokraterna V\u00e4rnamo. (Foto: Lennart Molin)\"},{\"@type\":\"BreadcrumbList\",\"@id\":\"https:\\\/\\\/wp.kristdemokraterna.se\\\/hakanjohansson\\\/2015\\\/01\\\/11\\\/avblasta-tak-elavbrott-och-nedfallna-trad\\\/#breadcrumb\",\"itemListElement\":[{\"@type\":\"ListItem\",\"position\":1,\"name\":\"Hem\",\"item\":\"https:\\\/\\\/wp.kristdemokraterna.se\\\/hakanjohansson\\\/\"},{\"@type\":\"ListItem\",\"position\":2,\"name\":\"Avbl\u00e5sta tak, elavbrott och nedfallna tr\u00e4d\"}]},{\"@type\":\"WebSite\",\"@id\":\"https:\\\/\\\/wp.kristdemokraterna.se\\\/hakanjohansson\\\/#website\",\"url\":\"https:\\\/\\\/wp.kristdemokraterna.se\\\/hakanjohansson\\\/\",\"name\":\"H\u00e5kan Johansson, KD\",\"description\":\"Politik, musik och teknik...\",\"inLanguage\":\"sv-SE\"},{\"@type\":\"Person\",\"@id\":\"https:\\\/\\\/wp.kristdemokraterna.se\\\/hakanjohansson\\\/#\\\/schema\\\/person\\\/1ebb24d2d3a4cdd92106ea18359c8b63\",\"name\":\"H\u00e5kan Johansson\",\"image\":{\"@type\":\"ImageObject\",\"inLanguage\":\"sv-SE\",\"@id\":\"https:\\\/\\\/secure.gravatar.com\\\/avatar\\\/2f492f08c4bdc714d7db0d433c48b51adbc8f67dd2112ac3a50d66d0d1ddd173?s=96&r=g\",\"url\":\"https:\\\/\\\/secure.gravatar.com\\\/avatar\\\/2f492f08c4bdc714d7db0d433c48b51adbc8f67dd2112ac3a50d66d0d1ddd173?s=96&r=g\",\"contentUrl\":\"https:\\\/\\\/secure.gravatar.com\\\/avatar\\\/2f492f08c4bdc714d7db0d433c48b51adbc8f67dd2112ac3a50d66d0d1ddd173?s=96&r=g\",\"caption\":\"H\u00e5kan Johansson\"},\"description\":\"Politik, musik och teknik...\",\"sameAs\":[\"https:\\\/\\\/wp.kristdemokraterna.se\\\/hakanjohansson\"],\"url\":\"https:\\\/\\\/wp.kristdemokraterna.se\\\/hakanjohansson\\\/author\\\/hakanjohansson\\\/\"}]}<\/script>\n<!-- \/ Yoast SEO plugin. -->","yoast_head_json":{"title":"Avbl\u00e5sta tak, elavbrott och nedfallna tr\u00e4d - H\u00e5kan Johansson, KD","robots":{"index":"index","follow":"follow","max-snippet":"max-snippet:-1","max-image-preview":"max-image-preview:large","max-video-preview":"max-video-preview:-1"},"canonical":"https:\/\/wp.kristdemokraterna.se\/hakanjohansson\/2015\/01\/11\/avblasta-tak-elavbrott-och-nedfallna-trad\/","og_locale":"sv_SE","og_type":"article","og_title":"Avbl\u00e5sta tak, elavbrott och nedfallna tr\u00e4d - H\u00e5kan Johansson, KD","og_description":"Det har varit ett intensivt dygn f\u00f6r R\u00e4ddningstj\u00e4nsten i V\u00e4rnamo. N\u00e4r jag pratade med r\u00e4ddningschefen, Anders Nyberg, tidigare i dag kunde han meddela att det har g\u00e5tt fr\u00e5n den ena insatsen till den andra f\u00f6r alla som legat i beredskap i natt och under dagen. Han ber\u00e4ttade ocks\u00e5 att det har handlat om allt ifr\u00e5n&hellip; Forts\u00e4tt l\u00e4sa","og_url":"https:\/\/wp.kristdemokraterna.se\/hakanjohansson\/2015\/01\/11\/avblasta-tak-elavbrott-och-nedfallna-trad\/","og_site_name":"H\u00e5kan Johansson, KD","article_published_time":"2015-01-11T20:54:40+00:00","article_modified_time":"2015-01-11T21:14:18+00:00","og_image":[{"width":256,"height":300,"url":"https:\/\/wp.kristdemokraterna.se\/hakanjohansson\/files\/2014\/06\/hakan_johansson_2013.png","type":"image\/png"}],"author":"H\u00e5kan Johansson","twitter_card":"summary_large_image","twitter_misc":{"Skriven av":"H\u00e5kan Johansson","Ber\u00e4knad l\u00e4stid":"1 minut"},"schema":{"@context":"https:\/\/schema.org","@graph":[{"@type":"Article","@id":"https:\/\/wp.kristdemokraterna.se\/hakanjohansson\/2015\/01\/11\/avblasta-tak-elavbrott-och-nedfallna-trad\/#article","isPartOf":{"@id":"https:\/\/wp.kristdemokraterna.se\/hakanjohansson\/2015\/01\/11\/avblasta-tak-elavbrott-och-nedfallna-trad\/"},"author":{"name":"H\u00e5kan Johansson","@id":"https:\/\/wp.kristdemokraterna.se\/hakanjohansson\/#\/schema\/person\/1ebb24d2d3a4cdd92106ea18359c8b63"},"headline":"Avbl\u00e5sta tak, elavbrott och nedfallna tr\u00e4d","datePublished":"2015-01-11T20:54:40+00:00","dateModified":"2015-01-11T21:14:18+00:00","mainEntityOfPage":{"@id":"https:\/\/wp.kristdemokraterna.se\/hakanjohansson\/2015\/01\/11\/avblasta-tak-elavbrott-och-nedfallna-trad\/"},"wordCount":156,"image":{"@id":"https:\/\/wp.kristdemokraterna.se\/hakanjohansson\/2015\/01\/11\/avblasta-tak-elavbrott-och-nedfallna-trad\/#primaryimage"},"thumbnailUrl":"https:\/\/wp.kristdemokraterna.se\/hakanjohansson\/files\/2014\/06\/hakan_johansson_2013.png","keywords":["Anders Nyberg","beredskap","elavbrott","insats","r\u00e4ddningschef","r\u00e4ddningstj\u00e4nst","skador","storm","V\u00e4rnamo kommun"],"articleSection":["Inl\u00e4gg"],"inLanguage":"sv-SE"},{"@type":"WebPage","@id":"https:\/\/wp.kristdemokraterna.se\/hakanjohansson\/2015\/01\/11\/avblasta-tak-elavbrott-och-nedfallna-trad\/","url":"https:\/\/wp.kristdemokraterna.se\/hakanjohansson\/2015\/01\/11\/avblasta-tak-elavbrott-och-nedfallna-trad\/","name":"Avbl\u00e5sta tak, elavbrott och nedfallna tr\u00e4d - H\u00e5kan Johansson, KD","isPartOf":{"@id":"https:\/\/wp.kristdemokraterna.se\/hakanjohansson\/#website"},"primaryImageOfPage":{"@id":"https:\/\/wp.kristdemokraterna.se\/hakanjohansson\/2015\/01\/11\/avblasta-tak-elavbrott-och-nedfallna-trad\/#primaryimage"},"image":{"@id":"https:\/\/wp.kristdemokraterna.se\/hakanjohansson\/2015\/01\/11\/avblasta-tak-elavbrott-och-nedfallna-trad\/#primaryimage"},"thumbnailUrl":"https:\/\/wp.kristdemokraterna.se\/hakanjohansson\/files\/2014\/06\/hakan_johansson_2013.png","datePublished":"2015-01-11T20:54:40+00:00","dateModified":"2015-01-11T21:14:18+00:00","author":{"@id":"https:\/\/wp.kristdemokraterna.se\/hakanjohansson\/#\/schema\/person\/1ebb24d2d3a4cdd92106ea18359c8b63"},"breadcrumb":{"@id":"https:\/\/wp.kristdemokraterna.se\/hakanjohansson\/2015\/01\/11\/avblasta-tak-elavbrott-och-nedfallna-trad\/#breadcrumb"},"inLanguage":"sv-SE","potentialAction":[{"@type":"ReadAction","target":["https:\/\/wp.kristdemokraterna.se\/hakanjohansson\/2015\/01\/11\/avblasta-tak-elavbrott-och-nedfallna-trad\/"]}]},{"@type":"ImageObject","inLanguage":"sv-SE","@id":"https:\/\/wp.kristdemokraterna.se\/hakanjohansson\/2015\/01\/11\/avblasta-tak-elavbrott-och-nedfallna-trad\/#primaryimage","url":"https:\/\/wp.kristdemokraterna.se\/hakanjohansson\/files\/2014\/06\/hakan_johansson_2013.png","contentUrl":"https:\/\/wp.kristdemokraterna.se\/hakanjohansson\/files\/2014\/06\/hakan_johansson_2013.png","width":256,"height":300,"caption":"H\u00e5kan Johansson, Kristdemokraterna V\u00e4rnamo. (Foto: Lennart Molin)"},{"@type":"BreadcrumbList","@id":"https:\/\/wp.kristdemokraterna.se\/hakanjohansson\/2015\/01\/11\/avblasta-tak-elavbrott-och-nedfallna-trad\/#breadcrumb","itemListElement":[{"@type":"ListItem","position":1,"name":"Hem","item":"https:\/\/wp.kristdemokraterna.se\/hakanjohansson\/"},{"@type":"ListItem","position":2,"name":"Avbl\u00e5sta tak, elavbrott och nedfallna tr\u00e4d"}]},{"@type":"WebSite","@id":"https:\/\/wp.kristdemokraterna.se\/hakanjohansson\/#website","url":"https:\/\/wp.kristdemokraterna.se\/hakanjohansson\/","name":"H\u00e5kan Johansson, KD","description":"Politik, musik och teknik...","inLanguage":"sv-SE"},{"@type":"Person","@id":"https:\/\/wp.kristdemokraterna.se\/hakanjohansson\/#\/schema\/person\/1ebb24d2d3a4cdd92106ea18359c8b63","name":"H\u00e5kan Johansson","image":{"@type":"ImageObject","inLanguage":"sv-SE","@id":"https:\/\/secure.gravatar.com\/avatar\/2f492f08c4bdc714d7db0d433c48b51adbc8f67dd2112ac3a50d66d0d1ddd173?s=96&r=g","url":"https:\/\/secure.gravatar.com\/avatar\/2f492f08c4bdc714d7db0d433c48b51adbc8f67dd2112ac3a50d66d0d1ddd173?s=96&r=g","contentUrl":"https:\/\/secure.gravatar.com\/avatar\/2f492f08c4bdc714d7db0d433c48b51adbc8f67dd2112ac3a50d66d0d1ddd173?s=96&r=g","caption":"H\u00e5kan Johansson"},"description":"Politik, musik och teknik...","sameAs":["https:\/\/wp.kristdemokraterna.se\/hakanjohansson"],"url":"https:\/\/wp.kristdemokraterna.se\/hakanjohansson\/author\/hakanjohansson\/"}]}},"_links":{"self":[{"href":"https:\/\/wp.kristdemokraterna.se\/hakanjohansson\/wp-json\/wp\/v2\/posts\/1548","targetHints":{"allow":["GET"]}}],"collection":[{"href":"https:\/\/wp.kristdemokraterna.se\/hakanjohansson\/wp-json\/wp\/v2\/posts"}],"about":[{"href":"https:\/\/wp.kristdemokraterna.se\/hakanjohansson\/wp-json\/wp\/v2\/types\/post"}],"author":[{"embeddable":true,"href":"https:\/\/wp.kristdemokraterna.se\/hakanjohansson\/wp-json\/wp\/v2\/users\/507"}],"replies":[{"embeddable":true,"href":"https:\/\/wp.kristdemokraterna.se\/hakanjohansson\/wp-json\/wp\/v2\/comments?post=1548"}],"version-history":[{"count":6,"href":"https:\/\/wp.kristdemokraterna.se\/hakanjohansson\/wp-json\/wp\/v2\/posts\/1548\/revisions"}],"predecessor-version":[{"id":1554,"href":"https:\/\/wp.kristdemokraterna.se\/hakanjohansson\/wp-json\/wp\/v2\/posts\/1548\/revisions\/1554"}],"wp:featuredmedia":[{"embeddable":true,"href":"https:\/\/wp.kristdemokraterna.se\/hakanjohansson\/wp-json\/wp\/v2\/media\/123"}],"wp:attachment":[{"href":"https:\/\/wp.kristdemokraterna.se\/hakanjohansson\/wp-json\/wp\/v2\/media?parent=1548"}],"wp:term":[{"taxonomy":"category","embeddable":true,"href":"https:\/\/wp.kristdemokraterna.se\/hakanjohansson\/wp-json\/wp\/v2\/categories?post=1548"},{"taxonomy":"post_tag","embeddable":true,"href":"https:\/\/wp.kristdemokraterna.se\/hakanjohansson\/wp-json\/wp\/v2\/tags?post=1548"}],"curies":[{"name":"wp","href":"https:\/\/api.w.org\/{rel}","templated":true}]}}