{"id":1603,"date":"2015-01-20T21:59:41","date_gmt":"2015-01-20T20:59:41","guid":{"rendered":"http:\/\/wp.kristdemokraterna.se\/hakanjohansson\/?p=1603"},"modified":"2015-01-23T21:21:50","modified_gmt":"2015-01-23T20:21:50","slug":"forsta-motet-med-miljo-och-stadsbyggnadsnamnden","status":"publish","type":"post","link":"https:\/\/wp.kristdemokraterna.se\/hakanjohansson\/2015\/01\/20\/forsta-motet-med-miljo-och-stadsbyggnadsnamnden\/","title":{"rendered":"F\u00f6rsta m\u00f6tet med Milj\u00f6- och stadsbyggnadsn\u00e4mnden"},"content":{"rendered":"<p>Nu \u00e4r jag tr\u00f6tt. Vi hade f\u00f6rsta sammantr\u00e4det med Milj\u00f6- och stadsbyggnadsn\u00e4mnden i dag och som ordf\u00f6rande \u00e4r ju det \u00e4r ett viktigt tillf\u00e4lle att g\u00f6ra ett gott f\u00f6rsta intryck. Gissa vad som h\u00e4nde? Jo, jag gick \u00f6ver tidsplaneringen med tv\u00e5 timmar!\u00a0Rid\u00e5&#8230;<\/p>\n<p><!--more--><\/p>\n<p>Vi \u00e4r nio ledam\u00f6ter och ers\u00e4ttare fr\u00e5n sex olika partier (varav tv\u00e5 nya f\u00f6r mandatperioden) som ska jobba tillsammans i fyra \u00e5r f\u00f6r att utveckla V\u00e4rnamos milj\u00f6, byggande och trygghet. Jag \u00e4r extra glad f\u00f6r att vi \u00e4r tv\u00e5 kristdemokrater \u2013 Lena Freij \u00e4r en klippa.<\/p>\n<p>&#8221;Det \u00e4r viktigt att vi startar mjukt med\u00a0att l\u00e4ra k\u00e4nna varandra lite mer \u00e4n bara till namnet&#8221;, t\u00e4nkte jag. Sagt och gjort, vi spelade en bricka namnbingo och k\u00f6rde varsin speeddatingpresentation. Vi tog ocks\u00e5 tid f\u00f6r fotografering, iPad-utdelning och go&#8217;fika. Jag\u00a0passade \u00e4ven\u00a0p\u00e5 att h\u00e4lsa alla v\u00e4lkomna till en mycket viktig och intressant n\u00e4mnd:<\/p>\n<ul>\n<li>Vi \u00e4r unika genom att ha ansvar f\u00f6r tv\u00e5 f\u00f6rvaltningar\u00a0\u2013 Milj\u00f6- och stadsbyggnadskontoret och R\u00e4ddningstj\u00e4nsten.<\/li>\n<li>Vi har nog tillg\u00e5ng till det bredaste spektrat av specialistkompetenser i kommunen \u2013\u00a0en verklig kunskapsorganisation.<\/li>\n<li>Vi har tillg\u00e5ng till en hel del av de rattar och spakar som beh\u00f6vs f\u00f6r att driva en genomt\u00e4nkt och l\u00e5ngsiktigt h\u00e5llbar utveckling.<\/li>\n<li>Inte minst \u00e4r vi en av de\u00a0n\u00e4mnder som ber\u00f6r m\u00e4nniskor allra n\u00e4rmast\u00a0\u2013 vi hj\u00e4lper m\u00e4nniskor att f\u00f6rverkliga sina dr\u00f6mmar, samtidigt som vi ibland m\u00e5ste s\u00e4ga nej f\u00f6r att skydda m\u00e4nniskor\u00a0och milj\u00f6\u00a0eller f\u00f6r att bevara m\u00e4nskliga v\u00e4rden och kvaliteter i det offentliga rummet. Allt f\u00f6r det gemensamma b\u00e4sta!<\/li>\n<\/ul>\n<p>Fram hit h\u00f6ll vi tiden ganska bra, men sedan! Vi pratade serveringstillst\u00e5nd och strandskyddsdispenser, antog reglemente och tillsynsplaner, diskuterade principer f\u00f6r uppl\u00e5tande av offentlig plats och bed\u00f6mningskriterier f\u00f6r bed\u00f6mning av enskilda avlopp och en massa annat som man m\u00e5ste vara sm\u00e5tt n\u00f6rdig f\u00f6r att f\u00f6rst\u00e5 det\u00a0supersp\u00e4nnande i. \ud83d\ude09 En del av oss i n\u00e4mnden \u00e4r nya och beh\u00f6vde fr\u00e5ga en del och en del tj\u00e4nstem\u00e4n har onekligen ganska l\u00e5nga f\u00f6redragningar\u2026<\/p>\n<p>Japp! h\u00e4r finns en del som jag beh\u00f6ver ta tag i f\u00f6r att anv\u00e4nda m\u00f6testiden effektivare. F\u00f6rhoppningsvis blev det\u00a0en ganska\u00a0bra start \u00e4nd\u00e5 till slut \u2013 trots allt\u2026<\/p>\n\n\t\t<style type=\"text\/css\">\n\t\t\t#gallery-1 {\n\t\t\t\tmargin: auto;\n\t\t\t}\n\t\t\t#gallery-1 .gallery-item {\n\t\t\t\tfloat: left;\n\t\t\t\tmargin-top: 10px;\n\t\t\t\ttext-align: center;\n\t\t\t\twidth: 33%;\n\t\t\t}\n\t\t\t#gallery-1 img {\n\t\t\t\tborder: 2px solid #cfcfcf;\n\t\t\t}\n\t\t\t#gallery-1 .gallery-caption {\n\t\t\t\tmargin-left: 0;\n\t\t\t}\n\t\t\t\/* see gallery_shortcode() in wp-includes\/media.php *\/\n\t\t<\/style>\n\t\t<div id='gallery-1' class='gallery galleryid-1603 gallery-columns-3 gallery-size-thumbnail'><dl class='gallery-item'>\n\t\t\t<dt class='gallery-icon landscape'>\n\t\t\t\t<a href='https:\/\/wp.kristdemokraterna.se\/hakanjohansson\/2015\/01\/20\/forsta-motet-med-miljo-och-stadsbyggnadsnamnden\/20150120-msn\/'><img loading=\"lazy\" decoding=\"async\" width=\"150\" height=\"150\" src=\"https:\/\/wp.kristdemokraterna.se\/hakanjohansson\/files\/2015\/01\/20150120_msn-150x150.jpg\" class=\"attachment-thumbnail size-thumbnail\" alt=\"Milj\u00f6- och stadsbyggnadsn\u00e4mndens f\u00f6rsta sammantr\u00e4de. (Foto: Tobias J\u00f6nsson)\" aria-describedby=\"gallery-1-1604\" \/><\/a>\n\t\t\t<\/dt>\n\t\t\t\t<dd class='wp-caption-text gallery-caption' id='gallery-1-1604'>\n\t\t\t\tMilj\u00f6- och stadsbyggnadsn\u00e4mndens f\u00f6rsta sammantr\u00e4de. (Foto: Tobias J\u00f6nsson)\n\t\t\t\t<\/dd><\/dl>\n\t\t\t<br style='clear: both' \/>\n\t\t<\/div>\n\n","protected":false},"excerpt":{"rendered":"<p>Nu \u00e4r jag tr\u00f6tt. Vi hade f\u00f6rsta sammantr\u00e4det med Milj\u00f6- och stadsbyggnadsn\u00e4mnden i dag och som ordf\u00f6rande \u00e4r ju det \u00e4r ett viktigt tillf\u00e4lle att g\u00f6ra ett gott f\u00f6rsta intryck. Gissa vad som h\u00e4nde? Jo, jag gick \u00f6ver tidsplaneringen med tv\u00e5 timmar!\u00a0Rid\u00e5&#8230;<\/p>\n","protected":false},"author":507,"featured_media":1604,"comment_status":"closed","ping_status":"closed","sticky":false,"template":"","format":"standard","meta":{"_acf_changed":false,"footnotes":""},"categories":[41],"tags":[980,36,692,799,971,701,135,970,163,978,974,987,975,8,972,31,968,954,902,979,806,977,976,969,973,808,181,62,124,5],"class_list":["post-1603","post","type-post","status-publish","format-standard","hentry","category-inlagg","tag-avlopp","tag-byggande","tag-det-gemensamma-basta","tag-fika","tag-forvaltning","tag-foto","tag-hallbar-utveckling","tag-ipad","tag-kompetens","tag-kriterier","tag-kunskapsorganisation","tag-lena-freij","tag-manniskor","tag-miljo","tag-miljo-och-stadsbyggnadskontoret","tag-miljo-och-stadsbyggnadsnamnden","tag-namnbingo","tag-nord","tag-ordforande","tag-principer","tag-raddningstjanst","tag-reglemente","tag-serveringstillstand","tag-speeddating","tag-spektrum","tag-strandskydd","tag-tillsyn","tag-trygghet","tag-varden","tag-varnamo"],"acf":[],"yoast_head":"<!-- This site is optimized with the Yoast SEO plugin v27.4 - https:\/\/yoast.com\/product\/yoast-seo-wordpress\/ -->\n<title>F\u00f6rsta m\u00f6tet med Milj\u00f6- och stadsbyggnadsn\u00e4mnden - H\u00e5kan Johansson, KD<\/title>\n<meta name=\"robots\" content=\"index, follow, max-snippet:-1, max-image-preview:large, max-video-preview:-1\" \/>\n<link rel=\"canonical\" href=\"https:\/\/wp.kristdemokraterna.se\/hakanjohansson\/2015\/01\/20\/forsta-motet-med-miljo-och-stadsbyggnadsnamnden\/\" \/>\n<meta property=\"og:locale\" content=\"sv_SE\" \/>\n<meta property=\"og:type\" content=\"article\" \/>\n<meta property=\"og:title\" content=\"F\u00f6rsta m\u00f6tet med Milj\u00f6- och stadsbyggnadsn\u00e4mnden - H\u00e5kan Johansson, KD\" \/>\n<meta property=\"og:description\" content=\"Nu \u00e4r jag tr\u00f6tt. Vi hade f\u00f6rsta sammantr\u00e4det med Milj\u00f6- och stadsbyggnadsn\u00e4mnden i dag och som ordf\u00f6rande \u00e4r ju det \u00e4r ett viktigt tillf\u00e4lle att g\u00f6ra ett gott f\u00f6rsta intryck. Gissa vad som h\u00e4nde? Jo, jag gick \u00f6ver tidsplaneringen med tv\u00e5 timmar!\u00a0Rid\u00e5&#8230;\" \/>\n<meta property=\"og:url\" content=\"https:\/\/wp.kristdemokraterna.se\/hakanjohansson\/2015\/01\/20\/forsta-motet-med-miljo-och-stadsbyggnadsnamnden\/\" \/>\n<meta property=\"og:site_name\" content=\"H\u00e5kan Johansson, KD\" \/>\n<meta property=\"article:published_time\" content=\"2015-01-20T20:59:41+00:00\" \/>\n<meta property=\"article:modified_time\" content=\"2015-01-23T20:21:50+00:00\" \/>\n<meta property=\"og:image\" content=\"https:\/\/wp.kristdemokraterna.se\/hakanjohansson\/files\/2015\/01\/20150120_msn.jpg\" \/>\n\t<meta property=\"og:image:width\" content=\"772\" \/>\n\t<meta property=\"og:image:height\" content=\"319\" \/>\n\t<meta property=\"og:image:type\" content=\"image\/jpeg\" \/>\n<meta name=\"author\" content=\"H\u00e5kan Johansson\" \/>\n<meta name=\"twitter:card\" content=\"summary_large_image\" \/>\n<meta name=\"twitter:label1\" content=\"Skriven av\" \/>\n\t<meta name=\"twitter:data1\" content=\"H\u00e5kan Johansson\" \/>\n\t<meta name=\"twitter:label2\" content=\"Ber\u00e4knad l\u00e4stid\" \/>\n\t<meta name=\"twitter:data2\" content=\"2 minuter\" \/>\n<script type=\"application\/ld+json\" class=\"yoast-schema-graph\">{\"@context\":\"https:\\\/\\\/schema.org\",\"@graph\":[{\"@type\":\"Article\",\"@id\":\"https:\\\/\\\/wp.kristdemokraterna.se\\\/hakanjohansson\\\/2015\\\/01\\\/20\\\/forsta-motet-med-miljo-och-stadsbyggnadsnamnden\\\/#article\",\"isPartOf\":{\"@id\":\"https:\\\/\\\/wp.kristdemokraterna.se\\\/hakanjohansson\\\/2015\\\/01\\\/20\\\/forsta-motet-med-miljo-och-stadsbyggnadsnamnden\\\/\"},\"author\":{\"name\":\"H\u00e5kan Johansson\",\"@id\":\"https:\\\/\\\/wp.kristdemokraterna.se\\\/hakanjohansson\\\/#\\\/schema\\\/person\\\/1ebb24d2d3a4cdd92106ea18359c8b63\"},\"headline\":\"F\u00f6rsta m\u00f6tet med Milj\u00f6- och stadsbyggnadsn\u00e4mnden\",\"datePublished\":\"2015-01-20T20:59:41+00:00\",\"dateModified\":\"2015-01-23T20:21:50+00:00\",\"mainEntityOfPage\":{\"@id\":\"https:\\\/\\\/wp.kristdemokraterna.se\\\/hakanjohansson\\\/2015\\\/01\\\/20\\\/forsta-motet-med-miljo-och-stadsbyggnadsnamnden\\\/\"},\"wordCount\":439,\"image\":{\"@id\":\"https:\\\/\\\/wp.kristdemokraterna.se\\\/hakanjohansson\\\/2015\\\/01\\\/20\\\/forsta-motet-med-miljo-och-stadsbyggnadsnamnden\\\/#primaryimage\"},\"thumbnailUrl\":\"https:\\\/\\\/wp.kristdemokraterna.se\\\/hakanjohansson\\\/files\\\/2015\\\/01\\\/20150120_msn.jpg\",\"keywords\":[\"avlopp\",\"byggande\",\"det gemensamma b\u00e4sta\",\"fika\",\"f\u00f6rvaltning\",\"foto\",\"h\u00e5llbar utveckling\",\"iPad\",\"kompetens\",\"kriterier\",\"kunskapsorganisation\",\"Lena Freij\",\"m\u00e4nniskor\",\"milj\u00f6\",\"Milj\u00f6- och stadsbyggnadskontoret\",\"Milj\u00f6- och stadsbyggnadsn\u00e4mnden\",\"namnbingo\",\"n\u00f6rd\",\"ordf\u00f6rande\",\"principer\",\"r\u00e4ddningstj\u00e4nst\",\"reglemente\",\"serveringstillst\u00e5nd\",\"speeddating\",\"spektrum\",\"strandskydd\",\"tillsyn\",\"trygghet\",\"v\u00e4rden\",\"V\u00e4rnamo\"],\"articleSection\":[\"Inl\u00e4gg\"],\"inLanguage\":\"sv-SE\"},{\"@type\":\"WebPage\",\"@id\":\"https:\\\/\\\/wp.kristdemokraterna.se\\\/hakanjohansson\\\/2015\\\/01\\\/20\\\/forsta-motet-med-miljo-och-stadsbyggnadsnamnden\\\/\",\"url\":\"https:\\\/\\\/wp.kristdemokraterna.se\\\/hakanjohansson\\\/2015\\\/01\\\/20\\\/forsta-motet-med-miljo-och-stadsbyggnadsnamnden\\\/\",\"name\":\"F\u00f6rsta m\u00f6tet med Milj\u00f6- och stadsbyggnadsn\u00e4mnden - H\u00e5kan Johansson, KD\",\"isPartOf\":{\"@id\":\"https:\\\/\\\/wp.kristdemokraterna.se\\\/hakanjohansson\\\/#website\"},\"primaryImageOfPage\":{\"@id\":\"https:\\\/\\\/wp.kristdemokraterna.se\\\/hakanjohansson\\\/2015\\\/01\\\/20\\\/forsta-motet-med-miljo-och-stadsbyggnadsnamnden\\\/#primaryimage\"},\"image\":{\"@id\":\"https:\\\/\\\/wp.kristdemokraterna.se\\\/hakanjohansson\\\/2015\\\/01\\\/20\\\/forsta-motet-med-miljo-och-stadsbyggnadsnamnden\\\/#primaryimage\"},\"thumbnailUrl\":\"https:\\\/\\\/wp.kristdemokraterna.se\\\/hakanjohansson\\\/files\\\/2015\\\/01\\\/20150120_msn.jpg\",\"datePublished\":\"2015-01-20T20:59:41+00:00\",\"dateModified\":\"2015-01-23T20:21:50+00:00\",\"author\":{\"@id\":\"https:\\\/\\\/wp.kristdemokraterna.se\\\/hakanjohansson\\\/#\\\/schema\\\/person\\\/1ebb24d2d3a4cdd92106ea18359c8b63\"},\"breadcrumb\":{\"@id\":\"https:\\\/\\\/wp.kristdemokraterna.se\\\/hakanjohansson\\\/2015\\\/01\\\/20\\\/forsta-motet-med-miljo-och-stadsbyggnadsnamnden\\\/#breadcrumb\"},\"inLanguage\":\"sv-SE\",\"potentialAction\":[{\"@type\":\"ReadAction\",\"target\":[\"https:\\\/\\\/wp.kristdemokraterna.se\\\/hakanjohansson\\\/2015\\\/01\\\/20\\\/forsta-motet-med-miljo-och-stadsbyggnadsnamnden\\\/\"]}]},{\"@type\":\"ImageObject\",\"inLanguage\":\"sv-SE\",\"@id\":\"https:\\\/\\\/wp.kristdemokraterna.se\\\/hakanjohansson\\\/2015\\\/01\\\/20\\\/forsta-motet-med-miljo-och-stadsbyggnadsnamnden\\\/#primaryimage\",\"url\":\"https:\\\/\\\/wp.kristdemokraterna.se\\\/hakanjohansson\\\/files\\\/2015\\\/01\\\/20150120_msn.jpg\",\"contentUrl\":\"https:\\\/\\\/wp.kristdemokraterna.se\\\/hakanjohansson\\\/files\\\/2015\\\/01\\\/20150120_msn.jpg\",\"width\":772,\"height\":319,\"caption\":\"Milj\u00f6- och stadsbyggnadsn\u00e4mndens f\u00f6rsta sammantr\u00e4de. (Foto: Tobias J\u00f6nsson)\"},{\"@type\":\"BreadcrumbList\",\"@id\":\"https:\\\/\\\/wp.kristdemokraterna.se\\\/hakanjohansson\\\/2015\\\/01\\\/20\\\/forsta-motet-med-miljo-och-stadsbyggnadsnamnden\\\/#breadcrumb\",\"itemListElement\":[{\"@type\":\"ListItem\",\"position\":1,\"name\":\"Hem\",\"item\":\"https:\\\/\\\/wp.kristdemokraterna.se\\\/hakanjohansson\\\/\"},{\"@type\":\"ListItem\",\"position\":2,\"name\":\"F\u00f6rsta m\u00f6tet med Milj\u00f6- och stadsbyggnadsn\u00e4mnden\"}]},{\"@type\":\"WebSite\",\"@id\":\"https:\\\/\\\/wp.kristdemokraterna.se\\\/hakanjohansson\\\/#website\",\"url\":\"https:\\\/\\\/wp.kristdemokraterna.se\\\/hakanjohansson\\\/\",\"name\":\"H\u00e5kan Johansson, KD\",\"description\":\"Politik, musik och teknik...\",\"inLanguage\":\"sv-SE\"},{\"@type\":\"Person\",\"@id\":\"https:\\\/\\\/wp.kristdemokraterna.se\\\/hakanjohansson\\\/#\\\/schema\\\/person\\\/1ebb24d2d3a4cdd92106ea18359c8b63\",\"name\":\"H\u00e5kan Johansson\",\"image\":{\"@type\":\"ImageObject\",\"inLanguage\":\"sv-SE\",\"@id\":\"https:\\\/\\\/secure.gravatar.com\\\/avatar\\\/2f492f08c4bdc714d7db0d433c48b51adbc8f67dd2112ac3a50d66d0d1ddd173?s=96&r=g\",\"url\":\"https:\\\/\\\/secure.gravatar.com\\\/avatar\\\/2f492f08c4bdc714d7db0d433c48b51adbc8f67dd2112ac3a50d66d0d1ddd173?s=96&r=g\",\"contentUrl\":\"https:\\\/\\\/secure.gravatar.com\\\/avatar\\\/2f492f08c4bdc714d7db0d433c48b51adbc8f67dd2112ac3a50d66d0d1ddd173?s=96&r=g\",\"caption\":\"H\u00e5kan Johansson\"},\"description\":\"Politik, musik och teknik...\",\"sameAs\":[\"https:\\\/\\\/wp.kristdemokraterna.se\\\/hakanjohansson\"],\"url\":\"https:\\\/\\\/wp.kristdemokraterna.se\\\/hakanjohansson\\\/author\\\/hakanjohansson\\\/\"}]}<\/script>\n<!-- \/ Yoast SEO plugin. -->","yoast_head_json":{"title":"F\u00f6rsta m\u00f6tet med Milj\u00f6- och stadsbyggnadsn\u00e4mnden - H\u00e5kan Johansson, KD","robots":{"index":"index","follow":"follow","max-snippet":"max-snippet:-1","max-image-preview":"max-image-preview:large","max-video-preview":"max-video-preview:-1"},"canonical":"https:\/\/wp.kristdemokraterna.se\/hakanjohansson\/2015\/01\/20\/forsta-motet-med-miljo-och-stadsbyggnadsnamnden\/","og_locale":"sv_SE","og_type":"article","og_title":"F\u00f6rsta m\u00f6tet med Milj\u00f6- och stadsbyggnadsn\u00e4mnden - H\u00e5kan Johansson, KD","og_description":"Nu \u00e4r jag tr\u00f6tt. Vi hade f\u00f6rsta sammantr\u00e4det med Milj\u00f6- och stadsbyggnadsn\u00e4mnden i dag och som ordf\u00f6rande \u00e4r ju det \u00e4r ett viktigt tillf\u00e4lle att g\u00f6ra ett gott f\u00f6rsta intryck. Gissa vad som h\u00e4nde? Jo, jag gick \u00f6ver tidsplaneringen med tv\u00e5 timmar!\u00a0Rid\u00e5&#8230;","og_url":"https:\/\/wp.kristdemokraterna.se\/hakanjohansson\/2015\/01\/20\/forsta-motet-med-miljo-och-stadsbyggnadsnamnden\/","og_site_name":"H\u00e5kan Johansson, KD","article_published_time":"2015-01-20T20:59:41+00:00","article_modified_time":"2015-01-23T20:21:50+00:00","og_image":[{"width":772,"height":319,"url":"https:\/\/wp.kristdemokraterna.se\/hakanjohansson\/files\/2015\/01\/20150120_msn.jpg","type":"image\/jpeg"}],"author":"H\u00e5kan Johansson","twitter_card":"summary_large_image","twitter_misc":{"Skriven av":"H\u00e5kan Johansson","Ber\u00e4knad l\u00e4stid":"2 minuter"},"schema":{"@context":"https:\/\/schema.org","@graph":[{"@type":"Article","@id":"https:\/\/wp.kristdemokraterna.se\/hakanjohansson\/2015\/01\/20\/forsta-motet-med-miljo-och-stadsbyggnadsnamnden\/#article","isPartOf":{"@id":"https:\/\/wp.kristdemokraterna.se\/hakanjohansson\/2015\/01\/20\/forsta-motet-med-miljo-och-stadsbyggnadsnamnden\/"},"author":{"name":"H\u00e5kan Johansson","@id":"https:\/\/wp.kristdemokraterna.se\/hakanjohansson\/#\/schema\/person\/1ebb24d2d3a4cdd92106ea18359c8b63"},"headline":"F\u00f6rsta m\u00f6tet med Milj\u00f6- och stadsbyggnadsn\u00e4mnden","datePublished":"2015-01-20T20:59:41+00:00","dateModified":"2015-01-23T20:21:50+00:00","mainEntityOfPage":{"@id":"https:\/\/wp.kristdemokraterna.se\/hakanjohansson\/2015\/01\/20\/forsta-motet-med-miljo-och-stadsbyggnadsnamnden\/"},"wordCount":439,"image":{"@id":"https:\/\/wp.kristdemokraterna.se\/hakanjohansson\/2015\/01\/20\/forsta-motet-med-miljo-och-stadsbyggnadsnamnden\/#primaryimage"},"thumbnailUrl":"https:\/\/wp.kristdemokraterna.se\/hakanjohansson\/files\/2015\/01\/20150120_msn.jpg","keywords":["avlopp","byggande","det gemensamma b\u00e4sta","fika","f\u00f6rvaltning","foto","h\u00e5llbar utveckling","iPad","kompetens","kriterier","kunskapsorganisation","Lena Freij","m\u00e4nniskor","milj\u00f6","Milj\u00f6- och stadsbyggnadskontoret","Milj\u00f6- och stadsbyggnadsn\u00e4mnden","namnbingo","n\u00f6rd","ordf\u00f6rande","principer","r\u00e4ddningstj\u00e4nst","reglemente","serveringstillst\u00e5nd","speeddating","spektrum","strandskydd","tillsyn","trygghet","v\u00e4rden","V\u00e4rnamo"],"articleSection":["Inl\u00e4gg"],"inLanguage":"sv-SE"},{"@type":"WebPage","@id":"https:\/\/wp.kristdemokraterna.se\/hakanjohansson\/2015\/01\/20\/forsta-motet-med-miljo-och-stadsbyggnadsnamnden\/","url":"https:\/\/wp.kristdemokraterna.se\/hakanjohansson\/2015\/01\/20\/forsta-motet-med-miljo-och-stadsbyggnadsnamnden\/","name":"F\u00f6rsta m\u00f6tet med Milj\u00f6- och stadsbyggnadsn\u00e4mnden - H\u00e5kan Johansson, KD","isPartOf":{"@id":"https:\/\/wp.kristdemokraterna.se\/hakanjohansson\/#website"},"primaryImageOfPage":{"@id":"https:\/\/wp.kristdemokraterna.se\/hakanjohansson\/2015\/01\/20\/forsta-motet-med-miljo-och-stadsbyggnadsnamnden\/#primaryimage"},"image":{"@id":"https:\/\/wp.kristdemokraterna.se\/hakanjohansson\/2015\/01\/20\/forsta-motet-med-miljo-och-stadsbyggnadsnamnden\/#primaryimage"},"thumbnailUrl":"https:\/\/wp.kristdemokraterna.se\/hakanjohansson\/files\/2015\/01\/20150120_msn.jpg","datePublished":"2015-01-20T20:59:41+00:00","dateModified":"2015-01-23T20:21:50+00:00","author":{"@id":"https:\/\/wp.kristdemokraterna.se\/hakanjohansson\/#\/schema\/person\/1ebb24d2d3a4cdd92106ea18359c8b63"},"breadcrumb":{"@id":"https:\/\/wp.kristdemokraterna.se\/hakanjohansson\/2015\/01\/20\/forsta-motet-med-miljo-och-stadsbyggnadsnamnden\/#breadcrumb"},"inLanguage":"sv-SE","potentialAction":[{"@type":"ReadAction","target":["https:\/\/wp.kristdemokraterna.se\/hakanjohansson\/2015\/01\/20\/forsta-motet-med-miljo-och-stadsbyggnadsnamnden\/"]}]},{"@type":"ImageObject","inLanguage":"sv-SE","@id":"https:\/\/wp.kristdemokraterna.se\/hakanjohansson\/2015\/01\/20\/forsta-motet-med-miljo-och-stadsbyggnadsnamnden\/#primaryimage","url":"https:\/\/wp.kristdemokraterna.se\/hakanjohansson\/files\/2015\/01\/20150120_msn.jpg","contentUrl":"https:\/\/wp.kristdemokraterna.se\/hakanjohansson\/files\/2015\/01\/20150120_msn.jpg","width":772,"height":319,"caption":"Milj\u00f6- och stadsbyggnadsn\u00e4mndens f\u00f6rsta sammantr\u00e4de. (Foto: Tobias J\u00f6nsson)"},{"@type":"BreadcrumbList","@id":"https:\/\/wp.kristdemokraterna.se\/hakanjohansson\/2015\/01\/20\/forsta-motet-med-miljo-och-stadsbyggnadsnamnden\/#breadcrumb","itemListElement":[{"@type":"ListItem","position":1,"name":"Hem","item":"https:\/\/wp.kristdemokraterna.se\/hakanjohansson\/"},{"@type":"ListItem","position":2,"name":"F\u00f6rsta m\u00f6tet med Milj\u00f6- och stadsbyggnadsn\u00e4mnden"}]},{"@type":"WebSite","@id":"https:\/\/wp.kristdemokraterna.se\/hakanjohansson\/#website","url":"https:\/\/wp.kristdemokraterna.se\/hakanjohansson\/","name":"H\u00e5kan Johansson, KD","description":"Politik, musik och teknik...","inLanguage":"sv-SE"},{"@type":"Person","@id":"https:\/\/wp.kristdemokraterna.se\/hakanjohansson\/#\/schema\/person\/1ebb24d2d3a4cdd92106ea18359c8b63","name":"H\u00e5kan Johansson","image":{"@type":"ImageObject","inLanguage":"sv-SE","@id":"https:\/\/secure.gravatar.com\/avatar\/2f492f08c4bdc714d7db0d433c48b51adbc8f67dd2112ac3a50d66d0d1ddd173?s=96&r=g","url":"https:\/\/secure.gravatar.com\/avatar\/2f492f08c4bdc714d7db0d433c48b51adbc8f67dd2112ac3a50d66d0d1ddd173?s=96&r=g","contentUrl":"https:\/\/secure.gravatar.com\/avatar\/2f492f08c4bdc714d7db0d433c48b51adbc8f67dd2112ac3a50d66d0d1ddd173?s=96&r=g","caption":"H\u00e5kan Johansson"},"description":"Politik, musik och teknik...","sameAs":["https:\/\/wp.kristdemokraterna.se\/hakanjohansson"],"url":"https:\/\/wp.kristdemokraterna.se\/hakanjohansson\/author\/hakanjohansson\/"}]}},"_links":{"self":[{"href":"https:\/\/wp.kristdemokraterna.se\/hakanjohansson\/wp-json\/wp\/v2\/posts\/1603","targetHints":{"allow":["GET"]}}],"collection":[{"href":"https:\/\/wp.kristdemokraterna.se\/hakanjohansson\/wp-json\/wp\/v2\/posts"}],"about":[{"href":"https:\/\/wp.kristdemokraterna.se\/hakanjohansson\/wp-json\/wp\/v2\/types\/post"}],"author":[{"embeddable":true,"href":"https:\/\/wp.kristdemokraterna.se\/hakanjohansson\/wp-json\/wp\/v2\/users\/507"}],"replies":[{"embeddable":true,"href":"https:\/\/wp.kristdemokraterna.se\/hakanjohansson\/wp-json\/wp\/v2\/comments?post=1603"}],"version-history":[{"count":12,"href":"https:\/\/wp.kristdemokraterna.se\/hakanjohansson\/wp-json\/wp\/v2\/posts\/1603\/revisions"}],"predecessor-version":[{"id":1626,"href":"https:\/\/wp.kristdemokraterna.se\/hakanjohansson\/wp-json\/wp\/v2\/posts\/1603\/revisions\/1626"}],"wp:featuredmedia":[{"embeddable":true,"href":"https:\/\/wp.kristdemokraterna.se\/hakanjohansson\/wp-json\/wp\/v2\/media\/1604"}],"wp:attachment":[{"href":"https:\/\/wp.kristdemokraterna.se\/hakanjohansson\/wp-json\/wp\/v2\/media?parent=1603"}],"wp:term":[{"taxonomy":"category","embeddable":true,"href":"https:\/\/wp.kristdemokraterna.se\/hakanjohansson\/wp-json\/wp\/v2\/categories?post=1603"},{"taxonomy":"post_tag","embeddable":true,"href":"https:\/\/wp.kristdemokraterna.se\/hakanjohansson\/wp-json\/wp\/v2\/tags?post=1603"}],"curies":[{"name":"wp","href":"https:\/\/api.w.org\/{rel}","templated":true}]}}