{"id":1652,"date":"2015-01-29T18:59:23","date_gmt":"2015-01-29T17:59:23","guid":{"rendered":"http:\/\/wp.kristdemokraterna.se\/hakanjohansson\/?p=1652"},"modified":"2015-03-21T11:46:51","modified_gmt":"2015-03-21T10:46:51","slug":"i-dag-var-goran-inte-rolig","status":"publish","type":"post","link":"https:\/\/wp.kristdemokraterna.se\/hakanjohansson\/2015\/01\/29\/i-dag-var-goran-inte-rolig\/","title":{"rendered":"I dag var G\u00f6ran inte rolig&#8230;"},"content":{"rendered":"<p>F\u00f6rsta g\u00e5ngen jag m\u00f6tte G\u00f6ran H\u00e4gglund var den 23 april 1982. KDU-avdelningen i Gislaved ordnade en konsert d\u00e4r det band som jag var med i d\u00e5 skulle spela. G\u00f6ran var distriktsombudsman och skulle tala. Jag minns att jag tyckte att han var v\u00e4ltalig, att han hade en underbar humor och att alla vi KDU:are i j\u00f6nk\u00f6pingsdistriktet\u00a0var \u00f6vertygade om att han en dag skulle bli partiledare\u2026<br \/>\nI dag var han inte lika rolig att lyssna till n\u00e4r han meddelade sin avg\u00e5ng som just partiledare. \ud83d\ude41<\/p>\n<p><!--more--><\/p>\n<p>Sj\u00e4lvklart meddelade twitterkungen sin avg\u00e5ng i en tweet tre minuter innan han \u00f6ppnade presskonferensen d\u00e4r han egentligen skulle meddela den. G\u00f6ran H\u00e4gglunds politiska briljans\u00a0och sylvassa ironiska humor kommer kanske allra mest till sin r\u00e4tt i twitterformatet. Det \u00e4r f\u00e5 som har ett s\u00e5 naturligt tilltal och \u00e4kta dialog i sociala medier som G\u00f6ran. S\u00e5 h\u00e4r sammanfattar sociala mediergurun\u00a0Emanuel Karlsten det hela:<br \/>\n<a href=\"http:\/\/emanuelkarlsten.se\/01\/5-anledningar-till-varfor-goran-hagglund-ar-basta-partiledaren-pa-twitter\/\" target=\"_blank\">5 anledningar till varf\u00f6r G\u00f6ran H\u00e4gglund \u00e4r b\u00e4sta partiledaren \u2013 p\u00e5 Twitter<\/a>.<\/p>\n<p>G\u00f6ran \u00e4r inte bara rolig \u2013 han \u00e4r ocks\u00e5 ett politiskt underbarn och hans intellektuella sk\u00e4rpa, ideologiska medvetenhet och verbala f\u00f6rm\u00e5ga har samverkat till att han hela tiden har varit\u00a0en nyckelperson i partiet\u00a0\u2013 ombudsman, kanslichef, riksdagsledamot, gruppledare, statssekreterare i samordningskansliet, partiledare, minister och \u00e5lderspresident i Riksdagen. Hans idoga arbete bakom kulisserna i kombination med Alf Svenssons f\u00f6rm\u00e5ga att trollbinda \u00e5h\u00f6rarna med sin retorik gav partiet den trov\u00e4rdighet som politisk akt\u00f6r som ledde fram till rekordresultatet 11,76 % i 1998 \u00e5rs val till Riksdagen.<\/p>\n<p>Under hans 11 \u00e5r\u00a0som partiledare har partiet utvecklats till ett trov\u00e4rdigt regeringsparti, f\u00e5tt en tydligare kristdemokratisk profil och inte minst blivit en viktig och sj\u00e4lvklar akt\u00f6r i rikspolitiken. G\u00f6ran H\u00e4gglunds ordf\u00f6randeskap har varit Kristdemokraternas politiskt mest framg\u00e5ngsrika n\u00e5gonsin.\u00a0Sverige har blivit lite friare, lite r\u00e4ttvisare och det har blivit lite l\u00e4ttare att andas!<\/p>\n<p>Det har snart g\u00e5tt 33 \u00e5r sedan v\u00e5rt f\u00f6rsta m\u00f6te och vi h\u00e4lsar fortfarande p\u00e5 varandra. \ud83d\ude42\u00a0Jag\u00a0uppskattar fr\u00e4mst att G\u00f6ran mitt i allt aldrig har \u00f6vergett\u00a0det lokalpolitiska vardagsslitet. Han\u00a0har alltid tagit sig tid att bes\u00f6ka oss h\u00e4r i V\u00e4rnamo \u2013 \u00e4ven mitt under brinnande valr\u00f6relse. N\u00e4r jag var en av <a title=\"Vilken framtid har n\u00e4rradion?\" href=\"http:\/\/wp.kristdemokraterna.se\/hakanjohansson\/2015\/01\/12\/vilken-framtid-har-narradion\/\">producenterna f\u00f6r Kristdemokraternas halvtimme i V\u00e4rnamo n\u00e4rradio<\/a> och hade slut p\u00e5 programid\u00e9er h\u00e4nde det ibland att jag ringde upp G\u00f6ran H\u00e4gglund och fr\u00e5gade om jag kunde f\u00e5 intervjua honom live en liten stund. Det var aldrig n\u00e5gra problem och med G\u00f6rans svada s\u00e5 var den roliga halvtimmen r\u00e4ddad\u2026 \ud83d\ude09<\/p>\n<p>Min mamma tyckte alltid att Alf Svensson var toppen \u2013 allt han gjorde och sade var bra! N\u00e4r G\u00f6ran H\u00e4gglund valdes till partiledare 2004 var hon nog lite skeptisk innerst inne, men jag minns efter en av tv-debatterna i valr\u00f6relsen 2006 n\u00e4r hon med mycket k\u00e4nsla i r\u00f6sten sade:<br \/>\n\u2013 Han \u00e4r s\u00e5 fin den d\u00e4r pojken. Ja, jag tycker om honom!<br \/>\nB\u00e4ttre betyg kan en partiledare inte f\u00e5 G\u00f6ran!<\/p>\n<p>Stort tack f\u00f6r allt G\u00f6ran H\u00e4gglund och lycka till i forts\u00e4ttningen!<\/p>\n\n\t\t<style type=\"text\/css\">\n\t\t\t#gallery-1 {\n\t\t\t\tmargin: auto;\n\t\t\t}\n\t\t\t#gallery-1 .gallery-item {\n\t\t\t\tfloat: left;\n\t\t\t\tmargin-top: 10px;\n\t\t\t\ttext-align: center;\n\t\t\t\twidth: 33%;\n\t\t\t}\n\t\t\t#gallery-1 img {\n\t\t\t\tborder: 2px solid #cfcfcf;\n\t\t\t}\n\t\t\t#gallery-1 .gallery-caption {\n\t\t\t\tmargin-left: 0;\n\t\t\t}\n\t\t\t\/* see gallery_shortcode() in wp-includes\/media.php *\/\n\t\t<\/style>\n\t\t<div id='gallery-1' class='gallery galleryid-1652 gallery-columns-3 gallery-size-thumbnail'><dl class='gallery-item'>\n\t\t\t<dt class='gallery-icon landscape'>\n\t\t\t\t<a href='https:\/\/wp.kristdemokraterna.se\/hakanjohansson\/2015\/01\/29\/i-dag-var-goran-inte-rolig\/goranhagglundavgartwitter\/'><img loading=\"lazy\" decoding=\"async\" width=\"150\" height=\"150\" src=\"https:\/\/wp.kristdemokraterna.se\/hakanjohansson\/files\/2015\/01\/goranhagglundavgartwitter-150x150.png\" class=\"attachment-thumbnail size-thumbnail\" alt=\"G\u00f6ran H\u00e4gglund sl\u00e4ppte nyheten om sin avg\u00e5ng direkt p\u00e5 Twitter.\" aria-describedby=\"gallery-1-1656\" \/><\/a>\n\t\t\t<\/dt>\n\t\t\t\t<dd class='wp-caption-text gallery-caption' id='gallery-1-1656'>\n\t\t\t\tG\u00f6ran H\u00e4gglund sl\u00e4ppte nyheten om sin avg\u00e5ng direkt p\u00e5 Twitter.\n\t\t\t\t<\/dd><\/dl><dl class='gallery-item'>\n\t\t\t<dt class='gallery-icon landscape'>\n\t\t\t\t<a href='https:\/\/wp.kristdemokraterna.se\/hakanjohansson\/2014\/08\/30\/partiledarbesok\/20140830-goranhagglund\/'><img loading=\"lazy\" decoding=\"async\" width=\"150\" height=\"150\" src=\"https:\/\/wp.kristdemokraterna.se\/hakanjohansson\/files\/2014\/09\/20140830_goranhagglund-150x150.jpg\" class=\"attachment-thumbnail size-thumbnail\" alt=\"R\u00e5kade visst st\u00f6ta p\u00e5 G\u00f6ran H\u00e4gglund (KD) p\u00e5 Flanaden. (Foto: Torbj\u00f6rn Eriksson)\" aria-describedby=\"gallery-1-1296\" \/><\/a>\n\t\t\t<\/dt>\n\t\t\t\t<dd class='wp-caption-text gallery-caption' id='gallery-1-1296'>\n\t\t\t\tR\u00e5kade visst st\u00f6ta p\u00e5 G\u00f6ran H\u00e4gglund (KD) p\u00e5 Flanaden. (Foto: Torbj\u00f6rn Eriksson)\n\t\t\t\t<\/dd><\/dl>\n\t\t\t<br style='clear: both' \/>\n\t\t<\/div>\n\n","protected":false},"excerpt":{"rendered":"<p>F\u00f6rsta g\u00e5ngen jag m\u00f6tte G\u00f6ran H\u00e4gglund var den 23 april 1982. KDU-avdelningen i Gislaved ordnade en konsert d\u00e4r det band som jag var med i d\u00e5 skulle spela. G\u00f6ran var distriktsombudsman och skulle tala. Jag minns att jag tyckte att han var v\u00e4ltalig, att han hade en underbar humor och att alla vi KDU:are i&hellip; <a class=\"read-more-link\" href=\"https:\/\/wp.kristdemokraterna.se\/hakanjohansson\/2015\/01\/29\/i-dag-var-goran-inte-rolig\/\">Forts\u00e4tt l\u00e4sa<\/a><\/p>\n","protected":false},"author":507,"featured_media":1296,"comment_status":"closed","ping_status":"closed","sticky":false,"template":"","format":"standard","meta":{"_acf_changed":false,"footnotes":""},"categories":[41],"tags":[1008,374,144,288,1006,1011,754,286,1007,54,1004,386,274,1010,736,942,553,354,495,1005,949,1009,885,472,714,893,715,63],"class_list":["post-1652","post","type-post","status-publish","format-standard","hentry","category-inlagg","tag-alderspresident","tag-alf-svensson","tag-betyg","tag-debatt-2","tag-emanuel-karlsten","tag-flanaden","tag-gislaved","tag-goran-hagglund","tag-gruppledare","tag-ideologi","tag-jonkopingsdistriktet","tag-kdu","tag-kristdemokraterna-varnamo","tag-lokalpolitik","tag-minister","tag-narradio","tag-ombudsman","tag-parti","tag-partiledare","tag-presskonferens","tag-producent","tag-regeringsparti","tag-riksdagen","tag-riksdagsledamot","tag-sociala-medier","tag-trovardighet","tag-twitter","tag-valrorelse"],"acf":[],"yoast_head":"<!-- This site is optimized with the Yoast SEO plugin v27.4 - https:\/\/yoast.com\/product\/yoast-seo-wordpress\/ -->\n<title>I dag var G\u00f6ran inte rolig... - H\u00e5kan Johansson, KD<\/title>\n<meta name=\"robots\" content=\"index, follow, max-snippet:-1, max-image-preview:large, max-video-preview:-1\" \/>\n<link rel=\"canonical\" href=\"https:\/\/wp.kristdemokraterna.se\/hakanjohansson\/2015\/01\/29\/i-dag-var-goran-inte-rolig\/\" \/>\n<meta property=\"og:locale\" content=\"sv_SE\" \/>\n<meta property=\"og:type\" content=\"article\" \/>\n<meta property=\"og:title\" content=\"I dag var G\u00f6ran inte rolig... - H\u00e5kan Johansson, KD\" \/>\n<meta property=\"og:description\" content=\"F\u00f6rsta g\u00e5ngen jag m\u00f6tte G\u00f6ran H\u00e4gglund var den 23 april 1982. KDU-avdelningen i Gislaved ordnade en konsert d\u00e4r det band som jag var med i d\u00e5 skulle spela. G\u00f6ran var distriktsombudsman och skulle tala. Jag minns att jag tyckte att han var v\u00e4ltalig, att han hade en underbar humor och att alla vi KDU:are i&hellip; Forts\u00e4tt l\u00e4sa\" \/>\n<meta property=\"og:url\" content=\"https:\/\/wp.kristdemokraterna.se\/hakanjohansson\/2015\/01\/29\/i-dag-var-goran-inte-rolig\/\" \/>\n<meta property=\"og:site_name\" content=\"H\u00e5kan Johansson, KD\" \/>\n<meta property=\"article:published_time\" content=\"2015-01-29T17:59:23+00:00\" \/>\n<meta property=\"article:modified_time\" content=\"2015-03-21T10:46:51+00:00\" \/>\n<meta property=\"og:image\" content=\"https:\/\/wp.kristdemokraterna.se\/hakanjohansson\/files\/2014\/09\/20140830_goranhagglund.jpg\" \/>\n\t<meta property=\"og:image:width\" content=\"741\" \/>\n\t<meta property=\"og:image:height\" content=\"540\" \/>\n\t<meta property=\"og:image:type\" content=\"image\/jpeg\" \/>\n<meta name=\"author\" content=\"H\u00e5kan Johansson\" \/>\n<meta name=\"twitter:card\" content=\"summary_large_image\" \/>\n<meta name=\"twitter:label1\" content=\"Skriven av\" \/>\n\t<meta name=\"twitter:data1\" content=\"H\u00e5kan Johansson\" \/>\n\t<meta name=\"twitter:label2\" content=\"Ber\u00e4knad l\u00e4stid\" \/>\n\t<meta name=\"twitter:data2\" content=\"3 minuter\" \/>\n<script type=\"application\/ld+json\" class=\"yoast-schema-graph\">{\"@context\":\"https:\\\/\\\/schema.org\",\"@graph\":[{\"@type\":\"Article\",\"@id\":\"https:\\\/\\\/wp.kristdemokraterna.se\\\/hakanjohansson\\\/2015\\\/01\\\/29\\\/i-dag-var-goran-inte-rolig\\\/#article\",\"isPartOf\":{\"@id\":\"https:\\\/\\\/wp.kristdemokraterna.se\\\/hakanjohansson\\\/2015\\\/01\\\/29\\\/i-dag-var-goran-inte-rolig\\\/\"},\"author\":{\"name\":\"H\u00e5kan Johansson\",\"@id\":\"https:\\\/\\\/wp.kristdemokraterna.se\\\/hakanjohansson\\\/#\\\/schema\\\/person\\\/1ebb24d2d3a4cdd92106ea18359c8b63\"},\"headline\":\"I dag var G\u00f6ran inte rolig&#8230;\",\"datePublished\":\"2015-01-29T17:59:23+00:00\",\"dateModified\":\"2015-03-21T10:46:51+00:00\",\"mainEntityOfPage\":{\"@id\":\"https:\\\/\\\/wp.kristdemokraterna.se\\\/hakanjohansson\\\/2015\\\/01\\\/29\\\/i-dag-var-goran-inte-rolig\\\/\"},\"wordCount\":559,\"image\":{\"@id\":\"https:\\\/\\\/wp.kristdemokraterna.se\\\/hakanjohansson\\\/2015\\\/01\\\/29\\\/i-dag-var-goran-inte-rolig\\\/#primaryimage\"},\"thumbnailUrl\":\"https:\\\/\\\/wp.kristdemokraterna.se\\\/hakanjohansson\\\/files\\\/2014\\\/09\\\/20140830_goranhagglund.jpg\",\"keywords\":[\"\u00e5lderspresident\",\"Alf Svensson\",\"betyg\",\"debatt\",\"Emanuel Karlsten\",\"Flanaden\",\"Gislaved\",\"G\u00f6ran H\u00e4gglund\",\"gruppledare\",\"ideologi\",\"j\u00f6nk\u00f6pingsdistriktet\",\"KDU\",\"Kristdemokraterna V\u00e4rnamo\",\"lokalpolitik\",\"minister\",\"n\u00e4rradio\",\"ombudsman\",\"parti\",\"partiledare\",\"presskonferens\",\"producent\",\"regeringsparti\",\"Riksdagen\",\"riksdagsledamot\",\"sociala medier\",\"trov\u00e4rdighet\",\"Twitter\",\"valr\u00f6relse\"],\"articleSection\":[\"Inl\u00e4gg\"],\"inLanguage\":\"sv-SE\"},{\"@type\":\"WebPage\",\"@id\":\"https:\\\/\\\/wp.kristdemokraterna.se\\\/hakanjohansson\\\/2015\\\/01\\\/29\\\/i-dag-var-goran-inte-rolig\\\/\",\"url\":\"https:\\\/\\\/wp.kristdemokraterna.se\\\/hakanjohansson\\\/2015\\\/01\\\/29\\\/i-dag-var-goran-inte-rolig\\\/\",\"name\":\"I dag var G\u00f6ran inte rolig... - H\u00e5kan Johansson, KD\",\"isPartOf\":{\"@id\":\"https:\\\/\\\/wp.kristdemokraterna.se\\\/hakanjohansson\\\/#website\"},\"primaryImageOfPage\":{\"@id\":\"https:\\\/\\\/wp.kristdemokraterna.se\\\/hakanjohansson\\\/2015\\\/01\\\/29\\\/i-dag-var-goran-inte-rolig\\\/#primaryimage\"},\"image\":{\"@id\":\"https:\\\/\\\/wp.kristdemokraterna.se\\\/hakanjohansson\\\/2015\\\/01\\\/29\\\/i-dag-var-goran-inte-rolig\\\/#primaryimage\"},\"thumbnailUrl\":\"https:\\\/\\\/wp.kristdemokraterna.se\\\/hakanjohansson\\\/files\\\/2014\\\/09\\\/20140830_goranhagglund.jpg\",\"datePublished\":\"2015-01-29T17:59:23+00:00\",\"dateModified\":\"2015-03-21T10:46:51+00:00\",\"author\":{\"@id\":\"https:\\\/\\\/wp.kristdemokraterna.se\\\/hakanjohansson\\\/#\\\/schema\\\/person\\\/1ebb24d2d3a4cdd92106ea18359c8b63\"},\"breadcrumb\":{\"@id\":\"https:\\\/\\\/wp.kristdemokraterna.se\\\/hakanjohansson\\\/2015\\\/01\\\/29\\\/i-dag-var-goran-inte-rolig\\\/#breadcrumb\"},\"inLanguage\":\"sv-SE\",\"potentialAction\":[{\"@type\":\"ReadAction\",\"target\":[\"https:\\\/\\\/wp.kristdemokraterna.se\\\/hakanjohansson\\\/2015\\\/01\\\/29\\\/i-dag-var-goran-inte-rolig\\\/\"]}]},{\"@type\":\"ImageObject\",\"inLanguage\":\"sv-SE\",\"@id\":\"https:\\\/\\\/wp.kristdemokraterna.se\\\/hakanjohansson\\\/2015\\\/01\\\/29\\\/i-dag-var-goran-inte-rolig\\\/#primaryimage\",\"url\":\"https:\\\/\\\/wp.kristdemokraterna.se\\\/hakanjohansson\\\/files\\\/2014\\\/09\\\/20140830_goranhagglund.jpg\",\"contentUrl\":\"https:\\\/\\\/wp.kristdemokraterna.se\\\/hakanjohansson\\\/files\\\/2014\\\/09\\\/20140830_goranhagglund.jpg\",\"width\":741,\"height\":540,\"caption\":\"R\u00e5kade visst st\u00f6ta p\u00e5 G\u00f6ran H\u00e4gglund (KD) p\u00e5 Flanaden. (Foto: Torbj\u00f6rn Eriksson)\"},{\"@type\":\"BreadcrumbList\",\"@id\":\"https:\\\/\\\/wp.kristdemokraterna.se\\\/hakanjohansson\\\/2015\\\/01\\\/29\\\/i-dag-var-goran-inte-rolig\\\/#breadcrumb\",\"itemListElement\":[{\"@type\":\"ListItem\",\"position\":1,\"name\":\"Hem\",\"item\":\"https:\\\/\\\/wp.kristdemokraterna.se\\\/hakanjohansson\\\/\"},{\"@type\":\"ListItem\",\"position\":2,\"name\":\"I dag var G\u00f6ran inte rolig&#8230;\"}]},{\"@type\":\"WebSite\",\"@id\":\"https:\\\/\\\/wp.kristdemokraterna.se\\\/hakanjohansson\\\/#website\",\"url\":\"https:\\\/\\\/wp.kristdemokraterna.se\\\/hakanjohansson\\\/\",\"name\":\"H\u00e5kan Johansson, KD\",\"description\":\"Politik, musik och teknik...\",\"inLanguage\":\"sv-SE\"},{\"@type\":\"Person\",\"@id\":\"https:\\\/\\\/wp.kristdemokraterna.se\\\/hakanjohansson\\\/#\\\/schema\\\/person\\\/1ebb24d2d3a4cdd92106ea18359c8b63\",\"name\":\"H\u00e5kan Johansson\",\"image\":{\"@type\":\"ImageObject\",\"inLanguage\":\"sv-SE\",\"@id\":\"https:\\\/\\\/secure.gravatar.com\\\/avatar\\\/2f492f08c4bdc714d7db0d433c48b51adbc8f67dd2112ac3a50d66d0d1ddd173?s=96&r=g\",\"url\":\"https:\\\/\\\/secure.gravatar.com\\\/avatar\\\/2f492f08c4bdc714d7db0d433c48b51adbc8f67dd2112ac3a50d66d0d1ddd173?s=96&r=g\",\"contentUrl\":\"https:\\\/\\\/secure.gravatar.com\\\/avatar\\\/2f492f08c4bdc714d7db0d433c48b51adbc8f67dd2112ac3a50d66d0d1ddd173?s=96&r=g\",\"caption\":\"H\u00e5kan Johansson\"},\"description\":\"Politik, musik och teknik...\",\"sameAs\":[\"https:\\\/\\\/wp.kristdemokraterna.se\\\/hakanjohansson\"],\"url\":\"https:\\\/\\\/wp.kristdemokraterna.se\\\/hakanjohansson\\\/author\\\/hakanjohansson\\\/\"}]}<\/script>\n<!-- \/ Yoast SEO plugin. -->","yoast_head_json":{"title":"I dag var G\u00f6ran inte rolig... - H\u00e5kan Johansson, KD","robots":{"index":"index","follow":"follow","max-snippet":"max-snippet:-1","max-image-preview":"max-image-preview:large","max-video-preview":"max-video-preview:-1"},"canonical":"https:\/\/wp.kristdemokraterna.se\/hakanjohansson\/2015\/01\/29\/i-dag-var-goran-inte-rolig\/","og_locale":"sv_SE","og_type":"article","og_title":"I dag var G\u00f6ran inte rolig... - H\u00e5kan Johansson, KD","og_description":"F\u00f6rsta g\u00e5ngen jag m\u00f6tte G\u00f6ran H\u00e4gglund var den 23 april 1982. KDU-avdelningen i Gislaved ordnade en konsert d\u00e4r det band som jag var med i d\u00e5 skulle spela. G\u00f6ran var distriktsombudsman och skulle tala. Jag minns att jag tyckte att han var v\u00e4ltalig, att han hade en underbar humor och att alla vi KDU:are i&hellip; Forts\u00e4tt l\u00e4sa","og_url":"https:\/\/wp.kristdemokraterna.se\/hakanjohansson\/2015\/01\/29\/i-dag-var-goran-inte-rolig\/","og_site_name":"H\u00e5kan Johansson, KD","article_published_time":"2015-01-29T17:59:23+00:00","article_modified_time":"2015-03-21T10:46:51+00:00","og_image":[{"width":741,"height":540,"url":"https:\/\/wp.kristdemokraterna.se\/hakanjohansson\/files\/2014\/09\/20140830_goranhagglund.jpg","type":"image\/jpeg"}],"author":"H\u00e5kan Johansson","twitter_card":"summary_large_image","twitter_misc":{"Skriven av":"H\u00e5kan Johansson","Ber\u00e4knad l\u00e4stid":"3 minuter"},"schema":{"@context":"https:\/\/schema.org","@graph":[{"@type":"Article","@id":"https:\/\/wp.kristdemokraterna.se\/hakanjohansson\/2015\/01\/29\/i-dag-var-goran-inte-rolig\/#article","isPartOf":{"@id":"https:\/\/wp.kristdemokraterna.se\/hakanjohansson\/2015\/01\/29\/i-dag-var-goran-inte-rolig\/"},"author":{"name":"H\u00e5kan Johansson","@id":"https:\/\/wp.kristdemokraterna.se\/hakanjohansson\/#\/schema\/person\/1ebb24d2d3a4cdd92106ea18359c8b63"},"headline":"I dag var G\u00f6ran inte rolig&#8230;","datePublished":"2015-01-29T17:59:23+00:00","dateModified":"2015-03-21T10:46:51+00:00","mainEntityOfPage":{"@id":"https:\/\/wp.kristdemokraterna.se\/hakanjohansson\/2015\/01\/29\/i-dag-var-goran-inte-rolig\/"},"wordCount":559,"image":{"@id":"https:\/\/wp.kristdemokraterna.se\/hakanjohansson\/2015\/01\/29\/i-dag-var-goran-inte-rolig\/#primaryimage"},"thumbnailUrl":"https:\/\/wp.kristdemokraterna.se\/hakanjohansson\/files\/2014\/09\/20140830_goranhagglund.jpg","keywords":["\u00e5lderspresident","Alf Svensson","betyg","debatt","Emanuel Karlsten","Flanaden","Gislaved","G\u00f6ran H\u00e4gglund","gruppledare","ideologi","j\u00f6nk\u00f6pingsdistriktet","KDU","Kristdemokraterna V\u00e4rnamo","lokalpolitik","minister","n\u00e4rradio","ombudsman","parti","partiledare","presskonferens","producent","regeringsparti","Riksdagen","riksdagsledamot","sociala medier","trov\u00e4rdighet","Twitter","valr\u00f6relse"],"articleSection":["Inl\u00e4gg"],"inLanguage":"sv-SE"},{"@type":"WebPage","@id":"https:\/\/wp.kristdemokraterna.se\/hakanjohansson\/2015\/01\/29\/i-dag-var-goran-inte-rolig\/","url":"https:\/\/wp.kristdemokraterna.se\/hakanjohansson\/2015\/01\/29\/i-dag-var-goran-inte-rolig\/","name":"I dag var G\u00f6ran inte rolig... - H\u00e5kan Johansson, KD","isPartOf":{"@id":"https:\/\/wp.kristdemokraterna.se\/hakanjohansson\/#website"},"primaryImageOfPage":{"@id":"https:\/\/wp.kristdemokraterna.se\/hakanjohansson\/2015\/01\/29\/i-dag-var-goran-inte-rolig\/#primaryimage"},"image":{"@id":"https:\/\/wp.kristdemokraterna.se\/hakanjohansson\/2015\/01\/29\/i-dag-var-goran-inte-rolig\/#primaryimage"},"thumbnailUrl":"https:\/\/wp.kristdemokraterna.se\/hakanjohansson\/files\/2014\/09\/20140830_goranhagglund.jpg","datePublished":"2015-01-29T17:59:23+00:00","dateModified":"2015-03-21T10:46:51+00:00","author":{"@id":"https:\/\/wp.kristdemokraterna.se\/hakanjohansson\/#\/schema\/person\/1ebb24d2d3a4cdd92106ea18359c8b63"},"breadcrumb":{"@id":"https:\/\/wp.kristdemokraterna.se\/hakanjohansson\/2015\/01\/29\/i-dag-var-goran-inte-rolig\/#breadcrumb"},"inLanguage":"sv-SE","potentialAction":[{"@type":"ReadAction","target":["https:\/\/wp.kristdemokraterna.se\/hakanjohansson\/2015\/01\/29\/i-dag-var-goran-inte-rolig\/"]}]},{"@type":"ImageObject","inLanguage":"sv-SE","@id":"https:\/\/wp.kristdemokraterna.se\/hakanjohansson\/2015\/01\/29\/i-dag-var-goran-inte-rolig\/#primaryimage","url":"https:\/\/wp.kristdemokraterna.se\/hakanjohansson\/files\/2014\/09\/20140830_goranhagglund.jpg","contentUrl":"https:\/\/wp.kristdemokraterna.se\/hakanjohansson\/files\/2014\/09\/20140830_goranhagglund.jpg","width":741,"height":540,"caption":"R\u00e5kade visst st\u00f6ta p\u00e5 G\u00f6ran H\u00e4gglund (KD) p\u00e5 Flanaden. (Foto: Torbj\u00f6rn Eriksson)"},{"@type":"BreadcrumbList","@id":"https:\/\/wp.kristdemokraterna.se\/hakanjohansson\/2015\/01\/29\/i-dag-var-goran-inte-rolig\/#breadcrumb","itemListElement":[{"@type":"ListItem","position":1,"name":"Hem","item":"https:\/\/wp.kristdemokraterna.se\/hakanjohansson\/"},{"@type":"ListItem","position":2,"name":"I dag var G\u00f6ran inte rolig&#8230;"}]},{"@type":"WebSite","@id":"https:\/\/wp.kristdemokraterna.se\/hakanjohansson\/#website","url":"https:\/\/wp.kristdemokraterna.se\/hakanjohansson\/","name":"H\u00e5kan Johansson, KD","description":"Politik, musik och teknik...","inLanguage":"sv-SE"},{"@type":"Person","@id":"https:\/\/wp.kristdemokraterna.se\/hakanjohansson\/#\/schema\/person\/1ebb24d2d3a4cdd92106ea18359c8b63","name":"H\u00e5kan Johansson","image":{"@type":"ImageObject","inLanguage":"sv-SE","@id":"https:\/\/secure.gravatar.com\/avatar\/2f492f08c4bdc714d7db0d433c48b51adbc8f67dd2112ac3a50d66d0d1ddd173?s=96&r=g","url":"https:\/\/secure.gravatar.com\/avatar\/2f492f08c4bdc714d7db0d433c48b51adbc8f67dd2112ac3a50d66d0d1ddd173?s=96&r=g","contentUrl":"https:\/\/secure.gravatar.com\/avatar\/2f492f08c4bdc714d7db0d433c48b51adbc8f67dd2112ac3a50d66d0d1ddd173?s=96&r=g","caption":"H\u00e5kan Johansson"},"description":"Politik, musik och teknik...","sameAs":["https:\/\/wp.kristdemokraterna.se\/hakanjohansson"],"url":"https:\/\/wp.kristdemokraterna.se\/hakanjohansson\/author\/hakanjohansson\/"}]}},"_links":{"self":[{"href":"https:\/\/wp.kristdemokraterna.se\/hakanjohansson\/wp-json\/wp\/v2\/posts\/1652","targetHints":{"allow":["GET"]}}],"collection":[{"href":"https:\/\/wp.kristdemokraterna.se\/hakanjohansson\/wp-json\/wp\/v2\/posts"}],"about":[{"href":"https:\/\/wp.kristdemokraterna.se\/hakanjohansson\/wp-json\/wp\/v2\/types\/post"}],"author":[{"embeddable":true,"href":"https:\/\/wp.kristdemokraterna.se\/hakanjohansson\/wp-json\/wp\/v2\/users\/507"}],"replies":[{"embeddable":true,"href":"https:\/\/wp.kristdemokraterna.se\/hakanjohansson\/wp-json\/wp\/v2\/comments?post=1652"}],"version-history":[{"count":11,"href":"https:\/\/wp.kristdemokraterna.se\/hakanjohansson\/wp-json\/wp\/v2\/posts\/1652\/revisions"}],"predecessor-version":[{"id":1689,"href":"https:\/\/wp.kristdemokraterna.se\/hakanjohansson\/wp-json\/wp\/v2\/posts\/1652\/revisions\/1689"}],"wp:featuredmedia":[{"embeddable":true,"href":"https:\/\/wp.kristdemokraterna.se\/hakanjohansson\/wp-json\/wp\/v2\/media\/1296"}],"wp:attachment":[{"href":"https:\/\/wp.kristdemokraterna.se\/hakanjohansson\/wp-json\/wp\/v2\/media?parent=1652"}],"wp:term":[{"taxonomy":"category","embeddable":true,"href":"https:\/\/wp.kristdemokraterna.se\/hakanjohansson\/wp-json\/wp\/v2\/categories?post=1652"},{"taxonomy":"post_tag","embeddable":true,"href":"https:\/\/wp.kristdemokraterna.se\/hakanjohansson\/wp-json\/wp\/v2\/tags?post=1652"}],"curies":[{"name":"wp","href":"https:\/\/api.w.org\/{rel}","templated":true}]}}