{"id":1715,"date":"2015-02-23T21:03:33","date_gmt":"2015-02-23T20:03:33","guid":{"rendered":"http:\/\/wp.kristdemokraterna.se\/hakanjohansson\/?p=1715"},"modified":"2015-03-24T21:24:52","modified_gmt":"2015-03-24T20:24:52","slug":"diskuterat-kommunens-visioner-och-mal","status":"publish","type":"post","link":"https:\/\/wp.kristdemokraterna.se\/hakanjohansson\/2015\/02\/23\/diskuterat-kommunens-visioner-och-mal\/","title":{"rendered":"Diskuterat kommunens visioner och m\u00e5l"},"content":{"rendered":"<p>Att diskutera kring kommunens visioner och m\u00e5l fram till 2020 en hel eftermiddag\u00a0\u2013 kan man t\u00e4nka sig n\u00e5got mer sp\u00e4nnande? Diskussionen var\u00a0startskottet f\u00f6r arbetet med att ta fram ett nytt bostadsf\u00f6rs\u00f6rjningsprogram f\u00f6r V\u00e4rnamo kommun\u00a0och den\u00a0b\u00f6rjade med inspel fr\u00e5n olika h\u00e5ll.\u00a0Hans-G\u00f6ran Johansson talade om kommunens \u00f6vergripande m\u00e5l idag och i morgon,\u00a0Stina Gof\u00a0presenterade befolkningsstatistik f\u00f6r 2014 och\u00a0Lars Pettersson, Internationella handelsh\u00f6gskolan i J\u00f6nk\u00f6ping,\u00a0f\u00f6rel\u00e4ste\u00a0om utveckling och utmaning f\u00f6r V\u00e4rnamo i ett l\u00e5ngsiktigt perspektiv. D\u00e4refter diskuterade vi olika scenarier och m\u00f6jligheter beroende p\u00e5 befolkningsutveckling och Europabanan med mera. Sp\u00e4nnande!<\/p>\n","protected":false},"excerpt":{"rendered":"<p>Att diskutera kring kommunens visioner och m\u00e5l fram till 2020 en hel eftermiddag\u00a0\u2013 kan man t\u00e4nka sig n\u00e5got mer sp\u00e4nnande? Diskussionen var\u00a0startskottet f\u00f6r arbetet med att ta fram ett nytt bostadsf\u00f6rs\u00f6rjningsprogram f\u00f6r V\u00e4rnamo kommun\u00a0och den\u00a0b\u00f6rjade med inspel fr\u00e5n olika h\u00e5ll.\u00a0Hans-G\u00f6ran Johansson talade om kommunens \u00f6vergripande m\u00e5l idag och i morgon,\u00a0Stina Gof\u00a0presenterade befolkningsstatistik f\u00f6r 2014 och\u00a0Lars&hellip; <a class=\"read-more-link\" href=\"https:\/\/wp.kristdemokraterna.se\/hakanjohansson\/2015\/02\/23\/diskuterat-kommunens-visioner-och-mal\/\">Forts\u00e4tt l\u00e4sa<\/a><\/p>\n","protected":false},"author":507,"featured_media":123,"comment_status":"closed","ping_status":"closed","sticky":false,"template":"","format":"standard","meta":{"_acf_changed":false,"footnotes":""},"categories":[41],"tags":[1021,1064,1063,850,853,1066,357,1065,478,222,1067,581,5,26,443],"class_list":["post-1715","post","type-post","status-publish","format-standard","hentry","category-inlagg","tag-befolkningsokning","tag-befolkningsstatistik","tag-bostadsforsorjningsprogram","tag-europabanan","tag-hans-goran-johansson","tag-internationella-handelshogskolan","tag-jonkoping","tag-lars-pettersson","tag-mal","tag-mojligheter","tag-scenario","tag-stina-gof","tag-varnamo","tag-varnamo-kommun","tag-visioner"],"acf":[],"yoast_head":"<!-- This site is optimized with the Yoast SEO plugin v27.4 - https:\/\/yoast.com\/product\/yoast-seo-wordpress\/ -->\n<title>Diskuterat kommunens visioner och m\u00e5l - H\u00e5kan Johansson, KD<\/title>\n<meta name=\"robots\" content=\"index, follow, max-snippet:-1, max-image-preview:large, max-video-preview:-1\" \/>\n<link rel=\"canonical\" href=\"https:\/\/wp.kristdemokraterna.se\/hakanjohansson\/2015\/02\/23\/diskuterat-kommunens-visioner-och-mal\/\" \/>\n<meta property=\"og:locale\" content=\"sv_SE\" \/>\n<meta property=\"og:type\" content=\"article\" \/>\n<meta property=\"og:title\" content=\"Diskuterat kommunens visioner och m\u00e5l - H\u00e5kan Johansson, KD\" \/>\n<meta property=\"og:description\" content=\"Att diskutera kring kommunens visioner och m\u00e5l fram till 2020 en hel eftermiddag\u00a0\u2013 kan man t\u00e4nka sig n\u00e5got mer sp\u00e4nnande? Diskussionen var\u00a0startskottet f\u00f6r arbetet med att ta fram ett nytt bostadsf\u00f6rs\u00f6rjningsprogram f\u00f6r V\u00e4rnamo kommun\u00a0och den\u00a0b\u00f6rjade med inspel fr\u00e5n olika h\u00e5ll.\u00a0Hans-G\u00f6ran Johansson talade om kommunens \u00f6vergripande m\u00e5l idag och i morgon,\u00a0Stina Gof\u00a0presenterade befolkningsstatistik f\u00f6r 2014 och\u00a0Lars&hellip; Forts\u00e4tt l\u00e4sa\" \/>\n<meta property=\"og:url\" content=\"https:\/\/wp.kristdemokraterna.se\/hakanjohansson\/2015\/02\/23\/diskuterat-kommunens-visioner-och-mal\/\" \/>\n<meta property=\"og:site_name\" content=\"H\u00e5kan Johansson, KD\" \/>\n<meta property=\"article:published_time\" content=\"2015-02-23T20:03:33+00:00\" \/>\n<meta property=\"article:modified_time\" content=\"2015-03-24T20:24:52+00:00\" \/>\n<meta property=\"og:image\" content=\"https:\/\/wp.kristdemokraterna.se\/hakanjohansson\/files\/2014\/06\/hakan_johansson_2013.png\" \/>\n\t<meta property=\"og:image:width\" content=\"256\" \/>\n\t<meta property=\"og:image:height\" content=\"300\" \/>\n\t<meta property=\"og:image:type\" content=\"image\/png\" \/>\n<meta name=\"author\" content=\"H\u00e5kan Johansson\" \/>\n<meta name=\"twitter:card\" content=\"summary_large_image\" \/>\n<meta name=\"twitter:label1\" content=\"Skriven av\" \/>\n\t<meta name=\"twitter:data1\" content=\"H\u00e5kan Johansson\" \/>\n\t<meta name=\"twitter:label2\" content=\"Ber\u00e4knad l\u00e4stid\" \/>\n\t<meta name=\"twitter:data2\" content=\"1 minut\" \/>\n<script type=\"application\/ld+json\" class=\"yoast-schema-graph\">{\"@context\":\"https:\\\/\\\/schema.org\",\"@graph\":[{\"@type\":\"Article\",\"@id\":\"https:\\\/\\\/wp.kristdemokraterna.se\\\/hakanjohansson\\\/2015\\\/02\\\/23\\\/diskuterat-kommunens-visioner-och-mal\\\/#article\",\"isPartOf\":{\"@id\":\"https:\\\/\\\/wp.kristdemokraterna.se\\\/hakanjohansson\\\/2015\\\/02\\\/23\\\/diskuterat-kommunens-visioner-och-mal\\\/\"},\"author\":{\"name\":\"H\u00e5kan Johansson\",\"@id\":\"https:\\\/\\\/wp.kristdemokraterna.se\\\/hakanjohansson\\\/#\\\/schema\\\/person\\\/1ebb24d2d3a4cdd92106ea18359c8b63\"},\"headline\":\"Diskuterat kommunens visioner och m\u00e5l\",\"datePublished\":\"2015-02-23T20:03:33+00:00\",\"dateModified\":\"2015-03-24T20:24:52+00:00\",\"mainEntityOfPage\":{\"@id\":\"https:\\\/\\\/wp.kristdemokraterna.se\\\/hakanjohansson\\\/2015\\\/02\\\/23\\\/diskuterat-kommunens-visioner-och-mal\\\/\"},\"wordCount\":123,\"image\":{\"@id\":\"https:\\\/\\\/wp.kristdemokraterna.se\\\/hakanjohansson\\\/2015\\\/02\\\/23\\\/diskuterat-kommunens-visioner-och-mal\\\/#primaryimage\"},\"thumbnailUrl\":\"https:\\\/\\\/wp.kristdemokraterna.se\\\/hakanjohansson\\\/files\\\/2014\\\/06\\\/hakan_johansson_2013.png\",\"keywords\":[\"befolknings\u00f6kning\",\"befolkningsstatistik\",\"bostadsf\u00f6rs\u00f6rjningsprogram\",\"Europabanan\",\"Hans-G\u00f6ran Johansson\",\"Internationella handelsh\u00f6gskolan\",\"J\u00f6nk\u00f6ping\",\"Lars Pettersson\",\"m\u00e5l\",\"m\u00f6jligheter\",\"scenario\",\"Stina Gof\",\"V\u00e4rnamo\",\"V\u00e4rnamo kommun\",\"visioner\"],\"articleSection\":[\"Inl\u00e4gg\"],\"inLanguage\":\"sv-SE\"},{\"@type\":\"WebPage\",\"@id\":\"https:\\\/\\\/wp.kristdemokraterna.se\\\/hakanjohansson\\\/2015\\\/02\\\/23\\\/diskuterat-kommunens-visioner-och-mal\\\/\",\"url\":\"https:\\\/\\\/wp.kristdemokraterna.se\\\/hakanjohansson\\\/2015\\\/02\\\/23\\\/diskuterat-kommunens-visioner-och-mal\\\/\",\"name\":\"Diskuterat kommunens visioner och m\u00e5l - H\u00e5kan Johansson, KD\",\"isPartOf\":{\"@id\":\"https:\\\/\\\/wp.kristdemokraterna.se\\\/hakanjohansson\\\/#website\"},\"primaryImageOfPage\":{\"@id\":\"https:\\\/\\\/wp.kristdemokraterna.se\\\/hakanjohansson\\\/2015\\\/02\\\/23\\\/diskuterat-kommunens-visioner-och-mal\\\/#primaryimage\"},\"image\":{\"@id\":\"https:\\\/\\\/wp.kristdemokraterna.se\\\/hakanjohansson\\\/2015\\\/02\\\/23\\\/diskuterat-kommunens-visioner-och-mal\\\/#primaryimage\"},\"thumbnailUrl\":\"https:\\\/\\\/wp.kristdemokraterna.se\\\/hakanjohansson\\\/files\\\/2014\\\/06\\\/hakan_johansson_2013.png\",\"datePublished\":\"2015-02-23T20:03:33+00:00\",\"dateModified\":\"2015-03-24T20:24:52+00:00\",\"author\":{\"@id\":\"https:\\\/\\\/wp.kristdemokraterna.se\\\/hakanjohansson\\\/#\\\/schema\\\/person\\\/1ebb24d2d3a4cdd92106ea18359c8b63\"},\"breadcrumb\":{\"@id\":\"https:\\\/\\\/wp.kristdemokraterna.se\\\/hakanjohansson\\\/2015\\\/02\\\/23\\\/diskuterat-kommunens-visioner-och-mal\\\/#breadcrumb\"},\"inLanguage\":\"sv-SE\",\"potentialAction\":[{\"@type\":\"ReadAction\",\"target\":[\"https:\\\/\\\/wp.kristdemokraterna.se\\\/hakanjohansson\\\/2015\\\/02\\\/23\\\/diskuterat-kommunens-visioner-och-mal\\\/\"]}]},{\"@type\":\"ImageObject\",\"inLanguage\":\"sv-SE\",\"@id\":\"https:\\\/\\\/wp.kristdemokraterna.se\\\/hakanjohansson\\\/2015\\\/02\\\/23\\\/diskuterat-kommunens-visioner-och-mal\\\/#primaryimage\",\"url\":\"https:\\\/\\\/wp.kristdemokraterna.se\\\/hakanjohansson\\\/files\\\/2014\\\/06\\\/hakan_johansson_2013.png\",\"contentUrl\":\"https:\\\/\\\/wp.kristdemokraterna.se\\\/hakanjohansson\\\/files\\\/2014\\\/06\\\/hakan_johansson_2013.png\",\"width\":256,\"height\":300,\"caption\":\"H\u00e5kan Johansson, Kristdemokraterna V\u00e4rnamo. (Foto: Lennart Molin)\"},{\"@type\":\"BreadcrumbList\",\"@id\":\"https:\\\/\\\/wp.kristdemokraterna.se\\\/hakanjohansson\\\/2015\\\/02\\\/23\\\/diskuterat-kommunens-visioner-och-mal\\\/#breadcrumb\",\"itemListElement\":[{\"@type\":\"ListItem\",\"position\":1,\"name\":\"Hem\",\"item\":\"https:\\\/\\\/wp.kristdemokraterna.se\\\/hakanjohansson\\\/\"},{\"@type\":\"ListItem\",\"position\":2,\"name\":\"Diskuterat kommunens visioner och m\u00e5l\"}]},{\"@type\":\"WebSite\",\"@id\":\"https:\\\/\\\/wp.kristdemokraterna.se\\\/hakanjohansson\\\/#website\",\"url\":\"https:\\\/\\\/wp.kristdemokraterna.se\\\/hakanjohansson\\\/\",\"name\":\"H\u00e5kan Johansson, KD\",\"description\":\"Politik, musik och teknik...\",\"inLanguage\":\"sv-SE\"},{\"@type\":\"Person\",\"@id\":\"https:\\\/\\\/wp.kristdemokraterna.se\\\/hakanjohansson\\\/#\\\/schema\\\/person\\\/1ebb24d2d3a4cdd92106ea18359c8b63\",\"name\":\"H\u00e5kan Johansson\",\"image\":{\"@type\":\"ImageObject\",\"inLanguage\":\"sv-SE\",\"@id\":\"https:\\\/\\\/secure.gravatar.com\\\/avatar\\\/2f492f08c4bdc714d7db0d433c48b51adbc8f67dd2112ac3a50d66d0d1ddd173?s=96&r=g\",\"url\":\"https:\\\/\\\/secure.gravatar.com\\\/avatar\\\/2f492f08c4bdc714d7db0d433c48b51adbc8f67dd2112ac3a50d66d0d1ddd173?s=96&r=g\",\"contentUrl\":\"https:\\\/\\\/secure.gravatar.com\\\/avatar\\\/2f492f08c4bdc714d7db0d433c48b51adbc8f67dd2112ac3a50d66d0d1ddd173?s=96&r=g\",\"caption\":\"H\u00e5kan Johansson\"},\"description\":\"Politik, musik och teknik...\",\"sameAs\":[\"https:\\\/\\\/wp.kristdemokraterna.se\\\/hakanjohansson\"],\"url\":\"https:\\\/\\\/wp.kristdemokraterna.se\\\/hakanjohansson\\\/author\\\/hakanjohansson\\\/\"}]}<\/script>\n<!-- \/ Yoast SEO plugin. -->","yoast_head_json":{"title":"Diskuterat kommunens visioner och m\u00e5l - H\u00e5kan Johansson, KD","robots":{"index":"index","follow":"follow","max-snippet":"max-snippet:-1","max-image-preview":"max-image-preview:large","max-video-preview":"max-video-preview:-1"},"canonical":"https:\/\/wp.kristdemokraterna.se\/hakanjohansson\/2015\/02\/23\/diskuterat-kommunens-visioner-och-mal\/","og_locale":"sv_SE","og_type":"article","og_title":"Diskuterat kommunens visioner och m\u00e5l - H\u00e5kan Johansson, KD","og_description":"Att diskutera kring kommunens visioner och m\u00e5l fram till 2020 en hel eftermiddag\u00a0\u2013 kan man t\u00e4nka sig n\u00e5got mer sp\u00e4nnande? Diskussionen var\u00a0startskottet f\u00f6r arbetet med att ta fram ett nytt bostadsf\u00f6rs\u00f6rjningsprogram f\u00f6r V\u00e4rnamo kommun\u00a0och den\u00a0b\u00f6rjade med inspel fr\u00e5n olika h\u00e5ll.\u00a0Hans-G\u00f6ran Johansson talade om kommunens \u00f6vergripande m\u00e5l idag och i morgon,\u00a0Stina Gof\u00a0presenterade befolkningsstatistik f\u00f6r 2014 och\u00a0Lars&hellip; Forts\u00e4tt l\u00e4sa","og_url":"https:\/\/wp.kristdemokraterna.se\/hakanjohansson\/2015\/02\/23\/diskuterat-kommunens-visioner-och-mal\/","og_site_name":"H\u00e5kan Johansson, KD","article_published_time":"2015-02-23T20:03:33+00:00","article_modified_time":"2015-03-24T20:24:52+00:00","og_image":[{"width":256,"height":300,"url":"https:\/\/wp.kristdemokraterna.se\/hakanjohansson\/files\/2014\/06\/hakan_johansson_2013.png","type":"image\/png"}],"author":"H\u00e5kan Johansson","twitter_card":"summary_large_image","twitter_misc":{"Skriven av":"H\u00e5kan Johansson","Ber\u00e4knad l\u00e4stid":"1 minut"},"schema":{"@context":"https:\/\/schema.org","@graph":[{"@type":"Article","@id":"https:\/\/wp.kristdemokraterna.se\/hakanjohansson\/2015\/02\/23\/diskuterat-kommunens-visioner-och-mal\/#article","isPartOf":{"@id":"https:\/\/wp.kristdemokraterna.se\/hakanjohansson\/2015\/02\/23\/diskuterat-kommunens-visioner-och-mal\/"},"author":{"name":"H\u00e5kan Johansson","@id":"https:\/\/wp.kristdemokraterna.se\/hakanjohansson\/#\/schema\/person\/1ebb24d2d3a4cdd92106ea18359c8b63"},"headline":"Diskuterat kommunens visioner och m\u00e5l","datePublished":"2015-02-23T20:03:33+00:00","dateModified":"2015-03-24T20:24:52+00:00","mainEntityOfPage":{"@id":"https:\/\/wp.kristdemokraterna.se\/hakanjohansson\/2015\/02\/23\/diskuterat-kommunens-visioner-och-mal\/"},"wordCount":123,"image":{"@id":"https:\/\/wp.kristdemokraterna.se\/hakanjohansson\/2015\/02\/23\/diskuterat-kommunens-visioner-och-mal\/#primaryimage"},"thumbnailUrl":"https:\/\/wp.kristdemokraterna.se\/hakanjohansson\/files\/2014\/06\/hakan_johansson_2013.png","keywords":["befolknings\u00f6kning","befolkningsstatistik","bostadsf\u00f6rs\u00f6rjningsprogram","Europabanan","Hans-G\u00f6ran Johansson","Internationella handelsh\u00f6gskolan","J\u00f6nk\u00f6ping","Lars Pettersson","m\u00e5l","m\u00f6jligheter","scenario","Stina Gof","V\u00e4rnamo","V\u00e4rnamo kommun","visioner"],"articleSection":["Inl\u00e4gg"],"inLanguage":"sv-SE"},{"@type":"WebPage","@id":"https:\/\/wp.kristdemokraterna.se\/hakanjohansson\/2015\/02\/23\/diskuterat-kommunens-visioner-och-mal\/","url":"https:\/\/wp.kristdemokraterna.se\/hakanjohansson\/2015\/02\/23\/diskuterat-kommunens-visioner-och-mal\/","name":"Diskuterat kommunens visioner och m\u00e5l - H\u00e5kan Johansson, KD","isPartOf":{"@id":"https:\/\/wp.kristdemokraterna.se\/hakanjohansson\/#website"},"primaryImageOfPage":{"@id":"https:\/\/wp.kristdemokraterna.se\/hakanjohansson\/2015\/02\/23\/diskuterat-kommunens-visioner-och-mal\/#primaryimage"},"image":{"@id":"https:\/\/wp.kristdemokraterna.se\/hakanjohansson\/2015\/02\/23\/diskuterat-kommunens-visioner-och-mal\/#primaryimage"},"thumbnailUrl":"https:\/\/wp.kristdemokraterna.se\/hakanjohansson\/files\/2014\/06\/hakan_johansson_2013.png","datePublished":"2015-02-23T20:03:33+00:00","dateModified":"2015-03-24T20:24:52+00:00","author":{"@id":"https:\/\/wp.kristdemokraterna.se\/hakanjohansson\/#\/schema\/person\/1ebb24d2d3a4cdd92106ea18359c8b63"},"breadcrumb":{"@id":"https:\/\/wp.kristdemokraterna.se\/hakanjohansson\/2015\/02\/23\/diskuterat-kommunens-visioner-och-mal\/#breadcrumb"},"inLanguage":"sv-SE","potentialAction":[{"@type":"ReadAction","target":["https:\/\/wp.kristdemokraterna.se\/hakanjohansson\/2015\/02\/23\/diskuterat-kommunens-visioner-och-mal\/"]}]},{"@type":"ImageObject","inLanguage":"sv-SE","@id":"https:\/\/wp.kristdemokraterna.se\/hakanjohansson\/2015\/02\/23\/diskuterat-kommunens-visioner-och-mal\/#primaryimage","url":"https:\/\/wp.kristdemokraterna.se\/hakanjohansson\/files\/2014\/06\/hakan_johansson_2013.png","contentUrl":"https:\/\/wp.kristdemokraterna.se\/hakanjohansson\/files\/2014\/06\/hakan_johansson_2013.png","width":256,"height":300,"caption":"H\u00e5kan Johansson, Kristdemokraterna V\u00e4rnamo. (Foto: Lennart Molin)"},{"@type":"BreadcrumbList","@id":"https:\/\/wp.kristdemokraterna.se\/hakanjohansson\/2015\/02\/23\/diskuterat-kommunens-visioner-och-mal\/#breadcrumb","itemListElement":[{"@type":"ListItem","position":1,"name":"Hem","item":"https:\/\/wp.kristdemokraterna.se\/hakanjohansson\/"},{"@type":"ListItem","position":2,"name":"Diskuterat kommunens visioner och m\u00e5l"}]},{"@type":"WebSite","@id":"https:\/\/wp.kristdemokraterna.se\/hakanjohansson\/#website","url":"https:\/\/wp.kristdemokraterna.se\/hakanjohansson\/","name":"H\u00e5kan Johansson, KD","description":"Politik, musik och teknik...","inLanguage":"sv-SE"},{"@type":"Person","@id":"https:\/\/wp.kristdemokraterna.se\/hakanjohansson\/#\/schema\/person\/1ebb24d2d3a4cdd92106ea18359c8b63","name":"H\u00e5kan Johansson","image":{"@type":"ImageObject","inLanguage":"sv-SE","@id":"https:\/\/secure.gravatar.com\/avatar\/2f492f08c4bdc714d7db0d433c48b51adbc8f67dd2112ac3a50d66d0d1ddd173?s=96&r=g","url":"https:\/\/secure.gravatar.com\/avatar\/2f492f08c4bdc714d7db0d433c48b51adbc8f67dd2112ac3a50d66d0d1ddd173?s=96&r=g","contentUrl":"https:\/\/secure.gravatar.com\/avatar\/2f492f08c4bdc714d7db0d433c48b51adbc8f67dd2112ac3a50d66d0d1ddd173?s=96&r=g","caption":"H\u00e5kan Johansson"},"description":"Politik, musik och teknik...","sameAs":["https:\/\/wp.kristdemokraterna.se\/hakanjohansson"],"url":"https:\/\/wp.kristdemokraterna.se\/hakanjohansson\/author\/hakanjohansson\/"}]}},"_links":{"self":[{"href":"https:\/\/wp.kristdemokraterna.se\/hakanjohansson\/wp-json\/wp\/v2\/posts\/1715","targetHints":{"allow":["GET"]}}],"collection":[{"href":"https:\/\/wp.kristdemokraterna.se\/hakanjohansson\/wp-json\/wp\/v2\/posts"}],"about":[{"href":"https:\/\/wp.kristdemokraterna.se\/hakanjohansson\/wp-json\/wp\/v2\/types\/post"}],"author":[{"embeddable":true,"href":"https:\/\/wp.kristdemokraterna.se\/hakanjohansson\/wp-json\/wp\/v2\/users\/507"}],"replies":[{"embeddable":true,"href":"https:\/\/wp.kristdemokraterna.se\/hakanjohansson\/wp-json\/wp\/v2\/comments?post=1715"}],"version-history":[{"count":2,"href":"https:\/\/wp.kristdemokraterna.se\/hakanjohansson\/wp-json\/wp\/v2\/posts\/1715\/revisions"}],"predecessor-version":[{"id":1717,"href":"https:\/\/wp.kristdemokraterna.se\/hakanjohansson\/wp-json\/wp\/v2\/posts\/1715\/revisions\/1717"}],"wp:featuredmedia":[{"embeddable":true,"href":"https:\/\/wp.kristdemokraterna.se\/hakanjohansson\/wp-json\/wp\/v2\/media\/123"}],"wp:attachment":[{"href":"https:\/\/wp.kristdemokraterna.se\/hakanjohansson\/wp-json\/wp\/v2\/media?parent=1715"}],"wp:term":[{"taxonomy":"category","embeddable":true,"href":"https:\/\/wp.kristdemokraterna.se\/hakanjohansson\/wp-json\/wp\/v2\/categories?post=1715"},{"taxonomy":"post_tag","embeddable":true,"href":"https:\/\/wp.kristdemokraterna.se\/hakanjohansson\/wp-json\/wp\/v2\/tags?post=1715"}],"curies":[{"name":"wp","href":"https:\/\/api.w.org\/{rel}","templated":true}]}}