{"id":1743,"date":"2015-02-26T22:32:15","date_gmt":"2015-02-26T21:32:15","guid":{"rendered":"http:\/\/wp.kristdemokraterna.se\/hakanjohansson\/?p=1743"},"modified":"2015-03-26T23:09:35","modified_gmt":"2015-03-26T22:09:35","slug":"fortroendemannautbildning-del-2","status":"publish","type":"post","link":"https:\/\/wp.kristdemokraterna.se\/hakanjohansson\/2015\/02\/26\/fortroendemannautbildning-del-2\/","title":{"rendered":"F\u00f6rtroendemannautbildning del 2"},"content":{"rendered":"<p>Andra delen av f\u00f6rtroendemannautbildningen p\u00e5 Campus var minst lika bra arrangerad som <a title=\"F\u00f6rtroendemannautbildning del 1\" href=\"http:\/\/wp.kristdemokraterna.se\/hakanjohansson\/2015\/02\/05\/fortroendemannautbildning-del-1\/\">den f\u00f6rsta<\/a>. I dag handlade det mycket om konkreta och handfasta saker som m\u00e5lstyrning, lagar, offentlighet, budget, offentlig upphandling och v\u00e4rdegrund. V\u00e5r kommunjurist Anna Thor\u00e9n Starby hade hand om en stor del\u00a0av utbildningen och beskrev det viktigaste i kommunpolitiken med f\u00f6ljande bevingade ord:<\/p>\n<p>\u2013\u00a0Den kommunala sj\u00e4lvstyrelsen \u00e4r som att dansa hambo i en garderob<\/p>\n<p><!--more--><\/p>\n\n\t\t<style type=\"text\/css\">\n\t\t\t#gallery-1 {\n\t\t\t\tmargin: auto;\n\t\t\t}\n\t\t\t#gallery-1 .gallery-item {\n\t\t\t\tfloat: left;\n\t\t\t\tmargin-top: 10px;\n\t\t\t\ttext-align: center;\n\t\t\t\twidth: 33%;\n\t\t\t}\n\t\t\t#gallery-1 img {\n\t\t\t\tborder: 2px solid #cfcfcf;\n\t\t\t}\n\t\t\t#gallery-1 .gallery-caption {\n\t\t\t\tmargin-left: 0;\n\t\t\t}\n\t\t\t\/* see gallery_shortcode() in wp-includes\/media.php *\/\n\t\t<\/style>\n\t\t<div id='gallery-1' class='gallery galleryid-1743 gallery-columns-3 gallery-size-thumbnail'><dl class='gallery-item'>\n\t\t\t<dt class='gallery-icon landscape'>\n\t\t\t\t<a href='https:\/\/wp.kristdemokraterna.se\/hakanjohansson\/20150226-fortroendemannautbildning-2\/'><img loading=\"lazy\" decoding=\"async\" width=\"150\" height=\"150\" src=\"https:\/\/wp.kristdemokraterna.se\/hakanjohansson\/files\/2015\/03\/20150226_fortroendemannautbildning_2-150x150.jpg\" class=\"attachment-thumbnail size-thumbnail\" alt=\"V\u00e5r kommunjurist s\u00e4ger att den kommunala sj\u00e4lvstyrelsen \u00e4r som att dansa hambo i en garderob. (Foto: H\u00e5kan Johansson)\" aria-describedby=\"gallery-1-1738\" \/><\/a>\n\t\t\t<\/dt>\n\t\t\t\t<dd class='wp-caption-text gallery-caption' id='gallery-1-1738'>\n\t\t\t\tV\u00e5r kommunjurist s\u00e4ger att den kommunala sj\u00e4lvstyrelsen \u00e4r som att dansa hambo i en garderob. (Foto: H\u00e5kan Johansson)\n\t\t\t\t<\/dd><\/dl>\n\t\t\t<br style='clear: both' \/>\n\t\t<\/div>\n\n","protected":false},"excerpt":{"rendered":"<p>Andra delen av f\u00f6rtroendemannautbildningen p\u00e5 Campus var minst lika bra arrangerad som den f\u00f6rsta. I dag handlade det mycket om konkreta och handfasta saker som m\u00e5lstyrning, lagar, offentlighet, budget, offentlig upphandling och v\u00e4rdegrund. V\u00e5r kommunjurist Anna Thor\u00e9n Starby hade hand om en stor del\u00a0av utbildningen och beskrev det viktigaste i kommunpolitiken med f\u00f6ljande bevingade ord:&hellip; <a class=\"read-more-link\" href=\"https:\/\/wp.kristdemokraterna.se\/hakanjohansson\/2015\/02\/26\/fortroendemannautbildning-del-2\/\">Forts\u00e4tt l\u00e4sa<\/a><\/p>\n","protected":false},"author":507,"featured_media":1738,"comment_status":"closed","ping_status":"closed","sticky":false,"template":"","format":"standard","meta":{"_acf_changed":false,"footnotes":""},"categories":[41],"tags":[1088,877,1002,1083,1090,1087,1089,1085,1084,4,1086,65],"class_list":["post-1743","post","type-post","status-publish","format-standard","hentry","category-inlagg","tag-anna-thoren-starby","tag-budget","tag-campus-varnamo","tag-fortroendemannautbildning","tag-kommunal-sjalvstyrelse","tag-kommunjurist","tag-kommunpolitik","tag-lagar","tag-malstyrning","tag-offentlig-upphandling","tag-offentlighet","tag-vardegrund"],"acf":[],"yoast_head":"<!-- This site is optimized with the Yoast SEO plugin v27.4 - https:\/\/yoast.com\/product\/yoast-seo-wordpress\/ -->\n<title>F\u00f6rtroendemannautbildning del 2 - H\u00e5kan Johansson, KD<\/title>\n<meta name=\"robots\" content=\"index, follow, max-snippet:-1, max-image-preview:large, max-video-preview:-1\" \/>\n<link rel=\"canonical\" href=\"https:\/\/wp.kristdemokraterna.se\/hakanjohansson\/2015\/02\/26\/fortroendemannautbildning-del-2\/\" \/>\n<meta property=\"og:locale\" content=\"sv_SE\" \/>\n<meta property=\"og:type\" content=\"article\" \/>\n<meta property=\"og:title\" content=\"F\u00f6rtroendemannautbildning del 2 - H\u00e5kan Johansson, KD\" \/>\n<meta property=\"og:description\" content=\"Andra delen av f\u00f6rtroendemannautbildningen p\u00e5 Campus var minst lika bra arrangerad som den f\u00f6rsta. I dag handlade det mycket om konkreta och handfasta saker som m\u00e5lstyrning, lagar, offentlighet, budget, offentlig upphandling och v\u00e4rdegrund. V\u00e5r kommunjurist Anna Thor\u00e9n Starby hade hand om en stor del\u00a0av utbildningen och beskrev det viktigaste i kommunpolitiken med f\u00f6ljande bevingade ord:&hellip; Forts\u00e4tt l\u00e4sa\" \/>\n<meta property=\"og:url\" content=\"https:\/\/wp.kristdemokraterna.se\/hakanjohansson\/2015\/02\/26\/fortroendemannautbildning-del-2\/\" \/>\n<meta property=\"og:site_name\" content=\"H\u00e5kan Johansson, KD\" \/>\n<meta property=\"article:published_time\" content=\"2015-02-26T21:32:15+00:00\" \/>\n<meta property=\"article:modified_time\" content=\"2015-03-26T22:09:35+00:00\" \/>\n<meta property=\"og:image\" content=\"https:\/\/wp.kristdemokraterna.se\/hakanjohansson\/files\/2015\/03\/20150226_fortroendemannautbildning_2.jpg\" \/>\n\t<meta property=\"og:image:width\" content=\"683\" \/>\n\t<meta property=\"og:image:height\" content=\"270\" \/>\n\t<meta property=\"og:image:type\" content=\"image\/jpeg\" \/>\n<meta name=\"author\" content=\"H\u00e5kan Johansson\" \/>\n<meta name=\"twitter:card\" content=\"summary_large_image\" \/>\n<meta name=\"twitter:label1\" content=\"Skriven av\" \/>\n\t<meta name=\"twitter:data1\" content=\"H\u00e5kan Johansson\" \/>\n<script type=\"application\/ld+json\" class=\"yoast-schema-graph\">{\"@context\":\"https:\\\/\\\/schema.org\",\"@graph\":[{\"@type\":\"Article\",\"@id\":\"https:\\\/\\\/wp.kristdemokraterna.se\\\/hakanjohansson\\\/2015\\\/02\\\/26\\\/fortroendemannautbildning-del-2\\\/#article\",\"isPartOf\":{\"@id\":\"https:\\\/\\\/wp.kristdemokraterna.se\\\/hakanjohansson\\\/2015\\\/02\\\/26\\\/fortroendemannautbildning-del-2\\\/\"},\"author\":{\"name\":\"H\u00e5kan Johansson\",\"@id\":\"https:\\\/\\\/wp.kristdemokraterna.se\\\/hakanjohansson\\\/#\\\/schema\\\/person\\\/1ebb24d2d3a4cdd92106ea18359c8b63\"},\"headline\":\"F\u00f6rtroendemannautbildning del 2\",\"datePublished\":\"2015-02-26T21:32:15+00:00\",\"dateModified\":\"2015-03-26T22:09:35+00:00\",\"mainEntityOfPage\":{\"@id\":\"https:\\\/\\\/wp.kristdemokraterna.se\\\/hakanjohansson\\\/2015\\\/02\\\/26\\\/fortroendemannautbildning-del-2\\\/\"},\"wordCount\":84,\"image\":{\"@id\":\"https:\\\/\\\/wp.kristdemokraterna.se\\\/hakanjohansson\\\/2015\\\/02\\\/26\\\/fortroendemannautbildning-del-2\\\/#primaryimage\"},\"thumbnailUrl\":\"https:\\\/\\\/wp.kristdemokraterna.se\\\/hakanjohansson\\\/files\\\/2015\\\/03\\\/20150226_fortroendemannautbildning_2.jpg\",\"keywords\":[\"Anna Thor\u00e9n Starby\",\"budget\",\"Campus V\u00e4rnamo\",\"f\u00f6rtroendemannautbildning\",\"kommunal sj\u00e4lvstyrelse\",\"kommunjurist\",\"kommunpolitik\",\"lagar\",\"m\u00e5lstyrning\",\"offentlig upphandling\",\"offentlighet\",\"v\u00e4rdegrund\"],\"articleSection\":[\"Inl\u00e4gg\"],\"inLanguage\":\"sv-SE\"},{\"@type\":\"WebPage\",\"@id\":\"https:\\\/\\\/wp.kristdemokraterna.se\\\/hakanjohansson\\\/2015\\\/02\\\/26\\\/fortroendemannautbildning-del-2\\\/\",\"url\":\"https:\\\/\\\/wp.kristdemokraterna.se\\\/hakanjohansson\\\/2015\\\/02\\\/26\\\/fortroendemannautbildning-del-2\\\/\",\"name\":\"F\u00f6rtroendemannautbildning del 2 - H\u00e5kan Johansson, KD\",\"isPartOf\":{\"@id\":\"https:\\\/\\\/wp.kristdemokraterna.se\\\/hakanjohansson\\\/#website\"},\"primaryImageOfPage\":{\"@id\":\"https:\\\/\\\/wp.kristdemokraterna.se\\\/hakanjohansson\\\/2015\\\/02\\\/26\\\/fortroendemannautbildning-del-2\\\/#primaryimage\"},\"image\":{\"@id\":\"https:\\\/\\\/wp.kristdemokraterna.se\\\/hakanjohansson\\\/2015\\\/02\\\/26\\\/fortroendemannautbildning-del-2\\\/#primaryimage\"},\"thumbnailUrl\":\"https:\\\/\\\/wp.kristdemokraterna.se\\\/hakanjohansson\\\/files\\\/2015\\\/03\\\/20150226_fortroendemannautbildning_2.jpg\",\"datePublished\":\"2015-02-26T21:32:15+00:00\",\"dateModified\":\"2015-03-26T22:09:35+00:00\",\"author\":{\"@id\":\"https:\\\/\\\/wp.kristdemokraterna.se\\\/hakanjohansson\\\/#\\\/schema\\\/person\\\/1ebb24d2d3a4cdd92106ea18359c8b63\"},\"breadcrumb\":{\"@id\":\"https:\\\/\\\/wp.kristdemokraterna.se\\\/hakanjohansson\\\/2015\\\/02\\\/26\\\/fortroendemannautbildning-del-2\\\/#breadcrumb\"},\"inLanguage\":\"sv-SE\",\"potentialAction\":[{\"@type\":\"ReadAction\",\"target\":[\"https:\\\/\\\/wp.kristdemokraterna.se\\\/hakanjohansson\\\/2015\\\/02\\\/26\\\/fortroendemannautbildning-del-2\\\/\"]}]},{\"@type\":\"ImageObject\",\"inLanguage\":\"sv-SE\",\"@id\":\"https:\\\/\\\/wp.kristdemokraterna.se\\\/hakanjohansson\\\/2015\\\/02\\\/26\\\/fortroendemannautbildning-del-2\\\/#primaryimage\",\"url\":\"https:\\\/\\\/wp.kristdemokraterna.se\\\/hakanjohansson\\\/files\\\/2015\\\/03\\\/20150226_fortroendemannautbildning_2.jpg\",\"contentUrl\":\"https:\\\/\\\/wp.kristdemokraterna.se\\\/hakanjohansson\\\/files\\\/2015\\\/03\\\/20150226_fortroendemannautbildning_2.jpg\",\"width\":683,\"height\":270,\"caption\":\"V\u00e5r kommunjurist s\u00e4ger att den kommunala sj\u00e4lvstyrelsen \u00e4r som att dansa hambo i en garderob. (Foto: H\u00e5kan Johansson)\"},{\"@type\":\"BreadcrumbList\",\"@id\":\"https:\\\/\\\/wp.kristdemokraterna.se\\\/hakanjohansson\\\/2015\\\/02\\\/26\\\/fortroendemannautbildning-del-2\\\/#breadcrumb\",\"itemListElement\":[{\"@type\":\"ListItem\",\"position\":1,\"name\":\"Hem\",\"item\":\"https:\\\/\\\/wp.kristdemokraterna.se\\\/hakanjohansson\\\/\"},{\"@type\":\"ListItem\",\"position\":2,\"name\":\"F\u00f6rtroendemannautbildning del 2\"}]},{\"@type\":\"WebSite\",\"@id\":\"https:\\\/\\\/wp.kristdemokraterna.se\\\/hakanjohansson\\\/#website\",\"url\":\"https:\\\/\\\/wp.kristdemokraterna.se\\\/hakanjohansson\\\/\",\"name\":\"H\u00e5kan Johansson, KD\",\"description\":\"Politik, musik och teknik...\",\"inLanguage\":\"sv-SE\"},{\"@type\":\"Person\",\"@id\":\"https:\\\/\\\/wp.kristdemokraterna.se\\\/hakanjohansson\\\/#\\\/schema\\\/person\\\/1ebb24d2d3a4cdd92106ea18359c8b63\",\"name\":\"H\u00e5kan Johansson\",\"image\":{\"@type\":\"ImageObject\",\"inLanguage\":\"sv-SE\",\"@id\":\"https:\\\/\\\/secure.gravatar.com\\\/avatar\\\/2f492f08c4bdc714d7db0d433c48b51adbc8f67dd2112ac3a50d66d0d1ddd173?s=96&r=g\",\"url\":\"https:\\\/\\\/secure.gravatar.com\\\/avatar\\\/2f492f08c4bdc714d7db0d433c48b51adbc8f67dd2112ac3a50d66d0d1ddd173?s=96&r=g\",\"contentUrl\":\"https:\\\/\\\/secure.gravatar.com\\\/avatar\\\/2f492f08c4bdc714d7db0d433c48b51adbc8f67dd2112ac3a50d66d0d1ddd173?s=96&r=g\",\"caption\":\"H\u00e5kan Johansson\"},\"description\":\"Politik, musik och teknik...\",\"sameAs\":[\"https:\\\/\\\/wp.kristdemokraterna.se\\\/hakanjohansson\"],\"url\":\"https:\\\/\\\/wp.kristdemokraterna.se\\\/hakanjohansson\\\/author\\\/hakanjohansson\\\/\"}]}<\/script>\n<!-- \/ Yoast SEO plugin. -->","yoast_head_json":{"title":"F\u00f6rtroendemannautbildning del 2 - H\u00e5kan Johansson, KD","robots":{"index":"index","follow":"follow","max-snippet":"max-snippet:-1","max-image-preview":"max-image-preview:large","max-video-preview":"max-video-preview:-1"},"canonical":"https:\/\/wp.kristdemokraterna.se\/hakanjohansson\/2015\/02\/26\/fortroendemannautbildning-del-2\/","og_locale":"sv_SE","og_type":"article","og_title":"F\u00f6rtroendemannautbildning del 2 - H\u00e5kan Johansson, KD","og_description":"Andra delen av f\u00f6rtroendemannautbildningen p\u00e5 Campus var minst lika bra arrangerad som den f\u00f6rsta. I dag handlade det mycket om konkreta och handfasta saker som m\u00e5lstyrning, lagar, offentlighet, budget, offentlig upphandling och v\u00e4rdegrund. V\u00e5r kommunjurist Anna Thor\u00e9n Starby hade hand om en stor del\u00a0av utbildningen och beskrev det viktigaste i kommunpolitiken med f\u00f6ljande bevingade ord:&hellip; Forts\u00e4tt l\u00e4sa","og_url":"https:\/\/wp.kristdemokraterna.se\/hakanjohansson\/2015\/02\/26\/fortroendemannautbildning-del-2\/","og_site_name":"H\u00e5kan Johansson, KD","article_published_time":"2015-02-26T21:32:15+00:00","article_modified_time":"2015-03-26T22:09:35+00:00","og_image":[{"width":683,"height":270,"url":"https:\/\/wp.kristdemokraterna.se\/hakanjohansson\/files\/2015\/03\/20150226_fortroendemannautbildning_2.jpg","type":"image\/jpeg"}],"author":"H\u00e5kan Johansson","twitter_card":"summary_large_image","twitter_misc":{"Skriven av":"H\u00e5kan Johansson"},"schema":{"@context":"https:\/\/schema.org","@graph":[{"@type":"Article","@id":"https:\/\/wp.kristdemokraterna.se\/hakanjohansson\/2015\/02\/26\/fortroendemannautbildning-del-2\/#article","isPartOf":{"@id":"https:\/\/wp.kristdemokraterna.se\/hakanjohansson\/2015\/02\/26\/fortroendemannautbildning-del-2\/"},"author":{"name":"H\u00e5kan Johansson","@id":"https:\/\/wp.kristdemokraterna.se\/hakanjohansson\/#\/schema\/person\/1ebb24d2d3a4cdd92106ea18359c8b63"},"headline":"F\u00f6rtroendemannautbildning del 2","datePublished":"2015-02-26T21:32:15+00:00","dateModified":"2015-03-26T22:09:35+00:00","mainEntityOfPage":{"@id":"https:\/\/wp.kristdemokraterna.se\/hakanjohansson\/2015\/02\/26\/fortroendemannautbildning-del-2\/"},"wordCount":84,"image":{"@id":"https:\/\/wp.kristdemokraterna.se\/hakanjohansson\/2015\/02\/26\/fortroendemannautbildning-del-2\/#primaryimage"},"thumbnailUrl":"https:\/\/wp.kristdemokraterna.se\/hakanjohansson\/files\/2015\/03\/20150226_fortroendemannautbildning_2.jpg","keywords":["Anna Thor\u00e9n Starby","budget","Campus V\u00e4rnamo","f\u00f6rtroendemannautbildning","kommunal sj\u00e4lvstyrelse","kommunjurist","kommunpolitik","lagar","m\u00e5lstyrning","offentlig upphandling","offentlighet","v\u00e4rdegrund"],"articleSection":["Inl\u00e4gg"],"inLanguage":"sv-SE"},{"@type":"WebPage","@id":"https:\/\/wp.kristdemokraterna.se\/hakanjohansson\/2015\/02\/26\/fortroendemannautbildning-del-2\/","url":"https:\/\/wp.kristdemokraterna.se\/hakanjohansson\/2015\/02\/26\/fortroendemannautbildning-del-2\/","name":"F\u00f6rtroendemannautbildning del 2 - H\u00e5kan Johansson, KD","isPartOf":{"@id":"https:\/\/wp.kristdemokraterna.se\/hakanjohansson\/#website"},"primaryImageOfPage":{"@id":"https:\/\/wp.kristdemokraterna.se\/hakanjohansson\/2015\/02\/26\/fortroendemannautbildning-del-2\/#primaryimage"},"image":{"@id":"https:\/\/wp.kristdemokraterna.se\/hakanjohansson\/2015\/02\/26\/fortroendemannautbildning-del-2\/#primaryimage"},"thumbnailUrl":"https:\/\/wp.kristdemokraterna.se\/hakanjohansson\/files\/2015\/03\/20150226_fortroendemannautbildning_2.jpg","datePublished":"2015-02-26T21:32:15+00:00","dateModified":"2015-03-26T22:09:35+00:00","author":{"@id":"https:\/\/wp.kristdemokraterna.se\/hakanjohansson\/#\/schema\/person\/1ebb24d2d3a4cdd92106ea18359c8b63"},"breadcrumb":{"@id":"https:\/\/wp.kristdemokraterna.se\/hakanjohansson\/2015\/02\/26\/fortroendemannautbildning-del-2\/#breadcrumb"},"inLanguage":"sv-SE","potentialAction":[{"@type":"ReadAction","target":["https:\/\/wp.kristdemokraterna.se\/hakanjohansson\/2015\/02\/26\/fortroendemannautbildning-del-2\/"]}]},{"@type":"ImageObject","inLanguage":"sv-SE","@id":"https:\/\/wp.kristdemokraterna.se\/hakanjohansson\/2015\/02\/26\/fortroendemannautbildning-del-2\/#primaryimage","url":"https:\/\/wp.kristdemokraterna.se\/hakanjohansson\/files\/2015\/03\/20150226_fortroendemannautbildning_2.jpg","contentUrl":"https:\/\/wp.kristdemokraterna.se\/hakanjohansson\/files\/2015\/03\/20150226_fortroendemannautbildning_2.jpg","width":683,"height":270,"caption":"V\u00e5r kommunjurist s\u00e4ger att den kommunala sj\u00e4lvstyrelsen \u00e4r som att dansa hambo i en garderob. (Foto: H\u00e5kan Johansson)"},{"@type":"BreadcrumbList","@id":"https:\/\/wp.kristdemokraterna.se\/hakanjohansson\/2015\/02\/26\/fortroendemannautbildning-del-2\/#breadcrumb","itemListElement":[{"@type":"ListItem","position":1,"name":"Hem","item":"https:\/\/wp.kristdemokraterna.se\/hakanjohansson\/"},{"@type":"ListItem","position":2,"name":"F\u00f6rtroendemannautbildning del 2"}]},{"@type":"WebSite","@id":"https:\/\/wp.kristdemokraterna.se\/hakanjohansson\/#website","url":"https:\/\/wp.kristdemokraterna.se\/hakanjohansson\/","name":"H\u00e5kan Johansson, KD","description":"Politik, musik och teknik...","inLanguage":"sv-SE"},{"@type":"Person","@id":"https:\/\/wp.kristdemokraterna.se\/hakanjohansson\/#\/schema\/person\/1ebb24d2d3a4cdd92106ea18359c8b63","name":"H\u00e5kan Johansson","image":{"@type":"ImageObject","inLanguage":"sv-SE","@id":"https:\/\/secure.gravatar.com\/avatar\/2f492f08c4bdc714d7db0d433c48b51adbc8f67dd2112ac3a50d66d0d1ddd173?s=96&r=g","url":"https:\/\/secure.gravatar.com\/avatar\/2f492f08c4bdc714d7db0d433c48b51adbc8f67dd2112ac3a50d66d0d1ddd173?s=96&r=g","contentUrl":"https:\/\/secure.gravatar.com\/avatar\/2f492f08c4bdc714d7db0d433c48b51adbc8f67dd2112ac3a50d66d0d1ddd173?s=96&r=g","caption":"H\u00e5kan Johansson"},"description":"Politik, musik och teknik...","sameAs":["https:\/\/wp.kristdemokraterna.se\/hakanjohansson"],"url":"https:\/\/wp.kristdemokraterna.se\/hakanjohansson\/author\/hakanjohansson\/"}]}},"_links":{"self":[{"href":"https:\/\/wp.kristdemokraterna.se\/hakanjohansson\/wp-json\/wp\/v2\/posts\/1743","targetHints":{"allow":["GET"]}}],"collection":[{"href":"https:\/\/wp.kristdemokraterna.se\/hakanjohansson\/wp-json\/wp\/v2\/posts"}],"about":[{"href":"https:\/\/wp.kristdemokraterna.se\/hakanjohansson\/wp-json\/wp\/v2\/types\/post"}],"author":[{"embeddable":true,"href":"https:\/\/wp.kristdemokraterna.se\/hakanjohansson\/wp-json\/wp\/v2\/users\/507"}],"replies":[{"embeddable":true,"href":"https:\/\/wp.kristdemokraterna.se\/hakanjohansson\/wp-json\/wp\/v2\/comments?post=1743"}],"version-history":[{"count":3,"href":"https:\/\/wp.kristdemokraterna.se\/hakanjohansson\/wp-json\/wp\/v2\/posts\/1743\/revisions"}],"predecessor-version":[{"id":1746,"href":"https:\/\/wp.kristdemokraterna.se\/hakanjohansson\/wp-json\/wp\/v2\/posts\/1743\/revisions\/1746"}],"wp:featuredmedia":[{"embeddable":true,"href":"https:\/\/wp.kristdemokraterna.se\/hakanjohansson\/wp-json\/wp\/v2\/media\/1738"}],"wp:attachment":[{"href":"https:\/\/wp.kristdemokraterna.se\/hakanjohansson\/wp-json\/wp\/v2\/media?parent=1743"}],"wp:term":[{"taxonomy":"category","embeddable":true,"href":"https:\/\/wp.kristdemokraterna.se\/hakanjohansson\/wp-json\/wp\/v2\/categories?post=1743"},{"taxonomy":"post_tag","embeddable":true,"href":"https:\/\/wp.kristdemokraterna.se\/hakanjohansson\/wp-json\/wp\/v2\/tags?post=1743"}],"curies":[{"name":"wp","href":"https:\/\/api.w.org\/{rel}","templated":true}]}}