{"id":1757,"date":"2015-03-02T20:09:11","date_gmt":"2015-03-02T19:09:11","guid":{"rendered":"http:\/\/wp.kristdemokraterna.se\/hakanjohansson\/?p=1757"},"modified":"2015-03-29T08:30:32","modified_gmt":"2015-03-29T06:30:32","slug":"eu-utbildning-del-1","status":"publish","type":"post","link":"https:\/\/wp.kristdemokraterna.se\/hakanjohansson\/2015\/03\/02\/eu-utbildning-del-1\/","title":{"rendered":"EU-utbildning del 1"},"content":{"rendered":"<p>Kommunens EU-utbildning f\u00f6r politiker och tj\u00e4nstem\u00e4n b\u00f6rjade bra. Utbildningen g\u00e5r p\u00e5 Campus och det\u00a0\u00e4r meningen att vi ska bli b\u00e4ttre p\u00e5 att anv\u00e4nda EU-medel i kommunens projekt. Kursledare \u00e4r kommunens landsbygdsutvecklare och EU-samordnare Anna Theorell och om allt bara h\u00e4nger p\u00e5 hennes entusiasm s\u00e5 \u00e4r V\u00e4rnamo snart sverigeetta i att s\u00f6ka EU-bidrag\u2026 \ud83d\ude09 F\u00f6rsta tillf\u00e4llet gav en \u00f6versikt \u00f6ver EU, som dess historia, beslutsprocess, strukturfonder, sektorsprogram, projektprocess och slutligen V\u00e4rnamo kommuns projektmodell. <a title=\"EU-utbildning del 2\" href=\"http:\/\/wp.kristdemokraterna.se\/hakanjohansson\/2015\/03\/09\/eu-utbildning-del-2\/\">N\u00e4sta g\u00e5ng<\/a> ska vi l\u00e4ra oss hur man utformar\u00a0ett projekt.<\/p>\n","protected":false},"excerpt":{"rendered":"<p>Kommunens EU-utbildning f\u00f6r politiker och tj\u00e4nstem\u00e4n b\u00f6rjade bra. Utbildningen g\u00e5r p\u00e5 Campus och det\u00a0\u00e4r meningen att vi ska bli b\u00e4ttre p\u00e5 att anv\u00e4nda EU-medel i kommunens projekt. Kursledare \u00e4r kommunens landsbygdsutvecklare och EU-samordnare Anna Theorell och om allt bara h\u00e4nger p\u00e5 hennes entusiasm s\u00e5 \u00e4r V\u00e4rnamo snart sverigeetta i att s\u00f6ka EU-bidrag\u2026 \ud83d\ude09 F\u00f6rsta tillf\u00e4llet&hellip; <a class=\"read-more-link\" href=\"https:\/\/wp.kristdemokraterna.se\/hakanjohansson\/2015\/03\/02\/eu-utbildning-del-1\/\">Forts\u00e4tt l\u00e4sa<\/a><\/p>\n","protected":false},"author":507,"featured_media":123,"comment_status":"closed","ping_status":"closed","sticky":false,"template":"","format":"standard","meta":{"_acf_changed":false,"footnotes":""},"categories":[41],"tags":[1106,1108,1002,1107,1114,1105,687,1113,330,1112,1111,1110,1109,379,26],"class_list":["post-1757","post","type-post","status-publish","format-standard","hentry","category-inlagg","tag-anna-theorell","tag-beslutsprocess","tag-campus-varnamo","tag-eu-bidrag","tag-eu-samordnare","tag-eu-utbildning","tag-historia","tag-landsbygdsutvecklare","tag-politiker","tag-projektmodell","tag-projektprocess","tag-sektorsprogram","tag-strukturfonder","tag-tjansteman","tag-varnamo-kommun"],"acf":[],"yoast_head":"<!-- This site is optimized with the Yoast SEO plugin v27.4 - https:\/\/yoast.com\/product\/yoast-seo-wordpress\/ -->\n<title>EU-utbildning del 1 - H\u00e5kan Johansson, KD<\/title>\n<meta name=\"robots\" content=\"index, follow, max-snippet:-1, max-image-preview:large, max-video-preview:-1\" \/>\n<link rel=\"canonical\" href=\"https:\/\/wp.kristdemokraterna.se\/hakanjohansson\/2015\/03\/02\/eu-utbildning-del-1\/\" \/>\n<meta property=\"og:locale\" content=\"sv_SE\" \/>\n<meta property=\"og:type\" content=\"article\" \/>\n<meta property=\"og:title\" content=\"EU-utbildning del 1 - H\u00e5kan Johansson, KD\" \/>\n<meta property=\"og:description\" content=\"Kommunens EU-utbildning f\u00f6r politiker och tj\u00e4nstem\u00e4n b\u00f6rjade bra. Utbildningen g\u00e5r p\u00e5 Campus och det\u00a0\u00e4r meningen att vi ska bli b\u00e4ttre p\u00e5 att anv\u00e4nda EU-medel i kommunens projekt. Kursledare \u00e4r kommunens landsbygdsutvecklare och EU-samordnare Anna Theorell och om allt bara h\u00e4nger p\u00e5 hennes entusiasm s\u00e5 \u00e4r V\u00e4rnamo snart sverigeetta i att s\u00f6ka EU-bidrag\u2026 \ud83d\ude09 F\u00f6rsta tillf\u00e4llet&hellip; Forts\u00e4tt l\u00e4sa\" \/>\n<meta property=\"og:url\" content=\"https:\/\/wp.kristdemokraterna.se\/hakanjohansson\/2015\/03\/02\/eu-utbildning-del-1\/\" \/>\n<meta property=\"og:site_name\" content=\"H\u00e5kan Johansson, KD\" \/>\n<meta property=\"article:published_time\" content=\"2015-03-02T19:09:11+00:00\" \/>\n<meta property=\"article:modified_time\" content=\"2015-03-29T06:30:32+00:00\" \/>\n<meta property=\"og:image\" content=\"https:\/\/wp.kristdemokraterna.se\/hakanjohansson\/files\/2014\/06\/hakan_johansson_2013.png\" \/>\n\t<meta property=\"og:image:width\" content=\"256\" \/>\n\t<meta property=\"og:image:height\" content=\"300\" \/>\n\t<meta property=\"og:image:type\" content=\"image\/png\" \/>\n<meta name=\"author\" content=\"H\u00e5kan Johansson\" \/>\n<meta name=\"twitter:card\" content=\"summary_large_image\" \/>\n<meta name=\"twitter:label1\" content=\"Skriven av\" \/>\n\t<meta name=\"twitter:data1\" content=\"H\u00e5kan Johansson\" \/>\n<script type=\"application\/ld+json\" class=\"yoast-schema-graph\">{\"@context\":\"https:\\\/\\\/schema.org\",\"@graph\":[{\"@type\":\"Article\",\"@id\":\"https:\\\/\\\/wp.kristdemokraterna.se\\\/hakanjohansson\\\/2015\\\/03\\\/02\\\/eu-utbildning-del-1\\\/#article\",\"isPartOf\":{\"@id\":\"https:\\\/\\\/wp.kristdemokraterna.se\\\/hakanjohansson\\\/2015\\\/03\\\/02\\\/eu-utbildning-del-1\\\/\"},\"author\":{\"name\":\"H\u00e5kan Johansson\",\"@id\":\"https:\\\/\\\/wp.kristdemokraterna.se\\\/hakanjohansson\\\/#\\\/schema\\\/person\\\/1ebb24d2d3a4cdd92106ea18359c8b63\"},\"headline\":\"EU-utbildning del 1\",\"datePublished\":\"2015-03-02T19:09:11+00:00\",\"dateModified\":\"2015-03-29T06:30:32+00:00\",\"mainEntityOfPage\":{\"@id\":\"https:\\\/\\\/wp.kristdemokraterna.se\\\/hakanjohansson\\\/2015\\\/03\\\/02\\\/eu-utbildning-del-1\\\/\"},\"wordCount\":101,\"image\":{\"@id\":\"https:\\\/\\\/wp.kristdemokraterna.se\\\/hakanjohansson\\\/2015\\\/03\\\/02\\\/eu-utbildning-del-1\\\/#primaryimage\"},\"thumbnailUrl\":\"https:\\\/\\\/wp.kristdemokraterna.se\\\/hakanjohansson\\\/files\\\/2014\\\/06\\\/hakan_johansson_2013.png\",\"keywords\":[\"Anna Theorell\",\"beslutsprocess\",\"Campus V\u00e4rnamo\",\"EU-bidrag\",\"EU-samordnare\",\"EU-utbildning\",\"historia\",\"landsbygdsutvecklare\",\"politiker\",\"projektmodell\",\"projektprocess\",\"sektorsprogram\",\"strukturfonder\",\"tj\u00e4nstem\u00e4n\",\"V\u00e4rnamo kommun\"],\"articleSection\":[\"Inl\u00e4gg\"],\"inLanguage\":\"sv-SE\"},{\"@type\":\"WebPage\",\"@id\":\"https:\\\/\\\/wp.kristdemokraterna.se\\\/hakanjohansson\\\/2015\\\/03\\\/02\\\/eu-utbildning-del-1\\\/\",\"url\":\"https:\\\/\\\/wp.kristdemokraterna.se\\\/hakanjohansson\\\/2015\\\/03\\\/02\\\/eu-utbildning-del-1\\\/\",\"name\":\"EU-utbildning del 1 - H\u00e5kan Johansson, KD\",\"isPartOf\":{\"@id\":\"https:\\\/\\\/wp.kristdemokraterna.se\\\/hakanjohansson\\\/#website\"},\"primaryImageOfPage\":{\"@id\":\"https:\\\/\\\/wp.kristdemokraterna.se\\\/hakanjohansson\\\/2015\\\/03\\\/02\\\/eu-utbildning-del-1\\\/#primaryimage\"},\"image\":{\"@id\":\"https:\\\/\\\/wp.kristdemokraterna.se\\\/hakanjohansson\\\/2015\\\/03\\\/02\\\/eu-utbildning-del-1\\\/#primaryimage\"},\"thumbnailUrl\":\"https:\\\/\\\/wp.kristdemokraterna.se\\\/hakanjohansson\\\/files\\\/2014\\\/06\\\/hakan_johansson_2013.png\",\"datePublished\":\"2015-03-02T19:09:11+00:00\",\"dateModified\":\"2015-03-29T06:30:32+00:00\",\"author\":{\"@id\":\"https:\\\/\\\/wp.kristdemokraterna.se\\\/hakanjohansson\\\/#\\\/schema\\\/person\\\/1ebb24d2d3a4cdd92106ea18359c8b63\"},\"breadcrumb\":{\"@id\":\"https:\\\/\\\/wp.kristdemokraterna.se\\\/hakanjohansson\\\/2015\\\/03\\\/02\\\/eu-utbildning-del-1\\\/#breadcrumb\"},\"inLanguage\":\"sv-SE\",\"potentialAction\":[{\"@type\":\"ReadAction\",\"target\":[\"https:\\\/\\\/wp.kristdemokraterna.se\\\/hakanjohansson\\\/2015\\\/03\\\/02\\\/eu-utbildning-del-1\\\/\"]}]},{\"@type\":\"ImageObject\",\"inLanguage\":\"sv-SE\",\"@id\":\"https:\\\/\\\/wp.kristdemokraterna.se\\\/hakanjohansson\\\/2015\\\/03\\\/02\\\/eu-utbildning-del-1\\\/#primaryimage\",\"url\":\"https:\\\/\\\/wp.kristdemokraterna.se\\\/hakanjohansson\\\/files\\\/2014\\\/06\\\/hakan_johansson_2013.png\",\"contentUrl\":\"https:\\\/\\\/wp.kristdemokraterna.se\\\/hakanjohansson\\\/files\\\/2014\\\/06\\\/hakan_johansson_2013.png\",\"width\":256,\"height\":300,\"caption\":\"H\u00e5kan Johansson, Kristdemokraterna V\u00e4rnamo. (Foto: Lennart Molin)\"},{\"@type\":\"BreadcrumbList\",\"@id\":\"https:\\\/\\\/wp.kristdemokraterna.se\\\/hakanjohansson\\\/2015\\\/03\\\/02\\\/eu-utbildning-del-1\\\/#breadcrumb\",\"itemListElement\":[{\"@type\":\"ListItem\",\"position\":1,\"name\":\"Hem\",\"item\":\"https:\\\/\\\/wp.kristdemokraterna.se\\\/hakanjohansson\\\/\"},{\"@type\":\"ListItem\",\"position\":2,\"name\":\"EU-utbildning del 1\"}]},{\"@type\":\"WebSite\",\"@id\":\"https:\\\/\\\/wp.kristdemokraterna.se\\\/hakanjohansson\\\/#website\",\"url\":\"https:\\\/\\\/wp.kristdemokraterna.se\\\/hakanjohansson\\\/\",\"name\":\"H\u00e5kan Johansson, KD\",\"description\":\"Politik, musik och teknik...\",\"inLanguage\":\"sv-SE\"},{\"@type\":\"Person\",\"@id\":\"https:\\\/\\\/wp.kristdemokraterna.se\\\/hakanjohansson\\\/#\\\/schema\\\/person\\\/1ebb24d2d3a4cdd92106ea18359c8b63\",\"name\":\"H\u00e5kan Johansson\",\"image\":{\"@type\":\"ImageObject\",\"inLanguage\":\"sv-SE\",\"@id\":\"https:\\\/\\\/secure.gravatar.com\\\/avatar\\\/2f492f08c4bdc714d7db0d433c48b51adbc8f67dd2112ac3a50d66d0d1ddd173?s=96&r=g\",\"url\":\"https:\\\/\\\/secure.gravatar.com\\\/avatar\\\/2f492f08c4bdc714d7db0d433c48b51adbc8f67dd2112ac3a50d66d0d1ddd173?s=96&r=g\",\"contentUrl\":\"https:\\\/\\\/secure.gravatar.com\\\/avatar\\\/2f492f08c4bdc714d7db0d433c48b51adbc8f67dd2112ac3a50d66d0d1ddd173?s=96&r=g\",\"caption\":\"H\u00e5kan Johansson\"},\"description\":\"Politik, musik och teknik...\",\"sameAs\":[\"https:\\\/\\\/wp.kristdemokraterna.se\\\/hakanjohansson\"],\"url\":\"https:\\\/\\\/wp.kristdemokraterna.se\\\/hakanjohansson\\\/author\\\/hakanjohansson\\\/\"}]}<\/script>\n<!-- \/ Yoast SEO plugin. -->","yoast_head_json":{"title":"EU-utbildning del 1 - H\u00e5kan Johansson, KD","robots":{"index":"index","follow":"follow","max-snippet":"max-snippet:-1","max-image-preview":"max-image-preview:large","max-video-preview":"max-video-preview:-1"},"canonical":"https:\/\/wp.kristdemokraterna.se\/hakanjohansson\/2015\/03\/02\/eu-utbildning-del-1\/","og_locale":"sv_SE","og_type":"article","og_title":"EU-utbildning del 1 - H\u00e5kan Johansson, KD","og_description":"Kommunens EU-utbildning f\u00f6r politiker och tj\u00e4nstem\u00e4n b\u00f6rjade bra. Utbildningen g\u00e5r p\u00e5 Campus och det\u00a0\u00e4r meningen att vi ska bli b\u00e4ttre p\u00e5 att anv\u00e4nda EU-medel i kommunens projekt. Kursledare \u00e4r kommunens landsbygdsutvecklare och EU-samordnare Anna Theorell och om allt bara h\u00e4nger p\u00e5 hennes entusiasm s\u00e5 \u00e4r V\u00e4rnamo snart sverigeetta i att s\u00f6ka EU-bidrag\u2026 \ud83d\ude09 F\u00f6rsta tillf\u00e4llet&hellip; Forts\u00e4tt l\u00e4sa","og_url":"https:\/\/wp.kristdemokraterna.se\/hakanjohansson\/2015\/03\/02\/eu-utbildning-del-1\/","og_site_name":"H\u00e5kan Johansson, KD","article_published_time":"2015-03-02T19:09:11+00:00","article_modified_time":"2015-03-29T06:30:32+00:00","og_image":[{"width":256,"height":300,"url":"https:\/\/wp.kristdemokraterna.se\/hakanjohansson\/files\/2014\/06\/hakan_johansson_2013.png","type":"image\/png"}],"author":"H\u00e5kan Johansson","twitter_card":"summary_large_image","twitter_misc":{"Skriven av":"H\u00e5kan Johansson"},"schema":{"@context":"https:\/\/schema.org","@graph":[{"@type":"Article","@id":"https:\/\/wp.kristdemokraterna.se\/hakanjohansson\/2015\/03\/02\/eu-utbildning-del-1\/#article","isPartOf":{"@id":"https:\/\/wp.kristdemokraterna.se\/hakanjohansson\/2015\/03\/02\/eu-utbildning-del-1\/"},"author":{"name":"H\u00e5kan Johansson","@id":"https:\/\/wp.kristdemokraterna.se\/hakanjohansson\/#\/schema\/person\/1ebb24d2d3a4cdd92106ea18359c8b63"},"headline":"EU-utbildning del 1","datePublished":"2015-03-02T19:09:11+00:00","dateModified":"2015-03-29T06:30:32+00:00","mainEntityOfPage":{"@id":"https:\/\/wp.kristdemokraterna.se\/hakanjohansson\/2015\/03\/02\/eu-utbildning-del-1\/"},"wordCount":101,"image":{"@id":"https:\/\/wp.kristdemokraterna.se\/hakanjohansson\/2015\/03\/02\/eu-utbildning-del-1\/#primaryimage"},"thumbnailUrl":"https:\/\/wp.kristdemokraterna.se\/hakanjohansson\/files\/2014\/06\/hakan_johansson_2013.png","keywords":["Anna Theorell","beslutsprocess","Campus V\u00e4rnamo","EU-bidrag","EU-samordnare","EU-utbildning","historia","landsbygdsutvecklare","politiker","projektmodell","projektprocess","sektorsprogram","strukturfonder","tj\u00e4nstem\u00e4n","V\u00e4rnamo kommun"],"articleSection":["Inl\u00e4gg"],"inLanguage":"sv-SE"},{"@type":"WebPage","@id":"https:\/\/wp.kristdemokraterna.se\/hakanjohansson\/2015\/03\/02\/eu-utbildning-del-1\/","url":"https:\/\/wp.kristdemokraterna.se\/hakanjohansson\/2015\/03\/02\/eu-utbildning-del-1\/","name":"EU-utbildning del 1 - H\u00e5kan Johansson, KD","isPartOf":{"@id":"https:\/\/wp.kristdemokraterna.se\/hakanjohansson\/#website"},"primaryImageOfPage":{"@id":"https:\/\/wp.kristdemokraterna.se\/hakanjohansson\/2015\/03\/02\/eu-utbildning-del-1\/#primaryimage"},"image":{"@id":"https:\/\/wp.kristdemokraterna.se\/hakanjohansson\/2015\/03\/02\/eu-utbildning-del-1\/#primaryimage"},"thumbnailUrl":"https:\/\/wp.kristdemokraterna.se\/hakanjohansson\/files\/2014\/06\/hakan_johansson_2013.png","datePublished":"2015-03-02T19:09:11+00:00","dateModified":"2015-03-29T06:30:32+00:00","author":{"@id":"https:\/\/wp.kristdemokraterna.se\/hakanjohansson\/#\/schema\/person\/1ebb24d2d3a4cdd92106ea18359c8b63"},"breadcrumb":{"@id":"https:\/\/wp.kristdemokraterna.se\/hakanjohansson\/2015\/03\/02\/eu-utbildning-del-1\/#breadcrumb"},"inLanguage":"sv-SE","potentialAction":[{"@type":"ReadAction","target":["https:\/\/wp.kristdemokraterna.se\/hakanjohansson\/2015\/03\/02\/eu-utbildning-del-1\/"]}]},{"@type":"ImageObject","inLanguage":"sv-SE","@id":"https:\/\/wp.kristdemokraterna.se\/hakanjohansson\/2015\/03\/02\/eu-utbildning-del-1\/#primaryimage","url":"https:\/\/wp.kristdemokraterna.se\/hakanjohansson\/files\/2014\/06\/hakan_johansson_2013.png","contentUrl":"https:\/\/wp.kristdemokraterna.se\/hakanjohansson\/files\/2014\/06\/hakan_johansson_2013.png","width":256,"height":300,"caption":"H\u00e5kan Johansson, Kristdemokraterna V\u00e4rnamo. (Foto: Lennart Molin)"},{"@type":"BreadcrumbList","@id":"https:\/\/wp.kristdemokraterna.se\/hakanjohansson\/2015\/03\/02\/eu-utbildning-del-1\/#breadcrumb","itemListElement":[{"@type":"ListItem","position":1,"name":"Hem","item":"https:\/\/wp.kristdemokraterna.se\/hakanjohansson\/"},{"@type":"ListItem","position":2,"name":"EU-utbildning del 1"}]},{"@type":"WebSite","@id":"https:\/\/wp.kristdemokraterna.se\/hakanjohansson\/#website","url":"https:\/\/wp.kristdemokraterna.se\/hakanjohansson\/","name":"H\u00e5kan Johansson, KD","description":"Politik, musik och teknik...","inLanguage":"sv-SE"},{"@type":"Person","@id":"https:\/\/wp.kristdemokraterna.se\/hakanjohansson\/#\/schema\/person\/1ebb24d2d3a4cdd92106ea18359c8b63","name":"H\u00e5kan Johansson","image":{"@type":"ImageObject","inLanguage":"sv-SE","@id":"https:\/\/secure.gravatar.com\/avatar\/2f492f08c4bdc714d7db0d433c48b51adbc8f67dd2112ac3a50d66d0d1ddd173?s=96&r=g","url":"https:\/\/secure.gravatar.com\/avatar\/2f492f08c4bdc714d7db0d433c48b51adbc8f67dd2112ac3a50d66d0d1ddd173?s=96&r=g","contentUrl":"https:\/\/secure.gravatar.com\/avatar\/2f492f08c4bdc714d7db0d433c48b51adbc8f67dd2112ac3a50d66d0d1ddd173?s=96&r=g","caption":"H\u00e5kan Johansson"},"description":"Politik, musik och teknik...","sameAs":["https:\/\/wp.kristdemokraterna.se\/hakanjohansson"],"url":"https:\/\/wp.kristdemokraterna.se\/hakanjohansson\/author\/hakanjohansson\/"}]}},"_links":{"self":[{"href":"https:\/\/wp.kristdemokraterna.se\/hakanjohansson\/wp-json\/wp\/v2\/posts\/1757","targetHints":{"allow":["GET"]}}],"collection":[{"href":"https:\/\/wp.kristdemokraterna.se\/hakanjohansson\/wp-json\/wp\/v2\/posts"}],"about":[{"href":"https:\/\/wp.kristdemokraterna.se\/hakanjohansson\/wp-json\/wp\/v2\/types\/post"}],"author":[{"embeddable":true,"href":"https:\/\/wp.kristdemokraterna.se\/hakanjohansson\/wp-json\/wp\/v2\/users\/507"}],"replies":[{"embeddable":true,"href":"https:\/\/wp.kristdemokraterna.se\/hakanjohansson\/wp-json\/wp\/v2\/comments?post=1757"}],"version-history":[{"count":3,"href":"https:\/\/wp.kristdemokraterna.se\/hakanjohansson\/wp-json\/wp\/v2\/posts\/1757\/revisions"}],"predecessor-version":[{"id":1773,"href":"https:\/\/wp.kristdemokraterna.se\/hakanjohansson\/wp-json\/wp\/v2\/posts\/1757\/revisions\/1773"}],"wp:featuredmedia":[{"embeddable":true,"href":"https:\/\/wp.kristdemokraterna.se\/hakanjohansson\/wp-json\/wp\/v2\/media\/123"}],"wp:attachment":[{"href":"https:\/\/wp.kristdemokraterna.se\/hakanjohansson\/wp-json\/wp\/v2\/media?parent=1757"}],"wp:term":[{"taxonomy":"category","embeddable":true,"href":"https:\/\/wp.kristdemokraterna.se\/hakanjohansson\/wp-json\/wp\/v2\/categories?post=1757"},{"taxonomy":"post_tag","embeddable":true,"href":"https:\/\/wp.kristdemokraterna.se\/hakanjohansson\/wp-json\/wp\/v2\/tags?post=1757"}],"curies":[{"name":"wp","href":"https:\/\/api.w.org\/{rel}","templated":true}]}}