{"id":1804,"date":"2015-03-16T20:33:41","date_gmt":"2015-03-16T19:33:41","guid":{"rendered":"http:\/\/wp.kristdemokraterna.se\/hakanjohansson\/?p=1804"},"modified":"2015-03-29T21:08:36","modified_gmt":"2015-03-29T19:08:36","slug":"eu-utbildning-del-3","status":"publish","type":"post","link":"https:\/\/wp.kristdemokraterna.se\/hakanjohansson\/2015\/03\/16\/eu-utbildning-del-3\/","title":{"rendered":"EU-utbildning del 3"},"content":{"rendered":"<p>Dags f\u00f6r sista delen i <a title=\"EU-utbildning del 1\" href=\"http:\/\/wp.kristdemokraterna.se\/hakanjohansson\/2015\/03\/02\/eu-utbildning-del-1\/\">EU-utbildningen<\/a>. <a title=\"EU-utbildning del 2\" href=\"http:\/\/wp.kristdemokraterna.se\/hakanjohansson\/2015\/03\/09\/eu-utbildning-del-2\/\">F\u00f6rra g\u00e5ngen<\/a> b\u00f6rjade kommunens EU-samordnare\u00a0Anna Theorell att g\u00e5 igenom de tv\u00e5 f\u00f6rsta stegen i\u00a0EU-projektprocessen. I dag l\u00e5g fokus p\u00e5 de tv\u00e5 sista: ans\u00f6kan och projekt. Eftersom ans\u00f6kan \u00e4r det de flesta id\u00e9er till EU-projekt stupar p\u00e5 \u00e4r det viktigt att ha koll p\u00e5 kompetens, resurser, f\u00f6rankring och f\u00f6rv\u00e4ntningar. Har\u00a0man det kan\u00a0man genomf\u00f6ra ans\u00f6kningsprocessen och projektet. Vi gick \u00e4ven igenom V\u00e4rnamo kommuns projektmodell. Det har varit mycket information, men nu kan jag i alla fall k\u00e4nna mig examinerad! \ud83d\ude09<\/p>\n","protected":false},"excerpt":{"rendered":"<p>Dags f\u00f6r sista delen i EU-utbildningen. F\u00f6rra g\u00e5ngen b\u00f6rjade kommunens EU-samordnare\u00a0Anna Theorell att g\u00e5 igenom de tv\u00e5 f\u00f6rsta stegen i\u00a0EU-projektprocessen. I dag l\u00e5g fokus p\u00e5 de tv\u00e5 sista: ans\u00f6kan och projekt. Eftersom ans\u00f6kan \u00e4r det de flesta id\u00e9er till EU-projekt stupar p\u00e5 \u00e4r det viktigt att ha koll p\u00e5 kompetens, resurser, f\u00f6rankring och f\u00f6rv\u00e4ntningar. Har\u00a0man&hellip; <a class=\"read-more-link\" href=\"https:\/\/wp.kristdemokraterna.se\/hakanjohansson\/2015\/03\/16\/eu-utbildning-del-3\/\">Forts\u00e4tt l\u00e4sa<\/a><\/p>\n","protected":false},"author":507,"featured_media":123,"comment_status":"closed","ping_status":"closed","sticky":false,"template":"","format":"standard","meta":{"_acf_changed":false,"footnotes":""},"categories":[41],"tags":[1106,1116,1138,1114,1105,1141,1139,1140,125,163,1112,1111,128,26],"class_list":["post-1804","post","type-post","status-publish","format-standard","hentry","category-inlagg","tag-anna-theorell","tag-ansokan","tag-eu-projekt","tag-eu-samordnare","tag-eu-utbildning","tag-examinerad","tag-forankring","tag-forvantningar","tag-information","tag-kompetens","tag-projektmodell","tag-projektprocess","tag-resurser","tag-varnamo-kommun"],"acf":[],"yoast_head":"<!-- This site is optimized with the Yoast SEO plugin v27.4 - https:\/\/yoast.com\/product\/yoast-seo-wordpress\/ -->\n<title>EU-utbildning del 3 - H\u00e5kan Johansson, KD<\/title>\n<meta name=\"robots\" content=\"index, follow, max-snippet:-1, max-image-preview:large, max-video-preview:-1\" \/>\n<link rel=\"canonical\" href=\"https:\/\/wp.kristdemokraterna.se\/hakanjohansson\/2015\/03\/16\/eu-utbildning-del-3\/\" \/>\n<meta property=\"og:locale\" content=\"sv_SE\" \/>\n<meta property=\"og:type\" content=\"article\" \/>\n<meta property=\"og:title\" content=\"EU-utbildning del 3 - H\u00e5kan Johansson, KD\" \/>\n<meta property=\"og:description\" content=\"Dags f\u00f6r sista delen i EU-utbildningen. F\u00f6rra g\u00e5ngen b\u00f6rjade kommunens EU-samordnare\u00a0Anna Theorell att g\u00e5 igenom de tv\u00e5 f\u00f6rsta stegen i\u00a0EU-projektprocessen. I dag l\u00e5g fokus p\u00e5 de tv\u00e5 sista: ans\u00f6kan och projekt. Eftersom ans\u00f6kan \u00e4r det de flesta id\u00e9er till EU-projekt stupar p\u00e5 \u00e4r det viktigt att ha koll p\u00e5 kompetens, resurser, f\u00f6rankring och f\u00f6rv\u00e4ntningar. Har\u00a0man&hellip; Forts\u00e4tt l\u00e4sa\" \/>\n<meta property=\"og:url\" content=\"https:\/\/wp.kristdemokraterna.se\/hakanjohansson\/2015\/03\/16\/eu-utbildning-del-3\/\" \/>\n<meta property=\"og:site_name\" content=\"H\u00e5kan Johansson, KD\" \/>\n<meta property=\"article:published_time\" content=\"2015-03-16T19:33:41+00:00\" \/>\n<meta property=\"article:modified_time\" content=\"2015-03-29T19:08:36+00:00\" \/>\n<meta property=\"og:image\" content=\"https:\/\/wp.kristdemokraterna.se\/hakanjohansson\/files\/2014\/06\/hakan_johansson_2013.png\" \/>\n\t<meta property=\"og:image:width\" content=\"256\" \/>\n\t<meta property=\"og:image:height\" content=\"300\" \/>\n\t<meta property=\"og:image:type\" content=\"image\/png\" \/>\n<meta name=\"author\" content=\"H\u00e5kan Johansson\" \/>\n<meta name=\"twitter:card\" content=\"summary_large_image\" \/>\n<meta name=\"twitter:label1\" content=\"Skriven av\" \/>\n\t<meta name=\"twitter:data1\" content=\"H\u00e5kan Johansson\" \/>\n\t<meta name=\"twitter:label2\" content=\"Ber\u00e4knad l\u00e4stid\" \/>\n\t<meta name=\"twitter:data2\" content=\"1 minut\" \/>\n<script type=\"application\/ld+json\" class=\"yoast-schema-graph\">{\"@context\":\"https:\\\/\\\/schema.org\",\"@graph\":[{\"@type\":\"Article\",\"@id\":\"https:\\\/\\\/wp.kristdemokraterna.se\\\/hakanjohansson\\\/2015\\\/03\\\/16\\\/eu-utbildning-del-3\\\/#article\",\"isPartOf\":{\"@id\":\"https:\\\/\\\/wp.kristdemokraterna.se\\\/hakanjohansson\\\/2015\\\/03\\\/16\\\/eu-utbildning-del-3\\\/\"},\"author\":{\"name\":\"H\u00e5kan Johansson\",\"@id\":\"https:\\\/\\\/wp.kristdemokraterna.se\\\/hakanjohansson\\\/#\\\/schema\\\/person\\\/1ebb24d2d3a4cdd92106ea18359c8b63\"},\"headline\":\"EU-utbildning del 3\",\"datePublished\":\"2015-03-16T19:33:41+00:00\",\"dateModified\":\"2015-03-29T19:08:36+00:00\",\"mainEntityOfPage\":{\"@id\":\"https:\\\/\\\/wp.kristdemokraterna.se\\\/hakanjohansson\\\/2015\\\/03\\\/16\\\/eu-utbildning-del-3\\\/\"},\"wordCount\":105,\"image\":{\"@id\":\"https:\\\/\\\/wp.kristdemokraterna.se\\\/hakanjohansson\\\/2015\\\/03\\\/16\\\/eu-utbildning-del-3\\\/#primaryimage\"},\"thumbnailUrl\":\"https:\\\/\\\/wp.kristdemokraterna.se\\\/hakanjohansson\\\/files\\\/2014\\\/06\\\/hakan_johansson_2013.png\",\"keywords\":[\"Anna Theorell\",\"ans\u00f6kan\",\"EU-projekt\",\"EU-samordnare\",\"EU-utbildning\",\"examinerad\",\"f\u00f6rankring\",\"f\u00f6rv\u00e4ntningar\",\"information\",\"kompetens\",\"projektmodell\",\"projektprocess\",\"resurser\",\"V\u00e4rnamo kommun\"],\"articleSection\":[\"Inl\u00e4gg\"],\"inLanguage\":\"sv-SE\"},{\"@type\":\"WebPage\",\"@id\":\"https:\\\/\\\/wp.kristdemokraterna.se\\\/hakanjohansson\\\/2015\\\/03\\\/16\\\/eu-utbildning-del-3\\\/\",\"url\":\"https:\\\/\\\/wp.kristdemokraterna.se\\\/hakanjohansson\\\/2015\\\/03\\\/16\\\/eu-utbildning-del-3\\\/\",\"name\":\"EU-utbildning del 3 - H\u00e5kan Johansson, KD\",\"isPartOf\":{\"@id\":\"https:\\\/\\\/wp.kristdemokraterna.se\\\/hakanjohansson\\\/#website\"},\"primaryImageOfPage\":{\"@id\":\"https:\\\/\\\/wp.kristdemokraterna.se\\\/hakanjohansson\\\/2015\\\/03\\\/16\\\/eu-utbildning-del-3\\\/#primaryimage\"},\"image\":{\"@id\":\"https:\\\/\\\/wp.kristdemokraterna.se\\\/hakanjohansson\\\/2015\\\/03\\\/16\\\/eu-utbildning-del-3\\\/#primaryimage\"},\"thumbnailUrl\":\"https:\\\/\\\/wp.kristdemokraterna.se\\\/hakanjohansson\\\/files\\\/2014\\\/06\\\/hakan_johansson_2013.png\",\"datePublished\":\"2015-03-16T19:33:41+00:00\",\"dateModified\":\"2015-03-29T19:08:36+00:00\",\"author\":{\"@id\":\"https:\\\/\\\/wp.kristdemokraterna.se\\\/hakanjohansson\\\/#\\\/schema\\\/person\\\/1ebb24d2d3a4cdd92106ea18359c8b63\"},\"breadcrumb\":{\"@id\":\"https:\\\/\\\/wp.kristdemokraterna.se\\\/hakanjohansson\\\/2015\\\/03\\\/16\\\/eu-utbildning-del-3\\\/#breadcrumb\"},\"inLanguage\":\"sv-SE\",\"potentialAction\":[{\"@type\":\"ReadAction\",\"target\":[\"https:\\\/\\\/wp.kristdemokraterna.se\\\/hakanjohansson\\\/2015\\\/03\\\/16\\\/eu-utbildning-del-3\\\/\"]}]},{\"@type\":\"ImageObject\",\"inLanguage\":\"sv-SE\",\"@id\":\"https:\\\/\\\/wp.kristdemokraterna.se\\\/hakanjohansson\\\/2015\\\/03\\\/16\\\/eu-utbildning-del-3\\\/#primaryimage\",\"url\":\"https:\\\/\\\/wp.kristdemokraterna.se\\\/hakanjohansson\\\/files\\\/2014\\\/06\\\/hakan_johansson_2013.png\",\"contentUrl\":\"https:\\\/\\\/wp.kristdemokraterna.se\\\/hakanjohansson\\\/files\\\/2014\\\/06\\\/hakan_johansson_2013.png\",\"width\":256,\"height\":300,\"caption\":\"H\u00e5kan Johansson, Kristdemokraterna V\u00e4rnamo. (Foto: Lennart Molin)\"},{\"@type\":\"BreadcrumbList\",\"@id\":\"https:\\\/\\\/wp.kristdemokraterna.se\\\/hakanjohansson\\\/2015\\\/03\\\/16\\\/eu-utbildning-del-3\\\/#breadcrumb\",\"itemListElement\":[{\"@type\":\"ListItem\",\"position\":1,\"name\":\"Hem\",\"item\":\"https:\\\/\\\/wp.kristdemokraterna.se\\\/hakanjohansson\\\/\"},{\"@type\":\"ListItem\",\"position\":2,\"name\":\"EU-utbildning del 3\"}]},{\"@type\":\"WebSite\",\"@id\":\"https:\\\/\\\/wp.kristdemokraterna.se\\\/hakanjohansson\\\/#website\",\"url\":\"https:\\\/\\\/wp.kristdemokraterna.se\\\/hakanjohansson\\\/\",\"name\":\"H\u00e5kan Johansson, KD\",\"description\":\"Politik, musik och teknik...\",\"inLanguage\":\"sv-SE\"},{\"@type\":\"Person\",\"@id\":\"https:\\\/\\\/wp.kristdemokraterna.se\\\/hakanjohansson\\\/#\\\/schema\\\/person\\\/1ebb24d2d3a4cdd92106ea18359c8b63\",\"name\":\"H\u00e5kan Johansson\",\"image\":{\"@type\":\"ImageObject\",\"inLanguage\":\"sv-SE\",\"@id\":\"https:\\\/\\\/secure.gravatar.com\\\/avatar\\\/2f492f08c4bdc714d7db0d433c48b51adbc8f67dd2112ac3a50d66d0d1ddd173?s=96&r=g\",\"url\":\"https:\\\/\\\/secure.gravatar.com\\\/avatar\\\/2f492f08c4bdc714d7db0d433c48b51adbc8f67dd2112ac3a50d66d0d1ddd173?s=96&r=g\",\"contentUrl\":\"https:\\\/\\\/secure.gravatar.com\\\/avatar\\\/2f492f08c4bdc714d7db0d433c48b51adbc8f67dd2112ac3a50d66d0d1ddd173?s=96&r=g\",\"caption\":\"H\u00e5kan Johansson\"},\"description\":\"Politik, musik och teknik...\",\"sameAs\":[\"https:\\\/\\\/wp.kristdemokraterna.se\\\/hakanjohansson\"],\"url\":\"https:\\\/\\\/wp.kristdemokraterna.se\\\/hakanjohansson\\\/author\\\/hakanjohansson\\\/\"}]}<\/script>\n<!-- \/ Yoast SEO plugin. -->","yoast_head_json":{"title":"EU-utbildning del 3 - H\u00e5kan Johansson, KD","robots":{"index":"index","follow":"follow","max-snippet":"max-snippet:-1","max-image-preview":"max-image-preview:large","max-video-preview":"max-video-preview:-1"},"canonical":"https:\/\/wp.kristdemokraterna.se\/hakanjohansson\/2015\/03\/16\/eu-utbildning-del-3\/","og_locale":"sv_SE","og_type":"article","og_title":"EU-utbildning del 3 - H\u00e5kan Johansson, KD","og_description":"Dags f\u00f6r sista delen i EU-utbildningen. F\u00f6rra g\u00e5ngen b\u00f6rjade kommunens EU-samordnare\u00a0Anna Theorell att g\u00e5 igenom de tv\u00e5 f\u00f6rsta stegen i\u00a0EU-projektprocessen. I dag l\u00e5g fokus p\u00e5 de tv\u00e5 sista: ans\u00f6kan och projekt. Eftersom ans\u00f6kan \u00e4r det de flesta id\u00e9er till EU-projekt stupar p\u00e5 \u00e4r det viktigt att ha koll p\u00e5 kompetens, resurser, f\u00f6rankring och f\u00f6rv\u00e4ntningar. Har\u00a0man&hellip; Forts\u00e4tt l\u00e4sa","og_url":"https:\/\/wp.kristdemokraterna.se\/hakanjohansson\/2015\/03\/16\/eu-utbildning-del-3\/","og_site_name":"H\u00e5kan Johansson, KD","article_published_time":"2015-03-16T19:33:41+00:00","article_modified_time":"2015-03-29T19:08:36+00:00","og_image":[{"width":256,"height":300,"url":"https:\/\/wp.kristdemokraterna.se\/hakanjohansson\/files\/2014\/06\/hakan_johansson_2013.png","type":"image\/png"}],"author":"H\u00e5kan Johansson","twitter_card":"summary_large_image","twitter_misc":{"Skriven av":"H\u00e5kan Johansson","Ber\u00e4knad l\u00e4stid":"1 minut"},"schema":{"@context":"https:\/\/schema.org","@graph":[{"@type":"Article","@id":"https:\/\/wp.kristdemokraterna.se\/hakanjohansson\/2015\/03\/16\/eu-utbildning-del-3\/#article","isPartOf":{"@id":"https:\/\/wp.kristdemokraterna.se\/hakanjohansson\/2015\/03\/16\/eu-utbildning-del-3\/"},"author":{"name":"H\u00e5kan Johansson","@id":"https:\/\/wp.kristdemokraterna.se\/hakanjohansson\/#\/schema\/person\/1ebb24d2d3a4cdd92106ea18359c8b63"},"headline":"EU-utbildning del 3","datePublished":"2015-03-16T19:33:41+00:00","dateModified":"2015-03-29T19:08:36+00:00","mainEntityOfPage":{"@id":"https:\/\/wp.kristdemokraterna.se\/hakanjohansson\/2015\/03\/16\/eu-utbildning-del-3\/"},"wordCount":105,"image":{"@id":"https:\/\/wp.kristdemokraterna.se\/hakanjohansson\/2015\/03\/16\/eu-utbildning-del-3\/#primaryimage"},"thumbnailUrl":"https:\/\/wp.kristdemokraterna.se\/hakanjohansson\/files\/2014\/06\/hakan_johansson_2013.png","keywords":["Anna Theorell","ans\u00f6kan","EU-projekt","EU-samordnare","EU-utbildning","examinerad","f\u00f6rankring","f\u00f6rv\u00e4ntningar","information","kompetens","projektmodell","projektprocess","resurser","V\u00e4rnamo kommun"],"articleSection":["Inl\u00e4gg"],"inLanguage":"sv-SE"},{"@type":"WebPage","@id":"https:\/\/wp.kristdemokraterna.se\/hakanjohansson\/2015\/03\/16\/eu-utbildning-del-3\/","url":"https:\/\/wp.kristdemokraterna.se\/hakanjohansson\/2015\/03\/16\/eu-utbildning-del-3\/","name":"EU-utbildning del 3 - H\u00e5kan Johansson, KD","isPartOf":{"@id":"https:\/\/wp.kristdemokraterna.se\/hakanjohansson\/#website"},"primaryImageOfPage":{"@id":"https:\/\/wp.kristdemokraterna.se\/hakanjohansson\/2015\/03\/16\/eu-utbildning-del-3\/#primaryimage"},"image":{"@id":"https:\/\/wp.kristdemokraterna.se\/hakanjohansson\/2015\/03\/16\/eu-utbildning-del-3\/#primaryimage"},"thumbnailUrl":"https:\/\/wp.kristdemokraterna.se\/hakanjohansson\/files\/2014\/06\/hakan_johansson_2013.png","datePublished":"2015-03-16T19:33:41+00:00","dateModified":"2015-03-29T19:08:36+00:00","author":{"@id":"https:\/\/wp.kristdemokraterna.se\/hakanjohansson\/#\/schema\/person\/1ebb24d2d3a4cdd92106ea18359c8b63"},"breadcrumb":{"@id":"https:\/\/wp.kristdemokraterna.se\/hakanjohansson\/2015\/03\/16\/eu-utbildning-del-3\/#breadcrumb"},"inLanguage":"sv-SE","potentialAction":[{"@type":"ReadAction","target":["https:\/\/wp.kristdemokraterna.se\/hakanjohansson\/2015\/03\/16\/eu-utbildning-del-3\/"]}]},{"@type":"ImageObject","inLanguage":"sv-SE","@id":"https:\/\/wp.kristdemokraterna.se\/hakanjohansson\/2015\/03\/16\/eu-utbildning-del-3\/#primaryimage","url":"https:\/\/wp.kristdemokraterna.se\/hakanjohansson\/files\/2014\/06\/hakan_johansson_2013.png","contentUrl":"https:\/\/wp.kristdemokraterna.se\/hakanjohansson\/files\/2014\/06\/hakan_johansson_2013.png","width":256,"height":300,"caption":"H\u00e5kan Johansson, Kristdemokraterna V\u00e4rnamo. (Foto: Lennart Molin)"},{"@type":"BreadcrumbList","@id":"https:\/\/wp.kristdemokraterna.se\/hakanjohansson\/2015\/03\/16\/eu-utbildning-del-3\/#breadcrumb","itemListElement":[{"@type":"ListItem","position":1,"name":"Hem","item":"https:\/\/wp.kristdemokraterna.se\/hakanjohansson\/"},{"@type":"ListItem","position":2,"name":"EU-utbildning del 3"}]},{"@type":"WebSite","@id":"https:\/\/wp.kristdemokraterna.se\/hakanjohansson\/#website","url":"https:\/\/wp.kristdemokraterna.se\/hakanjohansson\/","name":"H\u00e5kan Johansson, KD","description":"Politik, musik och teknik...","inLanguage":"sv-SE"},{"@type":"Person","@id":"https:\/\/wp.kristdemokraterna.se\/hakanjohansson\/#\/schema\/person\/1ebb24d2d3a4cdd92106ea18359c8b63","name":"H\u00e5kan Johansson","image":{"@type":"ImageObject","inLanguage":"sv-SE","@id":"https:\/\/secure.gravatar.com\/avatar\/2f492f08c4bdc714d7db0d433c48b51adbc8f67dd2112ac3a50d66d0d1ddd173?s=96&r=g","url":"https:\/\/secure.gravatar.com\/avatar\/2f492f08c4bdc714d7db0d433c48b51adbc8f67dd2112ac3a50d66d0d1ddd173?s=96&r=g","contentUrl":"https:\/\/secure.gravatar.com\/avatar\/2f492f08c4bdc714d7db0d433c48b51adbc8f67dd2112ac3a50d66d0d1ddd173?s=96&r=g","caption":"H\u00e5kan Johansson"},"description":"Politik, musik och teknik...","sameAs":["https:\/\/wp.kristdemokraterna.se\/hakanjohansson"],"url":"https:\/\/wp.kristdemokraterna.se\/hakanjohansson\/author\/hakanjohansson\/"}]}},"_links":{"self":[{"href":"https:\/\/wp.kristdemokraterna.se\/hakanjohansson\/wp-json\/wp\/v2\/posts\/1804","targetHints":{"allow":["GET"]}}],"collection":[{"href":"https:\/\/wp.kristdemokraterna.se\/hakanjohansson\/wp-json\/wp\/v2\/posts"}],"about":[{"href":"https:\/\/wp.kristdemokraterna.se\/hakanjohansson\/wp-json\/wp\/v2\/types\/post"}],"author":[{"embeddable":true,"href":"https:\/\/wp.kristdemokraterna.se\/hakanjohansson\/wp-json\/wp\/v2\/users\/507"}],"replies":[{"embeddable":true,"href":"https:\/\/wp.kristdemokraterna.se\/hakanjohansson\/wp-json\/wp\/v2\/comments?post=1804"}],"version-history":[{"count":3,"href":"https:\/\/wp.kristdemokraterna.se\/hakanjohansson\/wp-json\/wp\/v2\/posts\/1804\/revisions"}],"predecessor-version":[{"id":1807,"href":"https:\/\/wp.kristdemokraterna.se\/hakanjohansson\/wp-json\/wp\/v2\/posts\/1804\/revisions\/1807"}],"wp:featuredmedia":[{"embeddable":true,"href":"https:\/\/wp.kristdemokraterna.se\/hakanjohansson\/wp-json\/wp\/v2\/media\/123"}],"wp:attachment":[{"href":"https:\/\/wp.kristdemokraterna.se\/hakanjohansson\/wp-json\/wp\/v2\/media?parent=1804"}],"wp:term":[{"taxonomy":"category","embeddable":true,"href":"https:\/\/wp.kristdemokraterna.se\/hakanjohansson\/wp-json\/wp\/v2\/categories?post=1804"},{"taxonomy":"post_tag","embeddable":true,"href":"https:\/\/wp.kristdemokraterna.se\/hakanjohansson\/wp-json\/wp\/v2\/tags?post=1804"}],"curies":[{"name":"wp","href":"https:\/\/api.w.org\/{rel}","templated":true}]}}