{"id":1824,"date":"2015-03-25T23:16:14","date_gmt":"2015-03-25T22:16:14","guid":{"rendered":"http:\/\/wp.kristdemokraterna.se\/hakanjohansson\/?p=1824"},"modified":"2018-02-16T19:00:42","modified_gmt":"2018-02-16T18:00:42","slug":"gillar-det-nya-laget","status":"publish","type":"post","link":"https:\/\/wp.kristdemokraterna.se\/hakanjohansson\/2015\/03\/25\/gillar-det-nya-laget\/","title":{"rendered":"Gillar det nya l\u00e4get"},"content":{"rendered":"<p>\u00c4ntligen har det blivit lite mer liv \u00e4ven i de \u00f6versta v\u00e5ningarna i kulturhuset Cupolen i V\u00e4rnamo. I dag arrangerade\u00a0BGJ Fastighets AB, som \u00e4ger fastigheten, en trivsam invigningskv\u00e4ll tillsammans med de nya hyresg\u00e4sterna amber advokater och pwc. Det var verkligen en trivsam kv\u00e4ll med Marcus Oscarsson som inledde med det han g\u00f6r b\u00e4st \u2013 prata svensk politik s\u00e5 att man f\u00f6rst\u00e5r, minns och tycker att det \u00e4r roligt.<\/p>\n<p><!--more--><\/p>\n<p>Thomas Lundell och Nicke Wagemyr var ocks\u00e5 d\u00e4r och underh\u00f6ll under tiden som vi gick runt och beundrade de nyrenoverade fina lokalerna. Jag och Lars Rosborg var d\u00e4r och uppvaktade fr\u00e5n Milj\u00f6- och stadsbyggnadsn\u00e4mnden. Vi kunde bara konstatera att det har blivit sagolikt snyggt h\u00f6gst upp i Cupolen. Stort grattis till de nya lokalerna!<\/p>\n\n\t\t<style type=\"text\/css\">\n\t\t\t#gallery-1 {\n\t\t\t\tmargin: auto;\n\t\t\t}\n\t\t\t#gallery-1 .gallery-item {\n\t\t\t\tfloat: left;\n\t\t\t\tmargin-top: 10px;\n\t\t\t\ttext-align: center;\n\t\t\t\twidth: 33%;\n\t\t\t}\n\t\t\t#gallery-1 img {\n\t\t\t\tborder: 2px solid #cfcfcf;\n\t\t\t}\n\t\t\t#gallery-1 .gallery-caption {\n\t\t\t\tmargin-left: 0;\n\t\t\t}\n\t\t\t\/* see gallery_shortcode() in wp-includes\/media.php *\/\n\t\t<\/style>\n\t\t<div id='gallery-1' class='gallery galleryid-1824 gallery-columns-3 gallery-size-thumbnail'><dl class='gallery-item'>\n\t\t\t<dt class='gallery-icon landscape'>\n\t\t\t\t<a href='https:\/\/wp.kristdemokraterna.se\/hakanjohansson\/20150325-nyalokalercupolen\/'><img loading=\"lazy\" decoding=\"async\" width=\"150\" height=\"150\" src=\"https:\/\/wp.kristdemokraterna.se\/hakanjohansson\/files\/2015\/03\/20150325_nyalokalercupolen-150x150.jpg\" class=\"attachment-thumbnail size-thumbnail\" alt=\"S\u00e5 h\u00e4r ser det ut hos amber advokater - \u00f6ppna ytor, stilm\u00f6bler och en fantastisk konstskatt p\u00e5 v\u00e4ggarna. (Foto: H\u00e5kan Johansson)\" aria-describedby=\"gallery-1-1822\" \/><\/a>\n\t\t\t<\/dt>\n\t\t\t\t<dd class='wp-caption-text gallery-caption' id='gallery-1-1822'>\n\t\t\t\tS\u00e5 h\u00e4r ser det ut hos amber advokater &#8211; \u00f6ppna ytor, stilm\u00f6bler och en fantastisk konstskatt p\u00e5 v\u00e4ggarna. (Foto: H\u00e5kan Johansson)\n\t\t\t\t<\/dd><\/dl>\n\t\t\t<br style='clear: both' \/>\n\t\t<\/div>\n\n","protected":false},"excerpt":{"rendered":"<p>\u00c4ntligen har det blivit lite mer liv \u00e4ven i de \u00f6versta v\u00e5ningarna i kulturhuset Cupolen i V\u00e4rnamo. I dag arrangerade\u00a0BGJ Fastighets AB, som \u00e4ger fastigheten, en trivsam invigningskv\u00e4ll tillsammans med de nya hyresg\u00e4sterna amber advokater och pwc. Det var verkligen en trivsam kv\u00e4ll med Marcus Oscarsson som inledde med det han g\u00f6r b\u00e4st \u2013 prata&hellip; <a class=\"read-more-link\" href=\"https:\/\/wp.kristdemokraterna.se\/hakanjohansson\/2015\/03\/25\/gillar-det-nya-laget\/\">Forts\u00e4tt l\u00e4sa<\/a><\/p>\n","protected":false},"author":507,"featured_media":1822,"comment_status":"closed","ping_status":"closed","sticky":false,"template":"","format":"standard","meta":{"_acf_changed":false,"footnotes":""},"categories":[41],"tags":[1160,1159,1158,582,1050,31,1163,266,1161,1162,5],"class_list":["post-1824","post","type-post","status-publish","format-standard","hentry","category-inlagg","tag-amber-advokater","tag-bgj-fastighets-ab","tag-kulturhuset-cupolen","tag-lars-rosborg","tag-marcus-oscarsson","tag-miljo-och-stadsbyggnadsnamnden","tag-nicke-wagemyr","tag-politik","tag-pwc","tag-thomas-lundell","tag-varnamo"],"acf":[],"yoast_head":"<!-- This site is optimized with the Yoast SEO plugin v27.4 - https:\/\/yoast.com\/product\/yoast-seo-wordpress\/ -->\n<title>Gillar det nya l\u00e4get - H\u00e5kan Johansson, KD<\/title>\n<meta name=\"robots\" content=\"index, follow, max-snippet:-1, max-image-preview:large, max-video-preview:-1\" \/>\n<link rel=\"canonical\" href=\"https:\/\/wp.kristdemokraterna.se\/hakanjohansson\/2015\/03\/25\/gillar-det-nya-laget\/\" \/>\n<meta property=\"og:locale\" content=\"sv_SE\" \/>\n<meta property=\"og:type\" content=\"article\" \/>\n<meta property=\"og:title\" content=\"Gillar det nya l\u00e4get - H\u00e5kan Johansson, KD\" \/>\n<meta property=\"og:description\" content=\"\u00c4ntligen har det blivit lite mer liv \u00e4ven i de \u00f6versta v\u00e5ningarna i kulturhuset Cupolen i V\u00e4rnamo. I dag arrangerade\u00a0BGJ Fastighets AB, som \u00e4ger fastigheten, en trivsam invigningskv\u00e4ll tillsammans med de nya hyresg\u00e4sterna amber advokater och pwc. Det var verkligen en trivsam kv\u00e4ll med Marcus Oscarsson som inledde med det han g\u00f6r b\u00e4st \u2013 prata&hellip; Forts\u00e4tt l\u00e4sa\" \/>\n<meta property=\"og:url\" content=\"https:\/\/wp.kristdemokraterna.se\/hakanjohansson\/2015\/03\/25\/gillar-det-nya-laget\/\" \/>\n<meta property=\"og:site_name\" content=\"H\u00e5kan Johansson, KD\" \/>\n<meta property=\"article:published_time\" content=\"2015-03-25T22:16:14+00:00\" \/>\n<meta property=\"article:modified_time\" content=\"2018-02-16T18:00:42+00:00\" \/>\n<meta property=\"og:image\" content=\"https:\/\/wp.kristdemokraterna.se\/hakanjohansson\/files\/2015\/03\/20150325_nyalokalercupolen.jpg\" \/>\n\t<meta property=\"og:image:width\" content=\"683\" \/>\n\t<meta property=\"og:image:height\" content=\"507\" \/>\n\t<meta property=\"og:image:type\" content=\"image\/jpeg\" \/>\n<meta name=\"author\" content=\"H\u00e5kan Johansson\" \/>\n<meta name=\"twitter:card\" content=\"summary_large_image\" \/>\n<meta name=\"twitter:label1\" content=\"Skriven av\" \/>\n\t<meta name=\"twitter:data1\" content=\"H\u00e5kan Johansson\" \/>\n\t<meta name=\"twitter:label2\" content=\"Ber\u00e4knad l\u00e4stid\" \/>\n\t<meta name=\"twitter:data2\" content=\"1 minut\" \/>\n<script type=\"application\/ld+json\" class=\"yoast-schema-graph\">{\"@context\":\"https:\\\/\\\/schema.org\",\"@graph\":[{\"@type\":\"Article\",\"@id\":\"https:\\\/\\\/wp.kristdemokraterna.se\\\/hakanjohansson\\\/2015\\\/03\\\/25\\\/gillar-det-nya-laget\\\/#article\",\"isPartOf\":{\"@id\":\"https:\\\/\\\/wp.kristdemokraterna.se\\\/hakanjohansson\\\/2015\\\/03\\\/25\\\/gillar-det-nya-laget\\\/\"},\"author\":{\"name\":\"H\u00e5kan Johansson\",\"@id\":\"https:\\\/\\\/wp.kristdemokraterna.se\\\/hakanjohansson\\\/#\\\/schema\\\/person\\\/1ebb24d2d3a4cdd92106ea18359c8b63\"},\"headline\":\"Gillar det nya l\u00e4get\",\"datePublished\":\"2015-03-25T22:16:14+00:00\",\"dateModified\":\"2018-02-16T18:00:42+00:00\",\"mainEntityOfPage\":{\"@id\":\"https:\\\/\\\/wp.kristdemokraterna.se\\\/hakanjohansson\\\/2015\\\/03\\\/25\\\/gillar-det-nya-laget\\\/\"},\"wordCount\":147,\"image\":{\"@id\":\"https:\\\/\\\/wp.kristdemokraterna.se\\\/hakanjohansson\\\/2015\\\/03\\\/25\\\/gillar-det-nya-laget\\\/#primaryimage\"},\"thumbnailUrl\":\"https:\\\/\\\/wp.kristdemokraterna.se\\\/hakanjohansson\\\/files\\\/2015\\\/03\\\/20150325_nyalokalercupolen.jpg\",\"keywords\":[\"amber advokater\",\"BGJ Fastighets AB\",\"kulturhuset Cupolen\",\"Lars Rosborg\",\"Marcus Oscarsson\",\"Milj\u00f6- och stadsbyggnadsn\u00e4mnden\",\"Nicke Wagemyr\",\"politik\",\"pwc\",\"Thomas Lundell\",\"V\u00e4rnamo\"],\"articleSection\":[\"Inl\u00e4gg\"],\"inLanguage\":\"sv-SE\"},{\"@type\":\"WebPage\",\"@id\":\"https:\\\/\\\/wp.kristdemokraterna.se\\\/hakanjohansson\\\/2015\\\/03\\\/25\\\/gillar-det-nya-laget\\\/\",\"url\":\"https:\\\/\\\/wp.kristdemokraterna.se\\\/hakanjohansson\\\/2015\\\/03\\\/25\\\/gillar-det-nya-laget\\\/\",\"name\":\"Gillar det nya l\u00e4get - H\u00e5kan Johansson, KD\",\"isPartOf\":{\"@id\":\"https:\\\/\\\/wp.kristdemokraterna.se\\\/hakanjohansson\\\/#website\"},\"primaryImageOfPage\":{\"@id\":\"https:\\\/\\\/wp.kristdemokraterna.se\\\/hakanjohansson\\\/2015\\\/03\\\/25\\\/gillar-det-nya-laget\\\/#primaryimage\"},\"image\":{\"@id\":\"https:\\\/\\\/wp.kristdemokraterna.se\\\/hakanjohansson\\\/2015\\\/03\\\/25\\\/gillar-det-nya-laget\\\/#primaryimage\"},\"thumbnailUrl\":\"https:\\\/\\\/wp.kristdemokraterna.se\\\/hakanjohansson\\\/files\\\/2015\\\/03\\\/20150325_nyalokalercupolen.jpg\",\"datePublished\":\"2015-03-25T22:16:14+00:00\",\"dateModified\":\"2018-02-16T18:00:42+00:00\",\"author\":{\"@id\":\"https:\\\/\\\/wp.kristdemokraterna.se\\\/hakanjohansson\\\/#\\\/schema\\\/person\\\/1ebb24d2d3a4cdd92106ea18359c8b63\"},\"breadcrumb\":{\"@id\":\"https:\\\/\\\/wp.kristdemokraterna.se\\\/hakanjohansson\\\/2015\\\/03\\\/25\\\/gillar-det-nya-laget\\\/#breadcrumb\"},\"inLanguage\":\"sv-SE\",\"potentialAction\":[{\"@type\":\"ReadAction\",\"target\":[\"https:\\\/\\\/wp.kristdemokraterna.se\\\/hakanjohansson\\\/2015\\\/03\\\/25\\\/gillar-det-nya-laget\\\/\"]}]},{\"@type\":\"ImageObject\",\"inLanguage\":\"sv-SE\",\"@id\":\"https:\\\/\\\/wp.kristdemokraterna.se\\\/hakanjohansson\\\/2015\\\/03\\\/25\\\/gillar-det-nya-laget\\\/#primaryimage\",\"url\":\"https:\\\/\\\/wp.kristdemokraterna.se\\\/hakanjohansson\\\/files\\\/2015\\\/03\\\/20150325_nyalokalercupolen.jpg\",\"contentUrl\":\"https:\\\/\\\/wp.kristdemokraterna.se\\\/hakanjohansson\\\/files\\\/2015\\\/03\\\/20150325_nyalokalercupolen.jpg\",\"width\":683,\"height\":507,\"caption\":\"S\u00e5 h\u00e4r ser det ut hos amber advokater - \u00f6ppna ytor, stilm\u00f6bler och en fantastisk konstskatt p\u00e5 v\u00e4ggarna. (Foto: H\u00e5kan Johansson)\"},{\"@type\":\"BreadcrumbList\",\"@id\":\"https:\\\/\\\/wp.kristdemokraterna.se\\\/hakanjohansson\\\/2015\\\/03\\\/25\\\/gillar-det-nya-laget\\\/#breadcrumb\",\"itemListElement\":[{\"@type\":\"ListItem\",\"position\":1,\"name\":\"Hem\",\"item\":\"https:\\\/\\\/wp.kristdemokraterna.se\\\/hakanjohansson\\\/\"},{\"@type\":\"ListItem\",\"position\":2,\"name\":\"Gillar det nya l\u00e4get\"}]},{\"@type\":\"WebSite\",\"@id\":\"https:\\\/\\\/wp.kristdemokraterna.se\\\/hakanjohansson\\\/#website\",\"url\":\"https:\\\/\\\/wp.kristdemokraterna.se\\\/hakanjohansson\\\/\",\"name\":\"H\u00e5kan Johansson, KD\",\"description\":\"Politik, musik och teknik...\",\"inLanguage\":\"sv-SE\"},{\"@type\":\"Person\",\"@id\":\"https:\\\/\\\/wp.kristdemokraterna.se\\\/hakanjohansson\\\/#\\\/schema\\\/person\\\/1ebb24d2d3a4cdd92106ea18359c8b63\",\"name\":\"H\u00e5kan Johansson\",\"image\":{\"@type\":\"ImageObject\",\"inLanguage\":\"sv-SE\",\"@id\":\"https:\\\/\\\/secure.gravatar.com\\\/avatar\\\/2f492f08c4bdc714d7db0d433c48b51adbc8f67dd2112ac3a50d66d0d1ddd173?s=96&r=g\",\"url\":\"https:\\\/\\\/secure.gravatar.com\\\/avatar\\\/2f492f08c4bdc714d7db0d433c48b51adbc8f67dd2112ac3a50d66d0d1ddd173?s=96&r=g\",\"contentUrl\":\"https:\\\/\\\/secure.gravatar.com\\\/avatar\\\/2f492f08c4bdc714d7db0d433c48b51adbc8f67dd2112ac3a50d66d0d1ddd173?s=96&r=g\",\"caption\":\"H\u00e5kan Johansson\"},\"description\":\"Politik, musik och teknik...\",\"sameAs\":[\"https:\\\/\\\/wp.kristdemokraterna.se\\\/hakanjohansson\"],\"url\":\"https:\\\/\\\/wp.kristdemokraterna.se\\\/hakanjohansson\\\/author\\\/hakanjohansson\\\/\"}]}<\/script>\n<!-- \/ Yoast SEO plugin. -->","yoast_head_json":{"title":"Gillar det nya l\u00e4get - H\u00e5kan Johansson, KD","robots":{"index":"index","follow":"follow","max-snippet":"max-snippet:-1","max-image-preview":"max-image-preview:large","max-video-preview":"max-video-preview:-1"},"canonical":"https:\/\/wp.kristdemokraterna.se\/hakanjohansson\/2015\/03\/25\/gillar-det-nya-laget\/","og_locale":"sv_SE","og_type":"article","og_title":"Gillar det nya l\u00e4get - H\u00e5kan Johansson, KD","og_description":"\u00c4ntligen har det blivit lite mer liv \u00e4ven i de \u00f6versta v\u00e5ningarna i kulturhuset Cupolen i V\u00e4rnamo. I dag arrangerade\u00a0BGJ Fastighets AB, som \u00e4ger fastigheten, en trivsam invigningskv\u00e4ll tillsammans med de nya hyresg\u00e4sterna amber advokater och pwc. Det var verkligen en trivsam kv\u00e4ll med Marcus Oscarsson som inledde med det han g\u00f6r b\u00e4st \u2013 prata&hellip; Forts\u00e4tt l\u00e4sa","og_url":"https:\/\/wp.kristdemokraterna.se\/hakanjohansson\/2015\/03\/25\/gillar-det-nya-laget\/","og_site_name":"H\u00e5kan Johansson, KD","article_published_time":"2015-03-25T22:16:14+00:00","article_modified_time":"2018-02-16T18:00:42+00:00","og_image":[{"width":683,"height":507,"url":"https:\/\/wp.kristdemokraterna.se\/hakanjohansson\/files\/2015\/03\/20150325_nyalokalercupolen.jpg","type":"image\/jpeg"}],"author":"H\u00e5kan Johansson","twitter_card":"summary_large_image","twitter_misc":{"Skriven av":"H\u00e5kan Johansson","Ber\u00e4knad l\u00e4stid":"1 minut"},"schema":{"@context":"https:\/\/schema.org","@graph":[{"@type":"Article","@id":"https:\/\/wp.kristdemokraterna.se\/hakanjohansson\/2015\/03\/25\/gillar-det-nya-laget\/#article","isPartOf":{"@id":"https:\/\/wp.kristdemokraterna.se\/hakanjohansson\/2015\/03\/25\/gillar-det-nya-laget\/"},"author":{"name":"H\u00e5kan Johansson","@id":"https:\/\/wp.kristdemokraterna.se\/hakanjohansson\/#\/schema\/person\/1ebb24d2d3a4cdd92106ea18359c8b63"},"headline":"Gillar det nya l\u00e4get","datePublished":"2015-03-25T22:16:14+00:00","dateModified":"2018-02-16T18:00:42+00:00","mainEntityOfPage":{"@id":"https:\/\/wp.kristdemokraterna.se\/hakanjohansson\/2015\/03\/25\/gillar-det-nya-laget\/"},"wordCount":147,"image":{"@id":"https:\/\/wp.kristdemokraterna.se\/hakanjohansson\/2015\/03\/25\/gillar-det-nya-laget\/#primaryimage"},"thumbnailUrl":"https:\/\/wp.kristdemokraterna.se\/hakanjohansson\/files\/2015\/03\/20150325_nyalokalercupolen.jpg","keywords":["amber advokater","BGJ Fastighets AB","kulturhuset Cupolen","Lars Rosborg","Marcus Oscarsson","Milj\u00f6- och stadsbyggnadsn\u00e4mnden","Nicke Wagemyr","politik","pwc","Thomas Lundell","V\u00e4rnamo"],"articleSection":["Inl\u00e4gg"],"inLanguage":"sv-SE"},{"@type":"WebPage","@id":"https:\/\/wp.kristdemokraterna.se\/hakanjohansson\/2015\/03\/25\/gillar-det-nya-laget\/","url":"https:\/\/wp.kristdemokraterna.se\/hakanjohansson\/2015\/03\/25\/gillar-det-nya-laget\/","name":"Gillar det nya l\u00e4get - H\u00e5kan Johansson, KD","isPartOf":{"@id":"https:\/\/wp.kristdemokraterna.se\/hakanjohansson\/#website"},"primaryImageOfPage":{"@id":"https:\/\/wp.kristdemokraterna.se\/hakanjohansson\/2015\/03\/25\/gillar-det-nya-laget\/#primaryimage"},"image":{"@id":"https:\/\/wp.kristdemokraterna.se\/hakanjohansson\/2015\/03\/25\/gillar-det-nya-laget\/#primaryimage"},"thumbnailUrl":"https:\/\/wp.kristdemokraterna.se\/hakanjohansson\/files\/2015\/03\/20150325_nyalokalercupolen.jpg","datePublished":"2015-03-25T22:16:14+00:00","dateModified":"2018-02-16T18:00:42+00:00","author":{"@id":"https:\/\/wp.kristdemokraterna.se\/hakanjohansson\/#\/schema\/person\/1ebb24d2d3a4cdd92106ea18359c8b63"},"breadcrumb":{"@id":"https:\/\/wp.kristdemokraterna.se\/hakanjohansson\/2015\/03\/25\/gillar-det-nya-laget\/#breadcrumb"},"inLanguage":"sv-SE","potentialAction":[{"@type":"ReadAction","target":["https:\/\/wp.kristdemokraterna.se\/hakanjohansson\/2015\/03\/25\/gillar-det-nya-laget\/"]}]},{"@type":"ImageObject","inLanguage":"sv-SE","@id":"https:\/\/wp.kristdemokraterna.se\/hakanjohansson\/2015\/03\/25\/gillar-det-nya-laget\/#primaryimage","url":"https:\/\/wp.kristdemokraterna.se\/hakanjohansson\/files\/2015\/03\/20150325_nyalokalercupolen.jpg","contentUrl":"https:\/\/wp.kristdemokraterna.se\/hakanjohansson\/files\/2015\/03\/20150325_nyalokalercupolen.jpg","width":683,"height":507,"caption":"S\u00e5 h\u00e4r ser det ut hos amber advokater - \u00f6ppna ytor, stilm\u00f6bler och en fantastisk konstskatt p\u00e5 v\u00e4ggarna. (Foto: H\u00e5kan Johansson)"},{"@type":"BreadcrumbList","@id":"https:\/\/wp.kristdemokraterna.se\/hakanjohansson\/2015\/03\/25\/gillar-det-nya-laget\/#breadcrumb","itemListElement":[{"@type":"ListItem","position":1,"name":"Hem","item":"https:\/\/wp.kristdemokraterna.se\/hakanjohansson\/"},{"@type":"ListItem","position":2,"name":"Gillar det nya l\u00e4get"}]},{"@type":"WebSite","@id":"https:\/\/wp.kristdemokraterna.se\/hakanjohansson\/#website","url":"https:\/\/wp.kristdemokraterna.se\/hakanjohansson\/","name":"H\u00e5kan Johansson, KD","description":"Politik, musik och teknik...","inLanguage":"sv-SE"},{"@type":"Person","@id":"https:\/\/wp.kristdemokraterna.se\/hakanjohansson\/#\/schema\/person\/1ebb24d2d3a4cdd92106ea18359c8b63","name":"H\u00e5kan Johansson","image":{"@type":"ImageObject","inLanguage":"sv-SE","@id":"https:\/\/secure.gravatar.com\/avatar\/2f492f08c4bdc714d7db0d433c48b51adbc8f67dd2112ac3a50d66d0d1ddd173?s=96&r=g","url":"https:\/\/secure.gravatar.com\/avatar\/2f492f08c4bdc714d7db0d433c48b51adbc8f67dd2112ac3a50d66d0d1ddd173?s=96&r=g","contentUrl":"https:\/\/secure.gravatar.com\/avatar\/2f492f08c4bdc714d7db0d433c48b51adbc8f67dd2112ac3a50d66d0d1ddd173?s=96&r=g","caption":"H\u00e5kan Johansson"},"description":"Politik, musik och teknik...","sameAs":["https:\/\/wp.kristdemokraterna.se\/hakanjohansson"],"url":"https:\/\/wp.kristdemokraterna.se\/hakanjohansson\/author\/hakanjohansson\/"}]}},"_links":{"self":[{"href":"https:\/\/wp.kristdemokraterna.se\/hakanjohansson\/wp-json\/wp\/v2\/posts\/1824","targetHints":{"allow":["GET"]}}],"collection":[{"href":"https:\/\/wp.kristdemokraterna.se\/hakanjohansson\/wp-json\/wp\/v2\/posts"}],"about":[{"href":"https:\/\/wp.kristdemokraterna.se\/hakanjohansson\/wp-json\/wp\/v2\/types\/post"}],"author":[{"embeddable":true,"href":"https:\/\/wp.kristdemokraterna.se\/hakanjohansson\/wp-json\/wp\/v2\/users\/507"}],"replies":[{"embeddable":true,"href":"https:\/\/wp.kristdemokraterna.se\/hakanjohansson\/wp-json\/wp\/v2\/comments?post=1824"}],"version-history":[{"count":4,"href":"https:\/\/wp.kristdemokraterna.se\/hakanjohansson\/wp-json\/wp\/v2\/posts\/1824\/revisions"}],"predecessor-version":[{"id":2401,"href":"https:\/\/wp.kristdemokraterna.se\/hakanjohansson\/wp-json\/wp\/v2\/posts\/1824\/revisions\/2401"}],"wp:featuredmedia":[{"embeddable":true,"href":"https:\/\/wp.kristdemokraterna.se\/hakanjohansson\/wp-json\/wp\/v2\/media\/1822"}],"wp:attachment":[{"href":"https:\/\/wp.kristdemokraterna.se\/hakanjohansson\/wp-json\/wp\/v2\/media?parent=1824"}],"wp:term":[{"taxonomy":"category","embeddable":true,"href":"https:\/\/wp.kristdemokraterna.se\/hakanjohansson\/wp-json\/wp\/v2\/categories?post=1824"},{"taxonomy":"post_tag","embeddable":true,"href":"https:\/\/wp.kristdemokraterna.se\/hakanjohansson\/wp-json\/wp\/v2\/tags?post=1824"}],"curies":[{"name":"wp","href":"https:\/\/api.w.org\/{rel}","templated":true}]}}