{"id":1872,"date":"2015-04-10T23:17:13","date_gmt":"2015-04-10T21:17:13","guid":{"rendered":"http:\/\/wp.kristdemokraterna.se\/hakanjohansson\/?p=1872"},"modified":"2018-02-16T18:57:39","modified_gmt":"2018-02-16T17:57:39","slug":"med-vattenradet-i-storans-rike","status":"publish","type":"post","link":"https:\/\/wp.kristdemokraterna.se\/hakanjohansson\/2015\/04\/10\/med-vattenradet-i-storans-rike\/","title":{"rendered":"Med vattenr\u00e5det i Stor\u00e5ns rike"},"content":{"rendered":"<p><a title=\"Lagans vattenr\u00e5d\" href=\"http:\/\/www.lagansvattenrad.se\" target=\"_blank\" rel=\"noopener\">Lagans vattenr\u00e5d<\/a> hade \u00e5rsm\u00f6te i Hillerstorp i dag. Jag fick fortsatt f\u00f6rtroende som styrelseledamot f\u00f6r V\u00e4rnamo kommun i tv\u00e5 \u00e5r till. Medins Biologi AB ber\u00e4ttade om hur recipientkontrollen g\u00e5r till i Lagan och dess allm\u00e4nna tillst\u00e5nd. Beredningssekretariaten informerade om aktuella fr\u00e5gor\u00a0och det gav upphov till ett intensivt och informativt\u00a0samtal om vandringshinder, modifierade vatten och kvalitetsklassning av vattenf\u00f6rekomster.<\/p>\n<p><!--more--><\/p>\n<p>D\u00e4refter tog\u00a0Ingemar Svensson, Gnosj\u00f6 kommun, med oss ut p\u00e5 en intressant resa\u00a0d\u00e4r han ber\u00e4ttade om kommunens och L\u00e4nsstyrelsens arbete med att hitta och \u00e5tg\u00e4rda k\u00e4llor till metallf\u00f6roreningar runt Hillerstorp \u2013 Stor\u00e5n, Kvarnasj\u00f6n, Br\u00e4nnehylte\u2026<\/p>\n<p>Det \u00e4r ett imponerande engagemang\u00a0fr\u00e5n s\u00e5v\u00e4l kommun som n\u00e4ringsliv!<\/p>\n\n\t\t<style type=\"text\/css\">\n\t\t\t#gallery-1 {\n\t\t\t\tmargin: auto;\n\t\t\t}\n\t\t\t#gallery-1 .gallery-item {\n\t\t\t\tfloat: left;\n\t\t\t\tmargin-top: 10px;\n\t\t\t\ttext-align: center;\n\t\t\t\twidth: 33%;\n\t\t\t}\n\t\t\t#gallery-1 img {\n\t\t\t\tborder: 2px solid #cfcfcf;\n\t\t\t}\n\t\t\t#gallery-1 .gallery-caption {\n\t\t\t\tmargin-left: 0;\n\t\t\t}\n\t\t\t\/* see gallery_shortcode() in wp-includes\/media.php *\/\n\t\t<\/style>\n\t\t<div id='gallery-1' class='gallery galleryid-1872 gallery-columns-3 gallery-size-thumbnail'><dl class='gallery-item'>\n\t\t\t<dt class='gallery-icon landscape'>\n\t\t\t\t<a href='https:\/\/wp.kristdemokraterna.se\/hakanjohansson\/20150410-lvr-storan\/'><img loading=\"lazy\" decoding=\"async\" width=\"150\" height=\"150\" src=\"https:\/\/wp.kristdemokraterna.se\/hakanjohansson\/files\/2015\/04\/20150410_lvr_storan-150x150.jpg\" class=\"attachment-thumbnail size-thumbnail\" alt=\"Stor\u00e5n rinner \u00e4ven genom High Chaparall. (Foto: H\u00e5kan Johansson)\" aria-describedby=\"gallery-1-1871\" \/><\/a>\n\t\t\t<\/dt>\n\t\t\t\t<dd class='wp-caption-text gallery-caption' id='gallery-1-1871'>\n\t\t\t\tStor\u00e5n rinner \u00e4ven genom High Chaparall. (Foto: H\u00e5kan Johansson)\n\t\t\t\t<\/dd><\/dl>\n\t\t\t<br style='clear: both' \/>\n\t\t<\/div>\n\n","protected":false},"excerpt":{"rendered":"<p>Lagans vattenr\u00e5d hade \u00e5rsm\u00f6te i Hillerstorp i dag. Jag fick fortsatt f\u00f6rtroende som styrelseledamot f\u00f6r V\u00e4rnamo kommun i tv\u00e5 \u00e5r till. Medins Biologi AB ber\u00e4ttade om hur recipientkontrollen g\u00e5r till i Lagan och dess allm\u00e4nna tillst\u00e5nd. Beredningssekretariaten informerade om aktuella fr\u00e5gor\u00a0och det gav upphov till ett intensivt och informativt\u00a0samtal om vandringshinder, modifierade vatten och kvalitetsklassning&hellip; <a class=\"read-more-link\" href=\"https:\/\/wp.kristdemokraterna.se\/hakanjohansson\/2015\/04\/10\/med-vattenradet-i-storans-rike\/\">Forts\u00e4tt l\u00e4sa<\/a><\/p>\n","protected":false},"author":507,"featured_media":1871,"comment_status":"closed","ping_status":"closed","sticky":false,"template":"","format":"standard","meta":{"_acf_changed":false,"footnotes":""},"categories":[41],"tags":[12,1222,1229,236,765,1230,822,1225,1228,323,319,464,1013,1220,1226,1224,412,1221,1227,640,1223,26,1094],"class_list":["post-1872","post","type-post","status-publish","format-standard","hentry","category-inlagg","tag-arsmote","tag-beredningssekretariat","tag-brannehylte","tag-fororeningar","tag-gnosjo","tag-high-chaparral","tag-hillerstorp","tag-ingemar-svensson","tag-kvarnasjon","tag-lagan","tag-lagans-vattenrad","tag-lansstyrelsen","tag-ledamot","tag-medins-biologi-ab","tag-metaller","tag-modifierat-vatten","tag-naringsliv","tag-recipientkontroll","tag-storan","tag-styrelsen","tag-vandringshinder","tag-varnamo-kommun","tag-vattenforekomst"],"acf":[],"yoast_head":"<!-- This site is optimized with the Yoast SEO plugin v27.4 - https:\/\/yoast.com\/product\/yoast-seo-wordpress\/ -->\n<title>Med vattenr\u00e5det i Stor\u00e5ns rike - H\u00e5kan Johansson, KD<\/title>\n<meta name=\"robots\" content=\"index, follow, max-snippet:-1, max-image-preview:large, max-video-preview:-1\" \/>\n<link rel=\"canonical\" href=\"https:\/\/wp.kristdemokraterna.se\/hakanjohansson\/2015\/04\/10\/med-vattenradet-i-storans-rike\/\" \/>\n<meta property=\"og:locale\" content=\"sv_SE\" \/>\n<meta property=\"og:type\" content=\"article\" \/>\n<meta property=\"og:title\" content=\"Med vattenr\u00e5det i Stor\u00e5ns rike - H\u00e5kan Johansson, KD\" \/>\n<meta property=\"og:description\" content=\"Lagans vattenr\u00e5d hade \u00e5rsm\u00f6te i Hillerstorp i dag. Jag fick fortsatt f\u00f6rtroende som styrelseledamot f\u00f6r V\u00e4rnamo kommun i tv\u00e5 \u00e5r till. Medins Biologi AB ber\u00e4ttade om hur recipientkontrollen g\u00e5r till i Lagan och dess allm\u00e4nna tillst\u00e5nd. Beredningssekretariaten informerade om aktuella fr\u00e5gor\u00a0och det gav upphov till ett intensivt och informativt\u00a0samtal om vandringshinder, modifierade vatten och kvalitetsklassning&hellip; Forts\u00e4tt l\u00e4sa\" \/>\n<meta property=\"og:url\" content=\"https:\/\/wp.kristdemokraterna.se\/hakanjohansson\/2015\/04\/10\/med-vattenradet-i-storans-rike\/\" \/>\n<meta property=\"og:site_name\" content=\"H\u00e5kan Johansson, KD\" \/>\n<meta property=\"article:published_time\" content=\"2015-04-10T21:17:13+00:00\" \/>\n<meta property=\"article:modified_time\" content=\"2018-02-16T17:57:39+00:00\" \/>\n<meta property=\"og:image\" content=\"https:\/\/wp.kristdemokraterna.se\/hakanjohansson\/files\/2015\/04\/20150410_lvr_storan.jpg\" \/>\n\t<meta property=\"og:image:width\" content=\"800\" \/>\n\t<meta property=\"og:image:height\" content=\"354\" \/>\n\t<meta property=\"og:image:type\" content=\"image\/jpeg\" \/>\n<meta name=\"author\" content=\"H\u00e5kan Johansson\" \/>\n<meta name=\"twitter:card\" content=\"summary_large_image\" \/>\n<meta name=\"twitter:label1\" content=\"Skriven av\" \/>\n\t<meta name=\"twitter:data1\" content=\"H\u00e5kan Johansson\" \/>\n\t<meta name=\"twitter:label2\" content=\"Ber\u00e4knad l\u00e4stid\" \/>\n\t<meta name=\"twitter:data2\" content=\"1 minut\" \/>\n<script type=\"application\/ld+json\" class=\"yoast-schema-graph\">{\"@context\":\"https:\\\/\\\/schema.org\",\"@graph\":[{\"@type\":\"Article\",\"@id\":\"https:\\\/\\\/wp.kristdemokraterna.se\\\/hakanjohansson\\\/2015\\\/04\\\/10\\\/med-vattenradet-i-storans-rike\\\/#article\",\"isPartOf\":{\"@id\":\"https:\\\/\\\/wp.kristdemokraterna.se\\\/hakanjohansson\\\/2015\\\/04\\\/10\\\/med-vattenradet-i-storans-rike\\\/\"},\"author\":{\"name\":\"H\u00e5kan Johansson\",\"@id\":\"https:\\\/\\\/wp.kristdemokraterna.se\\\/hakanjohansson\\\/#\\\/schema\\\/person\\\/1ebb24d2d3a4cdd92106ea18359c8b63\"},\"headline\":\"Med vattenr\u00e5det i Stor\u00e5ns rike\",\"datePublished\":\"2015-04-10T21:17:13+00:00\",\"dateModified\":\"2018-02-16T17:57:39+00:00\",\"mainEntityOfPage\":{\"@id\":\"https:\\\/\\\/wp.kristdemokraterna.se\\\/hakanjohansson\\\/2015\\\/04\\\/10\\\/med-vattenradet-i-storans-rike\\\/\"},\"wordCount\":139,\"image\":{\"@id\":\"https:\\\/\\\/wp.kristdemokraterna.se\\\/hakanjohansson\\\/2015\\\/04\\\/10\\\/med-vattenradet-i-storans-rike\\\/#primaryimage\"},\"thumbnailUrl\":\"https:\\\/\\\/wp.kristdemokraterna.se\\\/hakanjohansson\\\/files\\\/2015\\\/04\\\/20150410_lvr_storan.jpg\",\"keywords\":[\"\u00e5rsm\u00f6te\",\"beredningssekretariat\",\"Br\u00e4nnehylte\",\"f\u00f6roreningar\",\"Gnosj\u00f6\",\"High Chaparral\",\"Hillerstorp\",\"Ingemar Svensson\",\"Kvarnasj\u00f6n\",\"Lagan\",\"Lagans vattenr\u00e5d\",\"L\u00e4nsstyrelsen\",\"ledamot\",\"Medins Biologi AB\",\"metaller\",\"modifierat vatten\",\"n\u00e4ringsliv\",\"recipientkontroll\",\"Stor\u00e5n\",\"styrelsen\",\"vandringshinder\",\"V\u00e4rnamo kommun\",\"vattenf\u00f6rekomst\"],\"articleSection\":[\"Inl\u00e4gg\"],\"inLanguage\":\"sv-SE\"},{\"@type\":\"WebPage\",\"@id\":\"https:\\\/\\\/wp.kristdemokraterna.se\\\/hakanjohansson\\\/2015\\\/04\\\/10\\\/med-vattenradet-i-storans-rike\\\/\",\"url\":\"https:\\\/\\\/wp.kristdemokraterna.se\\\/hakanjohansson\\\/2015\\\/04\\\/10\\\/med-vattenradet-i-storans-rike\\\/\",\"name\":\"Med vattenr\u00e5det i Stor\u00e5ns rike - H\u00e5kan Johansson, KD\",\"isPartOf\":{\"@id\":\"https:\\\/\\\/wp.kristdemokraterna.se\\\/hakanjohansson\\\/#website\"},\"primaryImageOfPage\":{\"@id\":\"https:\\\/\\\/wp.kristdemokraterna.se\\\/hakanjohansson\\\/2015\\\/04\\\/10\\\/med-vattenradet-i-storans-rike\\\/#primaryimage\"},\"image\":{\"@id\":\"https:\\\/\\\/wp.kristdemokraterna.se\\\/hakanjohansson\\\/2015\\\/04\\\/10\\\/med-vattenradet-i-storans-rike\\\/#primaryimage\"},\"thumbnailUrl\":\"https:\\\/\\\/wp.kristdemokraterna.se\\\/hakanjohansson\\\/files\\\/2015\\\/04\\\/20150410_lvr_storan.jpg\",\"datePublished\":\"2015-04-10T21:17:13+00:00\",\"dateModified\":\"2018-02-16T17:57:39+00:00\",\"author\":{\"@id\":\"https:\\\/\\\/wp.kristdemokraterna.se\\\/hakanjohansson\\\/#\\\/schema\\\/person\\\/1ebb24d2d3a4cdd92106ea18359c8b63\"},\"breadcrumb\":{\"@id\":\"https:\\\/\\\/wp.kristdemokraterna.se\\\/hakanjohansson\\\/2015\\\/04\\\/10\\\/med-vattenradet-i-storans-rike\\\/#breadcrumb\"},\"inLanguage\":\"sv-SE\",\"potentialAction\":[{\"@type\":\"ReadAction\",\"target\":[\"https:\\\/\\\/wp.kristdemokraterna.se\\\/hakanjohansson\\\/2015\\\/04\\\/10\\\/med-vattenradet-i-storans-rike\\\/\"]}]},{\"@type\":\"ImageObject\",\"inLanguage\":\"sv-SE\",\"@id\":\"https:\\\/\\\/wp.kristdemokraterna.se\\\/hakanjohansson\\\/2015\\\/04\\\/10\\\/med-vattenradet-i-storans-rike\\\/#primaryimage\",\"url\":\"https:\\\/\\\/wp.kristdemokraterna.se\\\/hakanjohansson\\\/files\\\/2015\\\/04\\\/20150410_lvr_storan.jpg\",\"contentUrl\":\"https:\\\/\\\/wp.kristdemokraterna.se\\\/hakanjohansson\\\/files\\\/2015\\\/04\\\/20150410_lvr_storan.jpg\",\"width\":800,\"height\":354,\"caption\":\"Stor\u00e5n rinner \u00e4ven genom High Chaparall. (Foto: H\u00e5kan Johansson)\"},{\"@type\":\"BreadcrumbList\",\"@id\":\"https:\\\/\\\/wp.kristdemokraterna.se\\\/hakanjohansson\\\/2015\\\/04\\\/10\\\/med-vattenradet-i-storans-rike\\\/#breadcrumb\",\"itemListElement\":[{\"@type\":\"ListItem\",\"position\":1,\"name\":\"Hem\",\"item\":\"https:\\\/\\\/wp.kristdemokraterna.se\\\/hakanjohansson\\\/\"},{\"@type\":\"ListItem\",\"position\":2,\"name\":\"Med vattenr\u00e5det i Stor\u00e5ns rike\"}]},{\"@type\":\"WebSite\",\"@id\":\"https:\\\/\\\/wp.kristdemokraterna.se\\\/hakanjohansson\\\/#website\",\"url\":\"https:\\\/\\\/wp.kristdemokraterna.se\\\/hakanjohansson\\\/\",\"name\":\"H\u00e5kan Johansson, KD\",\"description\":\"Politik, musik och teknik...\",\"inLanguage\":\"sv-SE\"},{\"@type\":\"Person\",\"@id\":\"https:\\\/\\\/wp.kristdemokraterna.se\\\/hakanjohansson\\\/#\\\/schema\\\/person\\\/1ebb24d2d3a4cdd92106ea18359c8b63\",\"name\":\"H\u00e5kan Johansson\",\"image\":{\"@type\":\"ImageObject\",\"inLanguage\":\"sv-SE\",\"@id\":\"https:\\\/\\\/secure.gravatar.com\\\/avatar\\\/2f492f08c4bdc714d7db0d433c48b51adbc8f67dd2112ac3a50d66d0d1ddd173?s=96&r=g\",\"url\":\"https:\\\/\\\/secure.gravatar.com\\\/avatar\\\/2f492f08c4bdc714d7db0d433c48b51adbc8f67dd2112ac3a50d66d0d1ddd173?s=96&r=g\",\"contentUrl\":\"https:\\\/\\\/secure.gravatar.com\\\/avatar\\\/2f492f08c4bdc714d7db0d433c48b51adbc8f67dd2112ac3a50d66d0d1ddd173?s=96&r=g\",\"caption\":\"H\u00e5kan Johansson\"},\"description\":\"Politik, musik och teknik...\",\"sameAs\":[\"https:\\\/\\\/wp.kristdemokraterna.se\\\/hakanjohansson\"],\"url\":\"https:\\\/\\\/wp.kristdemokraterna.se\\\/hakanjohansson\\\/author\\\/hakanjohansson\\\/\"}]}<\/script>\n<!-- \/ Yoast SEO plugin. -->","yoast_head_json":{"title":"Med vattenr\u00e5det i Stor\u00e5ns rike - H\u00e5kan Johansson, KD","robots":{"index":"index","follow":"follow","max-snippet":"max-snippet:-1","max-image-preview":"max-image-preview:large","max-video-preview":"max-video-preview:-1"},"canonical":"https:\/\/wp.kristdemokraterna.se\/hakanjohansson\/2015\/04\/10\/med-vattenradet-i-storans-rike\/","og_locale":"sv_SE","og_type":"article","og_title":"Med vattenr\u00e5det i Stor\u00e5ns rike - H\u00e5kan Johansson, KD","og_description":"Lagans vattenr\u00e5d hade \u00e5rsm\u00f6te i Hillerstorp i dag. Jag fick fortsatt f\u00f6rtroende som styrelseledamot f\u00f6r V\u00e4rnamo kommun i tv\u00e5 \u00e5r till. Medins Biologi AB ber\u00e4ttade om hur recipientkontrollen g\u00e5r till i Lagan och dess allm\u00e4nna tillst\u00e5nd. Beredningssekretariaten informerade om aktuella fr\u00e5gor\u00a0och det gav upphov till ett intensivt och informativt\u00a0samtal om vandringshinder, modifierade vatten och kvalitetsklassning&hellip; Forts\u00e4tt l\u00e4sa","og_url":"https:\/\/wp.kristdemokraterna.se\/hakanjohansson\/2015\/04\/10\/med-vattenradet-i-storans-rike\/","og_site_name":"H\u00e5kan Johansson, KD","article_published_time":"2015-04-10T21:17:13+00:00","article_modified_time":"2018-02-16T17:57:39+00:00","og_image":[{"width":800,"height":354,"url":"https:\/\/wp.kristdemokraterna.se\/hakanjohansson\/files\/2015\/04\/20150410_lvr_storan.jpg","type":"image\/jpeg"}],"author":"H\u00e5kan Johansson","twitter_card":"summary_large_image","twitter_misc":{"Skriven av":"H\u00e5kan Johansson","Ber\u00e4knad l\u00e4stid":"1 minut"},"schema":{"@context":"https:\/\/schema.org","@graph":[{"@type":"Article","@id":"https:\/\/wp.kristdemokraterna.se\/hakanjohansson\/2015\/04\/10\/med-vattenradet-i-storans-rike\/#article","isPartOf":{"@id":"https:\/\/wp.kristdemokraterna.se\/hakanjohansson\/2015\/04\/10\/med-vattenradet-i-storans-rike\/"},"author":{"name":"H\u00e5kan Johansson","@id":"https:\/\/wp.kristdemokraterna.se\/hakanjohansson\/#\/schema\/person\/1ebb24d2d3a4cdd92106ea18359c8b63"},"headline":"Med vattenr\u00e5det i Stor\u00e5ns rike","datePublished":"2015-04-10T21:17:13+00:00","dateModified":"2018-02-16T17:57:39+00:00","mainEntityOfPage":{"@id":"https:\/\/wp.kristdemokraterna.se\/hakanjohansson\/2015\/04\/10\/med-vattenradet-i-storans-rike\/"},"wordCount":139,"image":{"@id":"https:\/\/wp.kristdemokraterna.se\/hakanjohansson\/2015\/04\/10\/med-vattenradet-i-storans-rike\/#primaryimage"},"thumbnailUrl":"https:\/\/wp.kristdemokraterna.se\/hakanjohansson\/files\/2015\/04\/20150410_lvr_storan.jpg","keywords":["\u00e5rsm\u00f6te","beredningssekretariat","Br\u00e4nnehylte","f\u00f6roreningar","Gnosj\u00f6","High Chaparral","Hillerstorp","Ingemar Svensson","Kvarnasj\u00f6n","Lagan","Lagans vattenr\u00e5d","L\u00e4nsstyrelsen","ledamot","Medins Biologi AB","metaller","modifierat vatten","n\u00e4ringsliv","recipientkontroll","Stor\u00e5n","styrelsen","vandringshinder","V\u00e4rnamo kommun","vattenf\u00f6rekomst"],"articleSection":["Inl\u00e4gg"],"inLanguage":"sv-SE"},{"@type":"WebPage","@id":"https:\/\/wp.kristdemokraterna.se\/hakanjohansson\/2015\/04\/10\/med-vattenradet-i-storans-rike\/","url":"https:\/\/wp.kristdemokraterna.se\/hakanjohansson\/2015\/04\/10\/med-vattenradet-i-storans-rike\/","name":"Med vattenr\u00e5det i Stor\u00e5ns rike - H\u00e5kan Johansson, KD","isPartOf":{"@id":"https:\/\/wp.kristdemokraterna.se\/hakanjohansson\/#website"},"primaryImageOfPage":{"@id":"https:\/\/wp.kristdemokraterna.se\/hakanjohansson\/2015\/04\/10\/med-vattenradet-i-storans-rike\/#primaryimage"},"image":{"@id":"https:\/\/wp.kristdemokraterna.se\/hakanjohansson\/2015\/04\/10\/med-vattenradet-i-storans-rike\/#primaryimage"},"thumbnailUrl":"https:\/\/wp.kristdemokraterna.se\/hakanjohansson\/files\/2015\/04\/20150410_lvr_storan.jpg","datePublished":"2015-04-10T21:17:13+00:00","dateModified":"2018-02-16T17:57:39+00:00","author":{"@id":"https:\/\/wp.kristdemokraterna.se\/hakanjohansson\/#\/schema\/person\/1ebb24d2d3a4cdd92106ea18359c8b63"},"breadcrumb":{"@id":"https:\/\/wp.kristdemokraterna.se\/hakanjohansson\/2015\/04\/10\/med-vattenradet-i-storans-rike\/#breadcrumb"},"inLanguage":"sv-SE","potentialAction":[{"@type":"ReadAction","target":["https:\/\/wp.kristdemokraterna.se\/hakanjohansson\/2015\/04\/10\/med-vattenradet-i-storans-rike\/"]}]},{"@type":"ImageObject","inLanguage":"sv-SE","@id":"https:\/\/wp.kristdemokraterna.se\/hakanjohansson\/2015\/04\/10\/med-vattenradet-i-storans-rike\/#primaryimage","url":"https:\/\/wp.kristdemokraterna.se\/hakanjohansson\/files\/2015\/04\/20150410_lvr_storan.jpg","contentUrl":"https:\/\/wp.kristdemokraterna.se\/hakanjohansson\/files\/2015\/04\/20150410_lvr_storan.jpg","width":800,"height":354,"caption":"Stor\u00e5n rinner \u00e4ven genom High Chaparall. (Foto: H\u00e5kan Johansson)"},{"@type":"BreadcrumbList","@id":"https:\/\/wp.kristdemokraterna.se\/hakanjohansson\/2015\/04\/10\/med-vattenradet-i-storans-rike\/#breadcrumb","itemListElement":[{"@type":"ListItem","position":1,"name":"Hem","item":"https:\/\/wp.kristdemokraterna.se\/hakanjohansson\/"},{"@type":"ListItem","position":2,"name":"Med vattenr\u00e5det i Stor\u00e5ns rike"}]},{"@type":"WebSite","@id":"https:\/\/wp.kristdemokraterna.se\/hakanjohansson\/#website","url":"https:\/\/wp.kristdemokraterna.se\/hakanjohansson\/","name":"H\u00e5kan Johansson, KD","description":"Politik, musik och teknik...","inLanguage":"sv-SE"},{"@type":"Person","@id":"https:\/\/wp.kristdemokraterna.se\/hakanjohansson\/#\/schema\/person\/1ebb24d2d3a4cdd92106ea18359c8b63","name":"H\u00e5kan Johansson","image":{"@type":"ImageObject","inLanguage":"sv-SE","@id":"https:\/\/secure.gravatar.com\/avatar\/2f492f08c4bdc714d7db0d433c48b51adbc8f67dd2112ac3a50d66d0d1ddd173?s=96&r=g","url":"https:\/\/secure.gravatar.com\/avatar\/2f492f08c4bdc714d7db0d433c48b51adbc8f67dd2112ac3a50d66d0d1ddd173?s=96&r=g","contentUrl":"https:\/\/secure.gravatar.com\/avatar\/2f492f08c4bdc714d7db0d433c48b51adbc8f67dd2112ac3a50d66d0d1ddd173?s=96&r=g","caption":"H\u00e5kan Johansson"},"description":"Politik, musik och teknik...","sameAs":["https:\/\/wp.kristdemokraterna.se\/hakanjohansson"],"url":"https:\/\/wp.kristdemokraterna.se\/hakanjohansson\/author\/hakanjohansson\/"}]}},"_links":{"self":[{"href":"https:\/\/wp.kristdemokraterna.se\/hakanjohansson\/wp-json\/wp\/v2\/posts\/1872","targetHints":{"allow":["GET"]}}],"collection":[{"href":"https:\/\/wp.kristdemokraterna.se\/hakanjohansson\/wp-json\/wp\/v2\/posts"}],"about":[{"href":"https:\/\/wp.kristdemokraterna.se\/hakanjohansson\/wp-json\/wp\/v2\/types\/post"}],"author":[{"embeddable":true,"href":"https:\/\/wp.kristdemokraterna.se\/hakanjohansson\/wp-json\/wp\/v2\/users\/507"}],"replies":[{"embeddable":true,"href":"https:\/\/wp.kristdemokraterna.se\/hakanjohansson\/wp-json\/wp\/v2\/comments?post=1872"}],"version-history":[{"count":8,"href":"https:\/\/wp.kristdemokraterna.se\/hakanjohansson\/wp-json\/wp\/v2\/posts\/1872\/revisions"}],"predecessor-version":[{"id":2400,"href":"https:\/\/wp.kristdemokraterna.se\/hakanjohansson\/wp-json\/wp\/v2\/posts\/1872\/revisions\/2400"}],"wp:featuredmedia":[{"embeddable":true,"href":"https:\/\/wp.kristdemokraterna.se\/hakanjohansson\/wp-json\/wp\/v2\/media\/1871"}],"wp:attachment":[{"href":"https:\/\/wp.kristdemokraterna.se\/hakanjohansson\/wp-json\/wp\/v2\/media?parent=1872"}],"wp:term":[{"taxonomy":"category","embeddable":true,"href":"https:\/\/wp.kristdemokraterna.se\/hakanjohansson\/wp-json\/wp\/v2\/categories?post=1872"},{"taxonomy":"post_tag","embeddable":true,"href":"https:\/\/wp.kristdemokraterna.se\/hakanjohansson\/wp-json\/wp\/v2\/tags?post=1872"}],"curies":[{"name":"wp","href":"https:\/\/api.w.org\/{rel}","templated":true}]}}