{"id":1947,"date":"2015-05-04T16:40:39","date_gmt":"2015-05-04T14:40:39","guid":{"rendered":"http:\/\/wp.kristdemokraterna.se\/hakanjohansson\/?p=1947"},"modified":"2015-05-17T21:16:13","modified_gmt":"2015-05-17T19:16:13","slug":"larorikt-studiebesok-pa-flexator","status":"publish","type":"post","link":"https:\/\/wp.kristdemokraterna.se\/hakanjohansson\/2015\/05\/04\/larorikt-studiebesok-pa-flexator\/","title":{"rendered":"L\u00e4rorikt studiebes\u00f6k p\u00e5 Flexator"},"content":{"rendered":"<p>I dag har jag varit i Anneberg och tittat p\u00e5 Flexators anl\u00e4ggning d\u00e4r. Flexator bygger modulbyggnader, exempelvis skolor, kontor och studentbost\u00e4der. Det \u00e4r de som bygger folkh\u00f6gskolans nya elevboende. Deras produktionsanl\u00e4ggning\u00a0\u00e4r klart imponerande\u00a0\u2013 allt byggs\u00a0inomhus, s\u00e5 de\u00a0\u00e4r inte beroende av v\u00e4dret och de anst\u00e4llda byggarna har alltid en schysst arbetsmilj\u00f6. Dessutom leder\u00a0arbetss\u00e4ttet till l\u00e4gre kostnader ju mer standardiserat man bygger. Samtidigt s\u00e5 finns det rika m\u00f6jligheter att anpassa byggnaderna s\u00e5 som man vill ha dem.<\/p>\n<p><!--more--><\/p>\n<p>Upprinnelsen till bes\u00f6ket \u00e4r en tidningsartikel i samband med att Milj\u00f6- och stadsbyggnadsn\u00e4mnden gav bygglov till ett <a href=\"http:\/\/wp.kristdemokraterna.se\/hakanjohansson\/2015\/02\/17\/i-dag-har-jag-salt-en-bra-bit-av-bredaryd\/\">nytt elevboende p\u00e5\u00a0V\u00e4rnamo folkh\u00f6gskola<\/a>. Vinkeln i artikeln fick mig att framst\u00e5 som en generell motst\u00e5ndare till modulbyggande (n\u00e5got som jag sj\u00e4lvklart inte \u00e4r!), vilket Flexator uppm\u00e4rksammade och d\u00e4rf\u00f6r bj\u00f6d in till\u00a0ett studiebes\u00f6k i Anneberg. Naturligtvis\u00a0tackade jag ja och fick med mig ett par bygglovshandl\u00e4ggare ocks\u00e5 \ud83d\ude42 .<\/p>\n<p>Vi hade en trevlig och l\u00e4rorik dag med kompetensutveckling, s\u00e4kert \u00e4ven f\u00f6r mina reskamrater. Det \u00e4r alltid nyttigt\u00a0att komma ut och se hur saker och ting fungerar och i alla fall f\u00f6r mig var det intressant\u00a0att f\u00e5 en inblick i m\u00f6jligheter och begr\u00e4nsningar\u00a0med industriellt byggande. Som gammal upphandlingspolitiker tyckte jag att\u00a0det var extra intressant att h\u00f6ra vilka typer av f\u00f6rfr\u00e5gningsunderlag och upphandlingar som\u00a0branschen\u00a0rekommenderar \u2013 funktionsf\u00f6rfr\u00e5gan naturligtvis! Det \u00e4r ju s\u00e5 man n\u00e5r den goda aff\u00e4ren.<\/p>\n\n\t\t<style type=\"text\/css\">\n\t\t\t#gallery-1 {\n\t\t\t\tmargin: auto;\n\t\t\t}\n\t\t\t#gallery-1 .gallery-item {\n\t\t\t\tfloat: left;\n\t\t\t\tmargin-top: 10px;\n\t\t\t\ttext-align: center;\n\t\t\t\twidth: 33%;\n\t\t\t}\n\t\t\t#gallery-1 img {\n\t\t\t\tborder: 2px solid #cfcfcf;\n\t\t\t}\n\t\t\t#gallery-1 .gallery-caption {\n\t\t\t\tmargin-left: 0;\n\t\t\t}\n\t\t\t\/* see gallery_shortcode() in wp-includes\/media.php *\/\n\t\t<\/style>\n\t\t<div id='gallery-1' class='gallery galleryid-1947 gallery-columns-3 gallery-size-thumbnail'><dl class='gallery-item'>\n\t\t\t<dt class='gallery-icon landscape'>\n\t\t\t\t<a href='https:\/\/wp.kristdemokraterna.se\/hakanjohansson\/20150504-flexator\/'><img loading=\"lazy\" decoding=\"async\" width=\"150\" height=\"150\" src=\"https:\/\/wp.kristdemokraterna.se\/hakanjohansson\/files\/2015\/05\/20150504_flexator-150x150.jpg\" class=\"attachment-thumbnail size-thumbnail\" alt=\"H\u00e4r st\u00e5r vi framf\u00f6r en av modulerna till folkh\u00f6gskolans nya elevboende inne i Flexators fabrik i Anneberg. (Foto: ?)\" aria-describedby=\"gallery-1-1934\" \/><\/a>\n\t\t\t<\/dt>\n\t\t\t\t<dd class='wp-caption-text gallery-caption' id='gallery-1-1934'>\n\t\t\t\tH\u00e4r st\u00e5r vi framf\u00f6r en av modulerna till folkh\u00f6gskolans nya elevboende inne i Flexators fabrik i Anneberg. (Foto: ?)\n\t\t\t\t<\/dd><\/dl>\n\t\t\t<br style='clear: both' \/>\n\t\t<\/div>\n\n","protected":false},"excerpt":{"rendered":"<p>I dag har jag varit i Anneberg och tittat p\u00e5 Flexators anl\u00e4ggning d\u00e4r. Flexator bygger modulbyggnader, exempelvis skolor, kontor och studentbost\u00e4der. Det \u00e4r de som bygger folkh\u00f6gskolans nya elevboende. Deras produktionsanl\u00e4ggning\u00a0\u00e4r klart imponerande\u00a0\u2013 allt byggs\u00a0inomhus, s\u00e5 de\u00a0\u00e4r inte beroende av v\u00e4dret och de anst\u00e4llda byggarna har alltid en schysst arbetsmilj\u00f6. Dessutom leder\u00a0arbetss\u00e4ttet till l\u00e4gre kostnader&hellip; <a class=\"read-more-link\" href=\"https:\/\/wp.kristdemokraterna.se\/hakanjohansson\/2015\/05\/04\/larorikt-studiebesok-pa-flexator\/\">Forts\u00e4tt l\u00e4sa<\/a><\/p>\n","protected":false},"author":507,"featured_media":1934,"comment_status":"closed","ping_status":"closed","sticky":false,"template":"","format":"standard","meta":{"_acf_changed":false,"footnotes":""},"categories":[41],"tags":[1285,1291,38,1039,1286,1296,1294,1288,233,31,1293,1287,1290,60,1289,1292,1297,1295,1034],"class_list":["post-1947","post","type-post","status-publish","format-standard","hentry","category-inlagg","tag-anneberg","tag-arbetsmiljo","tag-bygglov","tag-elevboende","tag-flexator","tag-forfragningsunderlag","tag-industriellt-byggande","tag-kontor","tag-kostnader","tag-miljo-och-stadsbyggnadsnamnden","tag-modulbyggande","tag-modulbyggnad","tag-produktion","tag-skola","tag-studentbostader","tag-tidningsartikel","tag-upphandling","tag-upphandlingspolitiker","tag-varnamo-folkhogskola"],"acf":[],"yoast_head":"<!-- This site is optimized with the Yoast SEO plugin v27.4 - https:\/\/yoast.com\/product\/yoast-seo-wordpress\/ -->\n<title>L\u00e4rorikt studiebes\u00f6k p\u00e5 Flexator - H\u00e5kan Johansson, KD<\/title>\n<meta name=\"robots\" content=\"index, follow, max-snippet:-1, max-image-preview:large, max-video-preview:-1\" \/>\n<link rel=\"canonical\" href=\"https:\/\/wp.kristdemokraterna.se\/hakanjohansson\/2015\/05\/04\/larorikt-studiebesok-pa-flexator\/\" \/>\n<meta property=\"og:locale\" content=\"sv_SE\" \/>\n<meta property=\"og:type\" content=\"article\" \/>\n<meta property=\"og:title\" content=\"L\u00e4rorikt studiebes\u00f6k p\u00e5 Flexator - H\u00e5kan Johansson, KD\" \/>\n<meta property=\"og:description\" content=\"I dag har jag varit i Anneberg och tittat p\u00e5 Flexators anl\u00e4ggning d\u00e4r. Flexator bygger modulbyggnader, exempelvis skolor, kontor och studentbost\u00e4der. Det \u00e4r de som bygger folkh\u00f6gskolans nya elevboende. Deras produktionsanl\u00e4ggning\u00a0\u00e4r klart imponerande\u00a0\u2013 allt byggs\u00a0inomhus, s\u00e5 de\u00a0\u00e4r inte beroende av v\u00e4dret och de anst\u00e4llda byggarna har alltid en schysst arbetsmilj\u00f6. Dessutom leder\u00a0arbetss\u00e4ttet till l\u00e4gre kostnader&hellip; Forts\u00e4tt l\u00e4sa\" \/>\n<meta property=\"og:url\" content=\"https:\/\/wp.kristdemokraterna.se\/hakanjohansson\/2015\/05\/04\/larorikt-studiebesok-pa-flexator\/\" \/>\n<meta property=\"og:site_name\" content=\"H\u00e5kan Johansson, KD\" \/>\n<meta property=\"article:published_time\" content=\"2015-05-04T14:40:39+00:00\" \/>\n<meta property=\"article:modified_time\" content=\"2015-05-17T19:16:13+00:00\" \/>\n<meta property=\"og:image\" content=\"https:\/\/wp.kristdemokraterna.se\/hakanjohansson\/files\/2015\/05\/20150504_flexator.jpg\" \/>\n\t<meta property=\"og:image:width\" content=\"800\" \/>\n\t<meta property=\"og:image:height\" content=\"531\" \/>\n\t<meta property=\"og:image:type\" content=\"image\/jpeg\" \/>\n<meta name=\"author\" content=\"H\u00e5kan Johansson\" \/>\n<meta name=\"twitter:card\" content=\"summary_large_image\" \/>\n<meta name=\"twitter:label1\" content=\"Skriven av\" \/>\n\t<meta name=\"twitter:data1\" content=\"H\u00e5kan Johansson\" \/>\n\t<meta name=\"twitter:label2\" content=\"Ber\u00e4knad l\u00e4stid\" \/>\n\t<meta name=\"twitter:data2\" content=\"1 minut\" \/>\n<script type=\"application\/ld+json\" class=\"yoast-schema-graph\">{\"@context\":\"https:\\\/\\\/schema.org\",\"@graph\":[{\"@type\":\"Article\",\"@id\":\"https:\\\/\\\/wp.kristdemokraterna.se\\\/hakanjohansson\\\/2015\\\/05\\\/04\\\/larorikt-studiebesok-pa-flexator\\\/#article\",\"isPartOf\":{\"@id\":\"https:\\\/\\\/wp.kristdemokraterna.se\\\/hakanjohansson\\\/2015\\\/05\\\/04\\\/larorikt-studiebesok-pa-flexator\\\/\"},\"author\":{\"name\":\"H\u00e5kan Johansson\",\"@id\":\"https:\\\/\\\/wp.kristdemokraterna.se\\\/hakanjohansson\\\/#\\\/schema\\\/person\\\/1ebb24d2d3a4cdd92106ea18359c8b63\"},\"headline\":\"L\u00e4rorikt studiebes\u00f6k p\u00e5 Flexator\",\"datePublished\":\"2015-05-04T14:40:39+00:00\",\"dateModified\":\"2015-05-17T19:16:13+00:00\",\"mainEntityOfPage\":{\"@id\":\"https:\\\/\\\/wp.kristdemokraterna.se\\\/hakanjohansson\\\/2015\\\/05\\\/04\\\/larorikt-studiebesok-pa-flexator\\\/\"},\"wordCount\":273,\"image\":{\"@id\":\"https:\\\/\\\/wp.kristdemokraterna.se\\\/hakanjohansson\\\/2015\\\/05\\\/04\\\/larorikt-studiebesok-pa-flexator\\\/#primaryimage\"},\"thumbnailUrl\":\"https:\\\/\\\/wp.kristdemokraterna.se\\\/hakanjohansson\\\/files\\\/2015\\\/05\\\/20150504_flexator.jpg\",\"keywords\":[\"Anneberg\",\"arbetsmilj\u00f6\",\"bygglov\",\"elevboende\",\"Flexator\",\"f\u00f6rfr\u00e5gningsunderlag\",\"industriellt byggande\",\"kontor\",\"kostnader\",\"Milj\u00f6- och stadsbyggnadsn\u00e4mnden\",\"modulbyggande\",\"modulbyggnad\",\"produktion\",\"skola\",\"studentbost\u00e4der\",\"tidningsartikel\",\"upphandling\",\"upphandlingspolitiker\",\"V\u00e4rnamo folkh\u00f6gskola\"],\"articleSection\":[\"Inl\u00e4gg\"],\"inLanguage\":\"sv-SE\"},{\"@type\":\"WebPage\",\"@id\":\"https:\\\/\\\/wp.kristdemokraterna.se\\\/hakanjohansson\\\/2015\\\/05\\\/04\\\/larorikt-studiebesok-pa-flexator\\\/\",\"url\":\"https:\\\/\\\/wp.kristdemokraterna.se\\\/hakanjohansson\\\/2015\\\/05\\\/04\\\/larorikt-studiebesok-pa-flexator\\\/\",\"name\":\"L\u00e4rorikt studiebes\u00f6k p\u00e5 Flexator - H\u00e5kan Johansson, KD\",\"isPartOf\":{\"@id\":\"https:\\\/\\\/wp.kristdemokraterna.se\\\/hakanjohansson\\\/#website\"},\"primaryImageOfPage\":{\"@id\":\"https:\\\/\\\/wp.kristdemokraterna.se\\\/hakanjohansson\\\/2015\\\/05\\\/04\\\/larorikt-studiebesok-pa-flexator\\\/#primaryimage\"},\"image\":{\"@id\":\"https:\\\/\\\/wp.kristdemokraterna.se\\\/hakanjohansson\\\/2015\\\/05\\\/04\\\/larorikt-studiebesok-pa-flexator\\\/#primaryimage\"},\"thumbnailUrl\":\"https:\\\/\\\/wp.kristdemokraterna.se\\\/hakanjohansson\\\/files\\\/2015\\\/05\\\/20150504_flexator.jpg\",\"datePublished\":\"2015-05-04T14:40:39+00:00\",\"dateModified\":\"2015-05-17T19:16:13+00:00\",\"author\":{\"@id\":\"https:\\\/\\\/wp.kristdemokraterna.se\\\/hakanjohansson\\\/#\\\/schema\\\/person\\\/1ebb24d2d3a4cdd92106ea18359c8b63\"},\"breadcrumb\":{\"@id\":\"https:\\\/\\\/wp.kristdemokraterna.se\\\/hakanjohansson\\\/2015\\\/05\\\/04\\\/larorikt-studiebesok-pa-flexator\\\/#breadcrumb\"},\"inLanguage\":\"sv-SE\",\"potentialAction\":[{\"@type\":\"ReadAction\",\"target\":[\"https:\\\/\\\/wp.kristdemokraterna.se\\\/hakanjohansson\\\/2015\\\/05\\\/04\\\/larorikt-studiebesok-pa-flexator\\\/\"]}]},{\"@type\":\"ImageObject\",\"inLanguage\":\"sv-SE\",\"@id\":\"https:\\\/\\\/wp.kristdemokraterna.se\\\/hakanjohansson\\\/2015\\\/05\\\/04\\\/larorikt-studiebesok-pa-flexator\\\/#primaryimage\",\"url\":\"https:\\\/\\\/wp.kristdemokraterna.se\\\/hakanjohansson\\\/files\\\/2015\\\/05\\\/20150504_flexator.jpg\",\"contentUrl\":\"https:\\\/\\\/wp.kristdemokraterna.se\\\/hakanjohansson\\\/files\\\/2015\\\/05\\\/20150504_flexator.jpg\",\"width\":800,\"height\":531,\"caption\":\"H\u00e4r st\u00e5r vi framf\u00f6r en av modulerna till folkh\u00f6gskolans nya elevboende inne i Flexators fabrik i Anneberg. (Foto: ?)\"},{\"@type\":\"BreadcrumbList\",\"@id\":\"https:\\\/\\\/wp.kristdemokraterna.se\\\/hakanjohansson\\\/2015\\\/05\\\/04\\\/larorikt-studiebesok-pa-flexator\\\/#breadcrumb\",\"itemListElement\":[{\"@type\":\"ListItem\",\"position\":1,\"name\":\"Hem\",\"item\":\"https:\\\/\\\/wp.kristdemokraterna.se\\\/hakanjohansson\\\/\"},{\"@type\":\"ListItem\",\"position\":2,\"name\":\"L\u00e4rorikt studiebes\u00f6k p\u00e5 Flexator\"}]},{\"@type\":\"WebSite\",\"@id\":\"https:\\\/\\\/wp.kristdemokraterna.se\\\/hakanjohansson\\\/#website\",\"url\":\"https:\\\/\\\/wp.kristdemokraterna.se\\\/hakanjohansson\\\/\",\"name\":\"H\u00e5kan Johansson, KD\",\"description\":\"Politik, musik och teknik...\",\"inLanguage\":\"sv-SE\"},{\"@type\":\"Person\",\"@id\":\"https:\\\/\\\/wp.kristdemokraterna.se\\\/hakanjohansson\\\/#\\\/schema\\\/person\\\/1ebb24d2d3a4cdd92106ea18359c8b63\",\"name\":\"H\u00e5kan Johansson\",\"image\":{\"@type\":\"ImageObject\",\"inLanguage\":\"sv-SE\",\"@id\":\"https:\\\/\\\/secure.gravatar.com\\\/avatar\\\/2f492f08c4bdc714d7db0d433c48b51adbc8f67dd2112ac3a50d66d0d1ddd173?s=96&r=g\",\"url\":\"https:\\\/\\\/secure.gravatar.com\\\/avatar\\\/2f492f08c4bdc714d7db0d433c48b51adbc8f67dd2112ac3a50d66d0d1ddd173?s=96&r=g\",\"contentUrl\":\"https:\\\/\\\/secure.gravatar.com\\\/avatar\\\/2f492f08c4bdc714d7db0d433c48b51adbc8f67dd2112ac3a50d66d0d1ddd173?s=96&r=g\",\"caption\":\"H\u00e5kan Johansson\"},\"description\":\"Politik, musik och teknik...\",\"sameAs\":[\"https:\\\/\\\/wp.kristdemokraterna.se\\\/hakanjohansson\"],\"url\":\"https:\\\/\\\/wp.kristdemokraterna.se\\\/hakanjohansson\\\/author\\\/hakanjohansson\\\/\"}]}<\/script>\n<!-- \/ Yoast SEO plugin. -->","yoast_head_json":{"title":"L\u00e4rorikt studiebes\u00f6k p\u00e5 Flexator - H\u00e5kan Johansson, KD","robots":{"index":"index","follow":"follow","max-snippet":"max-snippet:-1","max-image-preview":"max-image-preview:large","max-video-preview":"max-video-preview:-1"},"canonical":"https:\/\/wp.kristdemokraterna.se\/hakanjohansson\/2015\/05\/04\/larorikt-studiebesok-pa-flexator\/","og_locale":"sv_SE","og_type":"article","og_title":"L\u00e4rorikt studiebes\u00f6k p\u00e5 Flexator - H\u00e5kan Johansson, KD","og_description":"I dag har jag varit i Anneberg och tittat p\u00e5 Flexators anl\u00e4ggning d\u00e4r. Flexator bygger modulbyggnader, exempelvis skolor, kontor och studentbost\u00e4der. Det \u00e4r de som bygger folkh\u00f6gskolans nya elevboende. Deras produktionsanl\u00e4ggning\u00a0\u00e4r klart imponerande\u00a0\u2013 allt byggs\u00a0inomhus, s\u00e5 de\u00a0\u00e4r inte beroende av v\u00e4dret och de anst\u00e4llda byggarna har alltid en schysst arbetsmilj\u00f6. Dessutom leder\u00a0arbetss\u00e4ttet till l\u00e4gre kostnader&hellip; Forts\u00e4tt l\u00e4sa","og_url":"https:\/\/wp.kristdemokraterna.se\/hakanjohansson\/2015\/05\/04\/larorikt-studiebesok-pa-flexator\/","og_site_name":"H\u00e5kan Johansson, KD","article_published_time":"2015-05-04T14:40:39+00:00","article_modified_time":"2015-05-17T19:16:13+00:00","og_image":[{"width":800,"height":531,"url":"https:\/\/wp.kristdemokraterna.se\/hakanjohansson\/files\/2015\/05\/20150504_flexator.jpg","type":"image\/jpeg"}],"author":"H\u00e5kan Johansson","twitter_card":"summary_large_image","twitter_misc":{"Skriven av":"H\u00e5kan Johansson","Ber\u00e4knad l\u00e4stid":"1 minut"},"schema":{"@context":"https:\/\/schema.org","@graph":[{"@type":"Article","@id":"https:\/\/wp.kristdemokraterna.se\/hakanjohansson\/2015\/05\/04\/larorikt-studiebesok-pa-flexator\/#article","isPartOf":{"@id":"https:\/\/wp.kristdemokraterna.se\/hakanjohansson\/2015\/05\/04\/larorikt-studiebesok-pa-flexator\/"},"author":{"name":"H\u00e5kan Johansson","@id":"https:\/\/wp.kristdemokraterna.se\/hakanjohansson\/#\/schema\/person\/1ebb24d2d3a4cdd92106ea18359c8b63"},"headline":"L\u00e4rorikt studiebes\u00f6k p\u00e5 Flexator","datePublished":"2015-05-04T14:40:39+00:00","dateModified":"2015-05-17T19:16:13+00:00","mainEntityOfPage":{"@id":"https:\/\/wp.kristdemokraterna.se\/hakanjohansson\/2015\/05\/04\/larorikt-studiebesok-pa-flexator\/"},"wordCount":273,"image":{"@id":"https:\/\/wp.kristdemokraterna.se\/hakanjohansson\/2015\/05\/04\/larorikt-studiebesok-pa-flexator\/#primaryimage"},"thumbnailUrl":"https:\/\/wp.kristdemokraterna.se\/hakanjohansson\/files\/2015\/05\/20150504_flexator.jpg","keywords":["Anneberg","arbetsmilj\u00f6","bygglov","elevboende","Flexator","f\u00f6rfr\u00e5gningsunderlag","industriellt byggande","kontor","kostnader","Milj\u00f6- och stadsbyggnadsn\u00e4mnden","modulbyggande","modulbyggnad","produktion","skola","studentbost\u00e4der","tidningsartikel","upphandling","upphandlingspolitiker","V\u00e4rnamo folkh\u00f6gskola"],"articleSection":["Inl\u00e4gg"],"inLanguage":"sv-SE"},{"@type":"WebPage","@id":"https:\/\/wp.kristdemokraterna.se\/hakanjohansson\/2015\/05\/04\/larorikt-studiebesok-pa-flexator\/","url":"https:\/\/wp.kristdemokraterna.se\/hakanjohansson\/2015\/05\/04\/larorikt-studiebesok-pa-flexator\/","name":"L\u00e4rorikt studiebes\u00f6k p\u00e5 Flexator - H\u00e5kan Johansson, KD","isPartOf":{"@id":"https:\/\/wp.kristdemokraterna.se\/hakanjohansson\/#website"},"primaryImageOfPage":{"@id":"https:\/\/wp.kristdemokraterna.se\/hakanjohansson\/2015\/05\/04\/larorikt-studiebesok-pa-flexator\/#primaryimage"},"image":{"@id":"https:\/\/wp.kristdemokraterna.se\/hakanjohansson\/2015\/05\/04\/larorikt-studiebesok-pa-flexator\/#primaryimage"},"thumbnailUrl":"https:\/\/wp.kristdemokraterna.se\/hakanjohansson\/files\/2015\/05\/20150504_flexator.jpg","datePublished":"2015-05-04T14:40:39+00:00","dateModified":"2015-05-17T19:16:13+00:00","author":{"@id":"https:\/\/wp.kristdemokraterna.se\/hakanjohansson\/#\/schema\/person\/1ebb24d2d3a4cdd92106ea18359c8b63"},"breadcrumb":{"@id":"https:\/\/wp.kristdemokraterna.se\/hakanjohansson\/2015\/05\/04\/larorikt-studiebesok-pa-flexator\/#breadcrumb"},"inLanguage":"sv-SE","potentialAction":[{"@type":"ReadAction","target":["https:\/\/wp.kristdemokraterna.se\/hakanjohansson\/2015\/05\/04\/larorikt-studiebesok-pa-flexator\/"]}]},{"@type":"ImageObject","inLanguage":"sv-SE","@id":"https:\/\/wp.kristdemokraterna.se\/hakanjohansson\/2015\/05\/04\/larorikt-studiebesok-pa-flexator\/#primaryimage","url":"https:\/\/wp.kristdemokraterna.se\/hakanjohansson\/files\/2015\/05\/20150504_flexator.jpg","contentUrl":"https:\/\/wp.kristdemokraterna.se\/hakanjohansson\/files\/2015\/05\/20150504_flexator.jpg","width":800,"height":531,"caption":"H\u00e4r st\u00e5r vi framf\u00f6r en av modulerna till folkh\u00f6gskolans nya elevboende inne i Flexators fabrik i Anneberg. (Foto: ?)"},{"@type":"BreadcrumbList","@id":"https:\/\/wp.kristdemokraterna.se\/hakanjohansson\/2015\/05\/04\/larorikt-studiebesok-pa-flexator\/#breadcrumb","itemListElement":[{"@type":"ListItem","position":1,"name":"Hem","item":"https:\/\/wp.kristdemokraterna.se\/hakanjohansson\/"},{"@type":"ListItem","position":2,"name":"L\u00e4rorikt studiebes\u00f6k p\u00e5 Flexator"}]},{"@type":"WebSite","@id":"https:\/\/wp.kristdemokraterna.se\/hakanjohansson\/#website","url":"https:\/\/wp.kristdemokraterna.se\/hakanjohansson\/","name":"H\u00e5kan Johansson, KD","description":"Politik, musik och teknik...","inLanguage":"sv-SE"},{"@type":"Person","@id":"https:\/\/wp.kristdemokraterna.se\/hakanjohansson\/#\/schema\/person\/1ebb24d2d3a4cdd92106ea18359c8b63","name":"H\u00e5kan Johansson","image":{"@type":"ImageObject","inLanguage":"sv-SE","@id":"https:\/\/secure.gravatar.com\/avatar\/2f492f08c4bdc714d7db0d433c48b51adbc8f67dd2112ac3a50d66d0d1ddd173?s=96&r=g","url":"https:\/\/secure.gravatar.com\/avatar\/2f492f08c4bdc714d7db0d433c48b51adbc8f67dd2112ac3a50d66d0d1ddd173?s=96&r=g","contentUrl":"https:\/\/secure.gravatar.com\/avatar\/2f492f08c4bdc714d7db0d433c48b51adbc8f67dd2112ac3a50d66d0d1ddd173?s=96&r=g","caption":"H\u00e5kan Johansson"},"description":"Politik, musik och teknik...","sameAs":["https:\/\/wp.kristdemokraterna.se\/hakanjohansson"],"url":"https:\/\/wp.kristdemokraterna.se\/hakanjohansson\/author\/hakanjohansson\/"}]}},"_links":{"self":[{"href":"https:\/\/wp.kristdemokraterna.se\/hakanjohansson\/wp-json\/wp\/v2\/posts\/1947","targetHints":{"allow":["GET"]}}],"collection":[{"href":"https:\/\/wp.kristdemokraterna.se\/hakanjohansson\/wp-json\/wp\/v2\/posts"}],"about":[{"href":"https:\/\/wp.kristdemokraterna.se\/hakanjohansson\/wp-json\/wp\/v2\/types\/post"}],"author":[{"embeddable":true,"href":"https:\/\/wp.kristdemokraterna.se\/hakanjohansson\/wp-json\/wp\/v2\/users\/507"}],"replies":[{"embeddable":true,"href":"https:\/\/wp.kristdemokraterna.se\/hakanjohansson\/wp-json\/wp\/v2\/comments?post=1947"}],"version-history":[{"count":7,"href":"https:\/\/wp.kristdemokraterna.se\/hakanjohansson\/wp-json\/wp\/v2\/posts\/1947\/revisions"}],"predecessor-version":[{"id":1954,"href":"https:\/\/wp.kristdemokraterna.se\/hakanjohansson\/wp-json\/wp\/v2\/posts\/1947\/revisions\/1954"}],"wp:featuredmedia":[{"embeddable":true,"href":"https:\/\/wp.kristdemokraterna.se\/hakanjohansson\/wp-json\/wp\/v2\/media\/1934"}],"wp:attachment":[{"href":"https:\/\/wp.kristdemokraterna.se\/hakanjohansson\/wp-json\/wp\/v2\/media?parent=1947"}],"wp:term":[{"taxonomy":"category","embeddable":true,"href":"https:\/\/wp.kristdemokraterna.se\/hakanjohansson\/wp-json\/wp\/v2\/categories?post=1947"},{"taxonomy":"post_tag","embeddable":true,"href":"https:\/\/wp.kristdemokraterna.se\/hakanjohansson\/wp-json\/wp\/v2\/tags?post=1947"}],"curies":[{"name":"wp","href":"https:\/\/api.w.org\/{rel}","templated":true}]}}