{"id":1958,"date":"2015-05-08T21:33:40","date_gmt":"2015-05-08T19:33:40","guid":{"rendered":"http:\/\/wp.kristdemokraterna.se\/hakanjohansson\/?p=1958"},"modified":"2015-05-26T23:00:20","modified_gmt":"2015-05-26T21:00:20","slug":"namndutbildning-med-lite-av-varje","status":"publish","type":"post","link":"https:\/\/wp.kristdemokraterna.se\/hakanjohansson\/2015\/05\/08\/namndutbildning-med-lite-av-varje\/","title":{"rendered":"N\u00e4mndutbildning med lite av varje"},"content":{"rendered":"<p>Milj\u00f6- och stadsbyggnadsn\u00e4mnden har en omfattande verksamhet. Vi har redan haft en <a href=\"http:\/\/wp.kristdemokraterna.se\/hakanjohansson\/2015\/02\/17\/i-dag-har-jag-salt-en-bra-bit-av-bredaryd\/\">utbildningsf\u00f6rmiddag<\/a> f\u00f6r n\u00e4mndens ledam\u00f6ter om plan- och byggfr\u00e5gor. P\u00e5 utbildningen i dag lyfte vi fram en m\u00e4ngd skilda saker som m\u00e4tning, geografiska informationssystem (GIS),\u00a0markhantering, exploateringsfr\u00e5gor, milj\u00f6- och h\u00e4lsoskydd, livsmedel, alkohol och brandfarlig vara. Allt detta, och mycket mer, \u00e4r omr\u00e5den som n\u00e4mnden har f\u00e5tt Kommunfullm\u00e4ktiges delegation att ge tillst\u00e5nd och ut\u00f6va tillsyn inom. Det \u00e4r mycket att s\u00e4tta sig in i, men ocks\u00e5 ett v\u00e4ldigt omv\u00e4xlande och stimulerande uppdrag.<\/p>\n","protected":false},"excerpt":{"rendered":"<p>Milj\u00f6- och stadsbyggnadsn\u00e4mnden har en omfattande verksamhet. Vi har redan haft en utbildningsf\u00f6rmiddag f\u00f6r n\u00e4mndens ledam\u00f6ter om plan- och byggfr\u00e5gor. P\u00e5 utbildningen i dag lyfte vi fram en m\u00e4ngd skilda saker som m\u00e4tning, geografiska informationssystem (GIS),\u00a0markhantering, exploateringsfr\u00e5gor, milj\u00f6- och h\u00e4lsoskydd, livsmedel, alkohol och brandfarlig vara. Allt detta, och mycket mer, \u00e4r omr\u00e5den som n\u00e4mnden har&hellip; <a class=\"read-more-link\" href=\"https:\/\/wp.kristdemokraterna.se\/hakanjohansson\/2015\/05\/08\/namndutbildning-med-lite-av-varje\/\">Forts\u00e4tt l\u00e4sa<\/a><\/p>\n","protected":false},"author":507,"featured_media":123,"comment_status":"closed","ping_status":"closed","sticky":false,"template":"","format":"standard","meta":{"_acf_changed":false,"footnotes":""},"categories":[41],"tags":[189,31,1301,181,90],"class_list":["post-1958","post","type-post","status-publish","format-standard","hentry","category-inlagg","tag-kommunfullmaktige","tag-miljo-och-stadsbyggnadsnamnden","tag-tillstand","tag-tillsyn","tag-utbildning"],"acf":[],"yoast_head":"<!-- This site is optimized with the Yoast SEO plugin v27.5 - https:\/\/yoast.com\/product\/yoast-seo-wordpress\/ -->\n<title>N\u00e4mndutbildning med lite av varje - H\u00e5kan Johansson, KD<\/title>\n<meta name=\"robots\" content=\"index, follow, max-snippet:-1, max-image-preview:large, max-video-preview:-1\" \/>\n<link rel=\"canonical\" href=\"https:\/\/wp.kristdemokraterna.se\/hakanjohansson\/2015\/05\/08\/namndutbildning-med-lite-av-varje\/\" \/>\n<meta property=\"og:locale\" content=\"sv_SE\" \/>\n<meta property=\"og:type\" content=\"article\" \/>\n<meta property=\"og:title\" content=\"N\u00e4mndutbildning med lite av varje - H\u00e5kan Johansson, KD\" \/>\n<meta property=\"og:description\" content=\"Milj\u00f6- och stadsbyggnadsn\u00e4mnden har en omfattande verksamhet. Vi har redan haft en utbildningsf\u00f6rmiddag f\u00f6r n\u00e4mndens ledam\u00f6ter om plan- och byggfr\u00e5gor. P\u00e5 utbildningen i dag lyfte vi fram en m\u00e4ngd skilda saker som m\u00e4tning, geografiska informationssystem (GIS),\u00a0markhantering, exploateringsfr\u00e5gor, milj\u00f6- och h\u00e4lsoskydd, livsmedel, alkohol och brandfarlig vara. Allt detta, och mycket mer, \u00e4r omr\u00e5den som n\u00e4mnden har&hellip; Forts\u00e4tt l\u00e4sa\" \/>\n<meta property=\"og:url\" content=\"https:\/\/wp.kristdemokraterna.se\/hakanjohansson\/2015\/05\/08\/namndutbildning-med-lite-av-varje\/\" \/>\n<meta property=\"og:site_name\" content=\"H\u00e5kan Johansson, KD\" \/>\n<meta property=\"article:published_time\" content=\"2015-05-08T19:33:40+00:00\" \/>\n<meta property=\"article:modified_time\" content=\"2015-05-26T21:00:20+00:00\" \/>\n<meta property=\"og:image\" content=\"https:\/\/wp.kristdemokraterna.se\/hakanjohansson\/files\/2014\/06\/hakan_johansson_2013.png\" \/>\n\t<meta property=\"og:image:width\" content=\"256\" \/>\n\t<meta property=\"og:image:height\" content=\"300\" \/>\n\t<meta property=\"og:image:type\" content=\"image\/png\" \/>\n<meta name=\"author\" content=\"H\u00e5kan Johansson\" \/>\n<meta name=\"twitter:card\" content=\"summary_large_image\" \/>\n<meta name=\"twitter:label1\" content=\"Skriven av\" \/>\n\t<meta name=\"twitter:data1\" content=\"H\u00e5kan Johansson\" \/>\n\t<meta name=\"twitter:label2\" content=\"Ber\u00e4knad l\u00e4stid\" \/>\n\t<meta name=\"twitter:data2\" content=\"1 minut\" \/>\n<script type=\"application\/ld+json\" class=\"yoast-schema-graph\">{\"@context\":\"https:\\\/\\\/schema.org\",\"@graph\":[{\"@type\":\"Article\",\"@id\":\"https:\\\/\\\/wp.kristdemokraterna.se\\\/hakanjohansson\\\/2015\\\/05\\\/08\\\/namndutbildning-med-lite-av-varje\\\/#article\",\"isPartOf\":{\"@id\":\"https:\\\/\\\/wp.kristdemokraterna.se\\\/hakanjohansson\\\/2015\\\/05\\\/08\\\/namndutbildning-med-lite-av-varje\\\/\"},\"author\":{\"name\":\"H\u00e5kan Johansson\",\"@id\":\"https:\\\/\\\/wp.kristdemokraterna.se\\\/hakanjohansson\\\/#\\\/schema\\\/person\\\/1ebb24d2d3a4cdd92106ea18359c8b63\"},\"headline\":\"N\u00e4mndutbildning med lite av varje\",\"datePublished\":\"2015-05-08T19:33:40+00:00\",\"dateModified\":\"2015-05-26T21:00:20+00:00\",\"mainEntityOfPage\":{\"@id\":\"https:\\\/\\\/wp.kristdemokraterna.se\\\/hakanjohansson\\\/2015\\\/05\\\/08\\\/namndutbildning-med-lite-av-varje\\\/\"},\"wordCount\":109,\"image\":{\"@id\":\"https:\\\/\\\/wp.kristdemokraterna.se\\\/hakanjohansson\\\/2015\\\/05\\\/08\\\/namndutbildning-med-lite-av-varje\\\/#primaryimage\"},\"thumbnailUrl\":\"https:\\\/\\\/wp.kristdemokraterna.se\\\/hakanjohansson\\\/files\\\/2014\\\/06\\\/hakan_johansson_2013.png\",\"keywords\":[\"Kommunfullm\u00e4ktige\",\"Milj\u00f6- och stadsbyggnadsn\u00e4mnden\",\"tillst\u00e5nd\",\"tillsyn\",\"utbildning\"],\"articleSection\":[\"Inl\u00e4gg\"],\"inLanguage\":\"sv-SE\"},{\"@type\":\"WebPage\",\"@id\":\"https:\\\/\\\/wp.kristdemokraterna.se\\\/hakanjohansson\\\/2015\\\/05\\\/08\\\/namndutbildning-med-lite-av-varje\\\/\",\"url\":\"https:\\\/\\\/wp.kristdemokraterna.se\\\/hakanjohansson\\\/2015\\\/05\\\/08\\\/namndutbildning-med-lite-av-varje\\\/\",\"name\":\"N\u00e4mndutbildning med lite av varje - H\u00e5kan Johansson, KD\",\"isPartOf\":{\"@id\":\"https:\\\/\\\/wp.kristdemokraterna.se\\\/hakanjohansson\\\/#website\"},\"primaryImageOfPage\":{\"@id\":\"https:\\\/\\\/wp.kristdemokraterna.se\\\/hakanjohansson\\\/2015\\\/05\\\/08\\\/namndutbildning-med-lite-av-varje\\\/#primaryimage\"},\"image\":{\"@id\":\"https:\\\/\\\/wp.kristdemokraterna.se\\\/hakanjohansson\\\/2015\\\/05\\\/08\\\/namndutbildning-med-lite-av-varje\\\/#primaryimage\"},\"thumbnailUrl\":\"https:\\\/\\\/wp.kristdemokraterna.se\\\/hakanjohansson\\\/files\\\/2014\\\/06\\\/hakan_johansson_2013.png\",\"datePublished\":\"2015-05-08T19:33:40+00:00\",\"dateModified\":\"2015-05-26T21:00:20+00:00\",\"author\":{\"@id\":\"https:\\\/\\\/wp.kristdemokraterna.se\\\/hakanjohansson\\\/#\\\/schema\\\/person\\\/1ebb24d2d3a4cdd92106ea18359c8b63\"},\"breadcrumb\":{\"@id\":\"https:\\\/\\\/wp.kristdemokraterna.se\\\/hakanjohansson\\\/2015\\\/05\\\/08\\\/namndutbildning-med-lite-av-varje\\\/#breadcrumb\"},\"inLanguage\":\"sv-SE\",\"potentialAction\":[{\"@type\":\"ReadAction\",\"target\":[\"https:\\\/\\\/wp.kristdemokraterna.se\\\/hakanjohansson\\\/2015\\\/05\\\/08\\\/namndutbildning-med-lite-av-varje\\\/\"]}]},{\"@type\":\"ImageObject\",\"inLanguage\":\"sv-SE\",\"@id\":\"https:\\\/\\\/wp.kristdemokraterna.se\\\/hakanjohansson\\\/2015\\\/05\\\/08\\\/namndutbildning-med-lite-av-varje\\\/#primaryimage\",\"url\":\"https:\\\/\\\/wp.kristdemokraterna.se\\\/hakanjohansson\\\/files\\\/2014\\\/06\\\/hakan_johansson_2013.png\",\"contentUrl\":\"https:\\\/\\\/wp.kristdemokraterna.se\\\/hakanjohansson\\\/files\\\/2014\\\/06\\\/hakan_johansson_2013.png\",\"width\":256,\"height\":300,\"caption\":\"H\u00e5kan Johansson, Kristdemokraterna V\u00e4rnamo. (Foto: Lennart Molin)\"},{\"@type\":\"BreadcrumbList\",\"@id\":\"https:\\\/\\\/wp.kristdemokraterna.se\\\/hakanjohansson\\\/2015\\\/05\\\/08\\\/namndutbildning-med-lite-av-varje\\\/#breadcrumb\",\"itemListElement\":[{\"@type\":\"ListItem\",\"position\":1,\"name\":\"Hem\",\"item\":\"https:\\\/\\\/wp.kristdemokraterna.se\\\/hakanjohansson\\\/\"},{\"@type\":\"ListItem\",\"position\":2,\"name\":\"N\u00e4mndutbildning med lite av varje\"}]},{\"@type\":\"WebSite\",\"@id\":\"https:\\\/\\\/wp.kristdemokraterna.se\\\/hakanjohansson\\\/#website\",\"url\":\"https:\\\/\\\/wp.kristdemokraterna.se\\\/hakanjohansson\\\/\",\"name\":\"H\u00e5kan Johansson, KD\",\"description\":\"Politik, musik och teknik...\",\"inLanguage\":\"sv-SE\"},{\"@type\":\"Person\",\"@id\":\"https:\\\/\\\/wp.kristdemokraterna.se\\\/hakanjohansson\\\/#\\\/schema\\\/person\\\/1ebb24d2d3a4cdd92106ea18359c8b63\",\"name\":\"H\u00e5kan Johansson\",\"image\":{\"@type\":\"ImageObject\",\"inLanguage\":\"sv-SE\",\"@id\":\"https:\\\/\\\/secure.gravatar.com\\\/avatar\\\/2f492f08c4bdc714d7db0d433c48b51adbc8f67dd2112ac3a50d66d0d1ddd173?s=96&r=g\",\"url\":\"https:\\\/\\\/secure.gravatar.com\\\/avatar\\\/2f492f08c4bdc714d7db0d433c48b51adbc8f67dd2112ac3a50d66d0d1ddd173?s=96&r=g\",\"contentUrl\":\"https:\\\/\\\/secure.gravatar.com\\\/avatar\\\/2f492f08c4bdc714d7db0d433c48b51adbc8f67dd2112ac3a50d66d0d1ddd173?s=96&r=g\",\"caption\":\"H\u00e5kan Johansson\"},\"description\":\"Politik, musik och teknik...\",\"sameAs\":[\"https:\\\/\\\/wp.kristdemokraterna.se\\\/hakanjohansson\"],\"url\":\"https:\\\/\\\/wp.kristdemokraterna.se\\\/hakanjohansson\\\/author\\\/hakanjohansson\\\/\"}]}<\/script>\n<!-- \/ Yoast SEO plugin. -->","yoast_head_json":{"title":"N\u00e4mndutbildning med lite av varje - H\u00e5kan Johansson, KD","robots":{"index":"index","follow":"follow","max-snippet":"max-snippet:-1","max-image-preview":"max-image-preview:large","max-video-preview":"max-video-preview:-1"},"canonical":"https:\/\/wp.kristdemokraterna.se\/hakanjohansson\/2015\/05\/08\/namndutbildning-med-lite-av-varje\/","og_locale":"sv_SE","og_type":"article","og_title":"N\u00e4mndutbildning med lite av varje - H\u00e5kan Johansson, KD","og_description":"Milj\u00f6- och stadsbyggnadsn\u00e4mnden har en omfattande verksamhet. Vi har redan haft en utbildningsf\u00f6rmiddag f\u00f6r n\u00e4mndens ledam\u00f6ter om plan- och byggfr\u00e5gor. P\u00e5 utbildningen i dag lyfte vi fram en m\u00e4ngd skilda saker som m\u00e4tning, geografiska informationssystem (GIS),\u00a0markhantering, exploateringsfr\u00e5gor, milj\u00f6- och h\u00e4lsoskydd, livsmedel, alkohol och brandfarlig vara. Allt detta, och mycket mer, \u00e4r omr\u00e5den som n\u00e4mnden har&hellip; Forts\u00e4tt l\u00e4sa","og_url":"https:\/\/wp.kristdemokraterna.se\/hakanjohansson\/2015\/05\/08\/namndutbildning-med-lite-av-varje\/","og_site_name":"H\u00e5kan Johansson, KD","article_published_time":"2015-05-08T19:33:40+00:00","article_modified_time":"2015-05-26T21:00:20+00:00","og_image":[{"width":256,"height":300,"url":"https:\/\/wp.kristdemokraterna.se\/hakanjohansson\/files\/2014\/06\/hakan_johansson_2013.png","type":"image\/png"}],"author":"H\u00e5kan Johansson","twitter_card":"summary_large_image","twitter_misc":{"Skriven av":"H\u00e5kan Johansson","Ber\u00e4knad l\u00e4stid":"1 minut"},"schema":{"@context":"https:\/\/schema.org","@graph":[{"@type":"Article","@id":"https:\/\/wp.kristdemokraterna.se\/hakanjohansson\/2015\/05\/08\/namndutbildning-med-lite-av-varje\/#article","isPartOf":{"@id":"https:\/\/wp.kristdemokraterna.se\/hakanjohansson\/2015\/05\/08\/namndutbildning-med-lite-av-varje\/"},"author":{"name":"H\u00e5kan Johansson","@id":"https:\/\/wp.kristdemokraterna.se\/hakanjohansson\/#\/schema\/person\/1ebb24d2d3a4cdd92106ea18359c8b63"},"headline":"N\u00e4mndutbildning med lite av varje","datePublished":"2015-05-08T19:33:40+00:00","dateModified":"2015-05-26T21:00:20+00:00","mainEntityOfPage":{"@id":"https:\/\/wp.kristdemokraterna.se\/hakanjohansson\/2015\/05\/08\/namndutbildning-med-lite-av-varje\/"},"wordCount":109,"image":{"@id":"https:\/\/wp.kristdemokraterna.se\/hakanjohansson\/2015\/05\/08\/namndutbildning-med-lite-av-varje\/#primaryimage"},"thumbnailUrl":"https:\/\/wp.kristdemokraterna.se\/hakanjohansson\/files\/2014\/06\/hakan_johansson_2013.png","keywords":["Kommunfullm\u00e4ktige","Milj\u00f6- och stadsbyggnadsn\u00e4mnden","tillst\u00e5nd","tillsyn","utbildning"],"articleSection":["Inl\u00e4gg"],"inLanguage":"sv-SE"},{"@type":"WebPage","@id":"https:\/\/wp.kristdemokraterna.se\/hakanjohansson\/2015\/05\/08\/namndutbildning-med-lite-av-varje\/","url":"https:\/\/wp.kristdemokraterna.se\/hakanjohansson\/2015\/05\/08\/namndutbildning-med-lite-av-varje\/","name":"N\u00e4mndutbildning med lite av varje - H\u00e5kan Johansson, KD","isPartOf":{"@id":"https:\/\/wp.kristdemokraterna.se\/hakanjohansson\/#website"},"primaryImageOfPage":{"@id":"https:\/\/wp.kristdemokraterna.se\/hakanjohansson\/2015\/05\/08\/namndutbildning-med-lite-av-varje\/#primaryimage"},"image":{"@id":"https:\/\/wp.kristdemokraterna.se\/hakanjohansson\/2015\/05\/08\/namndutbildning-med-lite-av-varje\/#primaryimage"},"thumbnailUrl":"https:\/\/wp.kristdemokraterna.se\/hakanjohansson\/files\/2014\/06\/hakan_johansson_2013.png","datePublished":"2015-05-08T19:33:40+00:00","dateModified":"2015-05-26T21:00:20+00:00","author":{"@id":"https:\/\/wp.kristdemokraterna.se\/hakanjohansson\/#\/schema\/person\/1ebb24d2d3a4cdd92106ea18359c8b63"},"breadcrumb":{"@id":"https:\/\/wp.kristdemokraterna.se\/hakanjohansson\/2015\/05\/08\/namndutbildning-med-lite-av-varje\/#breadcrumb"},"inLanguage":"sv-SE","potentialAction":[{"@type":"ReadAction","target":["https:\/\/wp.kristdemokraterna.se\/hakanjohansson\/2015\/05\/08\/namndutbildning-med-lite-av-varje\/"]}]},{"@type":"ImageObject","inLanguage":"sv-SE","@id":"https:\/\/wp.kristdemokraterna.se\/hakanjohansson\/2015\/05\/08\/namndutbildning-med-lite-av-varje\/#primaryimage","url":"https:\/\/wp.kristdemokraterna.se\/hakanjohansson\/files\/2014\/06\/hakan_johansson_2013.png","contentUrl":"https:\/\/wp.kristdemokraterna.se\/hakanjohansson\/files\/2014\/06\/hakan_johansson_2013.png","width":256,"height":300,"caption":"H\u00e5kan Johansson, Kristdemokraterna V\u00e4rnamo. (Foto: Lennart Molin)"},{"@type":"BreadcrumbList","@id":"https:\/\/wp.kristdemokraterna.se\/hakanjohansson\/2015\/05\/08\/namndutbildning-med-lite-av-varje\/#breadcrumb","itemListElement":[{"@type":"ListItem","position":1,"name":"Hem","item":"https:\/\/wp.kristdemokraterna.se\/hakanjohansson\/"},{"@type":"ListItem","position":2,"name":"N\u00e4mndutbildning med lite av varje"}]},{"@type":"WebSite","@id":"https:\/\/wp.kristdemokraterna.se\/hakanjohansson\/#website","url":"https:\/\/wp.kristdemokraterna.se\/hakanjohansson\/","name":"H\u00e5kan Johansson, KD","description":"Politik, musik och teknik...","inLanguage":"sv-SE"},{"@type":"Person","@id":"https:\/\/wp.kristdemokraterna.se\/hakanjohansson\/#\/schema\/person\/1ebb24d2d3a4cdd92106ea18359c8b63","name":"H\u00e5kan Johansson","image":{"@type":"ImageObject","inLanguage":"sv-SE","@id":"https:\/\/secure.gravatar.com\/avatar\/2f492f08c4bdc714d7db0d433c48b51adbc8f67dd2112ac3a50d66d0d1ddd173?s=96&r=g","url":"https:\/\/secure.gravatar.com\/avatar\/2f492f08c4bdc714d7db0d433c48b51adbc8f67dd2112ac3a50d66d0d1ddd173?s=96&r=g","contentUrl":"https:\/\/secure.gravatar.com\/avatar\/2f492f08c4bdc714d7db0d433c48b51adbc8f67dd2112ac3a50d66d0d1ddd173?s=96&r=g","caption":"H\u00e5kan Johansson"},"description":"Politik, musik och teknik...","sameAs":["https:\/\/wp.kristdemokraterna.se\/hakanjohansson"],"url":"https:\/\/wp.kristdemokraterna.se\/hakanjohansson\/author\/hakanjohansson\/"}]}},"_links":{"self":[{"href":"https:\/\/wp.kristdemokraterna.se\/hakanjohansson\/wp-json\/wp\/v2\/posts\/1958","targetHints":{"allow":["GET"]}}],"collection":[{"href":"https:\/\/wp.kristdemokraterna.se\/hakanjohansson\/wp-json\/wp\/v2\/posts"}],"about":[{"href":"https:\/\/wp.kristdemokraterna.se\/hakanjohansson\/wp-json\/wp\/v2\/types\/post"}],"author":[{"embeddable":true,"href":"https:\/\/wp.kristdemokraterna.se\/hakanjohansson\/wp-json\/wp\/v2\/users\/507"}],"replies":[{"embeddable":true,"href":"https:\/\/wp.kristdemokraterna.se\/hakanjohansson\/wp-json\/wp\/v2\/comments?post=1958"}],"version-history":[{"count":3,"href":"https:\/\/wp.kristdemokraterna.se\/hakanjohansson\/wp-json\/wp\/v2\/posts\/1958\/revisions"}],"predecessor-version":[{"id":1964,"href":"https:\/\/wp.kristdemokraterna.se\/hakanjohansson\/wp-json\/wp\/v2\/posts\/1958\/revisions\/1964"}],"wp:featuredmedia":[{"embeddable":true,"href":"https:\/\/wp.kristdemokraterna.se\/hakanjohansson\/wp-json\/wp\/v2\/media\/123"}],"wp:attachment":[{"href":"https:\/\/wp.kristdemokraterna.se\/hakanjohansson\/wp-json\/wp\/v2\/media?parent=1958"}],"wp:term":[{"taxonomy":"category","embeddable":true,"href":"https:\/\/wp.kristdemokraterna.se\/hakanjohansson\/wp-json\/wp\/v2\/categories?post=1958"},{"taxonomy":"post_tag","embeddable":true,"href":"https:\/\/wp.kristdemokraterna.se\/hakanjohansson\/wp-json\/wp\/v2\/tags?post=1958"}],"curies":[{"name":"wp","href":"https:\/\/api.w.org\/{rel}","templated":true}]}}