{"id":2003,"date":"2015-06-13T22:30:33","date_gmt":"2015-06-13T20:30:33","guid":{"rendered":"http:\/\/wp.kristdemokraterna.se\/hakanjohansson\/?p=2003"},"modified":"2015-06-14T21:16:08","modified_gmt":"2015-06-14T19:16:08","slug":"hur-tolkar-man-attefall","status":"publish","type":"post","link":"https:\/\/wp.kristdemokraterna.se\/hakanjohansson\/2015\/06\/13\/hur-tolkar-man-attefall\/","title":{"rendered":"Hur tolkar man Attefall?"},"content":{"rendered":"<p class=\"pane-title\"><a href=\"http:\/\/vandalorum.se\/sv\/25-kvadrat-25-arkitekter-tolkar-attefall-136-188#overlay-context=user\" target=\"_blank\"><em>25 KVADRAT: 25 arkitekter tolkar Attefall<\/em><\/a> \u00e4r namnet p\u00e5 en av de utst\u00e4llningar som hade vernissage p\u00e5 Vandalorum i dag. Attefallshuset kanske inte \u00e4r 25 m\u00b2 som f\u00f6r\u00e4ndrar v\u00e4rlden, men det \u00e4r helt klart <a href=\"http:\/\/wp.kristdemokraterna.se\/varnamo\/2015\/06\/13\/attefall-invigde-utstallning-om-attefallshus\/\" target=\"_blank\">fascinerande att se all\u00a0kreativitet och skaparkraft de sl\u00e4pper fram!<\/a> \ud83d\ude42 Stefan Attefall, mannen som gett namn \u00e5t en helt ny byggnadstyp, var naturligtvis d\u00e4r tillsammans med hustrun Cecilia. Alltid lika roligt att tr\u00e4ffa gamla v\u00e4nner!<\/p>\n<p class=\"pane-title\">\u2013\u00a0Ser med sp\u00e4nning fram emot nya kreativa infallsvinklar p\u00e5 f\u00f6rst\u00e5elsen av min man, kommenterade\u00a0Cecilia.<\/p>\n<p><!--more--><\/p>\n\n\t\t<style type=\"text\/css\">\n\t\t\t#gallery-1 {\n\t\t\t\tmargin: auto;\n\t\t\t}\n\t\t\t#gallery-1 .gallery-item {\n\t\t\t\tfloat: left;\n\t\t\t\tmargin-top: 10px;\n\t\t\t\ttext-align: center;\n\t\t\t\twidth: 33%;\n\t\t\t}\n\t\t\t#gallery-1 img {\n\t\t\t\tborder: 2px solid #cfcfcf;\n\t\t\t}\n\t\t\t#gallery-1 .gallery-caption {\n\t\t\t\tmargin-left: 0;\n\t\t\t}\n\t\t\t\/* see gallery_shortcode() in wp-includes\/media.php *\/\n\t\t<\/style>\n\t\t<div id='gallery-1' class='gallery galleryid-2003 gallery-columns-3 gallery-size-thumbnail'><dl class='gallery-item'>\n\t\t\t<dt class='gallery-icon landscape'>\n\t\t\t\t<a href='https:\/\/wp.kristdemokraterna.se\/hakanjohansson\/20150613-vandalorum-ceciliaochstefanattefall\/'><img loading=\"lazy\" decoding=\"async\" width=\"150\" height=\"150\" src=\"https:\/\/wp.kristdemokraterna.se\/hakanjohansson\/files\/2015\/06\/20150613_vandalorum_ceciliaochstefanattefall-150x150.jpg\" class=\"attachment-thumbnail size-thumbnail\" alt=\"Tr\u00e4ffade visst Cecilia och Stefan Attefall p\u00e5 Vandalorum i dag. Det var roligt! (Foto: H\u00e5kan Johansson)\" aria-describedby=\"gallery-1-2002\" \/><\/a>\n\t\t\t<\/dt>\n\t\t\t\t<dd class='wp-caption-text gallery-caption' id='gallery-1-2002'>\n\t\t\t\tTr\u00e4ffade visst Cecilia och Stefan Attefall p\u00e5 Vandalorum i dag. Det var roligt! (Foto: H\u00e5kan Johansson)\n\t\t\t\t<\/dd><\/dl>\n\t\t\t<br style='clear: both' \/>\n\t\t<\/div>\n\n","protected":false},"excerpt":{"rendered":"<p>25 KVADRAT: 25 arkitekter tolkar Attefall \u00e4r namnet p\u00e5 en av de utst\u00e4llningar som hade vernissage p\u00e5 Vandalorum i dag. Attefallshuset kanske inte \u00e4r 25 m\u00b2 som f\u00f6r\u00e4ndrar v\u00e4rlden, men det \u00e4r helt klart fascinerande att se all\u00a0kreativitet och skaparkraft de sl\u00e4pper fram! \ud83d\ude42 Stefan Attefall, mannen som gett namn \u00e5t en helt ny byggnadstyp,&hellip; <a class=\"read-more-link\" href=\"https:\/\/wp.kristdemokraterna.se\/hakanjohansson\/2015\/06\/13\/hur-tolkar-man-attefall\/\">Forts\u00e4tt l\u00e4sa<\/a><\/p>\n","protected":false},"author":507,"featured_media":2002,"comment_status":"closed","ping_status":"closed","sticky":false,"template":"","format":"standard","meta":{"_acf_changed":false,"footnotes":""},"categories":[41],"tags":[37,1361,411,1360,33,46],"class_list":["post-2003","post","type-post","status-publish","format-standard","hentry","category-inlagg","tag-attefallshus","tag-cecilia-attefall","tag-kreativitet","tag-skaparkraft","tag-stefan-attefall","tag-vandalorum"],"acf":[],"yoast_head":"<!-- This site is optimized with the Yoast SEO plugin v27.4 - https:\/\/yoast.com\/product\/yoast-seo-wordpress\/ -->\n<title>Hur tolkar man Attefall? - H\u00e5kan Johansson, KD<\/title>\n<meta name=\"robots\" content=\"index, follow, max-snippet:-1, max-image-preview:large, max-video-preview:-1\" \/>\n<link rel=\"canonical\" href=\"https:\/\/wp.kristdemokraterna.se\/hakanjohansson\/2015\/06\/13\/hur-tolkar-man-attefall\/\" \/>\n<meta property=\"og:locale\" content=\"sv_SE\" \/>\n<meta property=\"og:type\" content=\"article\" \/>\n<meta property=\"og:title\" content=\"Hur tolkar man Attefall? - H\u00e5kan Johansson, KD\" \/>\n<meta property=\"og:description\" content=\"25 KVADRAT: 25 arkitekter tolkar Attefall \u00e4r namnet p\u00e5 en av de utst\u00e4llningar som hade vernissage p\u00e5 Vandalorum i dag. Attefallshuset kanske inte \u00e4r 25 m\u00b2 som f\u00f6r\u00e4ndrar v\u00e4rlden, men det \u00e4r helt klart fascinerande att se all\u00a0kreativitet och skaparkraft de sl\u00e4pper fram! \ud83d\ude42 Stefan Attefall, mannen som gett namn \u00e5t en helt ny byggnadstyp,&hellip; Forts\u00e4tt l\u00e4sa\" \/>\n<meta property=\"og:url\" content=\"https:\/\/wp.kristdemokraterna.se\/hakanjohansson\/2015\/06\/13\/hur-tolkar-man-attefall\/\" \/>\n<meta property=\"og:site_name\" content=\"H\u00e5kan Johansson, KD\" \/>\n<meta property=\"article:published_time\" content=\"2015-06-13T20:30:33+00:00\" \/>\n<meta property=\"article:modified_time\" content=\"2015-06-14T19:16:08+00:00\" \/>\n<meta property=\"og:image\" content=\"https:\/\/wp.kristdemokraterna.se\/hakanjohansson\/files\/2015\/06\/20150613_vandalorum_ceciliaochstefanattefall.jpg\" \/>\n\t<meta property=\"og:image:width\" content=\"1200\" \/>\n\t<meta property=\"og:image:height\" content=\"679\" \/>\n\t<meta property=\"og:image:type\" content=\"image\/jpeg\" \/>\n<meta name=\"author\" content=\"H\u00e5kan Johansson\" \/>\n<meta name=\"twitter:card\" content=\"summary_large_image\" \/>\n<meta name=\"twitter:label1\" content=\"Skriven av\" \/>\n\t<meta name=\"twitter:data1\" content=\"H\u00e5kan Johansson\" \/>\n<script type=\"application\/ld+json\" class=\"yoast-schema-graph\">{\"@context\":\"https:\\\/\\\/schema.org\",\"@graph\":[{\"@type\":\"Article\",\"@id\":\"https:\\\/\\\/wp.kristdemokraterna.se\\\/hakanjohansson\\\/2015\\\/06\\\/13\\\/hur-tolkar-man-attefall\\\/#article\",\"isPartOf\":{\"@id\":\"https:\\\/\\\/wp.kristdemokraterna.se\\\/hakanjohansson\\\/2015\\\/06\\\/13\\\/hur-tolkar-man-attefall\\\/\"},\"author\":{\"name\":\"H\u00e5kan Johansson\",\"@id\":\"https:\\\/\\\/wp.kristdemokraterna.se\\\/hakanjohansson\\\/#\\\/schema\\\/person\\\/1ebb24d2d3a4cdd92106ea18359c8b63\"},\"headline\":\"Hur tolkar man Attefall?\",\"datePublished\":\"2015-06-13T20:30:33+00:00\",\"dateModified\":\"2015-06-14T19:16:08+00:00\",\"mainEntityOfPage\":{\"@id\":\"https:\\\/\\\/wp.kristdemokraterna.se\\\/hakanjohansson\\\/2015\\\/06\\\/13\\\/hur-tolkar-man-attefall\\\/\"},\"wordCount\":100,\"image\":{\"@id\":\"https:\\\/\\\/wp.kristdemokraterna.se\\\/hakanjohansson\\\/2015\\\/06\\\/13\\\/hur-tolkar-man-attefall\\\/#primaryimage\"},\"thumbnailUrl\":\"https:\\\/\\\/wp.kristdemokraterna.se\\\/hakanjohansson\\\/files\\\/2015\\\/06\\\/20150613_vandalorum_ceciliaochstefanattefall.jpg\",\"keywords\":[\"Attefallshus\",\"Cecilia Attefall\",\"kreativitet\",\"skaparkraft\",\"Stefan Attefall\",\"Vandalorum\"],\"articleSection\":[\"Inl\u00e4gg\"],\"inLanguage\":\"sv-SE\"},{\"@type\":\"WebPage\",\"@id\":\"https:\\\/\\\/wp.kristdemokraterna.se\\\/hakanjohansson\\\/2015\\\/06\\\/13\\\/hur-tolkar-man-attefall\\\/\",\"url\":\"https:\\\/\\\/wp.kristdemokraterna.se\\\/hakanjohansson\\\/2015\\\/06\\\/13\\\/hur-tolkar-man-attefall\\\/\",\"name\":\"Hur tolkar man Attefall? - H\u00e5kan Johansson, KD\",\"isPartOf\":{\"@id\":\"https:\\\/\\\/wp.kristdemokraterna.se\\\/hakanjohansson\\\/#website\"},\"primaryImageOfPage\":{\"@id\":\"https:\\\/\\\/wp.kristdemokraterna.se\\\/hakanjohansson\\\/2015\\\/06\\\/13\\\/hur-tolkar-man-attefall\\\/#primaryimage\"},\"image\":{\"@id\":\"https:\\\/\\\/wp.kristdemokraterna.se\\\/hakanjohansson\\\/2015\\\/06\\\/13\\\/hur-tolkar-man-attefall\\\/#primaryimage\"},\"thumbnailUrl\":\"https:\\\/\\\/wp.kristdemokraterna.se\\\/hakanjohansson\\\/files\\\/2015\\\/06\\\/20150613_vandalorum_ceciliaochstefanattefall.jpg\",\"datePublished\":\"2015-06-13T20:30:33+00:00\",\"dateModified\":\"2015-06-14T19:16:08+00:00\",\"author\":{\"@id\":\"https:\\\/\\\/wp.kristdemokraterna.se\\\/hakanjohansson\\\/#\\\/schema\\\/person\\\/1ebb24d2d3a4cdd92106ea18359c8b63\"},\"breadcrumb\":{\"@id\":\"https:\\\/\\\/wp.kristdemokraterna.se\\\/hakanjohansson\\\/2015\\\/06\\\/13\\\/hur-tolkar-man-attefall\\\/#breadcrumb\"},\"inLanguage\":\"sv-SE\",\"potentialAction\":[{\"@type\":\"ReadAction\",\"target\":[\"https:\\\/\\\/wp.kristdemokraterna.se\\\/hakanjohansson\\\/2015\\\/06\\\/13\\\/hur-tolkar-man-attefall\\\/\"]}]},{\"@type\":\"ImageObject\",\"inLanguage\":\"sv-SE\",\"@id\":\"https:\\\/\\\/wp.kristdemokraterna.se\\\/hakanjohansson\\\/2015\\\/06\\\/13\\\/hur-tolkar-man-attefall\\\/#primaryimage\",\"url\":\"https:\\\/\\\/wp.kristdemokraterna.se\\\/hakanjohansson\\\/files\\\/2015\\\/06\\\/20150613_vandalorum_ceciliaochstefanattefall.jpg\",\"contentUrl\":\"https:\\\/\\\/wp.kristdemokraterna.se\\\/hakanjohansson\\\/files\\\/2015\\\/06\\\/20150613_vandalorum_ceciliaochstefanattefall.jpg\",\"width\":1200,\"height\":679,\"caption\":\"Tr\u00e4ffade visst Cecilia och Stefan Attefall p\u00e5 Vandalorum i dag. Det var roligt! (Foto: H\u00e5kan Johansson)\"},{\"@type\":\"BreadcrumbList\",\"@id\":\"https:\\\/\\\/wp.kristdemokraterna.se\\\/hakanjohansson\\\/2015\\\/06\\\/13\\\/hur-tolkar-man-attefall\\\/#breadcrumb\",\"itemListElement\":[{\"@type\":\"ListItem\",\"position\":1,\"name\":\"Hem\",\"item\":\"https:\\\/\\\/wp.kristdemokraterna.se\\\/hakanjohansson\\\/\"},{\"@type\":\"ListItem\",\"position\":2,\"name\":\"Hur tolkar man Attefall?\"}]},{\"@type\":\"WebSite\",\"@id\":\"https:\\\/\\\/wp.kristdemokraterna.se\\\/hakanjohansson\\\/#website\",\"url\":\"https:\\\/\\\/wp.kristdemokraterna.se\\\/hakanjohansson\\\/\",\"name\":\"H\u00e5kan Johansson, KD\",\"description\":\"Politik, musik och teknik...\",\"inLanguage\":\"sv-SE\"},{\"@type\":\"Person\",\"@id\":\"https:\\\/\\\/wp.kristdemokraterna.se\\\/hakanjohansson\\\/#\\\/schema\\\/person\\\/1ebb24d2d3a4cdd92106ea18359c8b63\",\"name\":\"H\u00e5kan Johansson\",\"image\":{\"@type\":\"ImageObject\",\"inLanguage\":\"sv-SE\",\"@id\":\"https:\\\/\\\/secure.gravatar.com\\\/avatar\\\/2f492f08c4bdc714d7db0d433c48b51adbc8f67dd2112ac3a50d66d0d1ddd173?s=96&r=g\",\"url\":\"https:\\\/\\\/secure.gravatar.com\\\/avatar\\\/2f492f08c4bdc714d7db0d433c48b51adbc8f67dd2112ac3a50d66d0d1ddd173?s=96&r=g\",\"contentUrl\":\"https:\\\/\\\/secure.gravatar.com\\\/avatar\\\/2f492f08c4bdc714d7db0d433c48b51adbc8f67dd2112ac3a50d66d0d1ddd173?s=96&r=g\",\"caption\":\"H\u00e5kan Johansson\"},\"description\":\"Politik, musik och teknik...\",\"sameAs\":[\"https:\\\/\\\/wp.kristdemokraterna.se\\\/hakanjohansson\"],\"url\":\"https:\\\/\\\/wp.kristdemokraterna.se\\\/hakanjohansson\\\/author\\\/hakanjohansson\\\/\"}]}<\/script>\n<!-- \/ Yoast SEO plugin. -->","yoast_head_json":{"title":"Hur tolkar man Attefall? - H\u00e5kan Johansson, KD","robots":{"index":"index","follow":"follow","max-snippet":"max-snippet:-1","max-image-preview":"max-image-preview:large","max-video-preview":"max-video-preview:-1"},"canonical":"https:\/\/wp.kristdemokraterna.se\/hakanjohansson\/2015\/06\/13\/hur-tolkar-man-attefall\/","og_locale":"sv_SE","og_type":"article","og_title":"Hur tolkar man Attefall? - H\u00e5kan Johansson, KD","og_description":"25 KVADRAT: 25 arkitekter tolkar Attefall \u00e4r namnet p\u00e5 en av de utst\u00e4llningar som hade vernissage p\u00e5 Vandalorum i dag. Attefallshuset kanske inte \u00e4r 25 m\u00b2 som f\u00f6r\u00e4ndrar v\u00e4rlden, men det \u00e4r helt klart fascinerande att se all\u00a0kreativitet och skaparkraft de sl\u00e4pper fram! \ud83d\ude42 Stefan Attefall, mannen som gett namn \u00e5t en helt ny byggnadstyp,&hellip; Forts\u00e4tt l\u00e4sa","og_url":"https:\/\/wp.kristdemokraterna.se\/hakanjohansson\/2015\/06\/13\/hur-tolkar-man-attefall\/","og_site_name":"H\u00e5kan Johansson, KD","article_published_time":"2015-06-13T20:30:33+00:00","article_modified_time":"2015-06-14T19:16:08+00:00","og_image":[{"width":1200,"height":679,"url":"https:\/\/wp.kristdemokraterna.se\/hakanjohansson\/files\/2015\/06\/20150613_vandalorum_ceciliaochstefanattefall.jpg","type":"image\/jpeg"}],"author":"H\u00e5kan Johansson","twitter_card":"summary_large_image","twitter_misc":{"Skriven av":"H\u00e5kan Johansson"},"schema":{"@context":"https:\/\/schema.org","@graph":[{"@type":"Article","@id":"https:\/\/wp.kristdemokraterna.se\/hakanjohansson\/2015\/06\/13\/hur-tolkar-man-attefall\/#article","isPartOf":{"@id":"https:\/\/wp.kristdemokraterna.se\/hakanjohansson\/2015\/06\/13\/hur-tolkar-man-attefall\/"},"author":{"name":"H\u00e5kan Johansson","@id":"https:\/\/wp.kristdemokraterna.se\/hakanjohansson\/#\/schema\/person\/1ebb24d2d3a4cdd92106ea18359c8b63"},"headline":"Hur tolkar man Attefall?","datePublished":"2015-06-13T20:30:33+00:00","dateModified":"2015-06-14T19:16:08+00:00","mainEntityOfPage":{"@id":"https:\/\/wp.kristdemokraterna.se\/hakanjohansson\/2015\/06\/13\/hur-tolkar-man-attefall\/"},"wordCount":100,"image":{"@id":"https:\/\/wp.kristdemokraterna.se\/hakanjohansson\/2015\/06\/13\/hur-tolkar-man-attefall\/#primaryimage"},"thumbnailUrl":"https:\/\/wp.kristdemokraterna.se\/hakanjohansson\/files\/2015\/06\/20150613_vandalorum_ceciliaochstefanattefall.jpg","keywords":["Attefallshus","Cecilia Attefall","kreativitet","skaparkraft","Stefan Attefall","Vandalorum"],"articleSection":["Inl\u00e4gg"],"inLanguage":"sv-SE"},{"@type":"WebPage","@id":"https:\/\/wp.kristdemokraterna.se\/hakanjohansson\/2015\/06\/13\/hur-tolkar-man-attefall\/","url":"https:\/\/wp.kristdemokraterna.se\/hakanjohansson\/2015\/06\/13\/hur-tolkar-man-attefall\/","name":"Hur tolkar man Attefall? - H\u00e5kan Johansson, KD","isPartOf":{"@id":"https:\/\/wp.kristdemokraterna.se\/hakanjohansson\/#website"},"primaryImageOfPage":{"@id":"https:\/\/wp.kristdemokraterna.se\/hakanjohansson\/2015\/06\/13\/hur-tolkar-man-attefall\/#primaryimage"},"image":{"@id":"https:\/\/wp.kristdemokraterna.se\/hakanjohansson\/2015\/06\/13\/hur-tolkar-man-attefall\/#primaryimage"},"thumbnailUrl":"https:\/\/wp.kristdemokraterna.se\/hakanjohansson\/files\/2015\/06\/20150613_vandalorum_ceciliaochstefanattefall.jpg","datePublished":"2015-06-13T20:30:33+00:00","dateModified":"2015-06-14T19:16:08+00:00","author":{"@id":"https:\/\/wp.kristdemokraterna.se\/hakanjohansson\/#\/schema\/person\/1ebb24d2d3a4cdd92106ea18359c8b63"},"breadcrumb":{"@id":"https:\/\/wp.kristdemokraterna.se\/hakanjohansson\/2015\/06\/13\/hur-tolkar-man-attefall\/#breadcrumb"},"inLanguage":"sv-SE","potentialAction":[{"@type":"ReadAction","target":["https:\/\/wp.kristdemokraterna.se\/hakanjohansson\/2015\/06\/13\/hur-tolkar-man-attefall\/"]}]},{"@type":"ImageObject","inLanguage":"sv-SE","@id":"https:\/\/wp.kristdemokraterna.se\/hakanjohansson\/2015\/06\/13\/hur-tolkar-man-attefall\/#primaryimage","url":"https:\/\/wp.kristdemokraterna.se\/hakanjohansson\/files\/2015\/06\/20150613_vandalorum_ceciliaochstefanattefall.jpg","contentUrl":"https:\/\/wp.kristdemokraterna.se\/hakanjohansson\/files\/2015\/06\/20150613_vandalorum_ceciliaochstefanattefall.jpg","width":1200,"height":679,"caption":"Tr\u00e4ffade visst Cecilia och Stefan Attefall p\u00e5 Vandalorum i dag. Det var roligt! (Foto: H\u00e5kan Johansson)"},{"@type":"BreadcrumbList","@id":"https:\/\/wp.kristdemokraterna.se\/hakanjohansson\/2015\/06\/13\/hur-tolkar-man-attefall\/#breadcrumb","itemListElement":[{"@type":"ListItem","position":1,"name":"Hem","item":"https:\/\/wp.kristdemokraterna.se\/hakanjohansson\/"},{"@type":"ListItem","position":2,"name":"Hur tolkar man Attefall?"}]},{"@type":"WebSite","@id":"https:\/\/wp.kristdemokraterna.se\/hakanjohansson\/#website","url":"https:\/\/wp.kristdemokraterna.se\/hakanjohansson\/","name":"H\u00e5kan Johansson, KD","description":"Politik, musik och teknik...","inLanguage":"sv-SE"},{"@type":"Person","@id":"https:\/\/wp.kristdemokraterna.se\/hakanjohansson\/#\/schema\/person\/1ebb24d2d3a4cdd92106ea18359c8b63","name":"H\u00e5kan Johansson","image":{"@type":"ImageObject","inLanguage":"sv-SE","@id":"https:\/\/secure.gravatar.com\/avatar\/2f492f08c4bdc714d7db0d433c48b51adbc8f67dd2112ac3a50d66d0d1ddd173?s=96&r=g","url":"https:\/\/secure.gravatar.com\/avatar\/2f492f08c4bdc714d7db0d433c48b51adbc8f67dd2112ac3a50d66d0d1ddd173?s=96&r=g","contentUrl":"https:\/\/secure.gravatar.com\/avatar\/2f492f08c4bdc714d7db0d433c48b51adbc8f67dd2112ac3a50d66d0d1ddd173?s=96&r=g","caption":"H\u00e5kan Johansson"},"description":"Politik, musik och teknik...","sameAs":["https:\/\/wp.kristdemokraterna.se\/hakanjohansson"],"url":"https:\/\/wp.kristdemokraterna.se\/hakanjohansson\/author\/hakanjohansson\/"}]}},"_links":{"self":[{"href":"https:\/\/wp.kristdemokraterna.se\/hakanjohansson\/wp-json\/wp\/v2\/posts\/2003","targetHints":{"allow":["GET"]}}],"collection":[{"href":"https:\/\/wp.kristdemokraterna.se\/hakanjohansson\/wp-json\/wp\/v2\/posts"}],"about":[{"href":"https:\/\/wp.kristdemokraterna.se\/hakanjohansson\/wp-json\/wp\/v2\/types\/post"}],"author":[{"embeddable":true,"href":"https:\/\/wp.kristdemokraterna.se\/hakanjohansson\/wp-json\/wp\/v2\/users\/507"}],"replies":[{"embeddable":true,"href":"https:\/\/wp.kristdemokraterna.se\/hakanjohansson\/wp-json\/wp\/v2\/comments?post=2003"}],"version-history":[{"count":5,"href":"https:\/\/wp.kristdemokraterna.se\/hakanjohansson\/wp-json\/wp\/v2\/posts\/2003\/revisions"}],"predecessor-version":[{"id":2022,"href":"https:\/\/wp.kristdemokraterna.se\/hakanjohansson\/wp-json\/wp\/v2\/posts\/2003\/revisions\/2022"}],"wp:featuredmedia":[{"embeddable":true,"href":"https:\/\/wp.kristdemokraterna.se\/hakanjohansson\/wp-json\/wp\/v2\/media\/2002"}],"wp:attachment":[{"href":"https:\/\/wp.kristdemokraterna.se\/hakanjohansson\/wp-json\/wp\/v2\/media?parent=2003"}],"wp:term":[{"taxonomy":"category","embeddable":true,"href":"https:\/\/wp.kristdemokraterna.se\/hakanjohansson\/wp-json\/wp\/v2\/categories?post=2003"},{"taxonomy":"post_tag","embeddable":true,"href":"https:\/\/wp.kristdemokraterna.se\/hakanjohansson\/wp-json\/wp\/v2\/tags?post=2003"}],"curies":[{"name":"wp","href":"https:\/\/api.w.org\/{rel}","templated":true}]}}