{"id":2065,"date":"2015-07-05T20:29:57","date_gmt":"2015-07-05T18:29:57","guid":{"rendered":"http:\/\/wp.kristdemokraterna.se\/hakanjohansson\/?p=2065"},"modified":"2015-07-06T18:02:48","modified_gmt":"2015-07-06T16:02:48","slug":"fikar-med-grisar","status":"publish","type":"post","link":"https:\/\/wp.kristdemokraterna.se\/hakanjohansson\/2015\/07\/05\/fikar-med-grisar\/","title":{"rendered":"Fikar med grisar"},"content":{"rendered":"<p>En trend som jag verkligen \u00e4r glad f\u00f6r \u00e4r att det v\u00e4xer upp s\u00e5 m\u00e5nga nya verksamheter p\u00e5 landsbygden, som g\u00e5rdsbutiker, caf\u00e9er, hantverk och annat som kan komplettera lantbruket. Det allra senaste m\u00e5ste vara griscaf\u00e9! \ud83d\ude00 Det l\u00e4t s\u00e5 sp\u00e4nnande att jag tog v\u00e4gen ut till Ul\u00e5s och\u00a0<em>Ul\u00e5s lamm och gris<\/em> f\u00f6r att testa. Fler \u00e4n jag hade kommit p\u00e5 samma id\u00e9 och d\u00e4r gick vi runt och tittade p\u00e5 djuren, lyssnade p\u00e5 levande musik, fikade och avhandlade stort och sm\u00e5tt. Jag t\u00e4nker att s\u00e5dana g\u00e5rdar\u00a0k\u00f6per jag\u00a0g\u00e4rna min mat ifr\u00e5n!<\/p>\n<p><!--more--><\/p>\n\n\t\t<style type=\"text\/css\">\n\t\t\t#gallery-1 {\n\t\t\t\tmargin: auto;\n\t\t\t}\n\t\t\t#gallery-1 .gallery-item {\n\t\t\t\tfloat: left;\n\t\t\t\tmargin-top: 10px;\n\t\t\t\ttext-align: center;\n\t\t\t\twidth: 33%;\n\t\t\t}\n\t\t\t#gallery-1 img {\n\t\t\t\tborder: 2px solid #cfcfcf;\n\t\t\t}\n\t\t\t#gallery-1 .gallery-caption {\n\t\t\t\tmargin-left: 0;\n\t\t\t}\n\t\t\t\/* see gallery_shortcode() in wp-includes\/media.php *\/\n\t\t<\/style>\n\t\t<div id='gallery-1' class='gallery galleryid-2065 gallery-columns-3 gallery-size-thumbnail'><dl class='gallery-item'>\n\t\t\t<dt class='gallery-icon portrait'>\n\t\t\t\t<a href='https:\/\/wp.kristdemokraterna.se\/hakanjohansson\/20150705-griscafe\/'><img loading=\"lazy\" decoding=\"async\" width=\"150\" height=\"150\" src=\"https:\/\/wp.kristdemokraterna.se\/hakanjohansson\/files\/2015\/07\/20150705_griscafe-150x150.jpg\" class=\"attachment-thumbnail size-thumbnail\" alt=\"P\u00e5 ett griscaf\u00e9 kan en fika med v\u00e4nner samtidigt som en kan titta p\u00e5 grisar och f\u00e5r och lyssna p\u00e5 v\u00e4rnamos gatumusiker. (Foto: H\u00e5kan Johansson)\" aria-describedby=\"gallery-1-2064\" \/><\/a>\n\t\t\t<\/dt>\n\t\t\t\t<dd class='wp-caption-text gallery-caption' id='gallery-1-2064'>\n\t\t\t\tP\u00e5 ett griscaf\u00e9 kan en fika med v\u00e4nner samtidigt som en kan titta p\u00e5 grisar och f\u00e5r och lyssna p\u00e5 v\u00e4rnamos gatumusiker. (Foto: H\u00e5kan Johansson)\n\t\t\t\t<\/dd><\/dl>\n\t\t\t<br style='clear: both' \/>\n\t\t<\/div>\n\n","protected":false},"excerpt":{"rendered":"<p>En trend som jag verkligen \u00e4r glad f\u00f6r \u00e4r att det v\u00e4xer upp s\u00e5 m\u00e5nga nya verksamheter p\u00e5 landsbygden, som g\u00e5rdsbutiker, caf\u00e9er, hantverk och annat som kan komplettera lantbruket. Det allra senaste m\u00e5ste vara griscaf\u00e9! \ud83d\ude00 Det l\u00e4t s\u00e5 sp\u00e4nnande att jag tog v\u00e4gen ut till Ul\u00e5s och\u00a0Ul\u00e5s lamm och gris f\u00f6r att testa. Fler&hellip; <a class=\"read-more-link\" href=\"https:\/\/wp.kristdemokraterna.se\/hakanjohansson\/2015\/07\/05\/fikar-med-grisar\/\">Forts\u00e4tt l\u00e4sa<\/a><\/p>\n","protected":false},"author":507,"featured_media":2064,"comment_status":"closed","ping_status":"closed","sticky":false,"template":"","format":"standard","meta":{"_acf_changed":false,"footnotes":""},"categories":[41],"tags":[1428,1434,799,1435,1427,1431,1429,239,1430,1436,713,1426,1433,1432],"class_list":["post-2065","post","type-post","status-publish","format-standard","hentry","category-inlagg","tag-cafe","tag-djur","tag-fika","tag-gard","tag-gardsbutik","tag-griscafe","tag-hantverk","tag-landsbygd","tag-lantbruk","tag-mat","tag-musik","tag-trend","tag-ulas","tag-ulas-lamm-och-gris"],"acf":[],"yoast_head":"<!-- This site is optimized with the Yoast SEO plugin v27.4 - https:\/\/yoast.com\/product\/yoast-seo-wordpress\/ -->\n<title>Fikar med grisar - H\u00e5kan Johansson, KD<\/title>\n<meta name=\"robots\" content=\"index, follow, max-snippet:-1, max-image-preview:large, max-video-preview:-1\" \/>\n<link rel=\"canonical\" href=\"https:\/\/wp.kristdemokraterna.se\/hakanjohansson\/2015\/07\/05\/fikar-med-grisar\/\" \/>\n<meta property=\"og:locale\" content=\"sv_SE\" \/>\n<meta property=\"og:type\" content=\"article\" \/>\n<meta property=\"og:title\" content=\"Fikar med grisar - H\u00e5kan Johansson, KD\" \/>\n<meta property=\"og:description\" content=\"En trend som jag verkligen \u00e4r glad f\u00f6r \u00e4r att det v\u00e4xer upp s\u00e5 m\u00e5nga nya verksamheter p\u00e5 landsbygden, som g\u00e5rdsbutiker, caf\u00e9er, hantverk och annat som kan komplettera lantbruket. Det allra senaste m\u00e5ste vara griscaf\u00e9! \ud83d\ude00 Det l\u00e4t s\u00e5 sp\u00e4nnande att jag tog v\u00e4gen ut till Ul\u00e5s och\u00a0Ul\u00e5s lamm och gris f\u00f6r att testa. Fler&hellip; Forts\u00e4tt l\u00e4sa\" \/>\n<meta property=\"og:url\" content=\"https:\/\/wp.kristdemokraterna.se\/hakanjohansson\/2015\/07\/05\/fikar-med-grisar\/\" \/>\n<meta property=\"og:site_name\" content=\"H\u00e5kan Johansson, KD\" \/>\n<meta property=\"article:published_time\" content=\"2015-07-05T18:29:57+00:00\" \/>\n<meta property=\"article:modified_time\" content=\"2015-07-06T16:02:48+00:00\" \/>\n<meta property=\"og:image\" content=\"https:\/\/wp.kristdemokraterna.se\/hakanjohansson\/files\/2015\/07\/20150705_griscafe.jpg\" \/>\n\t<meta property=\"og:image:width\" content=\"679\" \/>\n\t<meta property=\"og:image:height\" content=\"1200\" \/>\n\t<meta property=\"og:image:type\" content=\"image\/jpeg\" \/>\n<meta name=\"author\" content=\"H\u00e5kan Johansson\" \/>\n<meta name=\"twitter:card\" content=\"summary_large_image\" \/>\n<meta name=\"twitter:label1\" content=\"Skriven av\" \/>\n\t<meta name=\"twitter:data1\" content=\"H\u00e5kan Johansson\" \/>\n\t<meta name=\"twitter:label2\" content=\"Ber\u00e4knad l\u00e4stid\" \/>\n\t<meta name=\"twitter:data2\" content=\"1 minut\" \/>\n<script type=\"application\/ld+json\" class=\"yoast-schema-graph\">{\"@context\":\"https:\\\/\\\/schema.org\",\"@graph\":[{\"@type\":\"Article\",\"@id\":\"https:\\\/\\\/wp.kristdemokraterna.se\\\/hakanjohansson\\\/2015\\\/07\\\/05\\\/fikar-med-grisar\\\/#article\",\"isPartOf\":{\"@id\":\"https:\\\/\\\/wp.kristdemokraterna.se\\\/hakanjohansson\\\/2015\\\/07\\\/05\\\/fikar-med-grisar\\\/\"},\"author\":{\"name\":\"H\u00e5kan Johansson\",\"@id\":\"https:\\\/\\\/wp.kristdemokraterna.se\\\/hakanjohansson\\\/#\\\/schema\\\/person\\\/1ebb24d2d3a4cdd92106ea18359c8b63\"},\"headline\":\"Fikar med grisar\",\"datePublished\":\"2015-07-05T18:29:57+00:00\",\"dateModified\":\"2015-07-06T16:02:48+00:00\",\"mainEntityOfPage\":{\"@id\":\"https:\\\/\\\/wp.kristdemokraterna.se\\\/hakanjohansson\\\/2015\\\/07\\\/05\\\/fikar-med-grisar\\\/\"},\"wordCount\":120,\"image\":{\"@id\":\"https:\\\/\\\/wp.kristdemokraterna.se\\\/hakanjohansson\\\/2015\\\/07\\\/05\\\/fikar-med-grisar\\\/#primaryimage\"},\"thumbnailUrl\":\"https:\\\/\\\/wp.kristdemokraterna.se\\\/hakanjohansson\\\/files\\\/2015\\\/07\\\/20150705_griscafe.jpg\",\"keywords\":[\"caf\u00e9\",\"djur\",\"fika\",\"g\u00e5rd\",\"g\u00e5rdsbutik\",\"griscaf\u00e9\",\"hantverk\",\"landsbygd\",\"lantbruk\",\"mat\",\"musik\",\"trend\",\"Ul\u00e5s\",\"Ul\u00e5s lamm och gris\"],\"articleSection\":[\"Inl\u00e4gg\"],\"inLanguage\":\"sv-SE\"},{\"@type\":\"WebPage\",\"@id\":\"https:\\\/\\\/wp.kristdemokraterna.se\\\/hakanjohansson\\\/2015\\\/07\\\/05\\\/fikar-med-grisar\\\/\",\"url\":\"https:\\\/\\\/wp.kristdemokraterna.se\\\/hakanjohansson\\\/2015\\\/07\\\/05\\\/fikar-med-grisar\\\/\",\"name\":\"Fikar med grisar - H\u00e5kan Johansson, KD\",\"isPartOf\":{\"@id\":\"https:\\\/\\\/wp.kristdemokraterna.se\\\/hakanjohansson\\\/#website\"},\"primaryImageOfPage\":{\"@id\":\"https:\\\/\\\/wp.kristdemokraterna.se\\\/hakanjohansson\\\/2015\\\/07\\\/05\\\/fikar-med-grisar\\\/#primaryimage\"},\"image\":{\"@id\":\"https:\\\/\\\/wp.kristdemokraterna.se\\\/hakanjohansson\\\/2015\\\/07\\\/05\\\/fikar-med-grisar\\\/#primaryimage\"},\"thumbnailUrl\":\"https:\\\/\\\/wp.kristdemokraterna.se\\\/hakanjohansson\\\/files\\\/2015\\\/07\\\/20150705_griscafe.jpg\",\"datePublished\":\"2015-07-05T18:29:57+00:00\",\"dateModified\":\"2015-07-06T16:02:48+00:00\",\"author\":{\"@id\":\"https:\\\/\\\/wp.kristdemokraterna.se\\\/hakanjohansson\\\/#\\\/schema\\\/person\\\/1ebb24d2d3a4cdd92106ea18359c8b63\"},\"breadcrumb\":{\"@id\":\"https:\\\/\\\/wp.kristdemokraterna.se\\\/hakanjohansson\\\/2015\\\/07\\\/05\\\/fikar-med-grisar\\\/#breadcrumb\"},\"inLanguage\":\"sv-SE\",\"potentialAction\":[{\"@type\":\"ReadAction\",\"target\":[\"https:\\\/\\\/wp.kristdemokraterna.se\\\/hakanjohansson\\\/2015\\\/07\\\/05\\\/fikar-med-grisar\\\/\"]}]},{\"@type\":\"ImageObject\",\"inLanguage\":\"sv-SE\",\"@id\":\"https:\\\/\\\/wp.kristdemokraterna.se\\\/hakanjohansson\\\/2015\\\/07\\\/05\\\/fikar-med-grisar\\\/#primaryimage\",\"url\":\"https:\\\/\\\/wp.kristdemokraterna.se\\\/hakanjohansson\\\/files\\\/2015\\\/07\\\/20150705_griscafe.jpg\",\"contentUrl\":\"https:\\\/\\\/wp.kristdemokraterna.se\\\/hakanjohansson\\\/files\\\/2015\\\/07\\\/20150705_griscafe.jpg\",\"width\":679,\"height\":1200,\"caption\":\"P\u00e5 ett griscaf\u00e9 kan en fika med v\u00e4nner samtidigt som en kan titta p\u00e5 grisar och f\u00e5r och lyssna p\u00e5 v\u00e4rnamos gatumusiker. (Foto: H\u00e5kan Johansson)\"},{\"@type\":\"BreadcrumbList\",\"@id\":\"https:\\\/\\\/wp.kristdemokraterna.se\\\/hakanjohansson\\\/2015\\\/07\\\/05\\\/fikar-med-grisar\\\/#breadcrumb\",\"itemListElement\":[{\"@type\":\"ListItem\",\"position\":1,\"name\":\"Hem\",\"item\":\"https:\\\/\\\/wp.kristdemokraterna.se\\\/hakanjohansson\\\/\"},{\"@type\":\"ListItem\",\"position\":2,\"name\":\"Fikar med grisar\"}]},{\"@type\":\"WebSite\",\"@id\":\"https:\\\/\\\/wp.kristdemokraterna.se\\\/hakanjohansson\\\/#website\",\"url\":\"https:\\\/\\\/wp.kristdemokraterna.se\\\/hakanjohansson\\\/\",\"name\":\"H\u00e5kan Johansson, KD\",\"description\":\"Politik, musik och teknik...\",\"inLanguage\":\"sv-SE\"},{\"@type\":\"Person\",\"@id\":\"https:\\\/\\\/wp.kristdemokraterna.se\\\/hakanjohansson\\\/#\\\/schema\\\/person\\\/1ebb24d2d3a4cdd92106ea18359c8b63\",\"name\":\"H\u00e5kan Johansson\",\"image\":{\"@type\":\"ImageObject\",\"inLanguage\":\"sv-SE\",\"@id\":\"https:\\\/\\\/secure.gravatar.com\\\/avatar\\\/2f492f08c4bdc714d7db0d433c48b51adbc8f67dd2112ac3a50d66d0d1ddd173?s=96&r=g\",\"url\":\"https:\\\/\\\/secure.gravatar.com\\\/avatar\\\/2f492f08c4bdc714d7db0d433c48b51adbc8f67dd2112ac3a50d66d0d1ddd173?s=96&r=g\",\"contentUrl\":\"https:\\\/\\\/secure.gravatar.com\\\/avatar\\\/2f492f08c4bdc714d7db0d433c48b51adbc8f67dd2112ac3a50d66d0d1ddd173?s=96&r=g\",\"caption\":\"H\u00e5kan Johansson\"},\"description\":\"Politik, musik och teknik...\",\"sameAs\":[\"https:\\\/\\\/wp.kristdemokraterna.se\\\/hakanjohansson\"],\"url\":\"https:\\\/\\\/wp.kristdemokraterna.se\\\/hakanjohansson\\\/author\\\/hakanjohansson\\\/\"}]}<\/script>\n<!-- \/ Yoast SEO plugin. -->","yoast_head_json":{"title":"Fikar med grisar - H\u00e5kan Johansson, KD","robots":{"index":"index","follow":"follow","max-snippet":"max-snippet:-1","max-image-preview":"max-image-preview:large","max-video-preview":"max-video-preview:-1"},"canonical":"https:\/\/wp.kristdemokraterna.se\/hakanjohansson\/2015\/07\/05\/fikar-med-grisar\/","og_locale":"sv_SE","og_type":"article","og_title":"Fikar med grisar - H\u00e5kan Johansson, KD","og_description":"En trend som jag verkligen \u00e4r glad f\u00f6r \u00e4r att det v\u00e4xer upp s\u00e5 m\u00e5nga nya verksamheter p\u00e5 landsbygden, som g\u00e5rdsbutiker, caf\u00e9er, hantverk och annat som kan komplettera lantbruket. Det allra senaste m\u00e5ste vara griscaf\u00e9! \ud83d\ude00 Det l\u00e4t s\u00e5 sp\u00e4nnande att jag tog v\u00e4gen ut till Ul\u00e5s och\u00a0Ul\u00e5s lamm och gris f\u00f6r att testa. Fler&hellip; Forts\u00e4tt l\u00e4sa","og_url":"https:\/\/wp.kristdemokraterna.se\/hakanjohansson\/2015\/07\/05\/fikar-med-grisar\/","og_site_name":"H\u00e5kan Johansson, KD","article_published_time":"2015-07-05T18:29:57+00:00","article_modified_time":"2015-07-06T16:02:48+00:00","og_image":[{"width":679,"height":1200,"url":"https:\/\/wp.kristdemokraterna.se\/hakanjohansson\/files\/2015\/07\/20150705_griscafe.jpg","type":"image\/jpeg"}],"author":"H\u00e5kan Johansson","twitter_card":"summary_large_image","twitter_misc":{"Skriven av":"H\u00e5kan Johansson","Ber\u00e4knad l\u00e4stid":"1 minut"},"schema":{"@context":"https:\/\/schema.org","@graph":[{"@type":"Article","@id":"https:\/\/wp.kristdemokraterna.se\/hakanjohansson\/2015\/07\/05\/fikar-med-grisar\/#article","isPartOf":{"@id":"https:\/\/wp.kristdemokraterna.se\/hakanjohansson\/2015\/07\/05\/fikar-med-grisar\/"},"author":{"name":"H\u00e5kan Johansson","@id":"https:\/\/wp.kristdemokraterna.se\/hakanjohansson\/#\/schema\/person\/1ebb24d2d3a4cdd92106ea18359c8b63"},"headline":"Fikar med grisar","datePublished":"2015-07-05T18:29:57+00:00","dateModified":"2015-07-06T16:02:48+00:00","mainEntityOfPage":{"@id":"https:\/\/wp.kristdemokraterna.se\/hakanjohansson\/2015\/07\/05\/fikar-med-grisar\/"},"wordCount":120,"image":{"@id":"https:\/\/wp.kristdemokraterna.se\/hakanjohansson\/2015\/07\/05\/fikar-med-grisar\/#primaryimage"},"thumbnailUrl":"https:\/\/wp.kristdemokraterna.se\/hakanjohansson\/files\/2015\/07\/20150705_griscafe.jpg","keywords":["caf\u00e9","djur","fika","g\u00e5rd","g\u00e5rdsbutik","griscaf\u00e9","hantverk","landsbygd","lantbruk","mat","musik","trend","Ul\u00e5s","Ul\u00e5s lamm och gris"],"articleSection":["Inl\u00e4gg"],"inLanguage":"sv-SE"},{"@type":"WebPage","@id":"https:\/\/wp.kristdemokraterna.se\/hakanjohansson\/2015\/07\/05\/fikar-med-grisar\/","url":"https:\/\/wp.kristdemokraterna.se\/hakanjohansson\/2015\/07\/05\/fikar-med-grisar\/","name":"Fikar med grisar - H\u00e5kan Johansson, KD","isPartOf":{"@id":"https:\/\/wp.kristdemokraterna.se\/hakanjohansson\/#website"},"primaryImageOfPage":{"@id":"https:\/\/wp.kristdemokraterna.se\/hakanjohansson\/2015\/07\/05\/fikar-med-grisar\/#primaryimage"},"image":{"@id":"https:\/\/wp.kristdemokraterna.se\/hakanjohansson\/2015\/07\/05\/fikar-med-grisar\/#primaryimage"},"thumbnailUrl":"https:\/\/wp.kristdemokraterna.se\/hakanjohansson\/files\/2015\/07\/20150705_griscafe.jpg","datePublished":"2015-07-05T18:29:57+00:00","dateModified":"2015-07-06T16:02:48+00:00","author":{"@id":"https:\/\/wp.kristdemokraterna.se\/hakanjohansson\/#\/schema\/person\/1ebb24d2d3a4cdd92106ea18359c8b63"},"breadcrumb":{"@id":"https:\/\/wp.kristdemokraterna.se\/hakanjohansson\/2015\/07\/05\/fikar-med-grisar\/#breadcrumb"},"inLanguage":"sv-SE","potentialAction":[{"@type":"ReadAction","target":["https:\/\/wp.kristdemokraterna.se\/hakanjohansson\/2015\/07\/05\/fikar-med-grisar\/"]}]},{"@type":"ImageObject","inLanguage":"sv-SE","@id":"https:\/\/wp.kristdemokraterna.se\/hakanjohansson\/2015\/07\/05\/fikar-med-grisar\/#primaryimage","url":"https:\/\/wp.kristdemokraterna.se\/hakanjohansson\/files\/2015\/07\/20150705_griscafe.jpg","contentUrl":"https:\/\/wp.kristdemokraterna.se\/hakanjohansson\/files\/2015\/07\/20150705_griscafe.jpg","width":679,"height":1200,"caption":"P\u00e5 ett griscaf\u00e9 kan en fika med v\u00e4nner samtidigt som en kan titta p\u00e5 grisar och f\u00e5r och lyssna p\u00e5 v\u00e4rnamos gatumusiker. (Foto: H\u00e5kan Johansson)"},{"@type":"BreadcrumbList","@id":"https:\/\/wp.kristdemokraterna.se\/hakanjohansson\/2015\/07\/05\/fikar-med-grisar\/#breadcrumb","itemListElement":[{"@type":"ListItem","position":1,"name":"Hem","item":"https:\/\/wp.kristdemokraterna.se\/hakanjohansson\/"},{"@type":"ListItem","position":2,"name":"Fikar med grisar"}]},{"@type":"WebSite","@id":"https:\/\/wp.kristdemokraterna.se\/hakanjohansson\/#website","url":"https:\/\/wp.kristdemokraterna.se\/hakanjohansson\/","name":"H\u00e5kan Johansson, KD","description":"Politik, musik och teknik...","inLanguage":"sv-SE"},{"@type":"Person","@id":"https:\/\/wp.kristdemokraterna.se\/hakanjohansson\/#\/schema\/person\/1ebb24d2d3a4cdd92106ea18359c8b63","name":"H\u00e5kan Johansson","image":{"@type":"ImageObject","inLanguage":"sv-SE","@id":"https:\/\/secure.gravatar.com\/avatar\/2f492f08c4bdc714d7db0d433c48b51adbc8f67dd2112ac3a50d66d0d1ddd173?s=96&r=g","url":"https:\/\/secure.gravatar.com\/avatar\/2f492f08c4bdc714d7db0d433c48b51adbc8f67dd2112ac3a50d66d0d1ddd173?s=96&r=g","contentUrl":"https:\/\/secure.gravatar.com\/avatar\/2f492f08c4bdc714d7db0d433c48b51adbc8f67dd2112ac3a50d66d0d1ddd173?s=96&r=g","caption":"H\u00e5kan Johansson"},"description":"Politik, musik och teknik...","sameAs":["https:\/\/wp.kristdemokraterna.se\/hakanjohansson"],"url":"https:\/\/wp.kristdemokraterna.se\/hakanjohansson\/author\/hakanjohansson\/"}]}},"_links":{"self":[{"href":"https:\/\/wp.kristdemokraterna.se\/hakanjohansson\/wp-json\/wp\/v2\/posts\/2065","targetHints":{"allow":["GET"]}}],"collection":[{"href":"https:\/\/wp.kristdemokraterna.se\/hakanjohansson\/wp-json\/wp\/v2\/posts"}],"about":[{"href":"https:\/\/wp.kristdemokraterna.se\/hakanjohansson\/wp-json\/wp\/v2\/types\/post"}],"author":[{"embeddable":true,"href":"https:\/\/wp.kristdemokraterna.se\/hakanjohansson\/wp-json\/wp\/v2\/users\/507"}],"replies":[{"embeddable":true,"href":"https:\/\/wp.kristdemokraterna.se\/hakanjohansson\/wp-json\/wp\/v2\/comments?post=2065"}],"version-history":[{"count":6,"href":"https:\/\/wp.kristdemokraterna.se\/hakanjohansson\/wp-json\/wp\/v2\/posts\/2065\/revisions"}],"predecessor-version":[{"id":2230,"href":"https:\/\/wp.kristdemokraterna.se\/hakanjohansson\/wp-json\/wp\/v2\/posts\/2065\/revisions\/2230"}],"wp:featuredmedia":[{"embeddable":true,"href":"https:\/\/wp.kristdemokraterna.se\/hakanjohansson\/wp-json\/wp\/v2\/media\/2064"}],"wp:attachment":[{"href":"https:\/\/wp.kristdemokraterna.se\/hakanjohansson\/wp-json\/wp\/v2\/media?parent=2065"}],"wp:term":[{"taxonomy":"category","embeddable":true,"href":"https:\/\/wp.kristdemokraterna.se\/hakanjohansson\/wp-json\/wp\/v2\/categories?post=2065"},{"taxonomy":"post_tag","embeddable":true,"href":"https:\/\/wp.kristdemokraterna.se\/hakanjohansson\/wp-json\/wp\/v2\/tags?post=2065"}],"curies":[{"name":"wp","href":"https:\/\/api.w.org\/{rel}","templated":true}]}}