{"id":2262,"date":"2015-07-21T14:10:34","date_gmt":"2015-07-21T12:10:34","guid":{"rendered":"http:\/\/wp.kristdemokraterna.se\/hakanjohansson\/?p=2262"},"modified":"2015-07-27T12:47:13","modified_gmt":"2015-07-27T10:47:13","slug":"min-forsta-tv-intervju","status":"publish","type":"post","link":"https:\/\/wp.kristdemokraterna.se\/hakanjohansson\/2015\/07\/21\/min-forsta-tv-intervju\/","title":{"rendered":"Min f\u00f6rsta TV-intervju"},"content":{"rendered":"<p>Som jag har skrivit tidigare forts\u00e4tter\u00a0Milj\u00f6- och stadsbyggnadsn\u00e4mnden utveckla R\u00e4ddningstj\u00e4nsten och samtidigt anpassa den till en ny l\u00e4gre budgetram. Ett av f\u00f6rslagen vi arbetar med \u00e4r att alla deltidsbrandm\u00e4n i Bor ska bli f\u00f6rsta insatspersoner (FIP) n\u00e4r de har beredskap. Det inneb\u00e4r att de har tillg\u00e5ng till ett specialutrustat fordon s\u00e5 att de\u00a0snabbt kan vara p\u00e5 plats f\u00f6r att\u00a0g\u00f6ra en kvalificerad tidig insats vid en olycka. En konsekvens av det \u00e4r att d\u00e5 beh\u00f6vs inte\u00a0r\u00e4ddningsstationen till att st\u00e4lla bilar i. D\u00e4rf\u00f6r kan den st\u00e4ngas och pengarna den kostar anv\u00e4ndas till att f\u00f6rst\u00e4rka den operativa verksamheten. Det v\u00e4ljer V\u00e4rnamo Nyheter att reducera till att\u00a0vi endast vill <a href=\"http:\/\/www.vn.se\/article\/vill-radda-stationen\/\" target=\"_blank\">st\u00e4nga r\u00e4ddningsstationen f\u00f6r att spara pengar<\/a>!<\/p>\n<p><!--more--><\/p>\n<p>I g\u00e5r\u00a0p\u00e5 morgonen ringde en reporter fr\u00e5n SVT och ville f\u00f6lja upp den storyn. Sagt och gjort, jag kammade mig, tog p\u00e5 en\u00a0brandgul skjorta f\u00f6r att matcha \u00e4mnet \ud83d\ude09 och \u00e5kte iv\u00e4g till r\u00e4ddningsstationen i Bor f\u00f6r en intervju. D\u00e4r passade jag p\u00e5 att lyssna till\u00a0de brandm\u00e4n som var p\u00e5 plats och jag f\u00f6rst\u00e5r sj\u00e4lvklart att deras arbetssituation p\u00e5verkas av f\u00f6r\u00e4ndringarna. Det \u00e4r dock inte sj\u00e4lvklart att allt\u00a0blir till det s\u00e4mre\u2026<\/p>\n<p>Intervjun tog kanske fem minuter och jag f\u00f6rs\u00f6kte f\u00f6rklara att FIP har vi haft l\u00e4nge i V\u00e4rnamo och att det har gett ett merv\u00e4rde till r\u00e4ddningstj\u00e4nsten och\u00a0fungerat v\u00e4l. De praktiska sv\u00e5righeterna som det talas om nu g\u00e5r s\u00e4kert att l\u00f6sa. Sj\u00e4lva intervjun gick v\u00e4l hyfsat och <a href=\"http:\/\/www.svt.se\/nyheter\/regionalt\/jonkoping\/brandman-kan-tvingas-ha-brandbil-hemma\" target=\"_blank\">s\u00e5 h\u00e4r blev resultatet<\/a>.\u00a0Det \u00e4r inte mycket av det man s\u00e4ger som hinner komma med i ett 90-sekundersinslag\u2026 \ud83d\ude09<\/p>\n<p>Mediebilden av en sp\u00e4nnande utveckling mot mer r\u00e4ddningstj\u00e4nst i hela kommunen \u00e4r allts\u00e5 att det bara handlar om att st\u00e4nga en r\u00e4ddningsstation! Det \u00e4r uppenbarligen dags att skriva en debattartikel och f\u00f6rs\u00f6ka f\u00f6rklara vad det handlar om i sj\u00e4lva verket. Tv\u00e5 FIP \u00e4r definitivt fler \u00e4n en!<\/p>\n","protected":false},"excerpt":{"rendered":"<p>Som jag har skrivit tidigare forts\u00e4tter\u00a0Milj\u00f6- och stadsbyggnadsn\u00e4mnden utveckla R\u00e4ddningstj\u00e4nsten och samtidigt anpassa den till en ny l\u00e4gre budgetram. Ett av f\u00f6rslagen vi arbetar med \u00e4r att alla deltidsbrandm\u00e4n i Bor ska bli f\u00f6rsta insatspersoner (FIP) n\u00e4r de har beredskap. Det inneb\u00e4r att de har tillg\u00e5ng till ett specialutrustat fordon s\u00e5 att de\u00a0snabbt kan vara&hellip; <a class=\"read-more-link\" href=\"https:\/\/wp.kristdemokraterna.se\/hakanjohansson\/2015\/07\/21\/min-forsta-tv-intervju\/\">Forts\u00e4tt l\u00e4sa<\/a><\/p>\n","protected":false},"author":507,"featured_media":123,"comment_status":"closed","ping_status":"closed","sticky":false,"template":"","format":"standard","meta":{"_acf_changed":false,"footnotes":""},"categories":[41],"tags":[1464,910,1324,1335,877,15,1459,1465,480,1460,1463,1467,31,238,1461,1352,1320,1466,1462,20,573],"class_list":["post-2262","post","type-post","status-publish","format-standard","hentry","category-inlagg","tag-arbetssituation","tag-beredskap","tag-bor","tag-brandman","tag-budget","tag-debattartikel","tag-deltidsbrandman","tag-forandring","tag-fordon","tag-forsta-insatsperson","tag-intervju","tag-mediebild","tag-miljo-och-stadsbyggnadsnamnden","tag-olyckor","tag-operativ-verksamhet","tag-raddningsstation","tag-raddningstjansten","tag-svarigheter","tag-svt","tag-utveckling","tag-varnamo-nyheter"],"acf":[],"yoast_head":"<!-- This site is optimized with the Yoast SEO plugin v27.4 - https:\/\/yoast.com\/product\/yoast-seo-wordpress\/ -->\n<title>Min f\u00f6rsta TV-intervju - H\u00e5kan Johansson, KD<\/title>\n<meta name=\"robots\" content=\"index, follow, max-snippet:-1, max-image-preview:large, max-video-preview:-1\" \/>\n<link rel=\"canonical\" href=\"https:\/\/wp.kristdemokraterna.se\/hakanjohansson\/2015\/07\/21\/min-forsta-tv-intervju\/\" \/>\n<meta property=\"og:locale\" content=\"sv_SE\" \/>\n<meta property=\"og:type\" content=\"article\" \/>\n<meta property=\"og:title\" content=\"Min f\u00f6rsta TV-intervju - H\u00e5kan Johansson, KD\" \/>\n<meta property=\"og:description\" content=\"Som jag har skrivit tidigare forts\u00e4tter\u00a0Milj\u00f6- och stadsbyggnadsn\u00e4mnden utveckla R\u00e4ddningstj\u00e4nsten och samtidigt anpassa den till en ny l\u00e4gre budgetram. Ett av f\u00f6rslagen vi arbetar med \u00e4r att alla deltidsbrandm\u00e4n i Bor ska bli f\u00f6rsta insatspersoner (FIP) n\u00e4r de har beredskap. Det inneb\u00e4r att de har tillg\u00e5ng till ett specialutrustat fordon s\u00e5 att de\u00a0snabbt kan vara&hellip; Forts\u00e4tt l\u00e4sa\" \/>\n<meta property=\"og:url\" content=\"https:\/\/wp.kristdemokraterna.se\/hakanjohansson\/2015\/07\/21\/min-forsta-tv-intervju\/\" \/>\n<meta property=\"og:site_name\" content=\"H\u00e5kan Johansson, KD\" \/>\n<meta property=\"article:published_time\" content=\"2015-07-21T12:10:34+00:00\" \/>\n<meta property=\"article:modified_time\" content=\"2015-07-27T10:47:13+00:00\" \/>\n<meta property=\"og:image\" content=\"https:\/\/wp.kristdemokraterna.se\/hakanjohansson\/files\/2014\/06\/hakan_johansson_2013.png\" \/>\n\t<meta property=\"og:image:width\" content=\"256\" \/>\n\t<meta property=\"og:image:height\" content=\"300\" \/>\n\t<meta property=\"og:image:type\" content=\"image\/png\" \/>\n<meta name=\"author\" content=\"H\u00e5kan Johansson\" \/>\n<meta name=\"twitter:card\" content=\"summary_large_image\" \/>\n<meta name=\"twitter:label1\" content=\"Skriven av\" \/>\n\t<meta name=\"twitter:data1\" content=\"H\u00e5kan Johansson\" \/>\n\t<meta name=\"twitter:label2\" content=\"Ber\u00e4knad l\u00e4stid\" \/>\n\t<meta name=\"twitter:data2\" content=\"2 minuter\" \/>\n<script type=\"application\/ld+json\" class=\"yoast-schema-graph\">{\"@context\":\"https:\\\/\\\/schema.org\",\"@graph\":[{\"@type\":\"Article\",\"@id\":\"https:\\\/\\\/wp.kristdemokraterna.se\\\/hakanjohansson\\\/2015\\\/07\\\/21\\\/min-forsta-tv-intervju\\\/#article\",\"isPartOf\":{\"@id\":\"https:\\\/\\\/wp.kristdemokraterna.se\\\/hakanjohansson\\\/2015\\\/07\\\/21\\\/min-forsta-tv-intervju\\\/\"},\"author\":{\"name\":\"H\u00e5kan Johansson\",\"@id\":\"https:\\\/\\\/wp.kristdemokraterna.se\\\/hakanjohansson\\\/#\\\/schema\\\/person\\\/1ebb24d2d3a4cdd92106ea18359c8b63\"},\"headline\":\"Min f\u00f6rsta TV-intervju\",\"datePublished\":\"2015-07-21T12:10:34+00:00\",\"dateModified\":\"2015-07-27T10:47:13+00:00\",\"mainEntityOfPage\":{\"@id\":\"https:\\\/\\\/wp.kristdemokraterna.se\\\/hakanjohansson\\\/2015\\\/07\\\/21\\\/min-forsta-tv-intervju\\\/\"},\"wordCount\":378,\"image\":{\"@id\":\"https:\\\/\\\/wp.kristdemokraterna.se\\\/hakanjohansson\\\/2015\\\/07\\\/21\\\/min-forsta-tv-intervju\\\/#primaryimage\"},\"thumbnailUrl\":\"https:\\\/\\\/wp.kristdemokraterna.se\\\/hakanjohansson\\\/files\\\/2014\\\/06\\\/hakan_johansson_2013.png\",\"keywords\":[\"arbetssituation\",\"beredskap\",\"Bor\",\"brandm\u00e4n\",\"budget\",\"debattartikel\",\"deltidsbrandman\",\"f\u00f6r\u00e4ndring\",\"fordon\",\"f\u00f6rsta insatsperson\",\"intervju\",\"mediebild\",\"Milj\u00f6- och stadsbyggnadsn\u00e4mnden\",\"olyckor\",\"operativ verksamhet\",\"r\u00e4ddningsstation\",\"R\u00e4ddningstj\u00e4nsten\",\"sv\u00e5righeter\",\"SVT\",\"utveckling\",\"V\u00e4rnamo Nyheter\"],\"articleSection\":[\"Inl\u00e4gg\"],\"inLanguage\":\"sv-SE\"},{\"@type\":\"WebPage\",\"@id\":\"https:\\\/\\\/wp.kristdemokraterna.se\\\/hakanjohansson\\\/2015\\\/07\\\/21\\\/min-forsta-tv-intervju\\\/\",\"url\":\"https:\\\/\\\/wp.kristdemokraterna.se\\\/hakanjohansson\\\/2015\\\/07\\\/21\\\/min-forsta-tv-intervju\\\/\",\"name\":\"Min f\u00f6rsta TV-intervju - H\u00e5kan Johansson, KD\",\"isPartOf\":{\"@id\":\"https:\\\/\\\/wp.kristdemokraterna.se\\\/hakanjohansson\\\/#website\"},\"primaryImageOfPage\":{\"@id\":\"https:\\\/\\\/wp.kristdemokraterna.se\\\/hakanjohansson\\\/2015\\\/07\\\/21\\\/min-forsta-tv-intervju\\\/#primaryimage\"},\"image\":{\"@id\":\"https:\\\/\\\/wp.kristdemokraterna.se\\\/hakanjohansson\\\/2015\\\/07\\\/21\\\/min-forsta-tv-intervju\\\/#primaryimage\"},\"thumbnailUrl\":\"https:\\\/\\\/wp.kristdemokraterna.se\\\/hakanjohansson\\\/files\\\/2014\\\/06\\\/hakan_johansson_2013.png\",\"datePublished\":\"2015-07-21T12:10:34+00:00\",\"dateModified\":\"2015-07-27T10:47:13+00:00\",\"author\":{\"@id\":\"https:\\\/\\\/wp.kristdemokraterna.se\\\/hakanjohansson\\\/#\\\/schema\\\/person\\\/1ebb24d2d3a4cdd92106ea18359c8b63\"},\"breadcrumb\":{\"@id\":\"https:\\\/\\\/wp.kristdemokraterna.se\\\/hakanjohansson\\\/2015\\\/07\\\/21\\\/min-forsta-tv-intervju\\\/#breadcrumb\"},\"inLanguage\":\"sv-SE\",\"potentialAction\":[{\"@type\":\"ReadAction\",\"target\":[\"https:\\\/\\\/wp.kristdemokraterna.se\\\/hakanjohansson\\\/2015\\\/07\\\/21\\\/min-forsta-tv-intervju\\\/\"]}]},{\"@type\":\"ImageObject\",\"inLanguage\":\"sv-SE\",\"@id\":\"https:\\\/\\\/wp.kristdemokraterna.se\\\/hakanjohansson\\\/2015\\\/07\\\/21\\\/min-forsta-tv-intervju\\\/#primaryimage\",\"url\":\"https:\\\/\\\/wp.kristdemokraterna.se\\\/hakanjohansson\\\/files\\\/2014\\\/06\\\/hakan_johansson_2013.png\",\"contentUrl\":\"https:\\\/\\\/wp.kristdemokraterna.se\\\/hakanjohansson\\\/files\\\/2014\\\/06\\\/hakan_johansson_2013.png\",\"width\":256,\"height\":300,\"caption\":\"H\u00e5kan Johansson, Kristdemokraterna V\u00e4rnamo. (Foto: Lennart Molin)\"},{\"@type\":\"BreadcrumbList\",\"@id\":\"https:\\\/\\\/wp.kristdemokraterna.se\\\/hakanjohansson\\\/2015\\\/07\\\/21\\\/min-forsta-tv-intervju\\\/#breadcrumb\",\"itemListElement\":[{\"@type\":\"ListItem\",\"position\":1,\"name\":\"Hem\",\"item\":\"https:\\\/\\\/wp.kristdemokraterna.se\\\/hakanjohansson\\\/\"},{\"@type\":\"ListItem\",\"position\":2,\"name\":\"Min f\u00f6rsta TV-intervju\"}]},{\"@type\":\"WebSite\",\"@id\":\"https:\\\/\\\/wp.kristdemokraterna.se\\\/hakanjohansson\\\/#website\",\"url\":\"https:\\\/\\\/wp.kristdemokraterna.se\\\/hakanjohansson\\\/\",\"name\":\"H\u00e5kan Johansson, KD\",\"description\":\"Politik, musik och teknik...\",\"inLanguage\":\"sv-SE\"},{\"@type\":\"Person\",\"@id\":\"https:\\\/\\\/wp.kristdemokraterna.se\\\/hakanjohansson\\\/#\\\/schema\\\/person\\\/1ebb24d2d3a4cdd92106ea18359c8b63\",\"name\":\"H\u00e5kan Johansson\",\"image\":{\"@type\":\"ImageObject\",\"inLanguage\":\"sv-SE\",\"@id\":\"https:\\\/\\\/secure.gravatar.com\\\/avatar\\\/2f492f08c4bdc714d7db0d433c48b51adbc8f67dd2112ac3a50d66d0d1ddd173?s=96&r=g\",\"url\":\"https:\\\/\\\/secure.gravatar.com\\\/avatar\\\/2f492f08c4bdc714d7db0d433c48b51adbc8f67dd2112ac3a50d66d0d1ddd173?s=96&r=g\",\"contentUrl\":\"https:\\\/\\\/secure.gravatar.com\\\/avatar\\\/2f492f08c4bdc714d7db0d433c48b51adbc8f67dd2112ac3a50d66d0d1ddd173?s=96&r=g\",\"caption\":\"H\u00e5kan Johansson\"},\"description\":\"Politik, musik och teknik...\",\"sameAs\":[\"https:\\\/\\\/wp.kristdemokraterna.se\\\/hakanjohansson\"],\"url\":\"https:\\\/\\\/wp.kristdemokraterna.se\\\/hakanjohansson\\\/author\\\/hakanjohansson\\\/\"}]}<\/script>\n<!-- \/ Yoast SEO plugin. -->","yoast_head_json":{"title":"Min f\u00f6rsta TV-intervju - H\u00e5kan Johansson, KD","robots":{"index":"index","follow":"follow","max-snippet":"max-snippet:-1","max-image-preview":"max-image-preview:large","max-video-preview":"max-video-preview:-1"},"canonical":"https:\/\/wp.kristdemokraterna.se\/hakanjohansson\/2015\/07\/21\/min-forsta-tv-intervju\/","og_locale":"sv_SE","og_type":"article","og_title":"Min f\u00f6rsta TV-intervju - H\u00e5kan Johansson, KD","og_description":"Som jag har skrivit tidigare forts\u00e4tter\u00a0Milj\u00f6- och stadsbyggnadsn\u00e4mnden utveckla R\u00e4ddningstj\u00e4nsten och samtidigt anpassa den till en ny l\u00e4gre budgetram. Ett av f\u00f6rslagen vi arbetar med \u00e4r att alla deltidsbrandm\u00e4n i Bor ska bli f\u00f6rsta insatspersoner (FIP) n\u00e4r de har beredskap. Det inneb\u00e4r att de har tillg\u00e5ng till ett specialutrustat fordon s\u00e5 att de\u00a0snabbt kan vara&hellip; Forts\u00e4tt l\u00e4sa","og_url":"https:\/\/wp.kristdemokraterna.se\/hakanjohansson\/2015\/07\/21\/min-forsta-tv-intervju\/","og_site_name":"H\u00e5kan Johansson, KD","article_published_time":"2015-07-21T12:10:34+00:00","article_modified_time":"2015-07-27T10:47:13+00:00","og_image":[{"width":256,"height":300,"url":"https:\/\/wp.kristdemokraterna.se\/hakanjohansson\/files\/2014\/06\/hakan_johansson_2013.png","type":"image\/png"}],"author":"H\u00e5kan Johansson","twitter_card":"summary_large_image","twitter_misc":{"Skriven av":"H\u00e5kan Johansson","Ber\u00e4knad l\u00e4stid":"2 minuter"},"schema":{"@context":"https:\/\/schema.org","@graph":[{"@type":"Article","@id":"https:\/\/wp.kristdemokraterna.se\/hakanjohansson\/2015\/07\/21\/min-forsta-tv-intervju\/#article","isPartOf":{"@id":"https:\/\/wp.kristdemokraterna.se\/hakanjohansson\/2015\/07\/21\/min-forsta-tv-intervju\/"},"author":{"name":"H\u00e5kan Johansson","@id":"https:\/\/wp.kristdemokraterna.se\/hakanjohansson\/#\/schema\/person\/1ebb24d2d3a4cdd92106ea18359c8b63"},"headline":"Min f\u00f6rsta TV-intervju","datePublished":"2015-07-21T12:10:34+00:00","dateModified":"2015-07-27T10:47:13+00:00","mainEntityOfPage":{"@id":"https:\/\/wp.kristdemokraterna.se\/hakanjohansson\/2015\/07\/21\/min-forsta-tv-intervju\/"},"wordCount":378,"image":{"@id":"https:\/\/wp.kristdemokraterna.se\/hakanjohansson\/2015\/07\/21\/min-forsta-tv-intervju\/#primaryimage"},"thumbnailUrl":"https:\/\/wp.kristdemokraterna.se\/hakanjohansson\/files\/2014\/06\/hakan_johansson_2013.png","keywords":["arbetssituation","beredskap","Bor","brandm\u00e4n","budget","debattartikel","deltidsbrandman","f\u00f6r\u00e4ndring","fordon","f\u00f6rsta insatsperson","intervju","mediebild","Milj\u00f6- och stadsbyggnadsn\u00e4mnden","olyckor","operativ verksamhet","r\u00e4ddningsstation","R\u00e4ddningstj\u00e4nsten","sv\u00e5righeter","SVT","utveckling","V\u00e4rnamo Nyheter"],"articleSection":["Inl\u00e4gg"],"inLanguage":"sv-SE"},{"@type":"WebPage","@id":"https:\/\/wp.kristdemokraterna.se\/hakanjohansson\/2015\/07\/21\/min-forsta-tv-intervju\/","url":"https:\/\/wp.kristdemokraterna.se\/hakanjohansson\/2015\/07\/21\/min-forsta-tv-intervju\/","name":"Min f\u00f6rsta TV-intervju - H\u00e5kan Johansson, KD","isPartOf":{"@id":"https:\/\/wp.kristdemokraterna.se\/hakanjohansson\/#website"},"primaryImageOfPage":{"@id":"https:\/\/wp.kristdemokraterna.se\/hakanjohansson\/2015\/07\/21\/min-forsta-tv-intervju\/#primaryimage"},"image":{"@id":"https:\/\/wp.kristdemokraterna.se\/hakanjohansson\/2015\/07\/21\/min-forsta-tv-intervju\/#primaryimage"},"thumbnailUrl":"https:\/\/wp.kristdemokraterna.se\/hakanjohansson\/files\/2014\/06\/hakan_johansson_2013.png","datePublished":"2015-07-21T12:10:34+00:00","dateModified":"2015-07-27T10:47:13+00:00","author":{"@id":"https:\/\/wp.kristdemokraterna.se\/hakanjohansson\/#\/schema\/person\/1ebb24d2d3a4cdd92106ea18359c8b63"},"breadcrumb":{"@id":"https:\/\/wp.kristdemokraterna.se\/hakanjohansson\/2015\/07\/21\/min-forsta-tv-intervju\/#breadcrumb"},"inLanguage":"sv-SE","potentialAction":[{"@type":"ReadAction","target":["https:\/\/wp.kristdemokraterna.se\/hakanjohansson\/2015\/07\/21\/min-forsta-tv-intervju\/"]}]},{"@type":"ImageObject","inLanguage":"sv-SE","@id":"https:\/\/wp.kristdemokraterna.se\/hakanjohansson\/2015\/07\/21\/min-forsta-tv-intervju\/#primaryimage","url":"https:\/\/wp.kristdemokraterna.se\/hakanjohansson\/files\/2014\/06\/hakan_johansson_2013.png","contentUrl":"https:\/\/wp.kristdemokraterna.se\/hakanjohansson\/files\/2014\/06\/hakan_johansson_2013.png","width":256,"height":300,"caption":"H\u00e5kan Johansson, Kristdemokraterna V\u00e4rnamo. (Foto: Lennart Molin)"},{"@type":"BreadcrumbList","@id":"https:\/\/wp.kristdemokraterna.se\/hakanjohansson\/2015\/07\/21\/min-forsta-tv-intervju\/#breadcrumb","itemListElement":[{"@type":"ListItem","position":1,"name":"Hem","item":"https:\/\/wp.kristdemokraterna.se\/hakanjohansson\/"},{"@type":"ListItem","position":2,"name":"Min f\u00f6rsta TV-intervju"}]},{"@type":"WebSite","@id":"https:\/\/wp.kristdemokraterna.se\/hakanjohansson\/#website","url":"https:\/\/wp.kristdemokraterna.se\/hakanjohansson\/","name":"H\u00e5kan Johansson, KD","description":"Politik, musik och teknik...","inLanguage":"sv-SE"},{"@type":"Person","@id":"https:\/\/wp.kristdemokraterna.se\/hakanjohansson\/#\/schema\/person\/1ebb24d2d3a4cdd92106ea18359c8b63","name":"H\u00e5kan Johansson","image":{"@type":"ImageObject","inLanguage":"sv-SE","@id":"https:\/\/secure.gravatar.com\/avatar\/2f492f08c4bdc714d7db0d433c48b51adbc8f67dd2112ac3a50d66d0d1ddd173?s=96&r=g","url":"https:\/\/secure.gravatar.com\/avatar\/2f492f08c4bdc714d7db0d433c48b51adbc8f67dd2112ac3a50d66d0d1ddd173?s=96&r=g","contentUrl":"https:\/\/secure.gravatar.com\/avatar\/2f492f08c4bdc714d7db0d433c48b51adbc8f67dd2112ac3a50d66d0d1ddd173?s=96&r=g","caption":"H\u00e5kan Johansson"},"description":"Politik, musik och teknik...","sameAs":["https:\/\/wp.kristdemokraterna.se\/hakanjohansson"],"url":"https:\/\/wp.kristdemokraterna.se\/hakanjohansson\/author\/hakanjohansson\/"}]}},"_links":{"self":[{"href":"https:\/\/wp.kristdemokraterna.se\/hakanjohansson\/wp-json\/wp\/v2\/posts\/2262","targetHints":{"allow":["GET"]}}],"collection":[{"href":"https:\/\/wp.kristdemokraterna.se\/hakanjohansson\/wp-json\/wp\/v2\/posts"}],"about":[{"href":"https:\/\/wp.kristdemokraterna.se\/hakanjohansson\/wp-json\/wp\/v2\/types\/post"}],"author":[{"embeddable":true,"href":"https:\/\/wp.kristdemokraterna.se\/hakanjohansson\/wp-json\/wp\/v2\/users\/507"}],"replies":[{"embeddable":true,"href":"https:\/\/wp.kristdemokraterna.se\/hakanjohansson\/wp-json\/wp\/v2\/comments?post=2262"}],"version-history":[{"count":24,"href":"https:\/\/wp.kristdemokraterna.se\/hakanjohansson\/wp-json\/wp\/v2\/posts\/2262\/revisions"}],"predecessor-version":[{"id":2307,"href":"https:\/\/wp.kristdemokraterna.se\/hakanjohansson\/wp-json\/wp\/v2\/posts\/2262\/revisions\/2307"}],"wp:featuredmedia":[{"embeddable":true,"href":"https:\/\/wp.kristdemokraterna.se\/hakanjohansson\/wp-json\/wp\/v2\/media\/123"}],"wp:attachment":[{"href":"https:\/\/wp.kristdemokraterna.se\/hakanjohansson\/wp-json\/wp\/v2\/media?parent=2262"}],"wp:term":[{"taxonomy":"category","embeddable":true,"href":"https:\/\/wp.kristdemokraterna.se\/hakanjohansson\/wp-json\/wp\/v2\/categories?post=2262"},{"taxonomy":"post_tag","embeddable":true,"href":"https:\/\/wp.kristdemokraterna.se\/hakanjohansson\/wp-json\/wp\/v2\/tags?post=2262"}],"curies":[{"name":"wp","href":"https:\/\/api.w.org\/{rel}","templated":true}]}}