{"id":2285,"date":"2015-07-23T22:40:53","date_gmt":"2015-07-23T20:40:53","guid":{"rendered":"http:\/\/wp.kristdemokraterna.se\/hakanjohansson\/?p=2285"},"modified":"2018-02-16T17:50:38","modified_gmt":"2018-02-16T16:50:38","slug":"mer-raddningstjanst-i-hela-kommunen","status":"publish","type":"post","link":"https:\/\/wp.kristdemokraterna.se\/hakanjohansson\/2015\/07\/23\/mer-raddningstjanst-i-hela-kommunen\/","title":{"rendered":"Mer r\u00e4ddningstj\u00e4nst i hela kommunen"},"content":{"rendered":"<p>N\u00e4r jag reflekterade \u00f6ver <a href=\"http:\/\/wp.kristdemokraterna.se\/hakanjohansson\/2015\/07\/21\/min-forsta-tv-intervju\/\">TV-intervjun om R\u00e4ddningstj\u00e4nsten<\/a>\u00a0ins\u00e5g jag att vi\u00a0beh\u00f6ver ta tillbaka initiativet. Allm\u00e4nheten\u00a0m\u00e5ste f\u00e5 en bakgrund till och perspektiv\u00a0p\u00e5 det utvecklingsarbete som p\u00e5g\u00e5r. Det \u00e4r viktigt att utmana mediebilden s\u00e5 att inte den s\u00e4tter\u00a0agendan och sn\u00e4var in debatten. Jag kontaktade mina kollegor i Milj\u00f6- och stadsbyggnadsn\u00e4mndens presidium, <em>G\u00f6ran Andersson<\/em> (C), 1 v ordf\u00f6rande och\u00a0<em>Bo Svedberg<\/em> (S), 2 v ordf\u00f6rande, och vi kom \u00f6verens om att skicka denna\u00a0debattartikel:<\/p>\n<p><!--more--><\/p>\n<h2>Mer r\u00e4ddningstj\u00e4nst i hela kommunen<\/h2>\n<p>Samh\u00e4llet f\u00f6r\u00e4ndras. D\u00e4rf\u00f6r beh\u00f6ver kommunernas verksamheter utvecklas. R\u00e4ddningstj\u00e4nst \u00e4r ett exempel. Sedan tiden d\u00e5 kommuner b\u00f6rjade v\u00e4xa fram f\u00f6r att ansvara f\u00f6r just r\u00e4ddningstj\u00e4nst \u00e4r inte mycket sig likt. Tekniker och regelverk har bytts ut. Det har \u00e4ven arbetss\u00e4tt och organisationsformer.<\/p>\n<p>I dagens r\u00e4ddningstj\u00e4nstv\u00e4rld talar man mycket om sm\u00e5 effektiva enheter med spetskompetens som snabbt kan vara p\u00e5 plats och g\u00f6ra en kvalificerad insats. Man talar \u00e4ven om dynamisk utlarmning (larma n\u00e4rmaste styrka f\u00f6rst), nya typer av samverkan med andra f\u00f6rvaltningar och kommuner med mera.<\/p>\n<p>Vi ser stora m\u00f6jligheter att kunna ge mer r\u00e4ddningstj\u00e4nst till alla kommunmedlemmar genom att l\u00e4ra av de erfarenheter som framg\u00e5ngsrika r\u00e4ddningstj\u00e4nster har gjort av denna utveckling. Just nu arbetar vi i Milj\u00f6- och stadsbyggnadsn\u00e4mnden med ett antal f\u00f6rslag p\u00e5 hur R\u00e4ddningstj\u00e4nstens verksamhet ska anpassas till en ny l\u00e4gre ekonomisk ram och d\u00e5 tar vi vara p\u00e5 de erfarenheterna.<\/p>\n<p>Bland f\u00f6rslagen finns att minska storleken p\u00e5 ledningsgruppen, ett antal konkreta samverkansomr\u00e5den med andra f\u00f6rvaltningar och att borstyrkan ska g\u00e5 samman med deltidsstyrkan i V\u00e4rnamo och uppgraderas till f\u00f6rsta insatspersoner (FIP). D\u00e4rmed blir enheterna i Bor och V\u00e4rnamo de kanske mest flexibla och anv\u00e4ndbara i V\u00e4rnamo r\u00e4ddningstj\u00e4nst\u2026<\/p>\n<p>Dessa f\u00f6rslag har n\u00e4mndens ledam\u00f6ter f\u00e5tt med sig hem f\u00f6r att samtala om i sina partigrupper under sommaren. N\u00e4mnden vill \u00e4ven ha en analys av m\u00f6jligheterna att minska ledningsorganisationen ytterligare. Fram till n\u00e4sta sammantr\u00e4de \u00e4r vi bara glada och tacksamma f\u00f6r en levande dialog om framtidens r\u00e4ddningstj\u00e4nst.<\/p>\n<p>Vi ser framf\u00f6r oss en utveckling med fler sm\u00e5 flexibla enheter som kan t\u00e4cka en st\u00f6rre del av kommunen. P\u00e5 sikt ser vi hur andra kommunanst\u00e4llda med r\u00e4tt utbildning och utrustning kan bidra med viktiga f\u00f6rsta insatser. Kort sagt \u2013 R\u00e4ddningstj\u00e4nsten utvecklas och det \u00e4r f\u00f6r att \u00f6ka tryggheten i hela kommunen och ge mesta m\u00f6jliga r\u00e4ddningstj\u00e4nst f\u00f6r skattepengarna.<\/p>\n<p style=\"text-align: right\">Milj\u00f6- och stadsbyggnadsn\u00e4mndens presidium, V\u00e4rnamo kommun<br \/>\n<em>H\u00e5kan Johansson<\/em> (KD), ordf\u00f6rande<br \/>\n<em>G\u00f6ran Andersson<\/em> (C), 1 v ordf\u00f6rande<br \/>\n<em>Bo Svedberg<\/em> (S), 2 v ordf\u00f6rande<\/p>\n<hr \/>\n<p>Publicerad:<\/p>\n<ul>\n<li>2015-07-27: V\u00e4rnamo Nyheter<\/li>\n<\/ul>\n","protected":false},"excerpt":{"rendered":"<p>N\u00e4r jag reflekterade \u00f6ver TV-intervjun om R\u00e4ddningstj\u00e4nsten\u00a0ins\u00e5g jag att vi\u00a0beh\u00f6ver ta tillbaka initiativet. Allm\u00e4nheten\u00a0m\u00e5ste f\u00e5 en bakgrund till och perspektiv\u00a0p\u00e5 det utvecklingsarbete som p\u00e5g\u00e5r. Det \u00e4r viktigt att utmana mediebilden s\u00e5 att inte den s\u00e4tter\u00a0agendan och sn\u00e4var in debatten. Jag kontaktade mina kollegor i Milj\u00f6- och stadsbyggnadsn\u00e4mndens presidium, G\u00f6ran Andersson (C), 1 v ordf\u00f6rande och\u00a0Bo&hellip; <a class=\"read-more-link\" href=\"https:\/\/wp.kristdemokraterna.se\/hakanjohansson\/2015\/07\/23\/mer-raddningstjanst-i-hela-kommunen\/\">Forts\u00e4tt l\u00e4sa<\/a><\/p>\n","protected":false},"author":507,"featured_media":123,"comment_status":"closed","ping_status":"closed","sticky":false,"template":"","format":"standard","meta":{"_acf_changed":false,"footnotes":""},"categories":[3],"tags":[1473,1324,15,1460,1472,1463,1467,31,368,1320,5],"class_list":["post-2285","post","type-post","status-publish","format-standard","hentry","category-debatt","tag-bo-svedberg","tag-bor","tag-debattartikel","tag-forsta-insatsperson","tag-goran-andersson","tag-intervju","tag-mediebild","tag-miljo-och-stadsbyggnadsnamnden","tag-presidium","tag-raddningstjansten","tag-varnamo"],"acf":[],"yoast_head":"<!-- This site is optimized with the Yoast SEO plugin v27.4 - https:\/\/yoast.com\/product\/yoast-seo-wordpress\/ -->\n<title>Mer r\u00e4ddningstj\u00e4nst i hela kommunen - H\u00e5kan Johansson, KD<\/title>\n<meta name=\"robots\" content=\"index, follow, max-snippet:-1, max-image-preview:large, max-video-preview:-1\" \/>\n<link rel=\"canonical\" href=\"https:\/\/wp.kristdemokraterna.se\/hakanjohansson\/2015\/07\/23\/mer-raddningstjanst-i-hela-kommunen\/\" \/>\n<meta property=\"og:locale\" content=\"sv_SE\" \/>\n<meta property=\"og:type\" content=\"article\" \/>\n<meta property=\"og:title\" content=\"Mer r\u00e4ddningstj\u00e4nst i hela kommunen - H\u00e5kan Johansson, KD\" \/>\n<meta property=\"og:description\" content=\"N\u00e4r jag reflekterade \u00f6ver TV-intervjun om R\u00e4ddningstj\u00e4nsten\u00a0ins\u00e5g jag att vi\u00a0beh\u00f6ver ta tillbaka initiativet. Allm\u00e4nheten\u00a0m\u00e5ste f\u00e5 en bakgrund till och perspektiv\u00a0p\u00e5 det utvecklingsarbete som p\u00e5g\u00e5r. Det \u00e4r viktigt att utmana mediebilden s\u00e5 att inte den s\u00e4tter\u00a0agendan och sn\u00e4var in debatten. Jag kontaktade mina kollegor i Milj\u00f6- och stadsbyggnadsn\u00e4mndens presidium, G\u00f6ran Andersson (C), 1 v ordf\u00f6rande och\u00a0Bo&hellip; Forts\u00e4tt l\u00e4sa\" \/>\n<meta property=\"og:url\" content=\"https:\/\/wp.kristdemokraterna.se\/hakanjohansson\/2015\/07\/23\/mer-raddningstjanst-i-hela-kommunen\/\" \/>\n<meta property=\"og:site_name\" content=\"H\u00e5kan Johansson, KD\" \/>\n<meta property=\"article:published_time\" content=\"2015-07-23T20:40:53+00:00\" \/>\n<meta property=\"article:modified_time\" content=\"2018-02-16T16:50:38+00:00\" \/>\n<meta property=\"og:image\" content=\"https:\/\/wp.kristdemokraterna.se\/hakanjohansson\/files\/2014\/06\/hakan_johansson_2013.png\" \/>\n\t<meta property=\"og:image:width\" content=\"256\" \/>\n\t<meta property=\"og:image:height\" content=\"300\" \/>\n\t<meta property=\"og:image:type\" content=\"image\/png\" \/>\n<meta name=\"author\" content=\"H\u00e5kan Johansson\" \/>\n<meta name=\"twitter:card\" content=\"summary_large_image\" \/>\n<meta name=\"twitter:label1\" content=\"Skriven av\" \/>\n\t<meta name=\"twitter:data1\" content=\"H\u00e5kan Johansson\" \/>\n\t<meta name=\"twitter:label2\" content=\"Ber\u00e4knad l\u00e4stid\" \/>\n\t<meta name=\"twitter:data2\" content=\"2 minuter\" \/>\n<script type=\"application\/ld+json\" class=\"yoast-schema-graph\">{\"@context\":\"https:\\\/\\\/schema.org\",\"@graph\":[{\"@type\":\"Article\",\"@id\":\"https:\\\/\\\/wp.kristdemokraterna.se\\\/hakanjohansson\\\/2015\\\/07\\\/23\\\/mer-raddningstjanst-i-hela-kommunen\\\/#article\",\"isPartOf\":{\"@id\":\"https:\\\/\\\/wp.kristdemokraterna.se\\\/hakanjohansson\\\/2015\\\/07\\\/23\\\/mer-raddningstjanst-i-hela-kommunen\\\/\"},\"author\":{\"name\":\"H\u00e5kan Johansson\",\"@id\":\"https:\\\/\\\/wp.kristdemokraterna.se\\\/hakanjohansson\\\/#\\\/schema\\\/person\\\/1ebb24d2d3a4cdd92106ea18359c8b63\"},\"headline\":\"Mer r\u00e4ddningstj\u00e4nst i hela kommunen\",\"datePublished\":\"2015-07-23T20:40:53+00:00\",\"dateModified\":\"2018-02-16T16:50:38+00:00\",\"mainEntityOfPage\":{\"@id\":\"https:\\\/\\\/wp.kristdemokraterna.se\\\/hakanjohansson\\\/2015\\\/07\\\/23\\\/mer-raddningstjanst-i-hela-kommunen\\\/\"},\"wordCount\":503,\"image\":{\"@id\":\"https:\\\/\\\/wp.kristdemokraterna.se\\\/hakanjohansson\\\/2015\\\/07\\\/23\\\/mer-raddningstjanst-i-hela-kommunen\\\/#primaryimage\"},\"thumbnailUrl\":\"https:\\\/\\\/wp.kristdemokraterna.se\\\/hakanjohansson\\\/files\\\/2014\\\/06\\\/hakan_johansson_2013.png\",\"keywords\":[\"Bo Svedberg\",\"Bor\",\"debattartikel\",\"f\u00f6rsta insatsperson\",\"G\u00f6ran Andersson\",\"intervju\",\"mediebild\",\"Milj\u00f6- och stadsbyggnadsn\u00e4mnden\",\"presidium\",\"R\u00e4ddningstj\u00e4nsten\",\"V\u00e4rnamo\"],\"articleSection\":[\"Debatt\"],\"inLanguage\":\"sv-SE\"},{\"@type\":\"WebPage\",\"@id\":\"https:\\\/\\\/wp.kristdemokraterna.se\\\/hakanjohansson\\\/2015\\\/07\\\/23\\\/mer-raddningstjanst-i-hela-kommunen\\\/\",\"url\":\"https:\\\/\\\/wp.kristdemokraterna.se\\\/hakanjohansson\\\/2015\\\/07\\\/23\\\/mer-raddningstjanst-i-hela-kommunen\\\/\",\"name\":\"Mer r\u00e4ddningstj\u00e4nst i hela kommunen - H\u00e5kan Johansson, KD\",\"isPartOf\":{\"@id\":\"https:\\\/\\\/wp.kristdemokraterna.se\\\/hakanjohansson\\\/#website\"},\"primaryImageOfPage\":{\"@id\":\"https:\\\/\\\/wp.kristdemokraterna.se\\\/hakanjohansson\\\/2015\\\/07\\\/23\\\/mer-raddningstjanst-i-hela-kommunen\\\/#primaryimage\"},\"image\":{\"@id\":\"https:\\\/\\\/wp.kristdemokraterna.se\\\/hakanjohansson\\\/2015\\\/07\\\/23\\\/mer-raddningstjanst-i-hela-kommunen\\\/#primaryimage\"},\"thumbnailUrl\":\"https:\\\/\\\/wp.kristdemokraterna.se\\\/hakanjohansson\\\/files\\\/2014\\\/06\\\/hakan_johansson_2013.png\",\"datePublished\":\"2015-07-23T20:40:53+00:00\",\"dateModified\":\"2018-02-16T16:50:38+00:00\",\"author\":{\"@id\":\"https:\\\/\\\/wp.kristdemokraterna.se\\\/hakanjohansson\\\/#\\\/schema\\\/person\\\/1ebb24d2d3a4cdd92106ea18359c8b63\"},\"breadcrumb\":{\"@id\":\"https:\\\/\\\/wp.kristdemokraterna.se\\\/hakanjohansson\\\/2015\\\/07\\\/23\\\/mer-raddningstjanst-i-hela-kommunen\\\/#breadcrumb\"},\"inLanguage\":\"sv-SE\",\"potentialAction\":[{\"@type\":\"ReadAction\",\"target\":[\"https:\\\/\\\/wp.kristdemokraterna.se\\\/hakanjohansson\\\/2015\\\/07\\\/23\\\/mer-raddningstjanst-i-hela-kommunen\\\/\"]}]},{\"@type\":\"ImageObject\",\"inLanguage\":\"sv-SE\",\"@id\":\"https:\\\/\\\/wp.kristdemokraterna.se\\\/hakanjohansson\\\/2015\\\/07\\\/23\\\/mer-raddningstjanst-i-hela-kommunen\\\/#primaryimage\",\"url\":\"https:\\\/\\\/wp.kristdemokraterna.se\\\/hakanjohansson\\\/files\\\/2014\\\/06\\\/hakan_johansson_2013.png\",\"contentUrl\":\"https:\\\/\\\/wp.kristdemokraterna.se\\\/hakanjohansson\\\/files\\\/2014\\\/06\\\/hakan_johansson_2013.png\",\"width\":256,\"height\":300,\"caption\":\"H\u00e5kan Johansson, Kristdemokraterna V\u00e4rnamo. (Foto: Lennart Molin)\"},{\"@type\":\"BreadcrumbList\",\"@id\":\"https:\\\/\\\/wp.kristdemokraterna.se\\\/hakanjohansson\\\/2015\\\/07\\\/23\\\/mer-raddningstjanst-i-hela-kommunen\\\/#breadcrumb\",\"itemListElement\":[{\"@type\":\"ListItem\",\"position\":1,\"name\":\"Hem\",\"item\":\"https:\\\/\\\/wp.kristdemokraterna.se\\\/hakanjohansson\\\/\"},{\"@type\":\"ListItem\",\"position\":2,\"name\":\"Mer r\u00e4ddningstj\u00e4nst i hela kommunen\"}]},{\"@type\":\"WebSite\",\"@id\":\"https:\\\/\\\/wp.kristdemokraterna.se\\\/hakanjohansson\\\/#website\",\"url\":\"https:\\\/\\\/wp.kristdemokraterna.se\\\/hakanjohansson\\\/\",\"name\":\"H\u00e5kan Johansson, KD\",\"description\":\"Politik, musik och teknik...\",\"inLanguage\":\"sv-SE\"},{\"@type\":\"Person\",\"@id\":\"https:\\\/\\\/wp.kristdemokraterna.se\\\/hakanjohansson\\\/#\\\/schema\\\/person\\\/1ebb24d2d3a4cdd92106ea18359c8b63\",\"name\":\"H\u00e5kan Johansson\",\"image\":{\"@type\":\"ImageObject\",\"inLanguage\":\"sv-SE\",\"@id\":\"https:\\\/\\\/secure.gravatar.com\\\/avatar\\\/2f492f08c4bdc714d7db0d433c48b51adbc8f67dd2112ac3a50d66d0d1ddd173?s=96&r=g\",\"url\":\"https:\\\/\\\/secure.gravatar.com\\\/avatar\\\/2f492f08c4bdc714d7db0d433c48b51adbc8f67dd2112ac3a50d66d0d1ddd173?s=96&r=g\",\"contentUrl\":\"https:\\\/\\\/secure.gravatar.com\\\/avatar\\\/2f492f08c4bdc714d7db0d433c48b51adbc8f67dd2112ac3a50d66d0d1ddd173?s=96&r=g\",\"caption\":\"H\u00e5kan Johansson\"},\"description\":\"Politik, musik och teknik...\",\"sameAs\":[\"https:\\\/\\\/wp.kristdemokraterna.se\\\/hakanjohansson\"],\"url\":\"https:\\\/\\\/wp.kristdemokraterna.se\\\/hakanjohansson\\\/author\\\/hakanjohansson\\\/\"}]}<\/script>\n<!-- \/ Yoast SEO plugin. -->","yoast_head_json":{"title":"Mer r\u00e4ddningstj\u00e4nst i hela kommunen - H\u00e5kan Johansson, KD","robots":{"index":"index","follow":"follow","max-snippet":"max-snippet:-1","max-image-preview":"max-image-preview:large","max-video-preview":"max-video-preview:-1"},"canonical":"https:\/\/wp.kristdemokraterna.se\/hakanjohansson\/2015\/07\/23\/mer-raddningstjanst-i-hela-kommunen\/","og_locale":"sv_SE","og_type":"article","og_title":"Mer r\u00e4ddningstj\u00e4nst i hela kommunen - H\u00e5kan Johansson, KD","og_description":"N\u00e4r jag reflekterade \u00f6ver TV-intervjun om R\u00e4ddningstj\u00e4nsten\u00a0ins\u00e5g jag att vi\u00a0beh\u00f6ver ta tillbaka initiativet. Allm\u00e4nheten\u00a0m\u00e5ste f\u00e5 en bakgrund till och perspektiv\u00a0p\u00e5 det utvecklingsarbete som p\u00e5g\u00e5r. Det \u00e4r viktigt att utmana mediebilden s\u00e5 att inte den s\u00e4tter\u00a0agendan och sn\u00e4var in debatten. Jag kontaktade mina kollegor i Milj\u00f6- och stadsbyggnadsn\u00e4mndens presidium, G\u00f6ran Andersson (C), 1 v ordf\u00f6rande och\u00a0Bo&hellip; Forts\u00e4tt l\u00e4sa","og_url":"https:\/\/wp.kristdemokraterna.se\/hakanjohansson\/2015\/07\/23\/mer-raddningstjanst-i-hela-kommunen\/","og_site_name":"H\u00e5kan Johansson, KD","article_published_time":"2015-07-23T20:40:53+00:00","article_modified_time":"2018-02-16T16:50:38+00:00","og_image":[{"width":256,"height":300,"url":"https:\/\/wp.kristdemokraterna.se\/hakanjohansson\/files\/2014\/06\/hakan_johansson_2013.png","type":"image\/png"}],"author":"H\u00e5kan Johansson","twitter_card":"summary_large_image","twitter_misc":{"Skriven av":"H\u00e5kan Johansson","Ber\u00e4knad l\u00e4stid":"2 minuter"},"schema":{"@context":"https:\/\/schema.org","@graph":[{"@type":"Article","@id":"https:\/\/wp.kristdemokraterna.se\/hakanjohansson\/2015\/07\/23\/mer-raddningstjanst-i-hela-kommunen\/#article","isPartOf":{"@id":"https:\/\/wp.kristdemokraterna.se\/hakanjohansson\/2015\/07\/23\/mer-raddningstjanst-i-hela-kommunen\/"},"author":{"name":"H\u00e5kan Johansson","@id":"https:\/\/wp.kristdemokraterna.se\/hakanjohansson\/#\/schema\/person\/1ebb24d2d3a4cdd92106ea18359c8b63"},"headline":"Mer r\u00e4ddningstj\u00e4nst i hela kommunen","datePublished":"2015-07-23T20:40:53+00:00","dateModified":"2018-02-16T16:50:38+00:00","mainEntityOfPage":{"@id":"https:\/\/wp.kristdemokraterna.se\/hakanjohansson\/2015\/07\/23\/mer-raddningstjanst-i-hela-kommunen\/"},"wordCount":503,"image":{"@id":"https:\/\/wp.kristdemokraterna.se\/hakanjohansson\/2015\/07\/23\/mer-raddningstjanst-i-hela-kommunen\/#primaryimage"},"thumbnailUrl":"https:\/\/wp.kristdemokraterna.se\/hakanjohansson\/files\/2014\/06\/hakan_johansson_2013.png","keywords":["Bo Svedberg","Bor","debattartikel","f\u00f6rsta insatsperson","G\u00f6ran Andersson","intervju","mediebild","Milj\u00f6- och stadsbyggnadsn\u00e4mnden","presidium","R\u00e4ddningstj\u00e4nsten","V\u00e4rnamo"],"articleSection":["Debatt"],"inLanguage":"sv-SE"},{"@type":"WebPage","@id":"https:\/\/wp.kristdemokraterna.se\/hakanjohansson\/2015\/07\/23\/mer-raddningstjanst-i-hela-kommunen\/","url":"https:\/\/wp.kristdemokraterna.se\/hakanjohansson\/2015\/07\/23\/mer-raddningstjanst-i-hela-kommunen\/","name":"Mer r\u00e4ddningstj\u00e4nst i hela kommunen - H\u00e5kan Johansson, KD","isPartOf":{"@id":"https:\/\/wp.kristdemokraterna.se\/hakanjohansson\/#website"},"primaryImageOfPage":{"@id":"https:\/\/wp.kristdemokraterna.se\/hakanjohansson\/2015\/07\/23\/mer-raddningstjanst-i-hela-kommunen\/#primaryimage"},"image":{"@id":"https:\/\/wp.kristdemokraterna.se\/hakanjohansson\/2015\/07\/23\/mer-raddningstjanst-i-hela-kommunen\/#primaryimage"},"thumbnailUrl":"https:\/\/wp.kristdemokraterna.se\/hakanjohansson\/files\/2014\/06\/hakan_johansson_2013.png","datePublished":"2015-07-23T20:40:53+00:00","dateModified":"2018-02-16T16:50:38+00:00","author":{"@id":"https:\/\/wp.kristdemokraterna.se\/hakanjohansson\/#\/schema\/person\/1ebb24d2d3a4cdd92106ea18359c8b63"},"breadcrumb":{"@id":"https:\/\/wp.kristdemokraterna.se\/hakanjohansson\/2015\/07\/23\/mer-raddningstjanst-i-hela-kommunen\/#breadcrumb"},"inLanguage":"sv-SE","potentialAction":[{"@type":"ReadAction","target":["https:\/\/wp.kristdemokraterna.se\/hakanjohansson\/2015\/07\/23\/mer-raddningstjanst-i-hela-kommunen\/"]}]},{"@type":"ImageObject","inLanguage":"sv-SE","@id":"https:\/\/wp.kristdemokraterna.se\/hakanjohansson\/2015\/07\/23\/mer-raddningstjanst-i-hela-kommunen\/#primaryimage","url":"https:\/\/wp.kristdemokraterna.se\/hakanjohansson\/files\/2014\/06\/hakan_johansson_2013.png","contentUrl":"https:\/\/wp.kristdemokraterna.se\/hakanjohansson\/files\/2014\/06\/hakan_johansson_2013.png","width":256,"height":300,"caption":"H\u00e5kan Johansson, Kristdemokraterna V\u00e4rnamo. (Foto: Lennart Molin)"},{"@type":"BreadcrumbList","@id":"https:\/\/wp.kristdemokraterna.se\/hakanjohansson\/2015\/07\/23\/mer-raddningstjanst-i-hela-kommunen\/#breadcrumb","itemListElement":[{"@type":"ListItem","position":1,"name":"Hem","item":"https:\/\/wp.kristdemokraterna.se\/hakanjohansson\/"},{"@type":"ListItem","position":2,"name":"Mer r\u00e4ddningstj\u00e4nst i hela kommunen"}]},{"@type":"WebSite","@id":"https:\/\/wp.kristdemokraterna.se\/hakanjohansson\/#website","url":"https:\/\/wp.kristdemokraterna.se\/hakanjohansson\/","name":"H\u00e5kan Johansson, KD","description":"Politik, musik och teknik...","inLanguage":"sv-SE"},{"@type":"Person","@id":"https:\/\/wp.kristdemokraterna.se\/hakanjohansson\/#\/schema\/person\/1ebb24d2d3a4cdd92106ea18359c8b63","name":"H\u00e5kan Johansson","image":{"@type":"ImageObject","inLanguage":"sv-SE","@id":"https:\/\/secure.gravatar.com\/avatar\/2f492f08c4bdc714d7db0d433c48b51adbc8f67dd2112ac3a50d66d0d1ddd173?s=96&r=g","url":"https:\/\/secure.gravatar.com\/avatar\/2f492f08c4bdc714d7db0d433c48b51adbc8f67dd2112ac3a50d66d0d1ddd173?s=96&r=g","contentUrl":"https:\/\/secure.gravatar.com\/avatar\/2f492f08c4bdc714d7db0d433c48b51adbc8f67dd2112ac3a50d66d0d1ddd173?s=96&r=g","caption":"H\u00e5kan Johansson"},"description":"Politik, musik och teknik...","sameAs":["https:\/\/wp.kristdemokraterna.se\/hakanjohansson"],"url":"https:\/\/wp.kristdemokraterna.se\/hakanjohansson\/author\/hakanjohansson\/"}]}},"_links":{"self":[{"href":"https:\/\/wp.kristdemokraterna.se\/hakanjohansson\/wp-json\/wp\/v2\/posts\/2285","targetHints":{"allow":["GET"]}}],"collection":[{"href":"https:\/\/wp.kristdemokraterna.se\/hakanjohansson\/wp-json\/wp\/v2\/posts"}],"about":[{"href":"https:\/\/wp.kristdemokraterna.se\/hakanjohansson\/wp-json\/wp\/v2\/types\/post"}],"author":[{"embeddable":true,"href":"https:\/\/wp.kristdemokraterna.se\/hakanjohansson\/wp-json\/wp\/v2\/users\/507"}],"replies":[{"embeddable":true,"href":"https:\/\/wp.kristdemokraterna.se\/hakanjohansson\/wp-json\/wp\/v2\/comments?post=2285"}],"version-history":[{"count":11,"href":"https:\/\/wp.kristdemokraterna.se\/hakanjohansson\/wp-json\/wp\/v2\/posts\/2285\/revisions"}],"predecessor-version":[{"id":2359,"href":"https:\/\/wp.kristdemokraterna.se\/hakanjohansson\/wp-json\/wp\/v2\/posts\/2285\/revisions\/2359"}],"wp:featuredmedia":[{"embeddable":true,"href":"https:\/\/wp.kristdemokraterna.se\/hakanjohansson\/wp-json\/wp\/v2\/media\/123"}],"wp:attachment":[{"href":"https:\/\/wp.kristdemokraterna.se\/hakanjohansson\/wp-json\/wp\/v2\/media?parent=2285"}],"wp:term":[{"taxonomy":"category","embeddable":true,"href":"https:\/\/wp.kristdemokraterna.se\/hakanjohansson\/wp-json\/wp\/v2\/categories?post=2285"},{"taxonomy":"post_tag","embeddable":true,"href":"https:\/\/wp.kristdemokraterna.se\/hakanjohansson\/wp-json\/wp\/v2\/tags?post=2285"}],"curies":[{"name":"wp","href":"https:\/\/api.w.org\/{rel}","templated":true}]}}