{"id":2293,"date":"2015-07-25T21:17:27","date_gmt":"2015-07-25T19:17:27","guid":{"rendered":"http:\/\/wp.kristdemokraterna.se\/hakanjohansson\/?p=2293"},"modified":"2015-07-25T21:17:27","modified_gmt":"2015-07-25T19:17:27","slug":"marknadsdag-med-samtal-om-raddningstjansten","status":"publish","type":"post","link":"https:\/\/wp.kristdemokraterna.se\/hakanjohansson\/2015\/07\/25\/marknadsdag-med-samtal-om-raddningstjansten\/","title":{"rendered":"Marknadsdag med samtal om R\u00e4ddningstj\u00e4nsten"},"content":{"rendered":"<p>Det var regnigt p\u00e5 V\u00e4rnamo marknad i dag, men vi var n\u00e5gra tappra kristdemokrater som passade p\u00e5 tillf\u00e4llet att <a href=\"http:\/\/wp.kristdemokraterna.se\/varnamo\/2015\/07\/25\/seniorerna-fixade-vafflor-pa-slattalordag-marknad\/\" target=\"_blank\">bjuda p\u00e5 kaffe och hj\u00e4rtan av v\u00e5fflor<\/a> vid Seniorf\u00f6rbundets v\u00e5ffelvagn. Efter <a href=\"http:\/\/wp.kristdemokraterna.se\/hakanjohansson\/2015\/07\/21\/min-forsta-tv-intervju\/\">veckans medierapportering om R\u00e4ddningstj\u00e4nsten<\/a>\u00a0var det naturligtvis flera som var oroliga f\u00f6r\u00a0att vi ska l\u00e4gga ner R\u00e4ddningstj\u00e4nsten i Bor. D\u00e5 var det sk\u00f6nt att kunna lugna dem med att s\u00e4ga att det ska vi inte\u00a0och f\u00f6rklara vad som egentligen \u00e4r p\u00e5 g\u00e5ng. Jag kunde ocks\u00e5 ber\u00e4tta att\u00a0vi i Milj\u00f6- och stadsbyggnadsn\u00e4mndens presidium har skrivit en <a href=\"http:\/\/wp.kristdemokraterna.se\/hakanjohansson\/2015\/07\/23\/mer-raddningstjanst-i-hela-kommunen\/\">debattartikel<\/a> som vi hoppas f\u00e5 publicerad snart. I den s\u00e4tter vi in mediebilden av\u00a0utvecklingsarbetet som p\u00e5g\u00e5r\u00a0i sitt sammanhang och ger en bakgrund till det hela.<\/p>\n<p><!--more--><\/p>\n\n\t\t<style type=\"text\/css\">\n\t\t\t#gallery-1 {\n\t\t\t\tmargin: auto;\n\t\t\t}\n\t\t\t#gallery-1 .gallery-item {\n\t\t\t\tfloat: left;\n\t\t\t\tmargin-top: 10px;\n\t\t\t\ttext-align: center;\n\t\t\t\twidth: 33%;\n\t\t\t}\n\t\t\t#gallery-1 img {\n\t\t\t\tborder: 2px solid #cfcfcf;\n\t\t\t}\n\t\t\t#gallery-1 .gallery-caption {\n\t\t\t\tmargin-left: 0;\n\t\t\t}\n\t\t\t\/* see gallery_shortcode() in wp-includes\/media.php *\/\n\t\t<\/style>\n\t\t<div id='gallery-1' class='gallery galleryid-2293 gallery-columns-3 gallery-size-thumbnail'><dl class='gallery-item'>\n\t\t\t<dt class='gallery-icon landscape'>\n\t\t\t\t<a href='https:\/\/wp.kristdemokraterna.se\/hakanjohansson\/20150725-slattalordagmarknad-vaffelvagn\/'><img loading=\"lazy\" decoding=\"async\" width=\"150\" height=\"150\" src=\"https:\/\/wp.kristdemokraterna.se\/hakanjohansson\/files\/2015\/07\/20150725_slattalordagmarknad_vaffelvagn-150x150.jpg\" class=\"attachment-thumbnail size-thumbnail\" alt=\"Kristdemokraterna bj\u00f6d p\u00e5 v\u00e5fflor i Seniorf\u00f6rbundets v\u00e5ffelvagn p\u00e5 Sl\u00e5ttal\u00f6rdag marknad i V\u00e4rnamo. (Foto: H\u00e5kan Johansson)\" aria-describedby=\"gallery-1-2284\" \/><\/a>\n\t\t\t<\/dt>\n\t\t\t\t<dd class='wp-caption-text gallery-caption' id='gallery-1-2284'>\n\t\t\t\tKristdemokraterna bj\u00f6d p\u00e5 v\u00e5fflor i Seniorf\u00f6rbundets v\u00e5ffelvagn p\u00e5 Sl\u00e5ttal\u00f6rdag marknad i V\u00e4rnamo. (Foto: H\u00e5kan Johansson)\n\t\t\t\t<\/dd><\/dl>\n\t\t\t<br style='clear: both' \/>\n\t\t<\/div>\n\n","protected":false},"excerpt":{"rendered":"<p>Det var regnigt p\u00e5 V\u00e4rnamo marknad i dag, men vi var n\u00e5gra tappra kristdemokrater som passade p\u00e5 tillf\u00e4llet att bjuda p\u00e5 kaffe och hj\u00e4rtan av v\u00e5fflor vid Seniorf\u00f6rbundets v\u00e5ffelvagn. Efter veckans medierapportering om R\u00e4ddningstj\u00e4nsten\u00a0var det naturligtvis flera som var oroliga f\u00f6r\u00a0att vi ska l\u00e4gga ner R\u00e4ddningstj\u00e4nsten i Bor. D\u00e5 var det sk\u00f6nt att kunna lugna&hellip; <a class=\"read-more-link\" href=\"https:\/\/wp.kristdemokraterna.se\/hakanjohansson\/2015\/07\/25\/marknadsdag-med-samtal-om-raddningstjansten\/\">Forts\u00e4tt l\u00e4sa<\/a><\/p>\n","protected":false},"author":507,"featured_media":2284,"comment_status":"closed","ping_status":"closed","sticky":false,"template":"","format":"standard","meta":{"_acf_changed":false,"footnotes":""},"categories":[41],"tags":[1469,1324,15,1490,768,894,44,569,1467,31,368,1320,1491,1492,547,1319,548,1489],"class_list":["post-2293","post","type-post","status-publish","format-standard","hentry","category-inlagg","tag-bakgrund","tag-bor","tag-debattartikel","tag-hjarta","tag-kaffe","tag-kristdemokrat","tag-marknad","tag-media","tag-mediebild","tag-miljo-och-stadsbyggnadsnamnden","tag-presidium","tag-raddningstjansten","tag-rapportering","tag-sammanhang","tag-seniorforbundet","tag-utvecklingsarbete","tag-vaffelvagn","tag-vaffla"],"acf":[],"yoast_head":"<!-- This site is optimized with the Yoast SEO plugin v27.4 - https:\/\/yoast.com\/product\/yoast-seo-wordpress\/ -->\n<title>Marknadsdag med samtal om R\u00e4ddningstj\u00e4nsten - H\u00e5kan Johansson, KD<\/title>\n<meta name=\"robots\" content=\"index, follow, max-snippet:-1, max-image-preview:large, max-video-preview:-1\" \/>\n<link rel=\"canonical\" href=\"https:\/\/wp.kristdemokraterna.se\/hakanjohansson\/2015\/07\/25\/marknadsdag-med-samtal-om-raddningstjansten\/\" \/>\n<meta property=\"og:locale\" content=\"sv_SE\" \/>\n<meta property=\"og:type\" content=\"article\" \/>\n<meta property=\"og:title\" content=\"Marknadsdag med samtal om R\u00e4ddningstj\u00e4nsten - H\u00e5kan Johansson, KD\" \/>\n<meta property=\"og:description\" content=\"Det var regnigt p\u00e5 V\u00e4rnamo marknad i dag, men vi var n\u00e5gra tappra kristdemokrater som passade p\u00e5 tillf\u00e4llet att bjuda p\u00e5 kaffe och hj\u00e4rtan av v\u00e5fflor vid Seniorf\u00f6rbundets v\u00e5ffelvagn. Efter veckans medierapportering om R\u00e4ddningstj\u00e4nsten\u00a0var det naturligtvis flera som var oroliga f\u00f6r\u00a0att vi ska l\u00e4gga ner R\u00e4ddningstj\u00e4nsten i Bor. D\u00e5 var det sk\u00f6nt att kunna lugna&hellip; Forts\u00e4tt l\u00e4sa\" \/>\n<meta property=\"og:url\" content=\"https:\/\/wp.kristdemokraterna.se\/hakanjohansson\/2015\/07\/25\/marknadsdag-med-samtal-om-raddningstjansten\/\" \/>\n<meta property=\"og:site_name\" content=\"H\u00e5kan Johansson, KD\" \/>\n<meta property=\"article:published_time\" content=\"2015-07-25T19:17:27+00:00\" \/>\n<meta property=\"og:image\" content=\"https:\/\/wp.kristdemokraterna.se\/hakanjohansson\/files\/2015\/07\/20150725_slattalordagmarknad_vaffelvagn.jpg\" \/>\n\t<meta property=\"og:image:width\" content=\"1200\" \/>\n\t<meta property=\"og:image:height\" content=\"891\" \/>\n\t<meta property=\"og:image:type\" content=\"image\/jpeg\" \/>\n<meta name=\"author\" content=\"H\u00e5kan Johansson\" \/>\n<meta name=\"twitter:card\" content=\"summary_large_image\" \/>\n<meta name=\"twitter:label1\" content=\"Skriven av\" \/>\n\t<meta name=\"twitter:data1\" content=\"H\u00e5kan Johansson\" \/>\n\t<meta name=\"twitter:label2\" content=\"Ber\u00e4knad l\u00e4stid\" \/>\n\t<meta name=\"twitter:data2\" content=\"1 minut\" \/>\n<script type=\"application\/ld+json\" class=\"yoast-schema-graph\">{\"@context\":\"https:\\\/\\\/schema.org\",\"@graph\":[{\"@type\":\"Article\",\"@id\":\"https:\\\/\\\/wp.kristdemokraterna.se\\\/hakanjohansson\\\/2015\\\/07\\\/25\\\/marknadsdag-med-samtal-om-raddningstjansten\\\/#article\",\"isPartOf\":{\"@id\":\"https:\\\/\\\/wp.kristdemokraterna.se\\\/hakanjohansson\\\/2015\\\/07\\\/25\\\/marknadsdag-med-samtal-om-raddningstjansten\\\/\"},\"author\":{\"name\":\"H\u00e5kan Johansson\",\"@id\":\"https:\\\/\\\/wp.kristdemokraterna.se\\\/hakanjohansson\\\/#\\\/schema\\\/person\\\/1ebb24d2d3a4cdd92106ea18359c8b63\"},\"headline\":\"Marknadsdag med samtal om R\u00e4ddningstj\u00e4nsten\",\"datePublished\":\"2015-07-25T19:17:27+00:00\",\"mainEntityOfPage\":{\"@id\":\"https:\\\/\\\/wp.kristdemokraterna.se\\\/hakanjohansson\\\/2015\\\/07\\\/25\\\/marknadsdag-med-samtal-om-raddningstjansten\\\/\"},\"wordCount\":151,\"image\":{\"@id\":\"https:\\\/\\\/wp.kristdemokraterna.se\\\/hakanjohansson\\\/2015\\\/07\\\/25\\\/marknadsdag-med-samtal-om-raddningstjansten\\\/#primaryimage\"},\"thumbnailUrl\":\"https:\\\/\\\/wp.kristdemokraterna.se\\\/hakanjohansson\\\/files\\\/2015\\\/07\\\/20150725_slattalordagmarknad_vaffelvagn.jpg\",\"keywords\":[\"bakgrund\",\"Bor\",\"debattartikel\",\"hj\u00e4rta\",\"kaffe\",\"kristdemokrat\",\"marknad\",\"media\",\"mediebild\",\"Milj\u00f6- och stadsbyggnadsn\u00e4mnden\",\"presidium\",\"R\u00e4ddningstj\u00e4nsten\",\"rapportering\",\"sammanhang\",\"Seniorf\u00f6rbundet\",\"utvecklingsarbete\",\"v\u00e5ffelvagn\",\"v\u00e5ffla\"],\"articleSection\":[\"Inl\u00e4gg\"],\"inLanguage\":\"sv-SE\"},{\"@type\":\"WebPage\",\"@id\":\"https:\\\/\\\/wp.kristdemokraterna.se\\\/hakanjohansson\\\/2015\\\/07\\\/25\\\/marknadsdag-med-samtal-om-raddningstjansten\\\/\",\"url\":\"https:\\\/\\\/wp.kristdemokraterna.se\\\/hakanjohansson\\\/2015\\\/07\\\/25\\\/marknadsdag-med-samtal-om-raddningstjansten\\\/\",\"name\":\"Marknadsdag med samtal om R\u00e4ddningstj\u00e4nsten - H\u00e5kan Johansson, KD\",\"isPartOf\":{\"@id\":\"https:\\\/\\\/wp.kristdemokraterna.se\\\/hakanjohansson\\\/#website\"},\"primaryImageOfPage\":{\"@id\":\"https:\\\/\\\/wp.kristdemokraterna.se\\\/hakanjohansson\\\/2015\\\/07\\\/25\\\/marknadsdag-med-samtal-om-raddningstjansten\\\/#primaryimage\"},\"image\":{\"@id\":\"https:\\\/\\\/wp.kristdemokraterna.se\\\/hakanjohansson\\\/2015\\\/07\\\/25\\\/marknadsdag-med-samtal-om-raddningstjansten\\\/#primaryimage\"},\"thumbnailUrl\":\"https:\\\/\\\/wp.kristdemokraterna.se\\\/hakanjohansson\\\/files\\\/2015\\\/07\\\/20150725_slattalordagmarknad_vaffelvagn.jpg\",\"datePublished\":\"2015-07-25T19:17:27+00:00\",\"author\":{\"@id\":\"https:\\\/\\\/wp.kristdemokraterna.se\\\/hakanjohansson\\\/#\\\/schema\\\/person\\\/1ebb24d2d3a4cdd92106ea18359c8b63\"},\"breadcrumb\":{\"@id\":\"https:\\\/\\\/wp.kristdemokraterna.se\\\/hakanjohansson\\\/2015\\\/07\\\/25\\\/marknadsdag-med-samtal-om-raddningstjansten\\\/#breadcrumb\"},\"inLanguage\":\"sv-SE\",\"potentialAction\":[{\"@type\":\"ReadAction\",\"target\":[\"https:\\\/\\\/wp.kristdemokraterna.se\\\/hakanjohansson\\\/2015\\\/07\\\/25\\\/marknadsdag-med-samtal-om-raddningstjansten\\\/\"]}]},{\"@type\":\"ImageObject\",\"inLanguage\":\"sv-SE\",\"@id\":\"https:\\\/\\\/wp.kristdemokraterna.se\\\/hakanjohansson\\\/2015\\\/07\\\/25\\\/marknadsdag-med-samtal-om-raddningstjansten\\\/#primaryimage\",\"url\":\"https:\\\/\\\/wp.kristdemokraterna.se\\\/hakanjohansson\\\/files\\\/2015\\\/07\\\/20150725_slattalordagmarknad_vaffelvagn.jpg\",\"contentUrl\":\"https:\\\/\\\/wp.kristdemokraterna.se\\\/hakanjohansson\\\/files\\\/2015\\\/07\\\/20150725_slattalordagmarknad_vaffelvagn.jpg\",\"width\":1200,\"height\":891,\"caption\":\"Kristdemokraterna bj\u00f6d p\u00e5 v\u00e5fflor i Seniorf\u00f6rbundets v\u00e5ffelvagn p\u00e5 Sl\u00e5ttal\u00f6rdag marknad i V\u00e4rnamo. (Foto: H\u00e5kan Johansson)\"},{\"@type\":\"BreadcrumbList\",\"@id\":\"https:\\\/\\\/wp.kristdemokraterna.se\\\/hakanjohansson\\\/2015\\\/07\\\/25\\\/marknadsdag-med-samtal-om-raddningstjansten\\\/#breadcrumb\",\"itemListElement\":[{\"@type\":\"ListItem\",\"position\":1,\"name\":\"Hem\",\"item\":\"https:\\\/\\\/wp.kristdemokraterna.se\\\/hakanjohansson\\\/\"},{\"@type\":\"ListItem\",\"position\":2,\"name\":\"Marknadsdag med samtal om R\u00e4ddningstj\u00e4nsten\"}]},{\"@type\":\"WebSite\",\"@id\":\"https:\\\/\\\/wp.kristdemokraterna.se\\\/hakanjohansson\\\/#website\",\"url\":\"https:\\\/\\\/wp.kristdemokraterna.se\\\/hakanjohansson\\\/\",\"name\":\"H\u00e5kan Johansson, KD\",\"description\":\"Politik, musik och teknik...\",\"inLanguage\":\"sv-SE\"},{\"@type\":\"Person\",\"@id\":\"https:\\\/\\\/wp.kristdemokraterna.se\\\/hakanjohansson\\\/#\\\/schema\\\/person\\\/1ebb24d2d3a4cdd92106ea18359c8b63\",\"name\":\"H\u00e5kan Johansson\",\"image\":{\"@type\":\"ImageObject\",\"inLanguage\":\"sv-SE\",\"@id\":\"https:\\\/\\\/secure.gravatar.com\\\/avatar\\\/2f492f08c4bdc714d7db0d433c48b51adbc8f67dd2112ac3a50d66d0d1ddd173?s=96&r=g\",\"url\":\"https:\\\/\\\/secure.gravatar.com\\\/avatar\\\/2f492f08c4bdc714d7db0d433c48b51adbc8f67dd2112ac3a50d66d0d1ddd173?s=96&r=g\",\"contentUrl\":\"https:\\\/\\\/secure.gravatar.com\\\/avatar\\\/2f492f08c4bdc714d7db0d433c48b51adbc8f67dd2112ac3a50d66d0d1ddd173?s=96&r=g\",\"caption\":\"H\u00e5kan Johansson\"},\"description\":\"Politik, musik och teknik...\",\"sameAs\":[\"https:\\\/\\\/wp.kristdemokraterna.se\\\/hakanjohansson\"],\"url\":\"https:\\\/\\\/wp.kristdemokraterna.se\\\/hakanjohansson\\\/author\\\/hakanjohansson\\\/\"}]}<\/script>\n<!-- \/ Yoast SEO plugin. -->","yoast_head_json":{"title":"Marknadsdag med samtal om R\u00e4ddningstj\u00e4nsten - H\u00e5kan Johansson, KD","robots":{"index":"index","follow":"follow","max-snippet":"max-snippet:-1","max-image-preview":"max-image-preview:large","max-video-preview":"max-video-preview:-1"},"canonical":"https:\/\/wp.kristdemokraterna.se\/hakanjohansson\/2015\/07\/25\/marknadsdag-med-samtal-om-raddningstjansten\/","og_locale":"sv_SE","og_type":"article","og_title":"Marknadsdag med samtal om R\u00e4ddningstj\u00e4nsten - H\u00e5kan Johansson, KD","og_description":"Det var regnigt p\u00e5 V\u00e4rnamo marknad i dag, men vi var n\u00e5gra tappra kristdemokrater som passade p\u00e5 tillf\u00e4llet att bjuda p\u00e5 kaffe och hj\u00e4rtan av v\u00e5fflor vid Seniorf\u00f6rbundets v\u00e5ffelvagn. Efter veckans medierapportering om R\u00e4ddningstj\u00e4nsten\u00a0var det naturligtvis flera som var oroliga f\u00f6r\u00a0att vi ska l\u00e4gga ner R\u00e4ddningstj\u00e4nsten i Bor. D\u00e5 var det sk\u00f6nt att kunna lugna&hellip; Forts\u00e4tt l\u00e4sa","og_url":"https:\/\/wp.kristdemokraterna.se\/hakanjohansson\/2015\/07\/25\/marknadsdag-med-samtal-om-raddningstjansten\/","og_site_name":"H\u00e5kan Johansson, KD","article_published_time":"2015-07-25T19:17:27+00:00","og_image":[{"width":1200,"height":891,"url":"https:\/\/wp.kristdemokraterna.se\/hakanjohansson\/files\/2015\/07\/20150725_slattalordagmarknad_vaffelvagn.jpg","type":"image\/jpeg"}],"author":"H\u00e5kan Johansson","twitter_card":"summary_large_image","twitter_misc":{"Skriven av":"H\u00e5kan Johansson","Ber\u00e4knad l\u00e4stid":"1 minut"},"schema":{"@context":"https:\/\/schema.org","@graph":[{"@type":"Article","@id":"https:\/\/wp.kristdemokraterna.se\/hakanjohansson\/2015\/07\/25\/marknadsdag-med-samtal-om-raddningstjansten\/#article","isPartOf":{"@id":"https:\/\/wp.kristdemokraterna.se\/hakanjohansson\/2015\/07\/25\/marknadsdag-med-samtal-om-raddningstjansten\/"},"author":{"name":"H\u00e5kan Johansson","@id":"https:\/\/wp.kristdemokraterna.se\/hakanjohansson\/#\/schema\/person\/1ebb24d2d3a4cdd92106ea18359c8b63"},"headline":"Marknadsdag med samtal om R\u00e4ddningstj\u00e4nsten","datePublished":"2015-07-25T19:17:27+00:00","mainEntityOfPage":{"@id":"https:\/\/wp.kristdemokraterna.se\/hakanjohansson\/2015\/07\/25\/marknadsdag-med-samtal-om-raddningstjansten\/"},"wordCount":151,"image":{"@id":"https:\/\/wp.kristdemokraterna.se\/hakanjohansson\/2015\/07\/25\/marknadsdag-med-samtal-om-raddningstjansten\/#primaryimage"},"thumbnailUrl":"https:\/\/wp.kristdemokraterna.se\/hakanjohansson\/files\/2015\/07\/20150725_slattalordagmarknad_vaffelvagn.jpg","keywords":["bakgrund","Bor","debattartikel","hj\u00e4rta","kaffe","kristdemokrat","marknad","media","mediebild","Milj\u00f6- och stadsbyggnadsn\u00e4mnden","presidium","R\u00e4ddningstj\u00e4nsten","rapportering","sammanhang","Seniorf\u00f6rbundet","utvecklingsarbete","v\u00e5ffelvagn","v\u00e5ffla"],"articleSection":["Inl\u00e4gg"],"inLanguage":"sv-SE"},{"@type":"WebPage","@id":"https:\/\/wp.kristdemokraterna.se\/hakanjohansson\/2015\/07\/25\/marknadsdag-med-samtal-om-raddningstjansten\/","url":"https:\/\/wp.kristdemokraterna.se\/hakanjohansson\/2015\/07\/25\/marknadsdag-med-samtal-om-raddningstjansten\/","name":"Marknadsdag med samtal om R\u00e4ddningstj\u00e4nsten - H\u00e5kan Johansson, KD","isPartOf":{"@id":"https:\/\/wp.kristdemokraterna.se\/hakanjohansson\/#website"},"primaryImageOfPage":{"@id":"https:\/\/wp.kristdemokraterna.se\/hakanjohansson\/2015\/07\/25\/marknadsdag-med-samtal-om-raddningstjansten\/#primaryimage"},"image":{"@id":"https:\/\/wp.kristdemokraterna.se\/hakanjohansson\/2015\/07\/25\/marknadsdag-med-samtal-om-raddningstjansten\/#primaryimage"},"thumbnailUrl":"https:\/\/wp.kristdemokraterna.se\/hakanjohansson\/files\/2015\/07\/20150725_slattalordagmarknad_vaffelvagn.jpg","datePublished":"2015-07-25T19:17:27+00:00","author":{"@id":"https:\/\/wp.kristdemokraterna.se\/hakanjohansson\/#\/schema\/person\/1ebb24d2d3a4cdd92106ea18359c8b63"},"breadcrumb":{"@id":"https:\/\/wp.kristdemokraterna.se\/hakanjohansson\/2015\/07\/25\/marknadsdag-med-samtal-om-raddningstjansten\/#breadcrumb"},"inLanguage":"sv-SE","potentialAction":[{"@type":"ReadAction","target":["https:\/\/wp.kristdemokraterna.se\/hakanjohansson\/2015\/07\/25\/marknadsdag-med-samtal-om-raddningstjansten\/"]}]},{"@type":"ImageObject","inLanguage":"sv-SE","@id":"https:\/\/wp.kristdemokraterna.se\/hakanjohansson\/2015\/07\/25\/marknadsdag-med-samtal-om-raddningstjansten\/#primaryimage","url":"https:\/\/wp.kristdemokraterna.se\/hakanjohansson\/files\/2015\/07\/20150725_slattalordagmarknad_vaffelvagn.jpg","contentUrl":"https:\/\/wp.kristdemokraterna.se\/hakanjohansson\/files\/2015\/07\/20150725_slattalordagmarknad_vaffelvagn.jpg","width":1200,"height":891,"caption":"Kristdemokraterna bj\u00f6d p\u00e5 v\u00e5fflor i Seniorf\u00f6rbundets v\u00e5ffelvagn p\u00e5 Sl\u00e5ttal\u00f6rdag marknad i V\u00e4rnamo. (Foto: H\u00e5kan Johansson)"},{"@type":"BreadcrumbList","@id":"https:\/\/wp.kristdemokraterna.se\/hakanjohansson\/2015\/07\/25\/marknadsdag-med-samtal-om-raddningstjansten\/#breadcrumb","itemListElement":[{"@type":"ListItem","position":1,"name":"Hem","item":"https:\/\/wp.kristdemokraterna.se\/hakanjohansson\/"},{"@type":"ListItem","position":2,"name":"Marknadsdag med samtal om R\u00e4ddningstj\u00e4nsten"}]},{"@type":"WebSite","@id":"https:\/\/wp.kristdemokraterna.se\/hakanjohansson\/#website","url":"https:\/\/wp.kristdemokraterna.se\/hakanjohansson\/","name":"H\u00e5kan Johansson, KD","description":"Politik, musik och teknik...","inLanguage":"sv-SE"},{"@type":"Person","@id":"https:\/\/wp.kristdemokraterna.se\/hakanjohansson\/#\/schema\/person\/1ebb24d2d3a4cdd92106ea18359c8b63","name":"H\u00e5kan Johansson","image":{"@type":"ImageObject","inLanguage":"sv-SE","@id":"https:\/\/secure.gravatar.com\/avatar\/2f492f08c4bdc714d7db0d433c48b51adbc8f67dd2112ac3a50d66d0d1ddd173?s=96&r=g","url":"https:\/\/secure.gravatar.com\/avatar\/2f492f08c4bdc714d7db0d433c48b51adbc8f67dd2112ac3a50d66d0d1ddd173?s=96&r=g","contentUrl":"https:\/\/secure.gravatar.com\/avatar\/2f492f08c4bdc714d7db0d433c48b51adbc8f67dd2112ac3a50d66d0d1ddd173?s=96&r=g","caption":"H\u00e5kan Johansson"},"description":"Politik, musik och teknik...","sameAs":["https:\/\/wp.kristdemokraterna.se\/hakanjohansson"],"url":"https:\/\/wp.kristdemokraterna.se\/hakanjohansson\/author\/hakanjohansson\/"}]}},"_links":{"self":[{"href":"https:\/\/wp.kristdemokraterna.se\/hakanjohansson\/wp-json\/wp\/v2\/posts\/2293","targetHints":{"allow":["GET"]}}],"collection":[{"href":"https:\/\/wp.kristdemokraterna.se\/hakanjohansson\/wp-json\/wp\/v2\/posts"}],"about":[{"href":"https:\/\/wp.kristdemokraterna.se\/hakanjohansson\/wp-json\/wp\/v2\/types\/post"}],"author":[{"embeddable":true,"href":"https:\/\/wp.kristdemokraterna.se\/hakanjohansson\/wp-json\/wp\/v2\/users\/507"}],"replies":[{"embeddable":true,"href":"https:\/\/wp.kristdemokraterna.se\/hakanjohansson\/wp-json\/wp\/v2\/comments?post=2293"}],"version-history":[{"count":8,"href":"https:\/\/wp.kristdemokraterna.se\/hakanjohansson\/wp-json\/wp\/v2\/posts\/2293\/revisions"}],"predecessor-version":[{"id":2303,"href":"https:\/\/wp.kristdemokraterna.se\/hakanjohansson\/wp-json\/wp\/v2\/posts\/2293\/revisions\/2303"}],"wp:featuredmedia":[{"embeddable":true,"href":"https:\/\/wp.kristdemokraterna.se\/hakanjohansson\/wp-json\/wp\/v2\/media\/2284"}],"wp:attachment":[{"href":"https:\/\/wp.kristdemokraterna.se\/hakanjohansson\/wp-json\/wp\/v2\/media?parent=2293"}],"wp:term":[{"taxonomy":"category","embeddable":true,"href":"https:\/\/wp.kristdemokraterna.se\/hakanjohansson\/wp-json\/wp\/v2\/categories?post=2293"},{"taxonomy":"post_tag","embeddable":true,"href":"https:\/\/wp.kristdemokraterna.se\/hakanjohansson\/wp-json\/wp\/v2\/tags?post=2293"}],"curies":[{"name":"wp","href":"https:\/\/api.w.org\/{rel}","templated":true}]}}