{"id":2415,"date":"2018-02-01T20:38:05","date_gmt":"2018-02-01T19:38:05","guid":{"rendered":"http:\/\/wp.kristdemokraterna.se\/hakanjohansson\/?p=2415"},"modified":"2018-02-16T20:47:45","modified_gmt":"2018-02-16T19:47:45","slug":"tillbaka-i-politiken-igen","status":"publish","type":"post","link":"https:\/\/wp.kristdemokraterna.se\/hakanjohansson\/2018\/02\/01\/tillbaka-i-politiken-igen\/","title":{"rendered":"Tillbaka i politiken igen!"},"content":{"rendered":"<p>Efter att successivt ha \u00f6kat min arbetstid under de senaste fem m\u00e5naderna k\u00e4nner jag mig nu helt rehabiliterad. Under januari m\u00e5nad har jag arbetat full tid i min anst\u00e4llning i Gnosj\u00f6 kommun och det har fungerat bra. D\u00e4rf\u00f6r tar jag nu steget tillbaka in i v\u00e4rnamopolitiken igen och det ser jag fram emot. Det finns mycket att ta tag i som ordf\u00f6rande i Samh\u00e4llsbyggnadsn\u00e4mnden! F\u00f6rsta dagen blev lugn och det var ganska sk\u00f6nt \u00e4nd\u00e5\u2026 \ud83d\ude42<\/p>\n","protected":false},"excerpt":{"rendered":"<p>Efter att successivt ha \u00f6kat min arbetstid under de senaste fem m\u00e5naderna k\u00e4nner jag mig nu helt rehabiliterad. Under januari m\u00e5nad har jag arbetat full tid i min anst\u00e4llning i Gnosj\u00f6 kommun och det har fungerat bra. D\u00e4rf\u00f6r tar jag nu steget tillbaka in i v\u00e4rnamopolitiken igen och det ser jag fram emot. Det finns&hellip; <a class=\"read-more-link\" href=\"https:\/\/wp.kristdemokraterna.se\/hakanjohansson\/2018\/02\/01\/tillbaka-i-politiken-igen\/\">Forts\u00e4tt l\u00e4sa<\/a><\/p>\n","protected":false},"author":507,"featured_media":123,"comment_status":"closed","ping_status":"closed","sticky":false,"template":"","format":"standard","meta":{"_acf_changed":false,"footnotes":""},"categories":[41],"tags":[902,1500,1494,1501],"class_list":["post-2415","post","type-post","status-publish","format-standard","hentry","category-inlagg","tag-ordforande","tag-rehabilitering","tag-samhallsbyggnadsnamnden","tag-varnamopolitiken"],"acf":[],"yoast_head":"<!-- This site is optimized with the Yoast SEO plugin v27.4 - https:\/\/yoast.com\/product\/yoast-seo-wordpress\/ -->\n<title>Tillbaka i politiken igen! - H\u00e5kan Johansson, KD<\/title>\n<meta name=\"robots\" content=\"index, follow, max-snippet:-1, max-image-preview:large, max-video-preview:-1\" \/>\n<link rel=\"canonical\" href=\"https:\/\/wp.kristdemokraterna.se\/hakanjohansson\/2018\/02\/01\/tillbaka-i-politiken-igen\/\" \/>\n<meta property=\"og:locale\" content=\"sv_SE\" \/>\n<meta property=\"og:type\" content=\"article\" \/>\n<meta property=\"og:title\" content=\"Tillbaka i politiken igen! - H\u00e5kan Johansson, KD\" \/>\n<meta property=\"og:description\" content=\"Efter att successivt ha \u00f6kat min arbetstid under de senaste fem m\u00e5naderna k\u00e4nner jag mig nu helt rehabiliterad. Under januari m\u00e5nad har jag arbetat full tid i min anst\u00e4llning i Gnosj\u00f6 kommun och det har fungerat bra. D\u00e4rf\u00f6r tar jag nu steget tillbaka in i v\u00e4rnamopolitiken igen och det ser jag fram emot. Det finns&hellip; Forts\u00e4tt l\u00e4sa\" \/>\n<meta property=\"og:url\" content=\"https:\/\/wp.kristdemokraterna.se\/hakanjohansson\/2018\/02\/01\/tillbaka-i-politiken-igen\/\" \/>\n<meta property=\"og:site_name\" content=\"H\u00e5kan Johansson, KD\" \/>\n<meta property=\"article:published_time\" content=\"2018-02-01T19:38:05+00:00\" \/>\n<meta property=\"article:modified_time\" content=\"2018-02-16T19:47:45+00:00\" \/>\n<meta property=\"og:image\" content=\"https:\/\/wp.kristdemokraterna.se\/hakanjohansson\/files\/2014\/06\/hakan_johansson_2013.png\" \/>\n\t<meta property=\"og:image:width\" content=\"256\" \/>\n\t<meta property=\"og:image:height\" content=\"300\" \/>\n\t<meta property=\"og:image:type\" content=\"image\/png\" \/>\n<meta name=\"author\" content=\"H\u00e5kan Johansson\" \/>\n<meta name=\"twitter:card\" content=\"summary_large_image\" \/>\n<meta name=\"twitter:label1\" content=\"Skriven av\" \/>\n\t<meta name=\"twitter:data1\" content=\"H\u00e5kan Johansson\" \/>\n<script type=\"application\/ld+json\" class=\"yoast-schema-graph\">{\"@context\":\"https:\\\/\\\/schema.org\",\"@graph\":[{\"@type\":\"Article\",\"@id\":\"https:\\\/\\\/wp.kristdemokraterna.se\\\/hakanjohansson\\\/2018\\\/02\\\/01\\\/tillbaka-i-politiken-igen\\\/#article\",\"isPartOf\":{\"@id\":\"https:\\\/\\\/wp.kristdemokraterna.se\\\/hakanjohansson\\\/2018\\\/02\\\/01\\\/tillbaka-i-politiken-igen\\\/\"},\"author\":{\"name\":\"H\u00e5kan Johansson\",\"@id\":\"https:\\\/\\\/wp.kristdemokraterna.se\\\/hakanjohansson\\\/#\\\/schema\\\/person\\\/1ebb24d2d3a4cdd92106ea18359c8b63\"},\"headline\":\"Tillbaka i politiken igen!\",\"datePublished\":\"2018-02-01T19:38:05+00:00\",\"dateModified\":\"2018-02-16T19:47:45+00:00\",\"mainEntityOfPage\":{\"@id\":\"https:\\\/\\\/wp.kristdemokraterna.se\\\/hakanjohansson\\\/2018\\\/02\\\/01\\\/tillbaka-i-politiken-igen\\\/\"},\"wordCount\":90,\"image\":{\"@id\":\"https:\\\/\\\/wp.kristdemokraterna.se\\\/hakanjohansson\\\/2018\\\/02\\\/01\\\/tillbaka-i-politiken-igen\\\/#primaryimage\"},\"thumbnailUrl\":\"https:\\\/\\\/wp.kristdemokraterna.se\\\/hakanjohansson\\\/files\\\/2014\\\/06\\\/hakan_johansson_2013.png\",\"keywords\":[\"ordf\u00f6rande\",\"rehabilitering\",\"Samh\u00e4llsbyggnadsn\u00e4mnden\",\"v\u00e4rnamopolitiken\"],\"articleSection\":[\"Inl\u00e4gg\"],\"inLanguage\":\"sv-SE\"},{\"@type\":\"WebPage\",\"@id\":\"https:\\\/\\\/wp.kristdemokraterna.se\\\/hakanjohansson\\\/2018\\\/02\\\/01\\\/tillbaka-i-politiken-igen\\\/\",\"url\":\"https:\\\/\\\/wp.kristdemokraterna.se\\\/hakanjohansson\\\/2018\\\/02\\\/01\\\/tillbaka-i-politiken-igen\\\/\",\"name\":\"Tillbaka i politiken igen! - H\u00e5kan Johansson, KD\",\"isPartOf\":{\"@id\":\"https:\\\/\\\/wp.kristdemokraterna.se\\\/hakanjohansson\\\/#website\"},\"primaryImageOfPage\":{\"@id\":\"https:\\\/\\\/wp.kristdemokraterna.se\\\/hakanjohansson\\\/2018\\\/02\\\/01\\\/tillbaka-i-politiken-igen\\\/#primaryimage\"},\"image\":{\"@id\":\"https:\\\/\\\/wp.kristdemokraterna.se\\\/hakanjohansson\\\/2018\\\/02\\\/01\\\/tillbaka-i-politiken-igen\\\/#primaryimage\"},\"thumbnailUrl\":\"https:\\\/\\\/wp.kristdemokraterna.se\\\/hakanjohansson\\\/files\\\/2014\\\/06\\\/hakan_johansson_2013.png\",\"datePublished\":\"2018-02-01T19:38:05+00:00\",\"dateModified\":\"2018-02-16T19:47:45+00:00\",\"author\":{\"@id\":\"https:\\\/\\\/wp.kristdemokraterna.se\\\/hakanjohansson\\\/#\\\/schema\\\/person\\\/1ebb24d2d3a4cdd92106ea18359c8b63\"},\"breadcrumb\":{\"@id\":\"https:\\\/\\\/wp.kristdemokraterna.se\\\/hakanjohansson\\\/2018\\\/02\\\/01\\\/tillbaka-i-politiken-igen\\\/#breadcrumb\"},\"inLanguage\":\"sv-SE\",\"potentialAction\":[{\"@type\":\"ReadAction\",\"target\":[\"https:\\\/\\\/wp.kristdemokraterna.se\\\/hakanjohansson\\\/2018\\\/02\\\/01\\\/tillbaka-i-politiken-igen\\\/\"]}]},{\"@type\":\"ImageObject\",\"inLanguage\":\"sv-SE\",\"@id\":\"https:\\\/\\\/wp.kristdemokraterna.se\\\/hakanjohansson\\\/2018\\\/02\\\/01\\\/tillbaka-i-politiken-igen\\\/#primaryimage\",\"url\":\"https:\\\/\\\/wp.kristdemokraterna.se\\\/hakanjohansson\\\/files\\\/2014\\\/06\\\/hakan_johansson_2013.png\",\"contentUrl\":\"https:\\\/\\\/wp.kristdemokraterna.se\\\/hakanjohansson\\\/files\\\/2014\\\/06\\\/hakan_johansson_2013.png\",\"width\":256,\"height\":300,\"caption\":\"H\u00e5kan Johansson, Kristdemokraterna V\u00e4rnamo. (Foto: Lennart Molin)\"},{\"@type\":\"BreadcrumbList\",\"@id\":\"https:\\\/\\\/wp.kristdemokraterna.se\\\/hakanjohansson\\\/2018\\\/02\\\/01\\\/tillbaka-i-politiken-igen\\\/#breadcrumb\",\"itemListElement\":[{\"@type\":\"ListItem\",\"position\":1,\"name\":\"Hem\",\"item\":\"https:\\\/\\\/wp.kristdemokraterna.se\\\/hakanjohansson\\\/\"},{\"@type\":\"ListItem\",\"position\":2,\"name\":\"Tillbaka i politiken igen!\"}]},{\"@type\":\"WebSite\",\"@id\":\"https:\\\/\\\/wp.kristdemokraterna.se\\\/hakanjohansson\\\/#website\",\"url\":\"https:\\\/\\\/wp.kristdemokraterna.se\\\/hakanjohansson\\\/\",\"name\":\"H\u00e5kan Johansson, KD\",\"description\":\"Politik, musik och teknik...\",\"inLanguage\":\"sv-SE\"},{\"@type\":\"Person\",\"@id\":\"https:\\\/\\\/wp.kristdemokraterna.se\\\/hakanjohansson\\\/#\\\/schema\\\/person\\\/1ebb24d2d3a4cdd92106ea18359c8b63\",\"name\":\"H\u00e5kan Johansson\",\"image\":{\"@type\":\"ImageObject\",\"inLanguage\":\"sv-SE\",\"@id\":\"https:\\\/\\\/secure.gravatar.com\\\/avatar\\\/2f492f08c4bdc714d7db0d433c48b51adbc8f67dd2112ac3a50d66d0d1ddd173?s=96&r=g\",\"url\":\"https:\\\/\\\/secure.gravatar.com\\\/avatar\\\/2f492f08c4bdc714d7db0d433c48b51adbc8f67dd2112ac3a50d66d0d1ddd173?s=96&r=g\",\"contentUrl\":\"https:\\\/\\\/secure.gravatar.com\\\/avatar\\\/2f492f08c4bdc714d7db0d433c48b51adbc8f67dd2112ac3a50d66d0d1ddd173?s=96&r=g\",\"caption\":\"H\u00e5kan Johansson\"},\"description\":\"Politik, musik och teknik...\",\"sameAs\":[\"https:\\\/\\\/wp.kristdemokraterna.se\\\/hakanjohansson\"],\"url\":\"https:\\\/\\\/wp.kristdemokraterna.se\\\/hakanjohansson\\\/author\\\/hakanjohansson\\\/\"}]}<\/script>\n<!-- \/ Yoast SEO plugin. -->","yoast_head_json":{"title":"Tillbaka i politiken igen! - H\u00e5kan Johansson, KD","robots":{"index":"index","follow":"follow","max-snippet":"max-snippet:-1","max-image-preview":"max-image-preview:large","max-video-preview":"max-video-preview:-1"},"canonical":"https:\/\/wp.kristdemokraterna.se\/hakanjohansson\/2018\/02\/01\/tillbaka-i-politiken-igen\/","og_locale":"sv_SE","og_type":"article","og_title":"Tillbaka i politiken igen! - H\u00e5kan Johansson, KD","og_description":"Efter att successivt ha \u00f6kat min arbetstid under de senaste fem m\u00e5naderna k\u00e4nner jag mig nu helt rehabiliterad. Under januari m\u00e5nad har jag arbetat full tid i min anst\u00e4llning i Gnosj\u00f6 kommun och det har fungerat bra. D\u00e4rf\u00f6r tar jag nu steget tillbaka in i v\u00e4rnamopolitiken igen och det ser jag fram emot. Det finns&hellip; Forts\u00e4tt l\u00e4sa","og_url":"https:\/\/wp.kristdemokraterna.se\/hakanjohansson\/2018\/02\/01\/tillbaka-i-politiken-igen\/","og_site_name":"H\u00e5kan Johansson, KD","article_published_time":"2018-02-01T19:38:05+00:00","article_modified_time":"2018-02-16T19:47:45+00:00","og_image":[{"width":256,"height":300,"url":"https:\/\/wp.kristdemokraterna.se\/hakanjohansson\/files\/2014\/06\/hakan_johansson_2013.png","type":"image\/png"}],"author":"H\u00e5kan Johansson","twitter_card":"summary_large_image","twitter_misc":{"Skriven av":"H\u00e5kan Johansson"},"schema":{"@context":"https:\/\/schema.org","@graph":[{"@type":"Article","@id":"https:\/\/wp.kristdemokraterna.se\/hakanjohansson\/2018\/02\/01\/tillbaka-i-politiken-igen\/#article","isPartOf":{"@id":"https:\/\/wp.kristdemokraterna.se\/hakanjohansson\/2018\/02\/01\/tillbaka-i-politiken-igen\/"},"author":{"name":"H\u00e5kan Johansson","@id":"https:\/\/wp.kristdemokraterna.se\/hakanjohansson\/#\/schema\/person\/1ebb24d2d3a4cdd92106ea18359c8b63"},"headline":"Tillbaka i politiken igen!","datePublished":"2018-02-01T19:38:05+00:00","dateModified":"2018-02-16T19:47:45+00:00","mainEntityOfPage":{"@id":"https:\/\/wp.kristdemokraterna.se\/hakanjohansson\/2018\/02\/01\/tillbaka-i-politiken-igen\/"},"wordCount":90,"image":{"@id":"https:\/\/wp.kristdemokraterna.se\/hakanjohansson\/2018\/02\/01\/tillbaka-i-politiken-igen\/#primaryimage"},"thumbnailUrl":"https:\/\/wp.kristdemokraterna.se\/hakanjohansson\/files\/2014\/06\/hakan_johansson_2013.png","keywords":["ordf\u00f6rande","rehabilitering","Samh\u00e4llsbyggnadsn\u00e4mnden","v\u00e4rnamopolitiken"],"articleSection":["Inl\u00e4gg"],"inLanguage":"sv-SE"},{"@type":"WebPage","@id":"https:\/\/wp.kristdemokraterna.se\/hakanjohansson\/2018\/02\/01\/tillbaka-i-politiken-igen\/","url":"https:\/\/wp.kristdemokraterna.se\/hakanjohansson\/2018\/02\/01\/tillbaka-i-politiken-igen\/","name":"Tillbaka i politiken igen! - H\u00e5kan Johansson, KD","isPartOf":{"@id":"https:\/\/wp.kristdemokraterna.se\/hakanjohansson\/#website"},"primaryImageOfPage":{"@id":"https:\/\/wp.kristdemokraterna.se\/hakanjohansson\/2018\/02\/01\/tillbaka-i-politiken-igen\/#primaryimage"},"image":{"@id":"https:\/\/wp.kristdemokraterna.se\/hakanjohansson\/2018\/02\/01\/tillbaka-i-politiken-igen\/#primaryimage"},"thumbnailUrl":"https:\/\/wp.kristdemokraterna.se\/hakanjohansson\/files\/2014\/06\/hakan_johansson_2013.png","datePublished":"2018-02-01T19:38:05+00:00","dateModified":"2018-02-16T19:47:45+00:00","author":{"@id":"https:\/\/wp.kristdemokraterna.se\/hakanjohansson\/#\/schema\/person\/1ebb24d2d3a4cdd92106ea18359c8b63"},"breadcrumb":{"@id":"https:\/\/wp.kristdemokraterna.se\/hakanjohansson\/2018\/02\/01\/tillbaka-i-politiken-igen\/#breadcrumb"},"inLanguage":"sv-SE","potentialAction":[{"@type":"ReadAction","target":["https:\/\/wp.kristdemokraterna.se\/hakanjohansson\/2018\/02\/01\/tillbaka-i-politiken-igen\/"]}]},{"@type":"ImageObject","inLanguage":"sv-SE","@id":"https:\/\/wp.kristdemokraterna.se\/hakanjohansson\/2018\/02\/01\/tillbaka-i-politiken-igen\/#primaryimage","url":"https:\/\/wp.kristdemokraterna.se\/hakanjohansson\/files\/2014\/06\/hakan_johansson_2013.png","contentUrl":"https:\/\/wp.kristdemokraterna.se\/hakanjohansson\/files\/2014\/06\/hakan_johansson_2013.png","width":256,"height":300,"caption":"H\u00e5kan Johansson, Kristdemokraterna V\u00e4rnamo. (Foto: Lennart Molin)"},{"@type":"BreadcrumbList","@id":"https:\/\/wp.kristdemokraterna.se\/hakanjohansson\/2018\/02\/01\/tillbaka-i-politiken-igen\/#breadcrumb","itemListElement":[{"@type":"ListItem","position":1,"name":"Hem","item":"https:\/\/wp.kristdemokraterna.se\/hakanjohansson\/"},{"@type":"ListItem","position":2,"name":"Tillbaka i politiken igen!"}]},{"@type":"WebSite","@id":"https:\/\/wp.kristdemokraterna.se\/hakanjohansson\/#website","url":"https:\/\/wp.kristdemokraterna.se\/hakanjohansson\/","name":"H\u00e5kan Johansson, KD","description":"Politik, musik och teknik...","inLanguage":"sv-SE"},{"@type":"Person","@id":"https:\/\/wp.kristdemokraterna.se\/hakanjohansson\/#\/schema\/person\/1ebb24d2d3a4cdd92106ea18359c8b63","name":"H\u00e5kan Johansson","image":{"@type":"ImageObject","inLanguage":"sv-SE","@id":"https:\/\/secure.gravatar.com\/avatar\/2f492f08c4bdc714d7db0d433c48b51adbc8f67dd2112ac3a50d66d0d1ddd173?s=96&r=g","url":"https:\/\/secure.gravatar.com\/avatar\/2f492f08c4bdc714d7db0d433c48b51adbc8f67dd2112ac3a50d66d0d1ddd173?s=96&r=g","contentUrl":"https:\/\/secure.gravatar.com\/avatar\/2f492f08c4bdc714d7db0d433c48b51adbc8f67dd2112ac3a50d66d0d1ddd173?s=96&r=g","caption":"H\u00e5kan Johansson"},"description":"Politik, musik och teknik...","sameAs":["https:\/\/wp.kristdemokraterna.se\/hakanjohansson"],"url":"https:\/\/wp.kristdemokraterna.se\/hakanjohansson\/author\/hakanjohansson\/"}]}},"_links":{"self":[{"href":"https:\/\/wp.kristdemokraterna.se\/hakanjohansson\/wp-json\/wp\/v2\/posts\/2415","targetHints":{"allow":["GET"]}}],"collection":[{"href":"https:\/\/wp.kristdemokraterna.se\/hakanjohansson\/wp-json\/wp\/v2\/posts"}],"about":[{"href":"https:\/\/wp.kristdemokraterna.se\/hakanjohansson\/wp-json\/wp\/v2\/types\/post"}],"author":[{"embeddable":true,"href":"https:\/\/wp.kristdemokraterna.se\/hakanjohansson\/wp-json\/wp\/v2\/users\/507"}],"replies":[{"embeddable":true,"href":"https:\/\/wp.kristdemokraterna.se\/hakanjohansson\/wp-json\/wp\/v2\/comments?post=2415"}],"version-history":[{"count":1,"href":"https:\/\/wp.kristdemokraterna.se\/hakanjohansson\/wp-json\/wp\/v2\/posts\/2415\/revisions"}],"predecessor-version":[{"id":2416,"href":"https:\/\/wp.kristdemokraterna.se\/hakanjohansson\/wp-json\/wp\/v2\/posts\/2415\/revisions\/2416"}],"wp:featuredmedia":[{"embeddable":true,"href":"https:\/\/wp.kristdemokraterna.se\/hakanjohansson\/wp-json\/wp\/v2\/media\/123"}],"wp:attachment":[{"href":"https:\/\/wp.kristdemokraterna.se\/hakanjohansson\/wp-json\/wp\/v2\/media?parent=2415"}],"wp:term":[{"taxonomy":"category","embeddable":true,"href":"https:\/\/wp.kristdemokraterna.se\/hakanjohansson\/wp-json\/wp\/v2\/categories?post=2415"},{"taxonomy":"post_tag","embeddable":true,"href":"https:\/\/wp.kristdemokraterna.se\/hakanjohansson\/wp-json\/wp\/v2\/tags?post=2415"}],"curies":[{"name":"wp","href":"https:\/\/api.w.org\/{rel}","templated":true}]}}