{"id":2463,"date":"2018-02-11T20:12:36","date_gmt":"2018-02-11T19:12:36","guid":{"rendered":"http:\/\/wp.kristdemokraterna.se\/hakanjohansson\/?p=2463"},"modified":"2018-02-18T18:35:31","modified_gmt":"2018-02-18T17:35:31","slug":"musik-for-kansliga","status":"publish","type":"post","link":"https:\/\/wp.kristdemokraterna.se\/hakanjohansson\/2018\/02\/11\/musik-for-kansliga\/","title":{"rendered":"Musik f\u00f6r k\u00e4nsliga"},"content":{"rendered":"<p>Det b\u00f6rjade med en sen s\u00f6ndagslunch p\u00e5 Madame Brasserie &amp; Caf\u00e9 och slutade med att jag hamnade p\u00e5 ett supercoolt musikcaf\u00e9 i Gummifabrikens black box. Slagverksgurun Sebastian Ring och hans Chamber Band gav en otroligt tight och sv\u00e4ngig konsert som jag sent ska gl\u00f6mma<\/p>\n<p><!--more--><\/p>\n<p>Sebastian Ring \u00e4r en mycket anlitad slagverkare och komposit\u00f6r som nu \u00e4r ute p\u00e5 turn\u00e9 genom Sm\u00e5land. Tillsammans med Anna Lund (trummor), Helena Ljungman (bas), och Lisa L\u00e5ngbacka (accordeon och klaviatur) bes\u00f6kte han Gummifabriken i dag och framf\u00f6rde ett ytterst smakfullt program \u2013 <em>Musik f\u00f6r de k\u00e4nsliga<\/em>.<\/p>\n<p>Alla kompositioner var signerade av honom sj\u00e4lv. Programmet v\u00e4xlade mellan klassiska toner, jazziga klanger och ett poppigt beat. Allt i en minimalistisk kammarmusikalisk gestaltning. Naturligtvis sv\u00e4ngde det hela tiden, fattas bara annat n\u00e4r det \u00e4r en slagverkare som har komponerat.<\/p>\n<p>Jag gillade det skarpt och \u00e5kte hem glad och upplyft till sinnet.<\/p>\n\n\t\t<style type=\"text\/css\">\n\t\t\t#gallery-1 {\n\t\t\t\tmargin: auto;\n\t\t\t}\n\t\t\t#gallery-1 .gallery-item {\n\t\t\t\tfloat: left;\n\t\t\t\tmargin-top: 10px;\n\t\t\t\ttext-align: center;\n\t\t\t\twidth: 33%;\n\t\t\t}\n\t\t\t#gallery-1 img {\n\t\t\t\tborder: 2px solid #cfcfcf;\n\t\t\t}\n\t\t\t#gallery-1 .gallery-caption {\n\t\t\t\tmargin-left: 0;\n\t\t\t}\n\t\t\t\/* see gallery_shortcode() in wp-includes\/media.php *\/\n\t\t<\/style>\n\t\t<div id='gallery-1' class='gallery galleryid-2463 gallery-columns-3 gallery-size-thumbnail'><dl class='gallery-item'>\n\t\t\t<dt class='gallery-icon landscape'>\n\t\t\t\t<a href='https:\/\/wp.kristdemokraterna.se\/hakanjohansson\/2018\/02\/11\/musik-for-kansliga\/20180211-sebastianringchamberband\/'><img loading=\"lazy\" decoding=\"async\" width=\"150\" height=\"150\" src=\"https:\/\/wp.kristdemokraterna.se\/hakanjohansson\/files\/2018\/02\/20180211_sebastianringchamberband-150x150.jpg\" class=\"attachment-thumbnail size-thumbnail\" alt=\"Sebastian Ring Chamber Band vid konserten i Gummifabrikens livesal. (Foto: H\u00e5kan Johansson)\" aria-describedby=\"gallery-1-2464\" \/><\/a>\n\t\t\t<\/dt>\n\t\t\t\t<dd class='wp-caption-text gallery-caption' id='gallery-1-2464'>\n\t\t\t\tSebastian Ring Chamber Band vid konserten i Gummifabrikens livesal. (Foto: H\u00e5kan Johansson)\n\t\t\t\t<\/dd><\/dl>\n\t\t\t<br style='clear: both' \/>\n\t\t<\/div>\n\n<p>&nbsp;<\/p>\n","protected":false},"excerpt":{"rendered":"<p>Det b\u00f6rjade med en sen s\u00f6ndagslunch p\u00e5 Madame Brasserie &amp; Caf\u00e9 och slutade med att jag hamnade p\u00e5 ett supercoolt musikcaf\u00e9 i Gummifabrikens black box. Slagverksgurun Sebastian Ring och hans Chamber Band gav en otroligt tight och sv\u00e4ngig konsert som jag sent ska gl\u00f6mma<\/p>\n","protected":false},"author":507,"featured_media":2464,"comment_status":"closed","ping_status":"closed","sticky":false,"template":"","format":"standard","meta":{"_acf_changed":false,"footnotes":""},"categories":[41],"tags":[407,1523,1525,1522,663,1521,1524],"class_list":["post-2463","post","type-post","status-publish","format-standard","hentry","category-inlagg","tag-gummifabriken","tag-jazz","tag-kammarmusik","tag-klassisk-musik","tag-konsert","tag-musikcafe","tag-pop"],"acf":[],"yoast_head":"<!-- This site is optimized with the Yoast SEO plugin v27.4 - https:\/\/yoast.com\/product\/yoast-seo-wordpress\/ -->\n<title>Musik f\u00f6r k\u00e4nsliga - H\u00e5kan Johansson, KD<\/title>\n<meta name=\"robots\" content=\"index, follow, max-snippet:-1, max-image-preview:large, max-video-preview:-1\" \/>\n<link rel=\"canonical\" href=\"https:\/\/wp.kristdemokraterna.se\/hakanjohansson\/2018\/02\/11\/musik-for-kansliga\/\" \/>\n<meta property=\"og:locale\" content=\"sv_SE\" \/>\n<meta property=\"og:type\" content=\"article\" \/>\n<meta property=\"og:title\" content=\"Musik f\u00f6r k\u00e4nsliga - H\u00e5kan Johansson, KD\" \/>\n<meta property=\"og:description\" content=\"Det b\u00f6rjade med en sen s\u00f6ndagslunch p\u00e5 Madame Brasserie &amp; Caf\u00e9 och slutade med att jag hamnade p\u00e5 ett supercoolt musikcaf\u00e9 i Gummifabrikens black box. Slagverksgurun Sebastian Ring och hans Chamber Band gav en otroligt tight och sv\u00e4ngig konsert som jag sent ska gl\u00f6mma\" \/>\n<meta property=\"og:url\" content=\"https:\/\/wp.kristdemokraterna.se\/hakanjohansson\/2018\/02\/11\/musik-for-kansliga\/\" \/>\n<meta property=\"og:site_name\" content=\"H\u00e5kan Johansson, KD\" \/>\n<meta property=\"article:published_time\" content=\"2018-02-11T19:12:36+00:00\" \/>\n<meta property=\"article:modified_time\" content=\"2018-02-18T17:35:31+00:00\" \/>\n<meta property=\"og:image\" content=\"https:\/\/wp.kristdemokraterna.se\/hakanjohansson\/files\/2018\/02\/20180211_sebastianringchamberband.jpg\" \/>\n\t<meta property=\"og:image:width\" content=\"1200\" \/>\n\t<meta property=\"og:image:height\" content=\"455\" \/>\n\t<meta property=\"og:image:type\" content=\"image\/jpeg\" \/>\n<meta name=\"author\" content=\"H\u00e5kan Johansson\" \/>\n<meta name=\"twitter:card\" content=\"summary_large_image\" \/>\n<meta name=\"twitter:label1\" content=\"Skriven av\" \/>\n\t<meta name=\"twitter:data1\" content=\"H\u00e5kan Johansson\" \/>\n\t<meta name=\"twitter:label2\" content=\"Ber\u00e4knad l\u00e4stid\" \/>\n\t<meta name=\"twitter:data2\" content=\"1 minut\" \/>\n<script type=\"application\/ld+json\" class=\"yoast-schema-graph\">{\"@context\":\"https:\\\/\\\/schema.org\",\"@graph\":[{\"@type\":\"Article\",\"@id\":\"https:\\\/\\\/wp.kristdemokraterna.se\\\/hakanjohansson\\\/2018\\\/02\\\/11\\\/musik-for-kansliga\\\/#article\",\"isPartOf\":{\"@id\":\"https:\\\/\\\/wp.kristdemokraterna.se\\\/hakanjohansson\\\/2018\\\/02\\\/11\\\/musik-for-kansliga\\\/\"},\"author\":{\"name\":\"H\u00e5kan Johansson\",\"@id\":\"https:\\\/\\\/wp.kristdemokraterna.se\\\/hakanjohansson\\\/#\\\/schema\\\/person\\\/1ebb24d2d3a4cdd92106ea18359c8b63\"},\"headline\":\"Musik f\u00f6r k\u00e4nsliga\",\"datePublished\":\"2018-02-11T19:12:36+00:00\",\"dateModified\":\"2018-02-18T17:35:31+00:00\",\"mainEntityOfPage\":{\"@id\":\"https:\\\/\\\/wp.kristdemokraterna.se\\\/hakanjohansson\\\/2018\\\/02\\\/11\\\/musik-for-kansliga\\\/\"},\"wordCount\":167,\"image\":{\"@id\":\"https:\\\/\\\/wp.kristdemokraterna.se\\\/hakanjohansson\\\/2018\\\/02\\\/11\\\/musik-for-kansliga\\\/#primaryimage\"},\"thumbnailUrl\":\"https:\\\/\\\/wp.kristdemokraterna.se\\\/hakanjohansson\\\/files\\\/2018\\\/02\\\/20180211_sebastianringchamberband.jpg\",\"keywords\":[\"Gummifabriken\",\"jazz\",\"kammarmusik\",\"klassisk musik\",\"konsert\",\"musikcaf\u00e9\",\"pop\"],\"articleSection\":[\"Inl\u00e4gg\"],\"inLanguage\":\"sv-SE\"},{\"@type\":\"WebPage\",\"@id\":\"https:\\\/\\\/wp.kristdemokraterna.se\\\/hakanjohansson\\\/2018\\\/02\\\/11\\\/musik-for-kansliga\\\/\",\"url\":\"https:\\\/\\\/wp.kristdemokraterna.se\\\/hakanjohansson\\\/2018\\\/02\\\/11\\\/musik-for-kansliga\\\/\",\"name\":\"Musik f\u00f6r k\u00e4nsliga - H\u00e5kan Johansson, KD\",\"isPartOf\":{\"@id\":\"https:\\\/\\\/wp.kristdemokraterna.se\\\/hakanjohansson\\\/#website\"},\"primaryImageOfPage\":{\"@id\":\"https:\\\/\\\/wp.kristdemokraterna.se\\\/hakanjohansson\\\/2018\\\/02\\\/11\\\/musik-for-kansliga\\\/#primaryimage\"},\"image\":{\"@id\":\"https:\\\/\\\/wp.kristdemokraterna.se\\\/hakanjohansson\\\/2018\\\/02\\\/11\\\/musik-for-kansliga\\\/#primaryimage\"},\"thumbnailUrl\":\"https:\\\/\\\/wp.kristdemokraterna.se\\\/hakanjohansson\\\/files\\\/2018\\\/02\\\/20180211_sebastianringchamberband.jpg\",\"datePublished\":\"2018-02-11T19:12:36+00:00\",\"dateModified\":\"2018-02-18T17:35:31+00:00\",\"author\":{\"@id\":\"https:\\\/\\\/wp.kristdemokraterna.se\\\/hakanjohansson\\\/#\\\/schema\\\/person\\\/1ebb24d2d3a4cdd92106ea18359c8b63\"},\"breadcrumb\":{\"@id\":\"https:\\\/\\\/wp.kristdemokraterna.se\\\/hakanjohansson\\\/2018\\\/02\\\/11\\\/musik-for-kansliga\\\/#breadcrumb\"},\"inLanguage\":\"sv-SE\",\"potentialAction\":[{\"@type\":\"ReadAction\",\"target\":[\"https:\\\/\\\/wp.kristdemokraterna.se\\\/hakanjohansson\\\/2018\\\/02\\\/11\\\/musik-for-kansliga\\\/\"]}]},{\"@type\":\"ImageObject\",\"inLanguage\":\"sv-SE\",\"@id\":\"https:\\\/\\\/wp.kristdemokraterna.se\\\/hakanjohansson\\\/2018\\\/02\\\/11\\\/musik-for-kansliga\\\/#primaryimage\",\"url\":\"https:\\\/\\\/wp.kristdemokraterna.se\\\/hakanjohansson\\\/files\\\/2018\\\/02\\\/20180211_sebastianringchamberband.jpg\",\"contentUrl\":\"https:\\\/\\\/wp.kristdemokraterna.se\\\/hakanjohansson\\\/files\\\/2018\\\/02\\\/20180211_sebastianringchamberband.jpg\",\"width\":1200,\"height\":455,\"caption\":\"Sebastian Ring Chamber Band vid konserten i Gummifabrikens livesal. (Foto: H\u00e5kan Johansson)\"},{\"@type\":\"BreadcrumbList\",\"@id\":\"https:\\\/\\\/wp.kristdemokraterna.se\\\/hakanjohansson\\\/2018\\\/02\\\/11\\\/musik-for-kansliga\\\/#breadcrumb\",\"itemListElement\":[{\"@type\":\"ListItem\",\"position\":1,\"name\":\"Hem\",\"item\":\"https:\\\/\\\/wp.kristdemokraterna.se\\\/hakanjohansson\\\/\"},{\"@type\":\"ListItem\",\"position\":2,\"name\":\"Musik f\u00f6r k\u00e4nsliga\"}]},{\"@type\":\"WebSite\",\"@id\":\"https:\\\/\\\/wp.kristdemokraterna.se\\\/hakanjohansson\\\/#website\",\"url\":\"https:\\\/\\\/wp.kristdemokraterna.se\\\/hakanjohansson\\\/\",\"name\":\"H\u00e5kan Johansson, KD\",\"description\":\"Politik, musik och teknik...\",\"inLanguage\":\"sv-SE\"},{\"@type\":\"Person\",\"@id\":\"https:\\\/\\\/wp.kristdemokraterna.se\\\/hakanjohansson\\\/#\\\/schema\\\/person\\\/1ebb24d2d3a4cdd92106ea18359c8b63\",\"name\":\"H\u00e5kan Johansson\",\"image\":{\"@type\":\"ImageObject\",\"inLanguage\":\"sv-SE\",\"@id\":\"https:\\\/\\\/secure.gravatar.com\\\/avatar\\\/2f492f08c4bdc714d7db0d433c48b51adbc8f67dd2112ac3a50d66d0d1ddd173?s=96&r=g\",\"url\":\"https:\\\/\\\/secure.gravatar.com\\\/avatar\\\/2f492f08c4bdc714d7db0d433c48b51adbc8f67dd2112ac3a50d66d0d1ddd173?s=96&r=g\",\"contentUrl\":\"https:\\\/\\\/secure.gravatar.com\\\/avatar\\\/2f492f08c4bdc714d7db0d433c48b51adbc8f67dd2112ac3a50d66d0d1ddd173?s=96&r=g\",\"caption\":\"H\u00e5kan Johansson\"},\"description\":\"Politik, musik och teknik...\",\"sameAs\":[\"https:\\\/\\\/wp.kristdemokraterna.se\\\/hakanjohansson\"],\"url\":\"https:\\\/\\\/wp.kristdemokraterna.se\\\/hakanjohansson\\\/author\\\/hakanjohansson\\\/\"}]}<\/script>\n<!-- \/ Yoast SEO plugin. -->","yoast_head_json":{"title":"Musik f\u00f6r k\u00e4nsliga - H\u00e5kan Johansson, KD","robots":{"index":"index","follow":"follow","max-snippet":"max-snippet:-1","max-image-preview":"max-image-preview:large","max-video-preview":"max-video-preview:-1"},"canonical":"https:\/\/wp.kristdemokraterna.se\/hakanjohansson\/2018\/02\/11\/musik-for-kansliga\/","og_locale":"sv_SE","og_type":"article","og_title":"Musik f\u00f6r k\u00e4nsliga - H\u00e5kan Johansson, KD","og_description":"Det b\u00f6rjade med en sen s\u00f6ndagslunch p\u00e5 Madame Brasserie &amp; Caf\u00e9 och slutade med att jag hamnade p\u00e5 ett supercoolt musikcaf\u00e9 i Gummifabrikens black box. Slagverksgurun Sebastian Ring och hans Chamber Band gav en otroligt tight och sv\u00e4ngig konsert som jag sent ska gl\u00f6mma","og_url":"https:\/\/wp.kristdemokraterna.se\/hakanjohansson\/2018\/02\/11\/musik-for-kansliga\/","og_site_name":"H\u00e5kan Johansson, KD","article_published_time":"2018-02-11T19:12:36+00:00","article_modified_time":"2018-02-18T17:35:31+00:00","og_image":[{"width":1200,"height":455,"url":"https:\/\/wp.kristdemokraterna.se\/hakanjohansson\/files\/2018\/02\/20180211_sebastianringchamberband.jpg","type":"image\/jpeg"}],"author":"H\u00e5kan Johansson","twitter_card":"summary_large_image","twitter_misc":{"Skriven av":"H\u00e5kan Johansson","Ber\u00e4knad l\u00e4stid":"1 minut"},"schema":{"@context":"https:\/\/schema.org","@graph":[{"@type":"Article","@id":"https:\/\/wp.kristdemokraterna.se\/hakanjohansson\/2018\/02\/11\/musik-for-kansliga\/#article","isPartOf":{"@id":"https:\/\/wp.kristdemokraterna.se\/hakanjohansson\/2018\/02\/11\/musik-for-kansliga\/"},"author":{"name":"H\u00e5kan Johansson","@id":"https:\/\/wp.kristdemokraterna.se\/hakanjohansson\/#\/schema\/person\/1ebb24d2d3a4cdd92106ea18359c8b63"},"headline":"Musik f\u00f6r k\u00e4nsliga","datePublished":"2018-02-11T19:12:36+00:00","dateModified":"2018-02-18T17:35:31+00:00","mainEntityOfPage":{"@id":"https:\/\/wp.kristdemokraterna.se\/hakanjohansson\/2018\/02\/11\/musik-for-kansliga\/"},"wordCount":167,"image":{"@id":"https:\/\/wp.kristdemokraterna.se\/hakanjohansson\/2018\/02\/11\/musik-for-kansliga\/#primaryimage"},"thumbnailUrl":"https:\/\/wp.kristdemokraterna.se\/hakanjohansson\/files\/2018\/02\/20180211_sebastianringchamberband.jpg","keywords":["Gummifabriken","jazz","kammarmusik","klassisk musik","konsert","musikcaf\u00e9","pop"],"articleSection":["Inl\u00e4gg"],"inLanguage":"sv-SE"},{"@type":"WebPage","@id":"https:\/\/wp.kristdemokraterna.se\/hakanjohansson\/2018\/02\/11\/musik-for-kansliga\/","url":"https:\/\/wp.kristdemokraterna.se\/hakanjohansson\/2018\/02\/11\/musik-for-kansliga\/","name":"Musik f\u00f6r k\u00e4nsliga - H\u00e5kan Johansson, KD","isPartOf":{"@id":"https:\/\/wp.kristdemokraterna.se\/hakanjohansson\/#website"},"primaryImageOfPage":{"@id":"https:\/\/wp.kristdemokraterna.se\/hakanjohansson\/2018\/02\/11\/musik-for-kansliga\/#primaryimage"},"image":{"@id":"https:\/\/wp.kristdemokraterna.se\/hakanjohansson\/2018\/02\/11\/musik-for-kansliga\/#primaryimage"},"thumbnailUrl":"https:\/\/wp.kristdemokraterna.se\/hakanjohansson\/files\/2018\/02\/20180211_sebastianringchamberband.jpg","datePublished":"2018-02-11T19:12:36+00:00","dateModified":"2018-02-18T17:35:31+00:00","author":{"@id":"https:\/\/wp.kristdemokraterna.se\/hakanjohansson\/#\/schema\/person\/1ebb24d2d3a4cdd92106ea18359c8b63"},"breadcrumb":{"@id":"https:\/\/wp.kristdemokraterna.se\/hakanjohansson\/2018\/02\/11\/musik-for-kansliga\/#breadcrumb"},"inLanguage":"sv-SE","potentialAction":[{"@type":"ReadAction","target":["https:\/\/wp.kristdemokraterna.se\/hakanjohansson\/2018\/02\/11\/musik-for-kansliga\/"]}]},{"@type":"ImageObject","inLanguage":"sv-SE","@id":"https:\/\/wp.kristdemokraterna.se\/hakanjohansson\/2018\/02\/11\/musik-for-kansliga\/#primaryimage","url":"https:\/\/wp.kristdemokraterna.se\/hakanjohansson\/files\/2018\/02\/20180211_sebastianringchamberband.jpg","contentUrl":"https:\/\/wp.kristdemokraterna.se\/hakanjohansson\/files\/2018\/02\/20180211_sebastianringchamberband.jpg","width":1200,"height":455,"caption":"Sebastian Ring Chamber Band vid konserten i Gummifabrikens livesal. (Foto: H\u00e5kan Johansson)"},{"@type":"BreadcrumbList","@id":"https:\/\/wp.kristdemokraterna.se\/hakanjohansson\/2018\/02\/11\/musik-for-kansliga\/#breadcrumb","itemListElement":[{"@type":"ListItem","position":1,"name":"Hem","item":"https:\/\/wp.kristdemokraterna.se\/hakanjohansson\/"},{"@type":"ListItem","position":2,"name":"Musik f\u00f6r k\u00e4nsliga"}]},{"@type":"WebSite","@id":"https:\/\/wp.kristdemokraterna.se\/hakanjohansson\/#website","url":"https:\/\/wp.kristdemokraterna.se\/hakanjohansson\/","name":"H\u00e5kan Johansson, KD","description":"Politik, musik och teknik...","inLanguage":"sv-SE"},{"@type":"Person","@id":"https:\/\/wp.kristdemokraterna.se\/hakanjohansson\/#\/schema\/person\/1ebb24d2d3a4cdd92106ea18359c8b63","name":"H\u00e5kan Johansson","image":{"@type":"ImageObject","inLanguage":"sv-SE","@id":"https:\/\/secure.gravatar.com\/avatar\/2f492f08c4bdc714d7db0d433c48b51adbc8f67dd2112ac3a50d66d0d1ddd173?s=96&r=g","url":"https:\/\/secure.gravatar.com\/avatar\/2f492f08c4bdc714d7db0d433c48b51adbc8f67dd2112ac3a50d66d0d1ddd173?s=96&r=g","contentUrl":"https:\/\/secure.gravatar.com\/avatar\/2f492f08c4bdc714d7db0d433c48b51adbc8f67dd2112ac3a50d66d0d1ddd173?s=96&r=g","caption":"H\u00e5kan Johansson"},"description":"Politik, musik och teknik...","sameAs":["https:\/\/wp.kristdemokraterna.se\/hakanjohansson"],"url":"https:\/\/wp.kristdemokraterna.se\/hakanjohansson\/author\/hakanjohansson\/"}]}},"_links":{"self":[{"href":"https:\/\/wp.kristdemokraterna.se\/hakanjohansson\/wp-json\/wp\/v2\/posts\/2463","targetHints":{"allow":["GET"]}}],"collection":[{"href":"https:\/\/wp.kristdemokraterna.se\/hakanjohansson\/wp-json\/wp\/v2\/posts"}],"about":[{"href":"https:\/\/wp.kristdemokraterna.se\/hakanjohansson\/wp-json\/wp\/v2\/types\/post"}],"author":[{"embeddable":true,"href":"https:\/\/wp.kristdemokraterna.se\/hakanjohansson\/wp-json\/wp\/v2\/users\/507"}],"replies":[{"embeddable":true,"href":"https:\/\/wp.kristdemokraterna.se\/hakanjohansson\/wp-json\/wp\/v2\/comments?post=2463"}],"version-history":[{"count":2,"href":"https:\/\/wp.kristdemokraterna.se\/hakanjohansson\/wp-json\/wp\/v2\/posts\/2463\/revisions"}],"predecessor-version":[{"id":2466,"href":"https:\/\/wp.kristdemokraterna.se\/hakanjohansson\/wp-json\/wp\/v2\/posts\/2463\/revisions\/2466"}],"wp:featuredmedia":[{"embeddable":true,"href":"https:\/\/wp.kristdemokraterna.se\/hakanjohansson\/wp-json\/wp\/v2\/media\/2464"}],"wp:attachment":[{"href":"https:\/\/wp.kristdemokraterna.se\/hakanjohansson\/wp-json\/wp\/v2\/media?parent=2463"}],"wp:term":[{"taxonomy":"category","embeddable":true,"href":"https:\/\/wp.kristdemokraterna.se\/hakanjohansson\/wp-json\/wp\/v2\/categories?post=2463"},{"taxonomy":"post_tag","embeddable":true,"href":"https:\/\/wp.kristdemokraterna.se\/hakanjohansson\/wp-json\/wp\/v2\/tags?post=2463"}],"curies":[{"name":"wp","href":"https:\/\/api.w.org\/{rel}","templated":true}]}}