{"id":2482,"date":"2018-02-25T19:24:20","date_gmt":"2018-02-25T18:24:20","guid":{"rendered":"http:\/\/wp.kristdemokraterna.se\/hakanjohansson\/?p=2482"},"modified":"2018-02-25T23:48:33","modified_gmt":"2018-02-25T22:48:33","slug":"2482","status":"publish","type":"post","link":"https:\/\/wp.kristdemokraterna.se\/hakanjohansson\/2018\/02\/25\/2482\/","title":{"rendered":"Musik f\u00f6r unga och gamla sj\u00e4lar"},"content":{"rendered":"<p>\u00c5terigen hamnade jag p\u00e5 ett musikcaf\u00e9 p\u00e5 Gummifabriken. Det b\u00f6rjar bli en god tradition det h\u00e4r. \ud83d\ude09<\/p>\n<p>I eftermiddag var det Jojje Wadenius, if\u00f6rd &#8221;Kalles kl\u00e4ttertr\u00e4d&#8221;t-shirt, och Lennart Simonsson som gav en\u00a0sk\u00f6n konsert med musik f\u00f6r unga och gamla sj\u00e4lar. F\u00f6rsta avdelningen h\u00e4mtades fr\u00e5n Jojjes barnviserepertoar med texter av\u00a0Barbro Lindgren. Bara bra musik av ett slag som inte g\u00f6rs l\u00e4ngre, tyv\u00e4rr. Den andra halvan av konserten tilltalade jazzofilen och psalmofilen i mig. Tack Jojje och Lennart!<\/p>\n<p><!--more--><\/p>\n\n\t\t<style type=\"text\/css\">\n\t\t\t#gallery-1 {\n\t\t\t\tmargin: auto;\n\t\t\t}\n\t\t\t#gallery-1 .gallery-item {\n\t\t\t\tfloat: left;\n\t\t\t\tmargin-top: 10px;\n\t\t\t\ttext-align: center;\n\t\t\t\twidth: 33%;\n\t\t\t}\n\t\t\t#gallery-1 img {\n\t\t\t\tborder: 2px solid #cfcfcf;\n\t\t\t}\n\t\t\t#gallery-1 .gallery-caption {\n\t\t\t\tmargin-left: 0;\n\t\t\t}\n\t\t\t\/* see gallery_shortcode() in wp-includes\/media.php *\/\n\t\t<\/style>\n\t\t<div id='gallery-1' class='gallery galleryid-2482 gallery-columns-3 gallery-size-thumbnail'><dl class='gallery-item'>\n\t\t\t<dt class='gallery-icon landscape'>\n\t\t\t\t<a href='https:\/\/wp.kristdemokraterna.se\/hakanjohansson\/20180225-jojjewadenius-lennartsimonsson\/'><img loading=\"lazy\" decoding=\"async\" width=\"150\" height=\"150\" src=\"https:\/\/wp.kristdemokraterna.se\/hakanjohansson\/files\/2018\/02\/20180225_jojjewadenius_lennartsimonsson-150x150.jpg\" class=\"attachment-thumbnail size-thumbnail\" alt=\"Jojje Wadenius och Lennart Simonsson i en sk\u00f6n konsert med musik f\u00f6r unga och gamla sj\u00e4lar. (Foto: H\u00e5kan Johansson)\" aria-describedby=\"gallery-1-2481\" \/><\/a>\n\t\t\t<\/dt>\n\t\t\t\t<dd class='wp-caption-text gallery-caption' id='gallery-1-2481'>\n\t\t\t\tJojje Wadenius och Lennart Simonsson i en sk\u00f6n konsert med musik f\u00f6r unga och gamla sj\u00e4lar. (Foto: H\u00e5kan Johansson)\n\t\t\t\t<\/dd><\/dl>\n\t\t\t<br style='clear: both' \/>\n\t\t<\/div>\n\n","protected":false},"excerpt":{"rendered":"<p>\u00c5terigen hamnade jag p\u00e5 ett musikcaf\u00e9 p\u00e5 Gummifabriken. Det b\u00f6rjar bli en god tradition det h\u00e4r. \ud83d\ude09 I eftermiddag var det Jojje Wadenius, if\u00f6rd &#8221;Kalles kl\u00e4ttertr\u00e4d&#8221;t-shirt, och Lennart Simonsson som gav en\u00a0sk\u00f6n konsert med musik f\u00f6r unga och gamla sj\u00e4lar. F\u00f6rsta avdelningen h\u00e4mtades fr\u00e5n Jojjes barnviserepertoar med texter av\u00a0Barbro Lindgren. Bara bra musik av ett&hellip; <a class=\"read-more-link\" href=\"https:\/\/wp.kristdemokraterna.se\/hakanjohansson\/2018\/02\/25\/2482\/\">Forts\u00e4tt l\u00e4sa<\/a><\/p>\n","protected":false},"author":507,"featured_media":2481,"comment_status":"closed","ping_status":"closed","sticky":false,"template":"","format":"standard","meta":{"_acf_changed":false,"footnotes":""},"categories":[41],"tags":[407,1523,663,1521],"class_list":["post-2482","post","type-post","status-publish","format-standard","hentry","category-inlagg","tag-gummifabriken","tag-jazz","tag-konsert","tag-musikcafe"],"acf":[],"yoast_head":"<!-- This site is optimized with the Yoast SEO plugin v27.4 - https:\/\/yoast.com\/product\/yoast-seo-wordpress\/ -->\n<title>Musik f\u00f6r unga och gamla sj\u00e4lar - H\u00e5kan Johansson, KD<\/title>\n<meta name=\"robots\" content=\"index, follow, max-snippet:-1, max-image-preview:large, max-video-preview:-1\" \/>\n<link rel=\"canonical\" href=\"https:\/\/wp.kristdemokraterna.se\/hakanjohansson\/2018\/02\/25\/2482\/\" \/>\n<meta property=\"og:locale\" content=\"sv_SE\" \/>\n<meta property=\"og:type\" content=\"article\" \/>\n<meta property=\"og:title\" content=\"Musik f\u00f6r unga och gamla sj\u00e4lar - H\u00e5kan Johansson, KD\" \/>\n<meta property=\"og:description\" content=\"\u00c5terigen hamnade jag p\u00e5 ett musikcaf\u00e9 p\u00e5 Gummifabriken. Det b\u00f6rjar bli en god tradition det h\u00e4r. \ud83d\ude09 I eftermiddag var det Jojje Wadenius, if\u00f6rd &#8221;Kalles kl\u00e4ttertr\u00e4d&#8221;t-shirt, och Lennart Simonsson som gav en\u00a0sk\u00f6n konsert med musik f\u00f6r unga och gamla sj\u00e4lar. F\u00f6rsta avdelningen h\u00e4mtades fr\u00e5n Jojjes barnviserepertoar med texter av\u00a0Barbro Lindgren. Bara bra musik av ett&hellip; Forts\u00e4tt l\u00e4sa\" \/>\n<meta property=\"og:url\" content=\"https:\/\/wp.kristdemokraterna.se\/hakanjohansson\/2018\/02\/25\/2482\/\" \/>\n<meta property=\"og:site_name\" content=\"H\u00e5kan Johansson, KD\" \/>\n<meta property=\"article:published_time\" content=\"2018-02-25T18:24:20+00:00\" \/>\n<meta property=\"article:modified_time\" content=\"2018-02-25T22:48:33+00:00\" \/>\n<meta property=\"og:image\" content=\"https:\/\/wp.kristdemokraterna.se\/hakanjohansson\/files\/2018\/02\/20180225_jojjewadenius_lennartsimonsson.jpg\" \/>\n\t<meta property=\"og:image:width\" content=\"1200\" \/>\n\t<meta property=\"og:image:height\" content=\"616\" \/>\n\t<meta property=\"og:image:type\" content=\"image\/jpeg\" \/>\n<meta name=\"author\" content=\"H\u00e5kan Johansson\" \/>\n<meta name=\"twitter:card\" content=\"summary_large_image\" \/>\n<meta name=\"twitter:label1\" content=\"Skriven av\" \/>\n\t<meta name=\"twitter:data1\" content=\"H\u00e5kan Johansson\" \/>\n<script type=\"application\/ld+json\" class=\"yoast-schema-graph\">{\"@context\":\"https:\\\/\\\/schema.org\",\"@graph\":[{\"@type\":\"Article\",\"@id\":\"https:\\\/\\\/wp.kristdemokraterna.se\\\/hakanjohansson\\\/2018\\\/02\\\/25\\\/2482\\\/#article\",\"isPartOf\":{\"@id\":\"https:\\\/\\\/wp.kristdemokraterna.se\\\/hakanjohansson\\\/2018\\\/02\\\/25\\\/2482\\\/\"},\"author\":{\"name\":\"H\u00e5kan Johansson\",\"@id\":\"https:\\\/\\\/wp.kristdemokraterna.se\\\/hakanjohansson\\\/#\\\/schema\\\/person\\\/1ebb24d2d3a4cdd92106ea18359c8b63\"},\"headline\":\"Musik f\u00f6r unga och gamla sj\u00e4lar\",\"datePublished\":\"2018-02-25T18:24:20+00:00\",\"dateModified\":\"2018-02-25T22:48:33+00:00\",\"mainEntityOfPage\":{\"@id\":\"https:\\\/\\\/wp.kristdemokraterna.se\\\/hakanjohansson\\\/2018\\\/02\\\/25\\\/2482\\\/\"},\"wordCount\":104,\"image\":{\"@id\":\"https:\\\/\\\/wp.kristdemokraterna.se\\\/hakanjohansson\\\/2018\\\/02\\\/25\\\/2482\\\/#primaryimage\"},\"thumbnailUrl\":\"https:\\\/\\\/wp.kristdemokraterna.se\\\/hakanjohansson\\\/files\\\/2018\\\/02\\\/20180225_jojjewadenius_lennartsimonsson.jpg\",\"keywords\":[\"Gummifabriken\",\"jazz\",\"konsert\",\"musikcaf\u00e9\"],\"articleSection\":[\"Inl\u00e4gg\"],\"inLanguage\":\"sv-SE\"},{\"@type\":\"WebPage\",\"@id\":\"https:\\\/\\\/wp.kristdemokraterna.se\\\/hakanjohansson\\\/2018\\\/02\\\/25\\\/2482\\\/\",\"url\":\"https:\\\/\\\/wp.kristdemokraterna.se\\\/hakanjohansson\\\/2018\\\/02\\\/25\\\/2482\\\/\",\"name\":\"Musik f\u00f6r unga och gamla sj\u00e4lar - H\u00e5kan Johansson, KD\",\"isPartOf\":{\"@id\":\"https:\\\/\\\/wp.kristdemokraterna.se\\\/hakanjohansson\\\/#website\"},\"primaryImageOfPage\":{\"@id\":\"https:\\\/\\\/wp.kristdemokraterna.se\\\/hakanjohansson\\\/2018\\\/02\\\/25\\\/2482\\\/#primaryimage\"},\"image\":{\"@id\":\"https:\\\/\\\/wp.kristdemokraterna.se\\\/hakanjohansson\\\/2018\\\/02\\\/25\\\/2482\\\/#primaryimage\"},\"thumbnailUrl\":\"https:\\\/\\\/wp.kristdemokraterna.se\\\/hakanjohansson\\\/files\\\/2018\\\/02\\\/20180225_jojjewadenius_lennartsimonsson.jpg\",\"datePublished\":\"2018-02-25T18:24:20+00:00\",\"dateModified\":\"2018-02-25T22:48:33+00:00\",\"author\":{\"@id\":\"https:\\\/\\\/wp.kristdemokraterna.se\\\/hakanjohansson\\\/#\\\/schema\\\/person\\\/1ebb24d2d3a4cdd92106ea18359c8b63\"},\"breadcrumb\":{\"@id\":\"https:\\\/\\\/wp.kristdemokraterna.se\\\/hakanjohansson\\\/2018\\\/02\\\/25\\\/2482\\\/#breadcrumb\"},\"inLanguage\":\"sv-SE\",\"potentialAction\":[{\"@type\":\"ReadAction\",\"target\":[\"https:\\\/\\\/wp.kristdemokraterna.se\\\/hakanjohansson\\\/2018\\\/02\\\/25\\\/2482\\\/\"]}]},{\"@type\":\"ImageObject\",\"inLanguage\":\"sv-SE\",\"@id\":\"https:\\\/\\\/wp.kristdemokraterna.se\\\/hakanjohansson\\\/2018\\\/02\\\/25\\\/2482\\\/#primaryimage\",\"url\":\"https:\\\/\\\/wp.kristdemokraterna.se\\\/hakanjohansson\\\/files\\\/2018\\\/02\\\/20180225_jojjewadenius_lennartsimonsson.jpg\",\"contentUrl\":\"https:\\\/\\\/wp.kristdemokraterna.se\\\/hakanjohansson\\\/files\\\/2018\\\/02\\\/20180225_jojjewadenius_lennartsimonsson.jpg\",\"width\":1200,\"height\":616,\"caption\":\"Jojje Wadenius och Lennart Simonsson i en sk\u00f6n konsert med musik f\u00f6r unga och gamla sj\u00e4lar. (Foto: H\u00e5kan Johansson)\"},{\"@type\":\"BreadcrumbList\",\"@id\":\"https:\\\/\\\/wp.kristdemokraterna.se\\\/hakanjohansson\\\/2018\\\/02\\\/25\\\/2482\\\/#breadcrumb\",\"itemListElement\":[{\"@type\":\"ListItem\",\"position\":1,\"name\":\"Hem\",\"item\":\"https:\\\/\\\/wp.kristdemokraterna.se\\\/hakanjohansson\\\/\"},{\"@type\":\"ListItem\",\"position\":2,\"name\":\"Musik f\u00f6r unga och gamla sj\u00e4lar\"}]},{\"@type\":\"WebSite\",\"@id\":\"https:\\\/\\\/wp.kristdemokraterna.se\\\/hakanjohansson\\\/#website\",\"url\":\"https:\\\/\\\/wp.kristdemokraterna.se\\\/hakanjohansson\\\/\",\"name\":\"H\u00e5kan Johansson, KD\",\"description\":\"Politik, musik och teknik...\",\"inLanguage\":\"sv-SE\"},{\"@type\":\"Person\",\"@id\":\"https:\\\/\\\/wp.kristdemokraterna.se\\\/hakanjohansson\\\/#\\\/schema\\\/person\\\/1ebb24d2d3a4cdd92106ea18359c8b63\",\"name\":\"H\u00e5kan Johansson\",\"image\":{\"@type\":\"ImageObject\",\"inLanguage\":\"sv-SE\",\"@id\":\"https:\\\/\\\/secure.gravatar.com\\\/avatar\\\/2f492f08c4bdc714d7db0d433c48b51adbc8f67dd2112ac3a50d66d0d1ddd173?s=96&r=g\",\"url\":\"https:\\\/\\\/secure.gravatar.com\\\/avatar\\\/2f492f08c4bdc714d7db0d433c48b51adbc8f67dd2112ac3a50d66d0d1ddd173?s=96&r=g\",\"contentUrl\":\"https:\\\/\\\/secure.gravatar.com\\\/avatar\\\/2f492f08c4bdc714d7db0d433c48b51adbc8f67dd2112ac3a50d66d0d1ddd173?s=96&r=g\",\"caption\":\"H\u00e5kan Johansson\"},\"description\":\"Politik, musik och teknik...\",\"sameAs\":[\"https:\\\/\\\/wp.kristdemokraterna.se\\\/hakanjohansson\"],\"url\":\"https:\\\/\\\/wp.kristdemokraterna.se\\\/hakanjohansson\\\/author\\\/hakanjohansson\\\/\"}]}<\/script>\n<!-- \/ Yoast SEO plugin. -->","yoast_head_json":{"title":"Musik f\u00f6r unga och gamla sj\u00e4lar - H\u00e5kan Johansson, KD","robots":{"index":"index","follow":"follow","max-snippet":"max-snippet:-1","max-image-preview":"max-image-preview:large","max-video-preview":"max-video-preview:-1"},"canonical":"https:\/\/wp.kristdemokraterna.se\/hakanjohansson\/2018\/02\/25\/2482\/","og_locale":"sv_SE","og_type":"article","og_title":"Musik f\u00f6r unga och gamla sj\u00e4lar - H\u00e5kan Johansson, KD","og_description":"\u00c5terigen hamnade jag p\u00e5 ett musikcaf\u00e9 p\u00e5 Gummifabriken. Det b\u00f6rjar bli en god tradition det h\u00e4r. \ud83d\ude09 I eftermiddag var det Jojje Wadenius, if\u00f6rd &#8221;Kalles kl\u00e4ttertr\u00e4d&#8221;t-shirt, och Lennart Simonsson som gav en\u00a0sk\u00f6n konsert med musik f\u00f6r unga och gamla sj\u00e4lar. F\u00f6rsta avdelningen h\u00e4mtades fr\u00e5n Jojjes barnviserepertoar med texter av\u00a0Barbro Lindgren. Bara bra musik av ett&hellip; Forts\u00e4tt l\u00e4sa","og_url":"https:\/\/wp.kristdemokraterna.se\/hakanjohansson\/2018\/02\/25\/2482\/","og_site_name":"H\u00e5kan Johansson, KD","article_published_time":"2018-02-25T18:24:20+00:00","article_modified_time":"2018-02-25T22:48:33+00:00","og_image":[{"width":1200,"height":616,"url":"https:\/\/wp.kristdemokraterna.se\/hakanjohansson\/files\/2018\/02\/20180225_jojjewadenius_lennartsimonsson.jpg","type":"image\/jpeg"}],"author":"H\u00e5kan Johansson","twitter_card":"summary_large_image","twitter_misc":{"Skriven av":"H\u00e5kan Johansson"},"schema":{"@context":"https:\/\/schema.org","@graph":[{"@type":"Article","@id":"https:\/\/wp.kristdemokraterna.se\/hakanjohansson\/2018\/02\/25\/2482\/#article","isPartOf":{"@id":"https:\/\/wp.kristdemokraterna.se\/hakanjohansson\/2018\/02\/25\/2482\/"},"author":{"name":"H\u00e5kan Johansson","@id":"https:\/\/wp.kristdemokraterna.se\/hakanjohansson\/#\/schema\/person\/1ebb24d2d3a4cdd92106ea18359c8b63"},"headline":"Musik f\u00f6r unga och gamla sj\u00e4lar","datePublished":"2018-02-25T18:24:20+00:00","dateModified":"2018-02-25T22:48:33+00:00","mainEntityOfPage":{"@id":"https:\/\/wp.kristdemokraterna.se\/hakanjohansson\/2018\/02\/25\/2482\/"},"wordCount":104,"image":{"@id":"https:\/\/wp.kristdemokraterna.se\/hakanjohansson\/2018\/02\/25\/2482\/#primaryimage"},"thumbnailUrl":"https:\/\/wp.kristdemokraterna.se\/hakanjohansson\/files\/2018\/02\/20180225_jojjewadenius_lennartsimonsson.jpg","keywords":["Gummifabriken","jazz","konsert","musikcaf\u00e9"],"articleSection":["Inl\u00e4gg"],"inLanguage":"sv-SE"},{"@type":"WebPage","@id":"https:\/\/wp.kristdemokraterna.se\/hakanjohansson\/2018\/02\/25\/2482\/","url":"https:\/\/wp.kristdemokraterna.se\/hakanjohansson\/2018\/02\/25\/2482\/","name":"Musik f\u00f6r unga och gamla sj\u00e4lar - H\u00e5kan Johansson, KD","isPartOf":{"@id":"https:\/\/wp.kristdemokraterna.se\/hakanjohansson\/#website"},"primaryImageOfPage":{"@id":"https:\/\/wp.kristdemokraterna.se\/hakanjohansson\/2018\/02\/25\/2482\/#primaryimage"},"image":{"@id":"https:\/\/wp.kristdemokraterna.se\/hakanjohansson\/2018\/02\/25\/2482\/#primaryimage"},"thumbnailUrl":"https:\/\/wp.kristdemokraterna.se\/hakanjohansson\/files\/2018\/02\/20180225_jojjewadenius_lennartsimonsson.jpg","datePublished":"2018-02-25T18:24:20+00:00","dateModified":"2018-02-25T22:48:33+00:00","author":{"@id":"https:\/\/wp.kristdemokraterna.se\/hakanjohansson\/#\/schema\/person\/1ebb24d2d3a4cdd92106ea18359c8b63"},"breadcrumb":{"@id":"https:\/\/wp.kristdemokraterna.se\/hakanjohansson\/2018\/02\/25\/2482\/#breadcrumb"},"inLanguage":"sv-SE","potentialAction":[{"@type":"ReadAction","target":["https:\/\/wp.kristdemokraterna.se\/hakanjohansson\/2018\/02\/25\/2482\/"]}]},{"@type":"ImageObject","inLanguage":"sv-SE","@id":"https:\/\/wp.kristdemokraterna.se\/hakanjohansson\/2018\/02\/25\/2482\/#primaryimage","url":"https:\/\/wp.kristdemokraterna.se\/hakanjohansson\/files\/2018\/02\/20180225_jojjewadenius_lennartsimonsson.jpg","contentUrl":"https:\/\/wp.kristdemokraterna.se\/hakanjohansson\/files\/2018\/02\/20180225_jojjewadenius_lennartsimonsson.jpg","width":1200,"height":616,"caption":"Jojje Wadenius och Lennart Simonsson i en sk\u00f6n konsert med musik f\u00f6r unga och gamla sj\u00e4lar. (Foto: H\u00e5kan Johansson)"},{"@type":"BreadcrumbList","@id":"https:\/\/wp.kristdemokraterna.se\/hakanjohansson\/2018\/02\/25\/2482\/#breadcrumb","itemListElement":[{"@type":"ListItem","position":1,"name":"Hem","item":"https:\/\/wp.kristdemokraterna.se\/hakanjohansson\/"},{"@type":"ListItem","position":2,"name":"Musik f\u00f6r unga och gamla sj\u00e4lar"}]},{"@type":"WebSite","@id":"https:\/\/wp.kristdemokraterna.se\/hakanjohansson\/#website","url":"https:\/\/wp.kristdemokraterna.se\/hakanjohansson\/","name":"H\u00e5kan Johansson, KD","description":"Politik, musik och teknik...","inLanguage":"sv-SE"},{"@type":"Person","@id":"https:\/\/wp.kristdemokraterna.se\/hakanjohansson\/#\/schema\/person\/1ebb24d2d3a4cdd92106ea18359c8b63","name":"H\u00e5kan Johansson","image":{"@type":"ImageObject","inLanguage":"sv-SE","@id":"https:\/\/secure.gravatar.com\/avatar\/2f492f08c4bdc714d7db0d433c48b51adbc8f67dd2112ac3a50d66d0d1ddd173?s=96&r=g","url":"https:\/\/secure.gravatar.com\/avatar\/2f492f08c4bdc714d7db0d433c48b51adbc8f67dd2112ac3a50d66d0d1ddd173?s=96&r=g","contentUrl":"https:\/\/secure.gravatar.com\/avatar\/2f492f08c4bdc714d7db0d433c48b51adbc8f67dd2112ac3a50d66d0d1ddd173?s=96&r=g","caption":"H\u00e5kan Johansson"},"description":"Politik, musik och teknik...","sameAs":["https:\/\/wp.kristdemokraterna.se\/hakanjohansson"],"url":"https:\/\/wp.kristdemokraterna.se\/hakanjohansson\/author\/hakanjohansson\/"}]}},"_links":{"self":[{"href":"https:\/\/wp.kristdemokraterna.se\/hakanjohansson\/wp-json\/wp\/v2\/posts\/2482","targetHints":{"allow":["GET"]}}],"collection":[{"href":"https:\/\/wp.kristdemokraterna.se\/hakanjohansson\/wp-json\/wp\/v2\/posts"}],"about":[{"href":"https:\/\/wp.kristdemokraterna.se\/hakanjohansson\/wp-json\/wp\/v2\/types\/post"}],"author":[{"embeddable":true,"href":"https:\/\/wp.kristdemokraterna.se\/hakanjohansson\/wp-json\/wp\/v2\/users\/507"}],"replies":[{"embeddable":true,"href":"https:\/\/wp.kristdemokraterna.se\/hakanjohansson\/wp-json\/wp\/v2\/comments?post=2482"}],"version-history":[{"count":4,"href":"https:\/\/wp.kristdemokraterna.se\/hakanjohansson\/wp-json\/wp\/v2\/posts\/2482\/revisions"}],"predecessor-version":[{"id":2489,"href":"https:\/\/wp.kristdemokraterna.se\/hakanjohansson\/wp-json\/wp\/v2\/posts\/2482\/revisions\/2489"}],"wp:featuredmedia":[{"embeddable":true,"href":"https:\/\/wp.kristdemokraterna.se\/hakanjohansson\/wp-json\/wp\/v2\/media\/2481"}],"wp:attachment":[{"href":"https:\/\/wp.kristdemokraterna.se\/hakanjohansson\/wp-json\/wp\/v2\/media?parent=2482"}],"wp:term":[{"taxonomy":"category","embeddable":true,"href":"https:\/\/wp.kristdemokraterna.se\/hakanjohansson\/wp-json\/wp\/v2\/categories?post=2482"},{"taxonomy":"post_tag","embeddable":true,"href":"https:\/\/wp.kristdemokraterna.se\/hakanjohansson\/wp-json\/wp\/v2\/tags?post=2482"}],"curies":[{"name":"wp","href":"https:\/\/api.w.org\/{rel}","templated":true}]}}