{"id":2519,"date":"2018-02-22T22:34:50","date_gmt":"2018-02-22T21:34:50","guid":{"rendered":"http:\/\/wp.kristdemokraterna.se\/hakanjohansson\/?p=2519"},"modified":"2018-06-03T18:03:44","modified_gmt":"2018-06-03T16:03:44","slug":"vilken-varld-vill-du-leva-i","status":"publish","type":"post","link":"https:\/\/wp.kristdemokraterna.se\/hakanjohansson\/2018\/02\/22\/vilken-varld-vill-du-leva-i\/","title":{"rendered":"Vilken v\u00e4rld vill du leva i?"},"content":{"rendered":"<p>Vilken v\u00e4rld vill du leva i? var \u00e4mnet f\u00f6r ett mycket intressant och utmanande politiksamtal i regi av\u00a0Diakonia. \u00c4mnet var m\u00e4nskliga r\u00e4ttigheter och s<span class=\"text_exposed_show\">amtalets ton var \u00f6ppen och lyssnande. Vi beh\u00f6ver mer av detta!<\/span><\/p>\n<p><!--more--><\/p>\n<p>Vilken v\u00e4rld vill du leva i, var fr\u00e5gan som Diakonia st\u00e4llde i kv\u00e4llens sk\u00f6na politiksamtal om m\u00e4nskliga r\u00e4ttigheter i Allianskyrkan.\u00a0Kristdemokraternas gruppledare i riksdagen,\u00a0Andreas Carlson\u00a0(K<span class=\"text_exposed_show\">D) samtalade om m\u00e4nskliga r\u00e4ttigheter med Thomas Strand (S) och Emma Hult (MP).<\/span><\/p>\n<p>Samtalet inleddes med en dokument\u00e4r f\u00f6rest\u00e4llning om fem m\u00e4nniskor som har modet att st\u00e5 upp f\u00f6r m\u00e4nskliga r\u00e4ttigheter i en tid d\u00e5 det blir allt farligare att g\u00f6ra det. Evan Mawarire (Zimbabwe), Berta C\u00e1seres (Honduras), Tep Vanny (Kambodja), Gerald Rutaro (Uganda) och Lilian Sj\u00f6lund (Sverige) g\u00e5r i frontlinjen, men de betalar ett h\u00f6gt pris.<\/p>\n<p><span class=\"text_exposed_show\">Samtalets ton var \u00f6ppen och lyssnande.\u00a0Vilken sk\u00f6n kontrast till den gamla vanliga polemiska tonen i svensk politikdebatt. Vi beh\u00f6ver mer av detta.<\/span><\/p>\n<p><span class=\"text_exposed_show\">M\u00e4nskliga r\u00e4ttigheter har en tendens att hamna i skymundan i den politiska debatten. \u00c4nd\u00e5 \u00e4r de l\u00e5ngt ifr\u00e5n sj\u00e4lvklara. D\u00e4rf\u00f6r \u00e4r det s\u00e5 viktigt att n\u00e5gon lyfter fr\u00e5gorna.\u00a0Tack f\u00f6r det Diakonia!<\/span><\/p>\n\n\t\t<style type=\"text\/css\">\n\t\t\t#gallery-1 {\n\t\t\t\tmargin: auto;\n\t\t\t}\n\t\t\t#gallery-1 .gallery-item {\n\t\t\t\tfloat: left;\n\t\t\t\tmargin-top: 10px;\n\t\t\t\ttext-align: center;\n\t\t\t\twidth: 33%;\n\t\t\t}\n\t\t\t#gallery-1 img {\n\t\t\t\tborder: 2px solid #cfcfcf;\n\t\t\t}\n\t\t\t#gallery-1 .gallery-caption {\n\t\t\t\tmargin-left: 0;\n\t\t\t}\n\t\t\t\/* see gallery_shortcode() in wp-includes\/media.php *\/\n\t\t<\/style>\n\t\t<div id='gallery-1' class='gallery galleryid-2519 gallery-columns-3 gallery-size-thumbnail'><dl class='gallery-item'>\n\t\t\t<dt class='gallery-icon portrait'>\n\t\t\t\t<a href='https:\/\/wp.kristdemokraterna.se\/hakanjohansson\/20180222-dialogompolitik-medverkande\/'><img loading=\"lazy\" decoding=\"async\" width=\"150\" height=\"150\" src=\"https:\/\/wp.kristdemokraterna.se\/hakanjohansson\/files\/2018\/02\/20180222_dialogompolitik_medverkande-150x150.jpg\" class=\"attachment-thumbnail size-thumbnail\" alt=\"Kristdemokraternas gruppledare i riksdagen,\u00a0Andreas Carlson\u00a0(KD) samtalade om m\u00e4nskliga r\u00e4ttigheter med Thomas Strand (S) och Emma Hult (MP). (Foto: H\u00e5kan Johansson)\" aria-describedby=\"gallery-1-2479\" \/><\/a>\n\t\t\t<\/dt>\n\t\t\t\t<dd class='wp-caption-text gallery-caption' id='gallery-1-2479'>\n\t\t\t\tKristdemokraternas gruppledare i riksdagen,\u00a0Andreas Carlson\u00a0(KD) samtalade om m\u00e4nskliga r\u00e4ttigheter med Thomas Strand (S) och Emma Hult (MP). (Foto: H\u00e5kan Johansson)\n\t\t\t\t<\/dd><\/dl><dl class='gallery-item'>\n\t\t\t<dt class='gallery-icon landscape'>\n\t\t\t\t<a href='https:\/\/wp.kristdemokraterna.se\/hakanjohansson\/20180222-dialogompolitik-vilkenvarldvilldulevai\/'><img loading=\"lazy\" decoding=\"async\" width=\"150\" height=\"150\" src=\"https:\/\/wp.kristdemokraterna.se\/hakanjohansson\/files\/2018\/02\/20180222_dialogompolitik_vilkenvarldvilldulevai-150x150.jpg\" class=\"attachment-thumbnail size-thumbnail\" alt=\"Vilken v\u00e4rld vill du leva i? var \u00e4mnet f\u00f6r ett mycket intressant och utmanande politiksamtal i regi av\u00a0Diakonia. (Foto: H\u00e5kan Johansson)\" aria-describedby=\"gallery-1-2480\" \/><\/a>\n\t\t\t<\/dt>\n\t\t\t\t<dd class='wp-caption-text gallery-caption' id='gallery-1-2480'>\n\t\t\t\tVilken v\u00e4rld vill du leva i? var \u00e4mnet f\u00f6r ett mycket intressant och utmanande politiksamtal i regi av\u00a0Diakonia. (Foto: H\u00e5kan Johansson)\n\t\t\t\t<\/dd><\/dl>\n\t\t\t<br style='clear: both' \/>\n\t\t<\/div>\n\n","protected":false},"excerpt":{"rendered":"<p>Vilken v\u00e4rld vill du leva i? var \u00e4mnet f\u00f6r ett mycket intressant och utmanande politiksamtal i regi av\u00a0Diakonia. \u00c4mnet var m\u00e4nskliga r\u00e4ttigheter och samtalets ton var \u00f6ppen och lyssnande. Vi beh\u00f6ver mer av detta!<\/p>\n","protected":false},"author":507,"featured_media":2480,"comment_status":"closed","ping_status":"closed","sticky":false,"template":"","format":"standard","meta":{"_acf_changed":false,"footnotes":""},"categories":[41],"tags":[302,1536,624,1486],"class_list":["post-2519","post","type-post","status-publish","format-standard","hentry","category-inlagg","tag-andreas-carlson","tag-diakonia","tag-manskliga-fri-och-rattigheter","tag-samtal"],"acf":[],"yoast_head":"<!-- This site is optimized with the Yoast SEO plugin v27.4 - https:\/\/yoast.com\/product\/yoast-seo-wordpress\/ -->\n<title>Vilken v\u00e4rld vill du leva i? - H\u00e5kan Johansson, KD<\/title>\n<meta name=\"robots\" content=\"index, follow, max-snippet:-1, max-image-preview:large, max-video-preview:-1\" \/>\n<link rel=\"canonical\" href=\"https:\/\/wp.kristdemokraterna.se\/hakanjohansson\/2018\/02\/22\/vilken-varld-vill-du-leva-i\/\" \/>\n<meta property=\"og:locale\" content=\"sv_SE\" \/>\n<meta property=\"og:type\" content=\"article\" \/>\n<meta property=\"og:title\" content=\"Vilken v\u00e4rld vill du leva i? - H\u00e5kan Johansson, KD\" \/>\n<meta property=\"og:description\" content=\"Vilken v\u00e4rld vill du leva i? var \u00e4mnet f\u00f6r ett mycket intressant och utmanande politiksamtal i regi av\u00a0Diakonia. \u00c4mnet var m\u00e4nskliga r\u00e4ttigheter och samtalets ton var \u00f6ppen och lyssnande. Vi beh\u00f6ver mer av detta!\" \/>\n<meta property=\"og:url\" content=\"https:\/\/wp.kristdemokraterna.se\/hakanjohansson\/2018\/02\/22\/vilken-varld-vill-du-leva-i\/\" \/>\n<meta property=\"og:site_name\" content=\"H\u00e5kan Johansson, KD\" \/>\n<meta property=\"article:published_time\" content=\"2018-02-22T21:34:50+00:00\" \/>\n<meta property=\"article:modified_time\" content=\"2018-06-03T16:03:44+00:00\" \/>\n<meta property=\"og:image\" content=\"https:\/\/wp.kristdemokraterna.se\/hakanjohansson\/files\/2018\/02\/20180222_dialogompolitik_vilkenvarldvilldulevai.jpg\" \/>\n\t<meta property=\"og:image:width\" content=\"1200\" \/>\n\t<meta property=\"og:image:height\" content=\"1032\" \/>\n\t<meta property=\"og:image:type\" content=\"image\/jpeg\" \/>\n<meta name=\"author\" content=\"H\u00e5kan Johansson\" \/>\n<meta name=\"twitter:card\" content=\"summary_large_image\" \/>\n<meta name=\"twitter:label1\" content=\"Skriven av\" \/>\n\t<meta name=\"twitter:data1\" content=\"H\u00e5kan Johansson\" \/>\n\t<meta name=\"twitter:label2\" content=\"Ber\u00e4knad l\u00e4stid\" \/>\n\t<meta name=\"twitter:data2\" content=\"1 minut\" \/>\n<script type=\"application\/ld+json\" class=\"yoast-schema-graph\">{\"@context\":\"https:\\\/\\\/schema.org\",\"@graph\":[{\"@type\":\"Article\",\"@id\":\"https:\\\/\\\/wp.kristdemokraterna.se\\\/hakanjohansson\\\/2018\\\/02\\\/22\\\/vilken-varld-vill-du-leva-i\\\/#article\",\"isPartOf\":{\"@id\":\"https:\\\/\\\/wp.kristdemokraterna.se\\\/hakanjohansson\\\/2018\\\/02\\\/22\\\/vilken-varld-vill-du-leva-i\\\/\"},\"author\":{\"name\":\"H\u00e5kan Johansson\",\"@id\":\"https:\\\/\\\/wp.kristdemokraterna.se\\\/hakanjohansson\\\/#\\\/schema\\\/person\\\/1ebb24d2d3a4cdd92106ea18359c8b63\"},\"headline\":\"Vilken v\u00e4rld vill du leva i?\",\"datePublished\":\"2018-02-22T21:34:50+00:00\",\"dateModified\":\"2018-06-03T16:03:44+00:00\",\"mainEntityOfPage\":{\"@id\":\"https:\\\/\\\/wp.kristdemokraterna.se\\\/hakanjohansson\\\/2018\\\/02\\\/22\\\/vilken-varld-vill-du-leva-i\\\/\"},\"wordCount\":232,\"image\":{\"@id\":\"https:\\\/\\\/wp.kristdemokraterna.se\\\/hakanjohansson\\\/2018\\\/02\\\/22\\\/vilken-varld-vill-du-leva-i\\\/#primaryimage\"},\"thumbnailUrl\":\"https:\\\/\\\/wp.kristdemokraterna.se\\\/hakanjohansson\\\/files\\\/2018\\\/02\\\/20180222_dialogompolitik_vilkenvarldvilldulevai.jpg\",\"keywords\":[\"Andreas Carlson\",\"Diakonia\",\"m\u00e4nskliga fri- och r\u00e4ttigheter\",\"samtal\"],\"articleSection\":[\"Inl\u00e4gg\"],\"inLanguage\":\"sv-SE\"},{\"@type\":\"WebPage\",\"@id\":\"https:\\\/\\\/wp.kristdemokraterna.se\\\/hakanjohansson\\\/2018\\\/02\\\/22\\\/vilken-varld-vill-du-leva-i\\\/\",\"url\":\"https:\\\/\\\/wp.kristdemokraterna.se\\\/hakanjohansson\\\/2018\\\/02\\\/22\\\/vilken-varld-vill-du-leva-i\\\/\",\"name\":\"Vilken v\u00e4rld vill du leva i? - H\u00e5kan Johansson, KD\",\"isPartOf\":{\"@id\":\"https:\\\/\\\/wp.kristdemokraterna.se\\\/hakanjohansson\\\/#website\"},\"primaryImageOfPage\":{\"@id\":\"https:\\\/\\\/wp.kristdemokraterna.se\\\/hakanjohansson\\\/2018\\\/02\\\/22\\\/vilken-varld-vill-du-leva-i\\\/#primaryimage\"},\"image\":{\"@id\":\"https:\\\/\\\/wp.kristdemokraterna.se\\\/hakanjohansson\\\/2018\\\/02\\\/22\\\/vilken-varld-vill-du-leva-i\\\/#primaryimage\"},\"thumbnailUrl\":\"https:\\\/\\\/wp.kristdemokraterna.se\\\/hakanjohansson\\\/files\\\/2018\\\/02\\\/20180222_dialogompolitik_vilkenvarldvilldulevai.jpg\",\"datePublished\":\"2018-02-22T21:34:50+00:00\",\"dateModified\":\"2018-06-03T16:03:44+00:00\",\"author\":{\"@id\":\"https:\\\/\\\/wp.kristdemokraterna.se\\\/hakanjohansson\\\/#\\\/schema\\\/person\\\/1ebb24d2d3a4cdd92106ea18359c8b63\"},\"breadcrumb\":{\"@id\":\"https:\\\/\\\/wp.kristdemokraterna.se\\\/hakanjohansson\\\/2018\\\/02\\\/22\\\/vilken-varld-vill-du-leva-i\\\/#breadcrumb\"},\"inLanguage\":\"sv-SE\",\"potentialAction\":[{\"@type\":\"ReadAction\",\"target\":[\"https:\\\/\\\/wp.kristdemokraterna.se\\\/hakanjohansson\\\/2018\\\/02\\\/22\\\/vilken-varld-vill-du-leva-i\\\/\"]}]},{\"@type\":\"ImageObject\",\"inLanguage\":\"sv-SE\",\"@id\":\"https:\\\/\\\/wp.kristdemokraterna.se\\\/hakanjohansson\\\/2018\\\/02\\\/22\\\/vilken-varld-vill-du-leva-i\\\/#primaryimage\",\"url\":\"https:\\\/\\\/wp.kristdemokraterna.se\\\/hakanjohansson\\\/files\\\/2018\\\/02\\\/20180222_dialogompolitik_vilkenvarldvilldulevai.jpg\",\"contentUrl\":\"https:\\\/\\\/wp.kristdemokraterna.se\\\/hakanjohansson\\\/files\\\/2018\\\/02\\\/20180222_dialogompolitik_vilkenvarldvilldulevai.jpg\",\"width\":1200,\"height\":1032,\"caption\":\"Vilken v\u00e4rld vill du leva i? var \u00e4mnet f\u00f6r ett mycket intressant och utmanande politiksamtal i regi av\u00a0Diakonia. (Foto: H\u00e5kan Johansson)\"},{\"@type\":\"BreadcrumbList\",\"@id\":\"https:\\\/\\\/wp.kristdemokraterna.se\\\/hakanjohansson\\\/2018\\\/02\\\/22\\\/vilken-varld-vill-du-leva-i\\\/#breadcrumb\",\"itemListElement\":[{\"@type\":\"ListItem\",\"position\":1,\"name\":\"Hem\",\"item\":\"https:\\\/\\\/wp.kristdemokraterna.se\\\/hakanjohansson\\\/\"},{\"@type\":\"ListItem\",\"position\":2,\"name\":\"Vilken v\u00e4rld vill du leva i?\"}]},{\"@type\":\"WebSite\",\"@id\":\"https:\\\/\\\/wp.kristdemokraterna.se\\\/hakanjohansson\\\/#website\",\"url\":\"https:\\\/\\\/wp.kristdemokraterna.se\\\/hakanjohansson\\\/\",\"name\":\"H\u00e5kan Johansson, KD\",\"description\":\"Politik, musik och teknik...\",\"inLanguage\":\"sv-SE\"},{\"@type\":\"Person\",\"@id\":\"https:\\\/\\\/wp.kristdemokraterna.se\\\/hakanjohansson\\\/#\\\/schema\\\/person\\\/1ebb24d2d3a4cdd92106ea18359c8b63\",\"name\":\"H\u00e5kan Johansson\",\"image\":{\"@type\":\"ImageObject\",\"inLanguage\":\"sv-SE\",\"@id\":\"https:\\\/\\\/secure.gravatar.com\\\/avatar\\\/2f492f08c4bdc714d7db0d433c48b51adbc8f67dd2112ac3a50d66d0d1ddd173?s=96&r=g\",\"url\":\"https:\\\/\\\/secure.gravatar.com\\\/avatar\\\/2f492f08c4bdc714d7db0d433c48b51adbc8f67dd2112ac3a50d66d0d1ddd173?s=96&r=g\",\"contentUrl\":\"https:\\\/\\\/secure.gravatar.com\\\/avatar\\\/2f492f08c4bdc714d7db0d433c48b51adbc8f67dd2112ac3a50d66d0d1ddd173?s=96&r=g\",\"caption\":\"H\u00e5kan Johansson\"},\"description\":\"Politik, musik och teknik...\",\"sameAs\":[\"https:\\\/\\\/wp.kristdemokraterna.se\\\/hakanjohansson\"],\"url\":\"https:\\\/\\\/wp.kristdemokraterna.se\\\/hakanjohansson\\\/author\\\/hakanjohansson\\\/\"}]}<\/script>\n<!-- \/ Yoast SEO plugin. -->","yoast_head_json":{"title":"Vilken v\u00e4rld vill du leva i? - H\u00e5kan Johansson, KD","robots":{"index":"index","follow":"follow","max-snippet":"max-snippet:-1","max-image-preview":"max-image-preview:large","max-video-preview":"max-video-preview:-1"},"canonical":"https:\/\/wp.kristdemokraterna.se\/hakanjohansson\/2018\/02\/22\/vilken-varld-vill-du-leva-i\/","og_locale":"sv_SE","og_type":"article","og_title":"Vilken v\u00e4rld vill du leva i? - H\u00e5kan Johansson, KD","og_description":"Vilken v\u00e4rld vill du leva i? var \u00e4mnet f\u00f6r ett mycket intressant och utmanande politiksamtal i regi av\u00a0Diakonia. \u00c4mnet var m\u00e4nskliga r\u00e4ttigheter och samtalets ton var \u00f6ppen och lyssnande. Vi beh\u00f6ver mer av detta!","og_url":"https:\/\/wp.kristdemokraterna.se\/hakanjohansson\/2018\/02\/22\/vilken-varld-vill-du-leva-i\/","og_site_name":"H\u00e5kan Johansson, KD","article_published_time":"2018-02-22T21:34:50+00:00","article_modified_time":"2018-06-03T16:03:44+00:00","og_image":[{"width":1200,"height":1032,"url":"https:\/\/wp.kristdemokraterna.se\/hakanjohansson\/files\/2018\/02\/20180222_dialogompolitik_vilkenvarldvilldulevai.jpg","type":"image\/jpeg"}],"author":"H\u00e5kan Johansson","twitter_card":"summary_large_image","twitter_misc":{"Skriven av":"H\u00e5kan Johansson","Ber\u00e4knad l\u00e4stid":"1 minut"},"schema":{"@context":"https:\/\/schema.org","@graph":[{"@type":"Article","@id":"https:\/\/wp.kristdemokraterna.se\/hakanjohansson\/2018\/02\/22\/vilken-varld-vill-du-leva-i\/#article","isPartOf":{"@id":"https:\/\/wp.kristdemokraterna.se\/hakanjohansson\/2018\/02\/22\/vilken-varld-vill-du-leva-i\/"},"author":{"name":"H\u00e5kan Johansson","@id":"https:\/\/wp.kristdemokraterna.se\/hakanjohansson\/#\/schema\/person\/1ebb24d2d3a4cdd92106ea18359c8b63"},"headline":"Vilken v\u00e4rld vill du leva i?","datePublished":"2018-02-22T21:34:50+00:00","dateModified":"2018-06-03T16:03:44+00:00","mainEntityOfPage":{"@id":"https:\/\/wp.kristdemokraterna.se\/hakanjohansson\/2018\/02\/22\/vilken-varld-vill-du-leva-i\/"},"wordCount":232,"image":{"@id":"https:\/\/wp.kristdemokraterna.se\/hakanjohansson\/2018\/02\/22\/vilken-varld-vill-du-leva-i\/#primaryimage"},"thumbnailUrl":"https:\/\/wp.kristdemokraterna.se\/hakanjohansson\/files\/2018\/02\/20180222_dialogompolitik_vilkenvarldvilldulevai.jpg","keywords":["Andreas Carlson","Diakonia","m\u00e4nskliga fri- och r\u00e4ttigheter","samtal"],"articleSection":["Inl\u00e4gg"],"inLanguage":"sv-SE"},{"@type":"WebPage","@id":"https:\/\/wp.kristdemokraterna.se\/hakanjohansson\/2018\/02\/22\/vilken-varld-vill-du-leva-i\/","url":"https:\/\/wp.kristdemokraterna.se\/hakanjohansson\/2018\/02\/22\/vilken-varld-vill-du-leva-i\/","name":"Vilken v\u00e4rld vill du leva i? - H\u00e5kan Johansson, KD","isPartOf":{"@id":"https:\/\/wp.kristdemokraterna.se\/hakanjohansson\/#website"},"primaryImageOfPage":{"@id":"https:\/\/wp.kristdemokraterna.se\/hakanjohansson\/2018\/02\/22\/vilken-varld-vill-du-leva-i\/#primaryimage"},"image":{"@id":"https:\/\/wp.kristdemokraterna.se\/hakanjohansson\/2018\/02\/22\/vilken-varld-vill-du-leva-i\/#primaryimage"},"thumbnailUrl":"https:\/\/wp.kristdemokraterna.se\/hakanjohansson\/files\/2018\/02\/20180222_dialogompolitik_vilkenvarldvilldulevai.jpg","datePublished":"2018-02-22T21:34:50+00:00","dateModified":"2018-06-03T16:03:44+00:00","author":{"@id":"https:\/\/wp.kristdemokraterna.se\/hakanjohansson\/#\/schema\/person\/1ebb24d2d3a4cdd92106ea18359c8b63"},"breadcrumb":{"@id":"https:\/\/wp.kristdemokraterna.se\/hakanjohansson\/2018\/02\/22\/vilken-varld-vill-du-leva-i\/#breadcrumb"},"inLanguage":"sv-SE","potentialAction":[{"@type":"ReadAction","target":["https:\/\/wp.kristdemokraterna.se\/hakanjohansson\/2018\/02\/22\/vilken-varld-vill-du-leva-i\/"]}]},{"@type":"ImageObject","inLanguage":"sv-SE","@id":"https:\/\/wp.kristdemokraterna.se\/hakanjohansson\/2018\/02\/22\/vilken-varld-vill-du-leva-i\/#primaryimage","url":"https:\/\/wp.kristdemokraterna.se\/hakanjohansson\/files\/2018\/02\/20180222_dialogompolitik_vilkenvarldvilldulevai.jpg","contentUrl":"https:\/\/wp.kristdemokraterna.se\/hakanjohansson\/files\/2018\/02\/20180222_dialogompolitik_vilkenvarldvilldulevai.jpg","width":1200,"height":1032,"caption":"Vilken v\u00e4rld vill du leva i? var \u00e4mnet f\u00f6r ett mycket intressant och utmanande politiksamtal i regi av\u00a0Diakonia. (Foto: H\u00e5kan Johansson)"},{"@type":"BreadcrumbList","@id":"https:\/\/wp.kristdemokraterna.se\/hakanjohansson\/2018\/02\/22\/vilken-varld-vill-du-leva-i\/#breadcrumb","itemListElement":[{"@type":"ListItem","position":1,"name":"Hem","item":"https:\/\/wp.kristdemokraterna.se\/hakanjohansson\/"},{"@type":"ListItem","position":2,"name":"Vilken v\u00e4rld vill du leva i?"}]},{"@type":"WebSite","@id":"https:\/\/wp.kristdemokraterna.se\/hakanjohansson\/#website","url":"https:\/\/wp.kristdemokraterna.se\/hakanjohansson\/","name":"H\u00e5kan Johansson, KD","description":"Politik, musik och teknik...","inLanguage":"sv-SE"},{"@type":"Person","@id":"https:\/\/wp.kristdemokraterna.se\/hakanjohansson\/#\/schema\/person\/1ebb24d2d3a4cdd92106ea18359c8b63","name":"H\u00e5kan Johansson","image":{"@type":"ImageObject","inLanguage":"sv-SE","@id":"https:\/\/secure.gravatar.com\/avatar\/2f492f08c4bdc714d7db0d433c48b51adbc8f67dd2112ac3a50d66d0d1ddd173?s=96&r=g","url":"https:\/\/secure.gravatar.com\/avatar\/2f492f08c4bdc714d7db0d433c48b51adbc8f67dd2112ac3a50d66d0d1ddd173?s=96&r=g","contentUrl":"https:\/\/secure.gravatar.com\/avatar\/2f492f08c4bdc714d7db0d433c48b51adbc8f67dd2112ac3a50d66d0d1ddd173?s=96&r=g","caption":"H\u00e5kan Johansson"},"description":"Politik, musik och teknik...","sameAs":["https:\/\/wp.kristdemokraterna.se\/hakanjohansson"],"url":"https:\/\/wp.kristdemokraterna.se\/hakanjohansson\/author\/hakanjohansson\/"}]}},"_links":{"self":[{"href":"https:\/\/wp.kristdemokraterna.se\/hakanjohansson\/wp-json\/wp\/v2\/posts\/2519","targetHints":{"allow":["GET"]}}],"collection":[{"href":"https:\/\/wp.kristdemokraterna.se\/hakanjohansson\/wp-json\/wp\/v2\/posts"}],"about":[{"href":"https:\/\/wp.kristdemokraterna.se\/hakanjohansson\/wp-json\/wp\/v2\/types\/post"}],"author":[{"embeddable":true,"href":"https:\/\/wp.kristdemokraterna.se\/hakanjohansson\/wp-json\/wp\/v2\/users\/507"}],"replies":[{"embeddable":true,"href":"https:\/\/wp.kristdemokraterna.se\/hakanjohansson\/wp-json\/wp\/v2\/comments?post=2519"}],"version-history":[{"count":2,"href":"https:\/\/wp.kristdemokraterna.se\/hakanjohansson\/wp-json\/wp\/v2\/posts\/2519\/revisions"}],"predecessor-version":[{"id":2522,"href":"https:\/\/wp.kristdemokraterna.se\/hakanjohansson\/wp-json\/wp\/v2\/posts\/2519\/revisions\/2522"}],"wp:featuredmedia":[{"embeddable":true,"href":"https:\/\/wp.kristdemokraterna.se\/hakanjohansson\/wp-json\/wp\/v2\/media\/2480"}],"wp:attachment":[{"href":"https:\/\/wp.kristdemokraterna.se\/hakanjohansson\/wp-json\/wp\/v2\/media?parent=2519"}],"wp:term":[{"taxonomy":"category","embeddable":true,"href":"https:\/\/wp.kristdemokraterna.se\/hakanjohansson\/wp-json\/wp\/v2\/categories?post=2519"},{"taxonomy":"post_tag","embeddable":true,"href":"https:\/\/wp.kristdemokraterna.se\/hakanjohansson\/wp-json\/wp\/v2\/tags?post=2519"}],"curies":[{"name":"wp","href":"https:\/\/api.w.org\/{rel}","templated":true}]}}