{"id":2540,"date":"2018-03-12T22:05:09","date_gmt":"2018-03-12T21:05:09","guid":{"rendered":"http:\/\/wp.kristdemokraterna.se\/hakanjohansson\/?p=2540"},"modified":"2018-06-20T22:36:31","modified_gmt":"2018-06-20T20:36:31","slug":"tvaa-pa-kommunvalsedeln","status":"publish","type":"post","link":"https:\/\/wp.kristdemokraterna.se\/hakanjohansson\/2018\/03\/12\/tvaa-pa-kommunvalsedeln\/","title":{"rendered":"Tv\u00e5a p\u00e5 kommunvalsedeln!"},"content":{"rendered":"<p>I dag \u00e4r jag glad, tacksam och stolt \u00f6ver f\u00f6rtroendet att f\u00e5 st\u00e5 p\u00e5 andra plats p\u00e5 Kristdemokraternas valsedel i \u00e5rets val till V\u00e4rnamo Kommunfullm\u00e4ktige. Jag inspireras av att vara med och bidra till att f\u00f6rverkliga visionen om V\u00e4rnamo som den m\u00e4nskliga tillv\u00e4xtkommunen. Det var vid ett extra m\u00f6te i kv\u00e4ll som partiavdelningsstyrelsen fastst\u00e4llde Kristdemokraternas tv\u00e5 valsedlar i v\u00e4rnamovalet 2018. L\u00e4s mer p\u00e5 partiavdelningens webbplats h\u00e4r:<br \/>\n[<a href=\"http:\/\/wp.kristdemokraterna.se\/varnamo\/2018\/03\/12\/kristdemokraterna-presenterar-valsedlarna-2018\" target=\"_blank\" rel=\"noopener\">varnamo.kristdemokraterna.se<\/a>]<\/p>\n","protected":false},"excerpt":{"rendered":"<p>I dag \u00e4r jag glad, tacksam och stolt \u00f6ver f\u00f6rtroendet att f\u00e5 st\u00e5 p\u00e5 andra plats p\u00e5 Kristdemokraternas valsedel i \u00e5rets val till V\u00e4rnamo Kommunfullm\u00e4ktige. Jag inspireras av att vara med och bidra till att f\u00f6rverkliga visionen om V\u00e4rnamo som den m\u00e4nskliga tillv\u00e4xtkommunen. Det var vid ett extra m\u00f6te i kv\u00e4ll som partiavdelningsstyrelsen fastst\u00e4llde Kristdemokraternas&hellip; <a class=\"read-more-link\" href=\"https:\/\/wp.kristdemokraterna.se\/hakanjohansson\/2018\/03\/12\/tvaa-pa-kommunvalsedeln\/\">Forts\u00e4tt l\u00e4sa<\/a><\/p>\n","protected":false},"author":507,"featured_media":2542,"comment_status":"closed","ping_status":"closed","sticky":false,"template":"","format":"standard","meta":{"_acf_changed":false,"footnotes":""},"categories":[1538],"tags":[1032,341,22,336],"class_list":["post-2540","post","type-post","status-publish","format-standard","hentry","category-val-2018","tag-den-manskliga-tillvaxtkommunen","tag-nominering","tag-val","tag-valsedel"],"acf":[],"yoast_head":"<!-- This site is optimized with the Yoast SEO plugin v27.4 - https:\/\/yoast.com\/product\/yoast-seo-wordpress\/ -->\n<title>Tv\u00e5a p\u00e5 kommunvalsedeln! - H\u00e5kan Johansson, KD<\/title>\n<meta name=\"robots\" content=\"index, follow, max-snippet:-1, max-image-preview:large, max-video-preview:-1\" \/>\n<link rel=\"canonical\" href=\"https:\/\/wp.kristdemokraterna.se\/hakanjohansson\/2018\/03\/12\/tvaa-pa-kommunvalsedeln\/\" \/>\n<meta property=\"og:locale\" content=\"sv_SE\" \/>\n<meta property=\"og:type\" content=\"article\" \/>\n<meta property=\"og:title\" content=\"Tv\u00e5a p\u00e5 kommunvalsedeln! - H\u00e5kan Johansson, KD\" \/>\n<meta property=\"og:description\" content=\"I dag \u00e4r jag glad, tacksam och stolt \u00f6ver f\u00f6rtroendet att f\u00e5 st\u00e5 p\u00e5 andra plats p\u00e5 Kristdemokraternas valsedel i \u00e5rets val till V\u00e4rnamo Kommunfullm\u00e4ktige. Jag inspireras av att vara med och bidra till att f\u00f6rverkliga visionen om V\u00e4rnamo som den m\u00e4nskliga tillv\u00e4xtkommunen. Det var vid ett extra m\u00f6te i kv\u00e4ll som partiavdelningsstyrelsen fastst\u00e4llde Kristdemokraternas&hellip; Forts\u00e4tt l\u00e4sa\" \/>\n<meta property=\"og:url\" content=\"https:\/\/wp.kristdemokraterna.se\/hakanjohansson\/2018\/03\/12\/tvaa-pa-kommunvalsedeln\/\" \/>\n<meta property=\"og:site_name\" content=\"H\u00e5kan Johansson, KD\" \/>\n<meta property=\"article:published_time\" content=\"2018-03-12T21:05:09+00:00\" \/>\n<meta property=\"article:modified_time\" content=\"2018-06-20T20:36:31+00:00\" \/>\n<meta property=\"og:image\" content=\"https:\/\/wp.kristdemokraterna.se\/hakanjohansson\/files\/2018\/06\/20180312_kandidatpresentation2_innehallsbild.jpg\" \/>\n\t<meta property=\"og:image:width\" content=\"478\" \/>\n\t<meta property=\"og:image:height\" content=\"262\" \/>\n\t<meta property=\"og:image:type\" content=\"image\/jpeg\" \/>\n<meta name=\"author\" content=\"H\u00e5kan Johansson\" \/>\n<meta name=\"twitter:card\" content=\"summary_large_image\" \/>\n<meta name=\"twitter:label1\" content=\"Skriven av\" \/>\n\t<meta name=\"twitter:data1\" content=\"H\u00e5kan Johansson\" \/>\n<script type=\"application\/ld+json\" class=\"yoast-schema-graph\">{\"@context\":\"https:\\\/\\\/schema.org\",\"@graph\":[{\"@type\":\"Article\",\"@id\":\"https:\\\/\\\/wp.kristdemokraterna.se\\\/hakanjohansson\\\/2018\\\/03\\\/12\\\/tvaa-pa-kommunvalsedeln\\\/#article\",\"isPartOf\":{\"@id\":\"https:\\\/\\\/wp.kristdemokraterna.se\\\/hakanjohansson\\\/2018\\\/03\\\/12\\\/tvaa-pa-kommunvalsedeln\\\/\"},\"author\":{\"name\":\"H\u00e5kan Johansson\",\"@id\":\"https:\\\/\\\/wp.kristdemokraterna.se\\\/hakanjohansson\\\/#\\\/schema\\\/person\\\/1ebb24d2d3a4cdd92106ea18359c8b63\"},\"headline\":\"Tv\u00e5a p\u00e5 kommunvalsedeln!\",\"datePublished\":\"2018-03-12T21:05:09+00:00\",\"dateModified\":\"2018-06-20T20:36:31+00:00\",\"mainEntityOfPage\":{\"@id\":\"https:\\\/\\\/wp.kristdemokraterna.se\\\/hakanjohansson\\\/2018\\\/03\\\/12\\\/tvaa-pa-kommunvalsedeln\\\/\"},\"wordCount\":85,\"image\":{\"@id\":\"https:\\\/\\\/wp.kristdemokraterna.se\\\/hakanjohansson\\\/2018\\\/03\\\/12\\\/tvaa-pa-kommunvalsedeln\\\/#primaryimage\"},\"thumbnailUrl\":\"https:\\\/\\\/wp.kristdemokraterna.se\\\/hakanjohansson\\\/files\\\/2018\\\/06\\\/20180312_kandidatpresentation2_innehallsbild.jpg\",\"keywords\":[\"den m\u00e4nskliga tillv\u00e4xtkommunen\",\"nominering\",\"val\",\"valsedel\"],\"articleSection\":[\"Val 2018\"],\"inLanguage\":\"sv-SE\"},{\"@type\":\"WebPage\",\"@id\":\"https:\\\/\\\/wp.kristdemokraterna.se\\\/hakanjohansson\\\/2018\\\/03\\\/12\\\/tvaa-pa-kommunvalsedeln\\\/\",\"url\":\"https:\\\/\\\/wp.kristdemokraterna.se\\\/hakanjohansson\\\/2018\\\/03\\\/12\\\/tvaa-pa-kommunvalsedeln\\\/\",\"name\":\"Tv\u00e5a p\u00e5 kommunvalsedeln! - H\u00e5kan Johansson, KD\",\"isPartOf\":{\"@id\":\"https:\\\/\\\/wp.kristdemokraterna.se\\\/hakanjohansson\\\/#website\"},\"primaryImageOfPage\":{\"@id\":\"https:\\\/\\\/wp.kristdemokraterna.se\\\/hakanjohansson\\\/2018\\\/03\\\/12\\\/tvaa-pa-kommunvalsedeln\\\/#primaryimage\"},\"image\":{\"@id\":\"https:\\\/\\\/wp.kristdemokraterna.se\\\/hakanjohansson\\\/2018\\\/03\\\/12\\\/tvaa-pa-kommunvalsedeln\\\/#primaryimage\"},\"thumbnailUrl\":\"https:\\\/\\\/wp.kristdemokraterna.se\\\/hakanjohansson\\\/files\\\/2018\\\/06\\\/20180312_kandidatpresentation2_innehallsbild.jpg\",\"datePublished\":\"2018-03-12T21:05:09+00:00\",\"dateModified\":\"2018-06-20T20:36:31+00:00\",\"author\":{\"@id\":\"https:\\\/\\\/wp.kristdemokraterna.se\\\/hakanjohansson\\\/#\\\/schema\\\/person\\\/1ebb24d2d3a4cdd92106ea18359c8b63\"},\"breadcrumb\":{\"@id\":\"https:\\\/\\\/wp.kristdemokraterna.se\\\/hakanjohansson\\\/2018\\\/03\\\/12\\\/tvaa-pa-kommunvalsedeln\\\/#breadcrumb\"},\"inLanguage\":\"sv-SE\",\"potentialAction\":[{\"@type\":\"ReadAction\",\"target\":[\"https:\\\/\\\/wp.kristdemokraterna.se\\\/hakanjohansson\\\/2018\\\/03\\\/12\\\/tvaa-pa-kommunvalsedeln\\\/\"]}]},{\"@type\":\"ImageObject\",\"inLanguage\":\"sv-SE\",\"@id\":\"https:\\\/\\\/wp.kristdemokraterna.se\\\/hakanjohansson\\\/2018\\\/03\\\/12\\\/tvaa-pa-kommunvalsedeln\\\/#primaryimage\",\"url\":\"https:\\\/\\\/wp.kristdemokraterna.se\\\/hakanjohansson\\\/files\\\/2018\\\/06\\\/20180312_kandidatpresentation2_innehallsbild.jpg\",\"contentUrl\":\"https:\\\/\\\/wp.kristdemokraterna.se\\\/hakanjohansson\\\/files\\\/2018\\\/06\\\/20180312_kandidatpresentation2_innehallsbild.jpg\",\"width\":478,\"height\":262,\"caption\":\"Kristdemokraterna V\u00e4rnamo p\u00e5 v\u00e4r upp\u00e5t. (Foto: Peter Feurst)\"},{\"@type\":\"BreadcrumbList\",\"@id\":\"https:\\\/\\\/wp.kristdemokraterna.se\\\/hakanjohansson\\\/2018\\\/03\\\/12\\\/tvaa-pa-kommunvalsedeln\\\/#breadcrumb\",\"itemListElement\":[{\"@type\":\"ListItem\",\"position\":1,\"name\":\"Hem\",\"item\":\"https:\\\/\\\/wp.kristdemokraterna.se\\\/hakanjohansson\\\/\"},{\"@type\":\"ListItem\",\"position\":2,\"name\":\"Tv\u00e5a p\u00e5 kommunvalsedeln!\"}]},{\"@type\":\"WebSite\",\"@id\":\"https:\\\/\\\/wp.kristdemokraterna.se\\\/hakanjohansson\\\/#website\",\"url\":\"https:\\\/\\\/wp.kristdemokraterna.se\\\/hakanjohansson\\\/\",\"name\":\"H\u00e5kan Johansson, KD\",\"description\":\"Politik, musik och teknik...\",\"inLanguage\":\"sv-SE\"},{\"@type\":\"Person\",\"@id\":\"https:\\\/\\\/wp.kristdemokraterna.se\\\/hakanjohansson\\\/#\\\/schema\\\/person\\\/1ebb24d2d3a4cdd92106ea18359c8b63\",\"name\":\"H\u00e5kan Johansson\",\"image\":{\"@type\":\"ImageObject\",\"inLanguage\":\"sv-SE\",\"@id\":\"https:\\\/\\\/secure.gravatar.com\\\/avatar\\\/2f492f08c4bdc714d7db0d433c48b51adbc8f67dd2112ac3a50d66d0d1ddd173?s=96&r=g\",\"url\":\"https:\\\/\\\/secure.gravatar.com\\\/avatar\\\/2f492f08c4bdc714d7db0d433c48b51adbc8f67dd2112ac3a50d66d0d1ddd173?s=96&r=g\",\"contentUrl\":\"https:\\\/\\\/secure.gravatar.com\\\/avatar\\\/2f492f08c4bdc714d7db0d433c48b51adbc8f67dd2112ac3a50d66d0d1ddd173?s=96&r=g\",\"caption\":\"H\u00e5kan Johansson\"},\"description\":\"Politik, musik och teknik...\",\"sameAs\":[\"https:\\\/\\\/wp.kristdemokraterna.se\\\/hakanjohansson\"],\"url\":\"https:\\\/\\\/wp.kristdemokraterna.se\\\/hakanjohansson\\\/author\\\/hakanjohansson\\\/\"}]}<\/script>\n<!-- \/ Yoast SEO plugin. -->","yoast_head_json":{"title":"Tv\u00e5a p\u00e5 kommunvalsedeln! - H\u00e5kan Johansson, KD","robots":{"index":"index","follow":"follow","max-snippet":"max-snippet:-1","max-image-preview":"max-image-preview:large","max-video-preview":"max-video-preview:-1"},"canonical":"https:\/\/wp.kristdemokraterna.se\/hakanjohansson\/2018\/03\/12\/tvaa-pa-kommunvalsedeln\/","og_locale":"sv_SE","og_type":"article","og_title":"Tv\u00e5a p\u00e5 kommunvalsedeln! - H\u00e5kan Johansson, KD","og_description":"I dag \u00e4r jag glad, tacksam och stolt \u00f6ver f\u00f6rtroendet att f\u00e5 st\u00e5 p\u00e5 andra plats p\u00e5 Kristdemokraternas valsedel i \u00e5rets val till V\u00e4rnamo Kommunfullm\u00e4ktige. Jag inspireras av att vara med och bidra till att f\u00f6rverkliga visionen om V\u00e4rnamo som den m\u00e4nskliga tillv\u00e4xtkommunen. Det var vid ett extra m\u00f6te i kv\u00e4ll som partiavdelningsstyrelsen fastst\u00e4llde Kristdemokraternas&hellip; Forts\u00e4tt l\u00e4sa","og_url":"https:\/\/wp.kristdemokraterna.se\/hakanjohansson\/2018\/03\/12\/tvaa-pa-kommunvalsedeln\/","og_site_name":"H\u00e5kan Johansson, KD","article_published_time":"2018-03-12T21:05:09+00:00","article_modified_time":"2018-06-20T20:36:31+00:00","og_image":[{"width":478,"height":262,"url":"https:\/\/wp.kristdemokraterna.se\/hakanjohansson\/files\/2018\/06\/20180312_kandidatpresentation2_innehallsbild.jpg","type":"image\/jpeg"}],"author":"H\u00e5kan Johansson","twitter_card":"summary_large_image","twitter_misc":{"Skriven av":"H\u00e5kan Johansson"},"schema":{"@context":"https:\/\/schema.org","@graph":[{"@type":"Article","@id":"https:\/\/wp.kristdemokraterna.se\/hakanjohansson\/2018\/03\/12\/tvaa-pa-kommunvalsedeln\/#article","isPartOf":{"@id":"https:\/\/wp.kristdemokraterna.se\/hakanjohansson\/2018\/03\/12\/tvaa-pa-kommunvalsedeln\/"},"author":{"name":"H\u00e5kan Johansson","@id":"https:\/\/wp.kristdemokraterna.se\/hakanjohansson\/#\/schema\/person\/1ebb24d2d3a4cdd92106ea18359c8b63"},"headline":"Tv\u00e5a p\u00e5 kommunvalsedeln!","datePublished":"2018-03-12T21:05:09+00:00","dateModified":"2018-06-20T20:36:31+00:00","mainEntityOfPage":{"@id":"https:\/\/wp.kristdemokraterna.se\/hakanjohansson\/2018\/03\/12\/tvaa-pa-kommunvalsedeln\/"},"wordCount":85,"image":{"@id":"https:\/\/wp.kristdemokraterna.se\/hakanjohansson\/2018\/03\/12\/tvaa-pa-kommunvalsedeln\/#primaryimage"},"thumbnailUrl":"https:\/\/wp.kristdemokraterna.se\/hakanjohansson\/files\/2018\/06\/20180312_kandidatpresentation2_innehallsbild.jpg","keywords":["den m\u00e4nskliga tillv\u00e4xtkommunen","nominering","val","valsedel"],"articleSection":["Val 2018"],"inLanguage":"sv-SE"},{"@type":"WebPage","@id":"https:\/\/wp.kristdemokraterna.se\/hakanjohansson\/2018\/03\/12\/tvaa-pa-kommunvalsedeln\/","url":"https:\/\/wp.kristdemokraterna.se\/hakanjohansson\/2018\/03\/12\/tvaa-pa-kommunvalsedeln\/","name":"Tv\u00e5a p\u00e5 kommunvalsedeln! - H\u00e5kan Johansson, KD","isPartOf":{"@id":"https:\/\/wp.kristdemokraterna.se\/hakanjohansson\/#website"},"primaryImageOfPage":{"@id":"https:\/\/wp.kristdemokraterna.se\/hakanjohansson\/2018\/03\/12\/tvaa-pa-kommunvalsedeln\/#primaryimage"},"image":{"@id":"https:\/\/wp.kristdemokraterna.se\/hakanjohansson\/2018\/03\/12\/tvaa-pa-kommunvalsedeln\/#primaryimage"},"thumbnailUrl":"https:\/\/wp.kristdemokraterna.se\/hakanjohansson\/files\/2018\/06\/20180312_kandidatpresentation2_innehallsbild.jpg","datePublished":"2018-03-12T21:05:09+00:00","dateModified":"2018-06-20T20:36:31+00:00","author":{"@id":"https:\/\/wp.kristdemokraterna.se\/hakanjohansson\/#\/schema\/person\/1ebb24d2d3a4cdd92106ea18359c8b63"},"breadcrumb":{"@id":"https:\/\/wp.kristdemokraterna.se\/hakanjohansson\/2018\/03\/12\/tvaa-pa-kommunvalsedeln\/#breadcrumb"},"inLanguage":"sv-SE","potentialAction":[{"@type":"ReadAction","target":["https:\/\/wp.kristdemokraterna.se\/hakanjohansson\/2018\/03\/12\/tvaa-pa-kommunvalsedeln\/"]}]},{"@type":"ImageObject","inLanguage":"sv-SE","@id":"https:\/\/wp.kristdemokraterna.se\/hakanjohansson\/2018\/03\/12\/tvaa-pa-kommunvalsedeln\/#primaryimage","url":"https:\/\/wp.kristdemokraterna.se\/hakanjohansson\/files\/2018\/06\/20180312_kandidatpresentation2_innehallsbild.jpg","contentUrl":"https:\/\/wp.kristdemokraterna.se\/hakanjohansson\/files\/2018\/06\/20180312_kandidatpresentation2_innehallsbild.jpg","width":478,"height":262,"caption":"Kristdemokraterna V\u00e4rnamo p\u00e5 v\u00e4r upp\u00e5t. (Foto: Peter Feurst)"},{"@type":"BreadcrumbList","@id":"https:\/\/wp.kristdemokraterna.se\/hakanjohansson\/2018\/03\/12\/tvaa-pa-kommunvalsedeln\/#breadcrumb","itemListElement":[{"@type":"ListItem","position":1,"name":"Hem","item":"https:\/\/wp.kristdemokraterna.se\/hakanjohansson\/"},{"@type":"ListItem","position":2,"name":"Tv\u00e5a p\u00e5 kommunvalsedeln!"}]},{"@type":"WebSite","@id":"https:\/\/wp.kristdemokraterna.se\/hakanjohansson\/#website","url":"https:\/\/wp.kristdemokraterna.se\/hakanjohansson\/","name":"H\u00e5kan Johansson, KD","description":"Politik, musik och teknik...","inLanguage":"sv-SE"},{"@type":"Person","@id":"https:\/\/wp.kristdemokraterna.se\/hakanjohansson\/#\/schema\/person\/1ebb24d2d3a4cdd92106ea18359c8b63","name":"H\u00e5kan Johansson","image":{"@type":"ImageObject","inLanguage":"sv-SE","@id":"https:\/\/secure.gravatar.com\/avatar\/2f492f08c4bdc714d7db0d433c48b51adbc8f67dd2112ac3a50d66d0d1ddd173?s=96&r=g","url":"https:\/\/secure.gravatar.com\/avatar\/2f492f08c4bdc714d7db0d433c48b51adbc8f67dd2112ac3a50d66d0d1ddd173?s=96&r=g","contentUrl":"https:\/\/secure.gravatar.com\/avatar\/2f492f08c4bdc714d7db0d433c48b51adbc8f67dd2112ac3a50d66d0d1ddd173?s=96&r=g","caption":"H\u00e5kan Johansson"},"description":"Politik, musik och teknik...","sameAs":["https:\/\/wp.kristdemokraterna.se\/hakanjohansson"],"url":"https:\/\/wp.kristdemokraterna.se\/hakanjohansson\/author\/hakanjohansson\/"}]}},"_links":{"self":[{"href":"https:\/\/wp.kristdemokraterna.se\/hakanjohansson\/wp-json\/wp\/v2\/posts\/2540","targetHints":{"allow":["GET"]}}],"collection":[{"href":"https:\/\/wp.kristdemokraterna.se\/hakanjohansson\/wp-json\/wp\/v2\/posts"}],"about":[{"href":"https:\/\/wp.kristdemokraterna.se\/hakanjohansson\/wp-json\/wp\/v2\/types\/post"}],"author":[{"embeddable":true,"href":"https:\/\/wp.kristdemokraterna.se\/hakanjohansson\/wp-json\/wp\/v2\/users\/507"}],"replies":[{"embeddable":true,"href":"https:\/\/wp.kristdemokraterna.se\/hakanjohansson\/wp-json\/wp\/v2\/comments?post=2540"}],"version-history":[{"count":3,"href":"https:\/\/wp.kristdemokraterna.se\/hakanjohansson\/wp-json\/wp\/v2\/posts\/2540\/revisions"}],"predecessor-version":[{"id":2548,"href":"https:\/\/wp.kristdemokraterna.se\/hakanjohansson\/wp-json\/wp\/v2\/posts\/2540\/revisions\/2548"}],"wp:featuredmedia":[{"embeddable":true,"href":"https:\/\/wp.kristdemokraterna.se\/hakanjohansson\/wp-json\/wp\/v2\/media\/2542"}],"wp:attachment":[{"href":"https:\/\/wp.kristdemokraterna.se\/hakanjohansson\/wp-json\/wp\/v2\/media?parent=2540"}],"wp:term":[{"taxonomy":"category","embeddable":true,"href":"https:\/\/wp.kristdemokraterna.se\/hakanjohansson\/wp-json\/wp\/v2\/categories?post=2540"},{"taxonomy":"post_tag","embeddable":true,"href":"https:\/\/wp.kristdemokraterna.se\/hakanjohansson\/wp-json\/wp\/v2\/tags?post=2540"}],"curies":[{"name":"wp","href":"https:\/\/api.w.org\/{rel}","templated":true}]}}