{"id":2652,"date":"2020-09-05T11:19:59","date_gmt":"2020-09-05T09:19:59","guid":{"rendered":"http:\/\/wp.kristdemokraterna.se\/hakanjohansson\/?p=2652"},"modified":"2020-09-20T21:21:50","modified_gmt":"2020-09-20T19:21:50","slug":"tre-ord-ofullkomlig-idedriven-realist","status":"publish","type":"post","link":"https:\/\/wp.kristdemokraterna.se\/hakanjohansson\/2020\/09\/05\/tre-ord-ofullkomlig-idedriven-realist\/","title":{"rendered":"Tre ord: Ofullkomlig id\u00e9driven realist"},"content":{"rendered":"<p>Jag fick m\u00f6jligheten att beskriva mig sj\u00e4lv och grunden f\u00f6r mitt politiska engagemang med tre ord p\u00e5 j\u00f6nk\u00f6pingsdistriktets facebooksida. Det blev <em>ofullkomlig id\u00e9driven realist<\/em>. Fr\u00e5gan \u00e4r om kristdemokratin \u00e4nd\u00e5 inte \u00e4r en lite jazzigare ideologi\u2026<\/p>\n<hr \/>\n<h2>Ofullkomlig id\u00e9driven realist<\/h2>\n<p>Jag \u00e4lskar musik. S\u00e4rskilt att spela sj\u00e4lv. Helst spelar jag jazz och annat som sv\u00e4nger sk\u00f6nt. \u00c4ven om det \u00e4r roligt att spela sj\u00e4lv s\u00e5 \u00e4r det tillsammans som musiken verkligen lyfter. D\u00e5 finns alltid n\u00e5gon som kan spela det som jag inte fixar och n\u00e4r n\u00e5gon annan tr\u00f6ttnar skapas utrymme som andra kan fylla.<\/p>\n<h3>Ofullkomlig<\/h3>\n<p>Ett jazzband \u00e4r en ganska bra beskrivning av grunden f\u00f6r mitt politiska engagemang \u2013 kristdemokratin. Kristdemokrater s\u00e4ger ofta att vi m\u00e4nniskor \u00e4r OFULLKOMLIGA. Det \u00e4r egentligen en missvisande \u00f6vers\u00e4ttning. Okompletta st\u00e4mmer b\u00e4ttre. Det s\u00e4ger oss att trots v\u00e5ra styrkor och f\u00f6rm\u00e5gor s\u00e5 saknar vi n\u00e5got. Vi beh\u00f6ver varandra. Gemenskap g\u00f6r oss mer kompletta. D\u00e4rf\u00f6r s\u00f6ker vi oss till varandra \u2013 inte minst f\u00f6r att l\u00f6sa gemensamma uppgifter. Detta \u00e4r grunden f\u00f6r v\u00e5r syn p\u00e5 samh\u00e4llet som gemenskaper p\u00e5 olika niv\u00e5er, ju n\u00e4rmare oss sj\u00e4lva desto mer betydelsefulla. Den viktigaste gemenskapen \u00e4r familjen.<\/p>\n<p>Gemenskaperna fungerar \u00e4ven som korrektiv, f\u00f6r trots v\u00e5ra goda viljor och intentioner handlar vi ibland fel. Insikten om v\u00e5r ofullkomlighet g\u00f6r att vi str\u00e4var efter maktdelning och att vi inser att alla kan g\u00f6ra fel och f\u00f6rtj\u00e4nar en andra chans. Nu verkar alla h\u00e5lla med oss om att det kr\u00e4vs h\u00e5rdare tag och str\u00e4ngare straff, s\u00e5 vi arbetar of\u00f6rtrutet vidare med att \u00e4ven st\u00e4rka de viktigaste gemenskaperna f\u00f6r barn och unga \u2013 familj, skola och f\u00f6reningsliv.<\/p>\n<p>Om du, som jag, g\u00e4rna n\u00f6rdar in dig i metafysiska funderingar \u00e4r det ocks\u00e5 intressant att id\u00e9n att vi \u00e4r okompletta ger kristdemokratin en unik \u00f6ppning f\u00f6r m\u00f6jligheten av n\u00e5got som \u00f6verskrider uppfattningen om en m\u00e4t- och v\u00e4gbar materialistisk v\u00e4rld. Det kanske finns n\u00e5got bortom bergen\u2026<\/p>\n<h3>Id\u00e9driven<\/h3>\n<p>I jazzen utg\u00e5r vi fr\u00e5n samma musikaliska id\u00e9 som vi bollar fram och tillbaka mellan varandra i olika variationer. Precis som jazzen \u00e4r kristdemokratin ID\u00c9DRIVEN. Kristdemokraterna kan beskrivas som ett reformistiskt, frihetligt och v\u00e4rdebaserat id\u00e9parti med v\u00e4rdekonservativa drag. Framf\u00f6r allt \u00e4r det tv\u00e5 \u00f6vergripande id\u00e9er som \u00e4r mina politiska drivkrafter: id\u00e9n om solidaritet, v\u00e5rt medm\u00e4nskliga ansvar f\u00f6r varandra oavsett vem eller var vi \u00e4r, och id\u00e9n om f\u00f6rvaltarskap, att v\u00e5ra tillg\u00e5ngar, ekonomiska s\u00e5v\u00e4l som ekologiska, \u00e4r l\u00e5n fr\u00e5n kommande generationer som vi har att l\u00e4mna efter oss i samma, eller b\u00e4ttre, skick som vi tog emot dem. Som musiker \u00e4r jag van att arbeta ideellt, jag \u00e4r uppv\u00e4xt med f\u00f6reningsengagemang och jag har sett hur betydelsefullt det arbete \u00e4r som utf\u00f6rs av id\u00e9burna organisationer \u2013 civilsamh\u00e4llet. D\u00e4r finns kraften som utvecklar samh\u00e4llsgemenskapen.<\/p>\n<h3>Realist<\/h3>\n<p>Jazz uppst\u00e5r i nuet, i m\u00f6tet mellan musiker och id\u00e9. Det l\u00e5ter kanske flummigt och ostrukturerat i en del \u00f6ron, men det finns sj\u00e4lvklart regler att f\u00f6rh\u00e5lla sig till. P\u00e5 samma s\u00e4tt \u00e4r det med politik. Omst\u00e4ndigheter och f\u00f6ruts\u00e4ttningar kan \u00e4ndra sig fr\u00e5n en dag till en annan. F\u00f6r att vara REALIST i politiken beh\u00f6vs d\u00e4rf\u00f6r n\u00e5got att g\u00e5 efter. F\u00f6r mig handlar det om ideologi, kristdemokratin hj\u00e4lper mig att h\u00e5lla riktningen, och evidens, att analyser och f\u00f6rslag bygger p\u00e5 vetenskap och bepr\u00f6vad erfarenhet.<\/p>\n<p>Kristdemokratin bygger p\u00e5 m\u00e4nsklighetens samlade erfarenheter av att vara, och leva som, m\u00e4nniska. Det ger en realistisk m\u00e4nniskosyn och leder till en naturr\u00e4ttslig syn p\u00e5 r\u00e4tt och fel, allts\u00e5 universella regler h\u00e4mtade ur v\u00e5r gemensamma erfarenhet snarare \u00e4n majoritetsuppfattningar och traditioner. F\u00f6r kristdemokrater \u00e4r samvetsfrihet och civil olydnad d\u00e4rf\u00f6r naturliga skydd f\u00f6r enskilda mot \u00f6vergrepp och inskr\u00e4nkt frihet fr\u00e5n en maktfullkomlig stat.<\/p>\n<p>En realistisk ideologi kombinerad med evidens \u00e4r bra instrument f\u00f6r en ofullkomlig id\u00e9driven realist.<\/p>\n<p style=\"text-align: right\"><em>H\u00e5kan Johansson<\/em>,<br \/>\nGruppledare och 1 vice ordf\u00f6rande i Tekniska utskottet, V\u00e4rnamo kommun<br \/>\nErs\u00e4ttare i Regionfullm\u00e4ktige, Region J\u00f6nk\u00f6pings l\u00e4n<br \/>\nJazzgosse<\/p>\n<hr \/>\n<p>Bli medlem i KD:<br \/>\n<a class=\"oajrlxb2 g5ia77u1 qu0x051f esr5mh6w e9989ue4 r7d6kgcz rq0escxv nhd2j8a9 nc684nl6 p7hjln8o kvgmc6g5 cxmmr5t8 oygrvhab hcukyx3x jb3vyjys rz4wbd8a qt6c0cv9 a8nywdso i1ao9s8h esuyzwwr f1sip0of lzcic4wl py34i1dx gpro0wi8\" role=\"link\" href=\"https:\/\/l.facebook.com\/l.php?u=https%3A%2F%2FKD.nu%2Fblimedlem%3Ffbclid%3DIwAR0nWcC8aJT2tmiSD8hNwrKGIsuFn4YgfucwzTJuVeKfYxWJHvsRLsvFkTs&amp;h=AT1OXJRROYOc4Pg6YcVuQWGJ4grFzybFzE5wLO4210Pk0eynwWMONERzdv8Rk-IAieEelUn0OYd7RPgJX_4bDfHbJjXnIZOGKOxtTvQgUz_7uFyQtKIVr-SHw0uwqMBZzw&amp;__tn__=-UK*F&amp;c[0]=AT0dFz7HGgbq-VEGU--UY8ShyvsqhP9lM_iFwAL4WYJxB3VmCKftG1p6SGqaTusPxDXgAQQEkNMijiiN2z40kFULTGAsvQGEBoU97T295SNXTRJYM368X6lvieUKf4zxIH00mpy2xSI1axxLtR3E-SL8burF3uC9Etz8Hb94UJqs06fIXHcs6rcrX4-rPQoJK_UocaNCp9Zb7nO2M6OS9GT7MwBk3_Gr96x-uYvqjcBg19dOFXInsQ19jnkzR3Icc-FE9A\" target=\"_blank\" rel=\"nofollow noopener noreferrer\">https:\/\/KD.nu\/blimedlem<\/a><br \/>\n<a class=\"oajrlxb2 g5ia77u1 qu0x051f esr5mh6w e9989ue4 r7d6kgcz rq0escxv nhd2j8a9 nc684nl6 p7hjln8o kvgmc6g5 cxmmr5t8 oygrvhab hcukyx3x jb3vyjys rz4wbd8a qt6c0cv9 a8nywdso i1ao9s8h esuyzwwr f1sip0of lzcic4wl oo9gr5id gpro0wi8 lrazzd5p\" role=\"link\" href=\"https:\/\/www.facebook.com\/hashtag\/treord?__eep__=6&amp;__cft__[0]=AZUENQY60QKz9-gCRDK6U3xjEXJyVxTE35jJaLq8YKokNqExKTvm7DP2Dfkf8_XixPwYmXgHn7mJFAmXiaPxPPDD4-ulY8wLwcQSbp4E4DIwvf1U8x7kOnJ9uL76s_xAiw3VxFdrfMd9qvL9lPsz3nyD_zw3eL1EpdjPAIcAApLGMMbNaQaPrn-MKQWAbeBOBrdtc6dZsBbQ7z6b3ORA-no8uF0zKh1Y2O5KZUCOGpQxqMIq5MQtLcSxgSnvR8YCcq6y1n4fu13tXVxV-VOPVIsL&amp;__tn__=*NK*F\">#treord<\/a><\/p>\n\n\t\t<style type=\"text\/css\">\n\t\t\t#gallery-1 {\n\t\t\t\tmargin: auto;\n\t\t\t}\n\t\t\t#gallery-1 .gallery-item {\n\t\t\t\tfloat: left;\n\t\t\t\tmargin-top: 10px;\n\t\t\t\ttext-align: center;\n\t\t\t\twidth: 33%;\n\t\t\t}\n\t\t\t#gallery-1 img {\n\t\t\t\tborder: 2px solid #cfcfcf;\n\t\t\t}\n\t\t\t#gallery-1 .gallery-caption {\n\t\t\t\tmargin-left: 0;\n\t\t\t}\n\t\t\t\/* see gallery_shortcode() in wp-includes\/media.php *\/\n\t\t<\/style>\n\t\t<div id='gallery-1' class='gallery galleryid-2652 gallery-columns-3 gallery-size-thumbnail'><dl class='gallery-item'>\n\t\t\t<dt class='gallery-icon landscape'>\n\t\t\t\t<a href='https:\/\/wp.kristdemokraterna.se\/hakanjohansson\/startsida\/treord\/'><img loading=\"lazy\" decoding=\"async\" width=\"150\" height=\"150\" src=\"https:\/\/wp.kristdemokraterna.se\/hakanjohansson\/files\/2020\/09\/treord-150x150.jpg\" class=\"attachment-thumbnail size-thumbnail\" alt=\"H\u00e5kan Johansson, Kommun- och regionpolitiker (KD). Ofullkomlig id\u00e9driven realist\" aria-describedby=\"gallery-1-2650\" srcset=\"https:\/\/wp.kristdemokraterna.se\/hakanjohansson\/files\/2020\/09\/treord-150x150.jpg 150w, https:\/\/wp.kristdemokraterna.se\/hakanjohansson\/files\/2020\/09\/treord-90x90.jpg 90w\" sizes=\"auto, (max-width: 150px) 100vw, 150px\" \/><\/a>\n\t\t\t<\/dt>\n\t\t\t\t<dd class='wp-caption-text gallery-caption' id='gallery-1-2650'>\n\t\t\t\tH\u00e5kan Johansson, Kommun- och regionpolitiker (KD). Ofullkomlig id\u00e9driven realist\n\t\t\t\t<\/dd><\/dl><dl class='gallery-item'>\n\t\t\t<dt class='gallery-icon landscape'>\n\t\t\t\t<a href='https:\/\/wp.kristdemokraterna.se\/hakanjohansson\/2020\/09\/19\/kd-blankt-nej-till-den-omoraliska-fastighetsskatten\/2018-hakan-inlaggsbild\/'><img loading=\"lazy\" decoding=\"async\" width=\"150\" height=\"150\" src=\"https:\/\/wp.kristdemokraterna.se\/hakanjohansson\/files\/2020\/09\/2018_hakan_inlaggsbild-150x150.jpg\" class=\"attachment-thumbnail size-thumbnail\" alt=\"H\u00e5kan Johansson - gruppledare, Kristdemokraterna V\u00e4rnamo\" aria-describedby=\"gallery-1-2647\" srcset=\"https:\/\/wp.kristdemokraterna.se\/hakanjohansson\/files\/2020\/09\/2018_hakan_inlaggsbild-150x150.jpg 150w, https:\/\/wp.kristdemokraterna.se\/hakanjohansson\/files\/2020\/09\/2018_hakan_inlaggsbild-90x90.jpg 90w\" sizes=\"auto, (max-width: 150px) 100vw, 150px\" \/><\/a>\n\t\t\t<\/dt>\n\t\t\t\t<dd class='wp-caption-text gallery-caption' id='gallery-1-2647'>\n\t\t\t\tH\u00e5kan Johansson &#8211; Kristdemokraterna V\u00e4rnamo\n\t\t\t\t<\/dd><\/dl><dl class='gallery-item'>\n\t\t\t<dt class='gallery-icon landscape'>\n\t\t\t\t<a href='https:\/\/wp.kristdemokraterna.se\/hakanjohansson\/2020\/09\/05\/tre-ord-ofullkomlig-idedriven-realist\/treord-inlaggsbild\/'><img loading=\"lazy\" decoding=\"async\" width=\"150\" height=\"150\" src=\"https:\/\/wp.kristdemokraterna.se\/hakanjohansson\/files\/2020\/09\/treord_inlaggsbild-150x150.jpg\" class=\"attachment-thumbnail size-thumbnail\" alt=\"H\u00e5kan Johansson, Kommun- och regionpolitiker (KD). Ofullkomlig id\u00e9driven realist\" aria-describedby=\"gallery-1-2654\" srcset=\"https:\/\/wp.kristdemokraterna.se\/hakanjohansson\/files\/2020\/09\/treord_inlaggsbild-150x150.jpg 150w, https:\/\/wp.kristdemokraterna.se\/hakanjohansson\/files\/2020\/09\/treord_inlaggsbild-90x90.jpg 90w\" sizes=\"auto, (max-width: 150px) 100vw, 150px\" \/><\/a>\n\t\t\t<\/dt>\n\t\t\t\t<dd class='wp-caption-text gallery-caption' id='gallery-1-2654'>\n\t\t\t\tH\u00e5kan Johansson, Kommun- och regionpolitiker (KD). Ofullkomlig id\u00e9driven realist\n\t\t\t\t<\/dd><\/dl><br style=\"clear: both\" \/>\n\t\t<\/div>\n\n","protected":false},"excerpt":{"rendered":"<p>Jag fick m\u00f6jligheten att beskriva mig sj\u00e4lv och grunden f\u00f6r mitt politiska engagemang med tre ord p\u00e5 j\u00f6nk\u00f6pingsdistriktets facebooksida. Det blev ofullkomlig id\u00e9driven realist. Fr\u00e5gan \u00e4r om kristdemokratin \u00e4nd\u00e5 inte \u00e4r en lite jazzigare ideologi\u2026 Ofullkomlig id\u00e9driven realist Jag \u00e4lskar musik. S\u00e4rskilt att spela sj\u00e4lv. Helst spelar jag jazz och annat som sv\u00e4nger sk\u00f6nt. \u00c4ven&hellip; <a class=\"read-more-link\" href=\"https:\/\/wp.kristdemokraterna.se\/hakanjohansson\/2020\/09\/05\/tre-ord-ofullkomlig-idedriven-realist\/\">Forts\u00e4tt l\u00e4sa<\/a><\/p>\n","protected":false},"author":507,"featured_media":0,"comment_status":"closed","ping_status":"closed","sticky":false,"template":"","format":"standard","meta":{"_acf_changed":false,"footnotes":""},"categories":[41],"tags":[1544,120,53,54,1523,688,1542,57,59,1543,93],"class_list":["post-2652","post","type-post","status-publish","format-standard","hentry","category-inlagg","tag-evidens","tag-forvaltarskapstanken","tag-gemenskap","tag-ideologi","tag-jazz","tag-kristdemokrati","tag-naturratt","tag-ofullkomlighetstanken","tag-personalism","tag-realistisk","tag-solidaritet"],"acf":[],"yoast_head":"<!-- This site is optimized with the Yoast SEO plugin v27.4 - https:\/\/yoast.com\/product\/yoast-seo-wordpress\/ -->\n<title>Tre ord: Ofullkomlig id\u00e9driven realist - H\u00e5kan Johansson, KD<\/title>\n<meta name=\"description\" content=\"En realistisk ideologi kombinerad med evidens \u00e4r bra instrument f\u00f6r en ofullkomlig id\u00e9driven realist. #treord\" \/>\n<meta name=\"robots\" content=\"index, follow, max-snippet:-1, max-image-preview:large, max-video-preview:-1\" \/>\n<link rel=\"canonical\" href=\"https:\/\/wp.kristdemokraterna.se\/hakanjohansson\/2020\/09\/05\/tre-ord-ofullkomlig-idedriven-realist\/\" \/>\n<meta property=\"og:locale\" content=\"sv_SE\" \/>\n<meta property=\"og:type\" content=\"article\" \/>\n<meta property=\"og:title\" content=\"Tre ord: Ofullkomlig id\u00e9driven realist - H\u00e5kan Johansson, KD\" \/>\n<meta property=\"og:description\" content=\"En realistisk ideologi kombinerad med evidens \u00e4r bra instrument f\u00f6r en ofullkomlig id\u00e9driven realist. #treord\" \/>\n<meta property=\"og:url\" content=\"https:\/\/wp.kristdemokraterna.se\/hakanjohansson\/2020\/09\/05\/tre-ord-ofullkomlig-idedriven-realist\/\" \/>\n<meta property=\"og:site_name\" content=\"H\u00e5kan Johansson, KD\" \/>\n<meta property=\"article:published_time\" content=\"2020-09-05T09:19:59+00:00\" \/>\n<meta property=\"article:modified_time\" content=\"2020-09-20T19:21:50+00:00\" \/>\n<meta property=\"og:image\" content=\"https:\/\/wp.kristdemokraterna.se\/hakanjohansson\/files\/2020\/09\/treord_inlaggsbild.jpg\" \/>\n\t<meta property=\"og:image:width\" content=\"478\" \/>\n\t<meta property=\"og:image:height\" content=\"262\" \/>\n\t<meta property=\"og:image:type\" content=\"image\/jpeg\" \/>\n<meta name=\"author\" content=\"H\u00e5kan Johansson\" \/>\n<meta name=\"twitter:card\" content=\"summary_large_image\" \/>\n<meta name=\"twitter:image\" content=\"https:\/\/wp.kristdemokraterna.se\/hakanjohansson\/files\/2020\/09\/treord_inlaggsbild.jpg\" \/>\n<meta name=\"twitter:label1\" content=\"Skriven av\" \/>\n\t<meta name=\"twitter:data1\" content=\"H\u00e5kan Johansson\" \/>\n\t<meta name=\"twitter:label2\" content=\"Ber\u00e4knad l\u00e4stid\" \/>\n\t<meta name=\"twitter:data2\" content=\"4 minuter\" \/>\n<script type=\"application\/ld+json\" class=\"yoast-schema-graph\">{\"@context\":\"https:\\\/\\\/schema.org\",\"@graph\":[{\"@type\":\"Article\",\"@id\":\"https:\\\/\\\/wp.kristdemokraterna.se\\\/hakanjohansson\\\/2020\\\/09\\\/05\\\/tre-ord-ofullkomlig-idedriven-realist\\\/#article\",\"isPartOf\":{\"@id\":\"https:\\\/\\\/wp.kristdemokraterna.se\\\/hakanjohansson\\\/2020\\\/09\\\/05\\\/tre-ord-ofullkomlig-idedriven-realist\\\/\"},\"author\":{\"name\":\"H\u00e5kan Johansson\",\"@id\":\"https:\\\/\\\/wp.kristdemokraterna.se\\\/hakanjohansson\\\/#\\\/schema\\\/person\\\/1ebb24d2d3a4cdd92106ea18359c8b63\"},\"headline\":\"Tre ord: Ofullkomlig id\u00e9driven realist\",\"datePublished\":\"2020-09-05T09:19:59+00:00\",\"dateModified\":\"2020-09-20T19:21:50+00:00\",\"mainEntityOfPage\":{\"@id\":\"https:\\\/\\\/wp.kristdemokraterna.se\\\/hakanjohansson\\\/2020\\\/09\\\/05\\\/tre-ord-ofullkomlig-idedriven-realist\\\/\"},\"wordCount\":774,\"keywords\":[\"evidens\",\"f\u00f6rvaltarskapstanken\",\"gemenskap\",\"ideologi\",\"jazz\",\"kristdemokrati\",\"naturr\u00e4tt\",\"ofullkomlighetstanken\",\"personalism\",\"realistisk\",\"solidaritet\"],\"articleSection\":[\"Inl\u00e4gg\"],\"inLanguage\":\"sv-SE\"},{\"@type\":\"WebPage\",\"@id\":\"https:\\\/\\\/wp.kristdemokraterna.se\\\/hakanjohansson\\\/2020\\\/09\\\/05\\\/tre-ord-ofullkomlig-idedriven-realist\\\/\",\"url\":\"https:\\\/\\\/wp.kristdemokraterna.se\\\/hakanjohansson\\\/2020\\\/09\\\/05\\\/tre-ord-ofullkomlig-idedriven-realist\\\/\",\"name\":\"Tre ord: Ofullkomlig id\u00e9driven realist - H\u00e5kan Johansson, KD\",\"isPartOf\":{\"@id\":\"https:\\\/\\\/wp.kristdemokraterna.se\\\/hakanjohansson\\\/#website\"},\"datePublished\":\"2020-09-05T09:19:59+00:00\",\"dateModified\":\"2020-09-20T19:21:50+00:00\",\"author\":{\"@id\":\"https:\\\/\\\/wp.kristdemokraterna.se\\\/hakanjohansson\\\/#\\\/schema\\\/person\\\/1ebb24d2d3a4cdd92106ea18359c8b63\"},\"description\":\"En realistisk ideologi kombinerad med evidens \u00e4r bra instrument f\u00f6r en ofullkomlig id\u00e9driven realist. #treord\",\"breadcrumb\":{\"@id\":\"https:\\\/\\\/wp.kristdemokraterna.se\\\/hakanjohansson\\\/2020\\\/09\\\/05\\\/tre-ord-ofullkomlig-idedriven-realist\\\/#breadcrumb\"},\"inLanguage\":\"sv-SE\",\"potentialAction\":[{\"@type\":\"ReadAction\",\"target\":[\"https:\\\/\\\/wp.kristdemokraterna.se\\\/hakanjohansson\\\/2020\\\/09\\\/05\\\/tre-ord-ofullkomlig-idedriven-realist\\\/\"]}]},{\"@type\":\"BreadcrumbList\",\"@id\":\"https:\\\/\\\/wp.kristdemokraterna.se\\\/hakanjohansson\\\/2020\\\/09\\\/05\\\/tre-ord-ofullkomlig-idedriven-realist\\\/#breadcrumb\",\"itemListElement\":[{\"@type\":\"ListItem\",\"position\":1,\"name\":\"Hem\",\"item\":\"https:\\\/\\\/wp.kristdemokraterna.se\\\/hakanjohansson\\\/\"},{\"@type\":\"ListItem\",\"position\":2,\"name\":\"Tre ord: Ofullkomlig id\u00e9driven realist\"}]},{\"@type\":\"WebSite\",\"@id\":\"https:\\\/\\\/wp.kristdemokraterna.se\\\/hakanjohansson\\\/#website\",\"url\":\"https:\\\/\\\/wp.kristdemokraterna.se\\\/hakanjohansson\\\/\",\"name\":\"H\u00e5kan Johansson, KD\",\"description\":\"Politik, musik och teknik...\",\"inLanguage\":\"sv-SE\"},{\"@type\":\"Person\",\"@id\":\"https:\\\/\\\/wp.kristdemokraterna.se\\\/hakanjohansson\\\/#\\\/schema\\\/person\\\/1ebb24d2d3a4cdd92106ea18359c8b63\",\"name\":\"H\u00e5kan Johansson\",\"image\":{\"@type\":\"ImageObject\",\"inLanguage\":\"sv-SE\",\"@id\":\"https:\\\/\\\/secure.gravatar.com\\\/avatar\\\/2f492f08c4bdc714d7db0d433c48b51adbc8f67dd2112ac3a50d66d0d1ddd173?s=96&r=g\",\"url\":\"https:\\\/\\\/secure.gravatar.com\\\/avatar\\\/2f492f08c4bdc714d7db0d433c48b51adbc8f67dd2112ac3a50d66d0d1ddd173?s=96&r=g\",\"contentUrl\":\"https:\\\/\\\/secure.gravatar.com\\\/avatar\\\/2f492f08c4bdc714d7db0d433c48b51adbc8f67dd2112ac3a50d66d0d1ddd173?s=96&r=g\",\"caption\":\"H\u00e5kan Johansson\"},\"description\":\"Politik, musik och teknik...\",\"sameAs\":[\"https:\\\/\\\/wp.kristdemokraterna.se\\\/hakanjohansson\"],\"url\":\"https:\\\/\\\/wp.kristdemokraterna.se\\\/hakanjohansson\\\/author\\\/hakanjohansson\\\/\"}]}<\/script>\n<!-- \/ Yoast SEO plugin. -->","yoast_head_json":{"title":"Tre ord: Ofullkomlig id\u00e9driven realist - H\u00e5kan Johansson, KD","description":"En realistisk ideologi kombinerad med evidens \u00e4r bra instrument f\u00f6r en ofullkomlig id\u00e9driven realist. #treord","robots":{"index":"index","follow":"follow","max-snippet":"max-snippet:-1","max-image-preview":"max-image-preview:large","max-video-preview":"max-video-preview:-1"},"canonical":"https:\/\/wp.kristdemokraterna.se\/hakanjohansson\/2020\/09\/05\/tre-ord-ofullkomlig-idedriven-realist\/","og_locale":"sv_SE","og_type":"article","og_title":"Tre ord: Ofullkomlig id\u00e9driven realist - H\u00e5kan Johansson, KD","og_description":"En realistisk ideologi kombinerad med evidens \u00e4r bra instrument f\u00f6r en ofullkomlig id\u00e9driven realist. #treord","og_url":"https:\/\/wp.kristdemokraterna.se\/hakanjohansson\/2020\/09\/05\/tre-ord-ofullkomlig-idedriven-realist\/","og_site_name":"H\u00e5kan Johansson, KD","article_published_time":"2020-09-05T09:19:59+00:00","article_modified_time":"2020-09-20T19:21:50+00:00","og_image":[{"width":478,"height":262,"url":"https:\/\/wp.kristdemokraterna.se\/hakanjohansson\/files\/2020\/09\/treord_inlaggsbild.jpg","type":"image\/jpeg"}],"author":"H\u00e5kan Johansson","twitter_card":"summary_large_image","twitter_image":"https:\/\/wp.kristdemokraterna.se\/hakanjohansson\/files\/2020\/09\/treord_inlaggsbild.jpg","twitter_misc":{"Skriven av":"H\u00e5kan Johansson","Ber\u00e4knad l\u00e4stid":"4 minuter"},"schema":{"@context":"https:\/\/schema.org","@graph":[{"@type":"Article","@id":"https:\/\/wp.kristdemokraterna.se\/hakanjohansson\/2020\/09\/05\/tre-ord-ofullkomlig-idedriven-realist\/#article","isPartOf":{"@id":"https:\/\/wp.kristdemokraterna.se\/hakanjohansson\/2020\/09\/05\/tre-ord-ofullkomlig-idedriven-realist\/"},"author":{"name":"H\u00e5kan Johansson","@id":"https:\/\/wp.kristdemokraterna.se\/hakanjohansson\/#\/schema\/person\/1ebb24d2d3a4cdd92106ea18359c8b63"},"headline":"Tre ord: Ofullkomlig id\u00e9driven realist","datePublished":"2020-09-05T09:19:59+00:00","dateModified":"2020-09-20T19:21:50+00:00","mainEntityOfPage":{"@id":"https:\/\/wp.kristdemokraterna.se\/hakanjohansson\/2020\/09\/05\/tre-ord-ofullkomlig-idedriven-realist\/"},"wordCount":774,"keywords":["evidens","f\u00f6rvaltarskapstanken","gemenskap","ideologi","jazz","kristdemokrati","naturr\u00e4tt","ofullkomlighetstanken","personalism","realistisk","solidaritet"],"articleSection":["Inl\u00e4gg"],"inLanguage":"sv-SE"},{"@type":"WebPage","@id":"https:\/\/wp.kristdemokraterna.se\/hakanjohansson\/2020\/09\/05\/tre-ord-ofullkomlig-idedriven-realist\/","url":"https:\/\/wp.kristdemokraterna.se\/hakanjohansson\/2020\/09\/05\/tre-ord-ofullkomlig-idedriven-realist\/","name":"Tre ord: Ofullkomlig id\u00e9driven realist - H\u00e5kan Johansson, KD","isPartOf":{"@id":"https:\/\/wp.kristdemokraterna.se\/hakanjohansson\/#website"},"datePublished":"2020-09-05T09:19:59+00:00","dateModified":"2020-09-20T19:21:50+00:00","author":{"@id":"https:\/\/wp.kristdemokraterna.se\/hakanjohansson\/#\/schema\/person\/1ebb24d2d3a4cdd92106ea18359c8b63"},"description":"En realistisk ideologi kombinerad med evidens \u00e4r bra instrument f\u00f6r en ofullkomlig id\u00e9driven realist. #treord","breadcrumb":{"@id":"https:\/\/wp.kristdemokraterna.se\/hakanjohansson\/2020\/09\/05\/tre-ord-ofullkomlig-idedriven-realist\/#breadcrumb"},"inLanguage":"sv-SE","potentialAction":[{"@type":"ReadAction","target":["https:\/\/wp.kristdemokraterna.se\/hakanjohansson\/2020\/09\/05\/tre-ord-ofullkomlig-idedriven-realist\/"]}]},{"@type":"BreadcrumbList","@id":"https:\/\/wp.kristdemokraterna.se\/hakanjohansson\/2020\/09\/05\/tre-ord-ofullkomlig-idedriven-realist\/#breadcrumb","itemListElement":[{"@type":"ListItem","position":1,"name":"Hem","item":"https:\/\/wp.kristdemokraterna.se\/hakanjohansson\/"},{"@type":"ListItem","position":2,"name":"Tre ord: Ofullkomlig id\u00e9driven realist"}]},{"@type":"WebSite","@id":"https:\/\/wp.kristdemokraterna.se\/hakanjohansson\/#website","url":"https:\/\/wp.kristdemokraterna.se\/hakanjohansson\/","name":"H\u00e5kan Johansson, KD","description":"Politik, musik och teknik...","inLanguage":"sv-SE"},{"@type":"Person","@id":"https:\/\/wp.kristdemokraterna.se\/hakanjohansson\/#\/schema\/person\/1ebb24d2d3a4cdd92106ea18359c8b63","name":"H\u00e5kan Johansson","image":{"@type":"ImageObject","inLanguage":"sv-SE","@id":"https:\/\/secure.gravatar.com\/avatar\/2f492f08c4bdc714d7db0d433c48b51adbc8f67dd2112ac3a50d66d0d1ddd173?s=96&r=g","url":"https:\/\/secure.gravatar.com\/avatar\/2f492f08c4bdc714d7db0d433c48b51adbc8f67dd2112ac3a50d66d0d1ddd173?s=96&r=g","contentUrl":"https:\/\/secure.gravatar.com\/avatar\/2f492f08c4bdc714d7db0d433c48b51adbc8f67dd2112ac3a50d66d0d1ddd173?s=96&r=g","caption":"H\u00e5kan Johansson"},"description":"Politik, musik och teknik...","sameAs":["https:\/\/wp.kristdemokraterna.se\/hakanjohansson"],"url":"https:\/\/wp.kristdemokraterna.se\/hakanjohansson\/author\/hakanjohansson\/"}]}},"_links":{"self":[{"href":"https:\/\/wp.kristdemokraterna.se\/hakanjohansson\/wp-json\/wp\/v2\/posts\/2652","targetHints":{"allow":["GET"]}}],"collection":[{"href":"https:\/\/wp.kristdemokraterna.se\/hakanjohansson\/wp-json\/wp\/v2\/posts"}],"about":[{"href":"https:\/\/wp.kristdemokraterna.se\/hakanjohansson\/wp-json\/wp\/v2\/types\/post"}],"author":[{"embeddable":true,"href":"https:\/\/wp.kristdemokraterna.se\/hakanjohansson\/wp-json\/wp\/v2\/users\/507"}],"replies":[{"embeddable":true,"href":"https:\/\/wp.kristdemokraterna.se\/hakanjohansson\/wp-json\/wp\/v2\/comments?post=2652"}],"version-history":[{"count":6,"href":"https:\/\/wp.kristdemokraterna.se\/hakanjohansson\/wp-json\/wp\/v2\/posts\/2652\/revisions"}],"predecessor-version":[{"id":2667,"href":"https:\/\/wp.kristdemokraterna.se\/hakanjohansson\/wp-json\/wp\/v2\/posts\/2652\/revisions\/2667"}],"wp:attachment":[{"href":"https:\/\/wp.kristdemokraterna.se\/hakanjohansson\/wp-json\/wp\/v2\/media?parent=2652"}],"wp:term":[{"taxonomy":"category","embeddable":true,"href":"https:\/\/wp.kristdemokraterna.se\/hakanjohansson\/wp-json\/wp\/v2\/categories?post=2652"},{"taxonomy":"post_tag","embeddable":true,"href":"https:\/\/wp.kristdemokraterna.se\/hakanjohansson\/wp-json\/wp\/v2\/tags?post=2652"}],"curies":[{"name":"wp","href":"https:\/\/api.w.org\/{rel}","templated":true}]}}