{"id":2721,"date":"2021-03-27T22:45:09","date_gmt":"2021-03-27T21:45:09","guid":{"rendered":"https:\/\/wp.kristdemokraterna.se\/hakanjohansson\/?p=2721"},"modified":"2023-11-07T20:37:45","modified_gmt":"2023-11-07T19:37:45","slug":"bada-motionerna-avslagna","status":"publish","type":"post","link":"https:\/\/wp.kristdemokraterna.se\/hakanjohansson\/2021\/03\/27\/bada-motionerna-avslagna\/","title":{"rendered":"B\u00e5da motionerna avslagna"},"content":{"rendered":"<p><em>Partidistrikts\u00e5rsm\u00f6tet f\u00f6resl\u00e5r b\u00e5da motionerna avslagna! Jag har ju l\u00e4mnat in <a href=\"https:\/\/wp.kristdemokraterna.se\/hakanjohansson\/2021\/02\/22\/blandad-respons-pa-mina-motioner\/\">tv\u00e5 motioner till Rikstinget<\/a> och <a href=\"https:\/\/wp.kristdemokraterna.se\/varnamo\/2021\/02\/22\/motionsrikt-arsmote-i-zoom\/\" target=\"_blank\" rel=\"noopener\">Partiavdelnings\u00e5rsm\u00f6tet<\/a> ville tillstyrka den ena och avsl\u00e5 den andra. Nu har de \u00e4ven behandlats av <a href=\"https:\/\/wp.kristdemokraterna.se\/varnamo\/2021\/03\/27\/varstamma-laddade-infor-riksting\/\" target=\"_blank\" rel=\"noopener\">Partidistrikts\u00e5rsm\u00f6tet<\/a>, som beslutade att avsl\u00e5 b\u00e5da. Varf\u00f6r kan ni inte helt enkelt bara gilla mina utm\u00e4rkta motioner? \ud83d\ude41<\/em><\/p>\n<hr \/>\n<h2>B\u00e5da motionerna avslagna<\/h2>\n<p>H\u00e4r \u00e4r de motioner till Kristdemokraternas riksting som jag \u00e4r delaktig i. Partidistrikts\u00e5rsm\u00f6tet vill tyv\u00e4rr se b\u00e5da motionerna avslagna. Nu \u00e4r det bara att hoppas p\u00e5 att Rikstinget inser deras f\u00f6rtj\u00e4nster.<\/p>\n<h2>F\u00f6r en flexiblare l\u00e4s\u00e5rsindelning<\/h2>\n<h3>Partidistrikts\u00e5rsm\u00f6tet i J\u00f6nk\u00f6pings l\u00e4ns yttrande:<\/h3>\n<p>Skolans huvuduppgift \u00e4r att f\u00f6rmedla kunskap, att stimulera elevernas intellektuella utveckling och att f\u00f6rbereda barn och unga f\u00f6r vuxenlivet. Skolan har ocks\u00e5 ett bildningsuppdrag. Den ska bygga p\u00e5, och f\u00f6rmedla vidare, de v\u00e4rden och dygder som \u00e4r centrala f\u00f6r ett gott liv och ett gott samh\u00e4lle. Skolan ska inte bara utbilda m\u00e4nniskor till att klara sig p\u00e5 arbetsmarknaden, utan ocks\u00e5 till medborgare som kan vara med och ta ansvar f\u00f6r samh\u00e4llets gemensamma angel\u00e4genheter och f\u00f6rvalta centrala v\u00e4rden och kulturarv. Om skolan inte lyckas i sitt uppdrag skapar vi stora framtida problem f\u00f6r barn och unga men ocks\u00e5 f\u00f6r Sverige som land.<\/p>\n<p>\u00c4ven om m\u00e5nga n\u00f6dv\u00e4ndiga och lyckade reformer genomf\u00f6rts, visar flera nationella och internationella unders\u00f6kningar att den svenska skolan alltj\u00e4mt st\u00e5r inf\u00f6r stora utmaningar. Vi beh\u00f6ver \u00e5teruppr\u00e4tta en utbildningstradition som bygger p\u00e5 tillit och f\u00f6rtroende mellan elever, l\u00e4rare och f\u00f6r\u00e4ldrar d\u00e4r skolan f\u00f6rmedlar kunskap och stimulerar elevernas intellektuella utveckling. Vi \u00e4r dock os\u00e4kra p\u00e5 att detta med att g\u00f6ra l\u00e4s\u00e5rsindelningen mer flexibel skulle komma att tillf\u00f6ra s\u00e5 mycket. Snarare ser vi att en reform av detta slag snarare skulle skapa mer problem \u00e4n vad det skulle tillf\u00f6ra och vi landar d\u00e4rmed i att avsl\u00e5 motionen.<\/p>\n<h3>Partidistrikts\u00e5rsm\u00f6tet i J\u00f6nk\u00f6pings l\u00e4n beslutade:<\/h3>\n<p>att avsl\u00e5 motionen<\/p>\n<h2>Ett moderniserat statsskick<\/h2>\n<h3>Partidistrikts\u00e5rsm\u00f6tet i J\u00f6nk\u00f6pings l\u00e4ns yttrande:<\/h3>\n<p>Den konstitutionella monarkin, som i sin nuvarande form v\u00e4xte fram efter 1809 \u00e5rs regeringsform, \u00e4r ett statsskick som har tj\u00e4nat Sverige v\u00e4l genom \u00e5ren. Vi ser ingen anledning att f\u00f6r\u00e4ndra detta. Med detta yttrande avsl\u00e5s motionen.<\/p>\n<h3>Partidistrikts\u00e5rsm\u00f6tet i J\u00f6nk\u00f6pings l\u00e4n beslutade:<\/h3>\n<p>att avsl\u00e5 motionen<\/p>\n\n\t\t<style type=\"text\/css\">\n\t\t\t#gallery-1 {\n\t\t\t\tmargin: auto;\n\t\t\t}\n\t\t\t#gallery-1 .gallery-item {\n\t\t\t\tfloat: left;\n\t\t\t\tmargin-top: 10px;\n\t\t\t\ttext-align: center;\n\t\t\t\twidth: 33%;\n\t\t\t}\n\t\t\t#gallery-1 img {\n\t\t\t\tborder: 2px solid #cfcfcf;\n\t\t\t}\n\t\t\t#gallery-1 .gallery-caption {\n\t\t\t\tmargin-left: 0;\n\t\t\t}\n\t\t\t\/* see gallery_shortcode() in wp-includes\/media.php *\/\n\t\t<\/style>\n\t\t<div id='gallery-1' class='gallery galleryid-2721 gallery-columns-3 gallery-size-thumbnail'><dl class='gallery-item'>\n\t\t\t<dt class='gallery-icon landscape'>\n\t\t\t\t<a href='https:\/\/wp.kristdemokraterna.se\/hakanjohansson\/2020\/09\/19\/kd-blankt-nej-till-den-omoraliska-fastighetsskatten\/2018-hakan-inlaggsbild\/'><img loading=\"lazy\" decoding=\"async\" width=\"150\" height=\"150\" src=\"https:\/\/wp.kristdemokraterna.se\/hakanjohansson\/files\/2020\/09\/2018_hakan_inlaggsbild-150x150.jpg\" class=\"attachment-thumbnail size-thumbnail\" alt=\"H\u00e5kan Johansson - gruppledare, Kristdemokraterna V\u00e4rnamo\" aria-describedby=\"gallery-1-2647\" srcset=\"https:\/\/wp.kristdemokraterna.se\/hakanjohansson\/files\/2020\/09\/2018_hakan_inlaggsbild-150x150.jpg 150w, https:\/\/wp.kristdemokraterna.se\/hakanjohansson\/files\/2020\/09\/2018_hakan_inlaggsbild-90x90.jpg 90w\" sizes=\"auto, (max-width: 150px) 100vw, 150px\" \/><\/a>\n\t\t\t<\/dt>\n\t\t\t\t<dd class='wp-caption-text gallery-caption' id='gallery-1-2647'>\n\t\t\t\tH\u00e5kan Johansson &#8211; Kristdemokraterna V\u00e4rnamo\n\t\t\t\t<\/dd><\/dl>\n\t\t\t<br style='clear: both' \/>\n\t\t<\/div>\n\n","protected":false},"excerpt":{"rendered":"<p>Partidistrikts\u00e5rsm\u00f6tet f\u00f6resl\u00e5r b\u00e5da motionerna avslagna! Jag har ju l\u00e4mnat in tv\u00e5 motioner till Rikstinget och Partiavdelnings\u00e5rsm\u00f6tet ville tillstyrka den ena och avsl\u00e5 den andra. Nu har de \u00e4ven behandlats av Partidistrikts\u00e5rsm\u00f6tet, som beslutade att avsl\u00e5 b\u00e5da. Varf\u00f6r kan ni inte helt enkelt bara gilla mina utm\u00e4rkta motioner? \ud83d\ude41 B\u00e5da motionerna avslagna H\u00e4r \u00e4r de motioner&hellip; <a class=\"read-more-link\" href=\"https:\/\/wp.kristdemokraterna.se\/hakanjohansson\/2021\/03\/27\/bada-motionerna-avslagna\/\">Forts\u00e4tt l\u00e4sa<\/a><\/p>\n","protected":false},"author":507,"featured_media":0,"comment_status":"closed","ping_status":"closed","sticky":false,"template":"","format":"standard","meta":{"_acf_changed":false,"footnotes":""},"categories":[106],"tags":[297,1551,1552,10],"class_list":["post-2721","post","type-post","status-publish","format-standard","hentry","category-motioner","tag-motioner-2","tag-partiavdelningsarsmote","tag-partidistriktsarsmote","tag-riksting"],"acf":[],"yoast_head":"<!-- This site is optimized with the Yoast SEO plugin v27.4 - https:\/\/yoast.com\/product\/yoast-seo-wordpress\/ -->\n<title>B\u00e5da motionerna avslagna - H\u00e5kan Johansson, KD<\/title>\n<meta name=\"description\" content=\"B\u00e5da motionerna avslagna! Varf\u00f6r kan ni inte helt enkelt gilla dem? Det bara att hoppas p\u00e5 att Rikstinget inser deras f\u00f6rtj\u00e4nster.\" \/>\n<meta name=\"robots\" content=\"index, follow, max-snippet:-1, max-image-preview:large, max-video-preview:-1\" \/>\n<link rel=\"canonical\" href=\"https:\/\/wp.kristdemokraterna.se\/hakanjohansson\/2021\/03\/27\/bada-motionerna-avslagna\/\" \/>\n<meta property=\"og:locale\" content=\"sv_SE\" \/>\n<meta property=\"og:type\" content=\"article\" \/>\n<meta property=\"og:title\" content=\"B\u00e5da motionerna avslagna - H\u00e5kan Johansson, KD\" \/>\n<meta property=\"og:description\" content=\"B\u00e5da motionerna avslagna! Varf\u00f6r kan ni inte helt enkelt gilla dem? Det bara att hoppas p\u00e5 att Rikstinget inser deras f\u00f6rtj\u00e4nster.\" \/>\n<meta property=\"og:url\" content=\"https:\/\/wp.kristdemokraterna.se\/hakanjohansson\/2021\/03\/27\/bada-motionerna-avslagna\/\" \/>\n<meta property=\"og:site_name\" content=\"H\u00e5kan Johansson, KD\" \/>\n<meta property=\"article:published_time\" content=\"2021-03-27T21:45:09+00:00\" \/>\n<meta property=\"article:modified_time\" content=\"2023-11-07T19:37:45+00:00\" \/>\n<meta property=\"og:image\" content=\"http:\/\/wp.kristdemokraterna.se\/hakanjohansson\/files\/2020\/09\/2018_hakan_inlaggsbild.jpg\" \/>\n\t<meta property=\"og:image:width\" content=\"478\" \/>\n\t<meta property=\"og:image:height\" content=\"262\" \/>\n\t<meta property=\"og:image:type\" content=\"image\/jpeg\" \/>\n<meta name=\"author\" content=\"H\u00e5kan Johansson\" \/>\n<meta name=\"twitter:card\" content=\"summary_large_image\" \/>\n<meta name=\"twitter:image\" content=\"https:\/\/wp.kristdemokraterna.se\/hakanjohansson\/files\/2020\/09\/2018_hakan_inlaggsbild.jpg\" \/>\n<meta name=\"twitter:label1\" content=\"Skriven av\" \/>\n\t<meta name=\"twitter:data1\" content=\"H\u00e5kan Johansson\" \/>\n\t<meta name=\"twitter:label2\" content=\"Ber\u00e4knad l\u00e4stid\" \/>\n\t<meta name=\"twitter:data2\" content=\"2 minuter\" \/>\n<script type=\"application\/ld+json\" class=\"yoast-schema-graph\">{\"@context\":\"https:\\\/\\\/schema.org\",\"@graph\":[{\"@type\":\"Article\",\"@id\":\"https:\\\/\\\/wp.kristdemokraterna.se\\\/hakanjohansson\\\/2021\\\/03\\\/27\\\/bada-motionerna-avslagna\\\/#article\",\"isPartOf\":{\"@id\":\"https:\\\/\\\/wp.kristdemokraterna.se\\\/hakanjohansson\\\/2021\\\/03\\\/27\\\/bada-motionerna-avslagna\\\/\"},\"author\":{\"name\":\"H\u00e5kan Johansson\",\"@id\":\"https:\\\/\\\/wp.kristdemokraterna.se\\\/hakanjohansson\\\/#\\\/schema\\\/person\\\/1ebb24d2d3a4cdd92106ea18359c8b63\"},\"headline\":\"B\u00e5da motionerna avslagna\",\"datePublished\":\"2021-03-27T21:45:09+00:00\",\"dateModified\":\"2023-11-07T19:37:45+00:00\",\"mainEntityOfPage\":{\"@id\":\"https:\\\/\\\/wp.kristdemokraterna.se\\\/hakanjohansson\\\/2021\\\/03\\\/27\\\/bada-motionerna-avslagna\\\/\"},\"wordCount\":440,\"keywords\":[\"motioner\",\"partiavdelnings\u00e5rsm\u00f6te\",\"partidistrikts\u00e5rsm\u00f6te\",\"Riksting\"],\"articleSection\":[\"Motioner\"],\"inLanguage\":\"sv-SE\"},{\"@type\":\"WebPage\",\"@id\":\"https:\\\/\\\/wp.kristdemokraterna.se\\\/hakanjohansson\\\/2021\\\/03\\\/27\\\/bada-motionerna-avslagna\\\/\",\"url\":\"https:\\\/\\\/wp.kristdemokraterna.se\\\/hakanjohansson\\\/2021\\\/03\\\/27\\\/bada-motionerna-avslagna\\\/\",\"name\":\"B\u00e5da motionerna avslagna - H\u00e5kan Johansson, KD\",\"isPartOf\":{\"@id\":\"https:\\\/\\\/wp.kristdemokraterna.se\\\/hakanjohansson\\\/#website\"},\"datePublished\":\"2021-03-27T21:45:09+00:00\",\"dateModified\":\"2023-11-07T19:37:45+00:00\",\"author\":{\"@id\":\"https:\\\/\\\/wp.kristdemokraterna.se\\\/hakanjohansson\\\/#\\\/schema\\\/person\\\/1ebb24d2d3a4cdd92106ea18359c8b63\"},\"description\":\"B\u00e5da motionerna avslagna! Varf\u00f6r kan ni inte helt enkelt gilla dem? Det bara att hoppas p\u00e5 att Rikstinget inser deras f\u00f6rtj\u00e4nster.\",\"breadcrumb\":{\"@id\":\"https:\\\/\\\/wp.kristdemokraterna.se\\\/hakanjohansson\\\/2021\\\/03\\\/27\\\/bada-motionerna-avslagna\\\/#breadcrumb\"},\"inLanguage\":\"sv-SE\",\"potentialAction\":[{\"@type\":\"ReadAction\",\"target\":[\"https:\\\/\\\/wp.kristdemokraterna.se\\\/hakanjohansson\\\/2021\\\/03\\\/27\\\/bada-motionerna-avslagna\\\/\"]}]},{\"@type\":\"BreadcrumbList\",\"@id\":\"https:\\\/\\\/wp.kristdemokraterna.se\\\/hakanjohansson\\\/2021\\\/03\\\/27\\\/bada-motionerna-avslagna\\\/#breadcrumb\",\"itemListElement\":[{\"@type\":\"ListItem\",\"position\":1,\"name\":\"Hem\",\"item\":\"https:\\\/\\\/wp.kristdemokraterna.se\\\/hakanjohansson\\\/\"},{\"@type\":\"ListItem\",\"position\":2,\"name\":\"B\u00e5da motionerna avslagna\"}]},{\"@type\":\"WebSite\",\"@id\":\"https:\\\/\\\/wp.kristdemokraterna.se\\\/hakanjohansson\\\/#website\",\"url\":\"https:\\\/\\\/wp.kristdemokraterna.se\\\/hakanjohansson\\\/\",\"name\":\"H\u00e5kan Johansson, KD\",\"description\":\"Politik, musik och teknik...\",\"inLanguage\":\"sv-SE\"},{\"@type\":\"Person\",\"@id\":\"https:\\\/\\\/wp.kristdemokraterna.se\\\/hakanjohansson\\\/#\\\/schema\\\/person\\\/1ebb24d2d3a4cdd92106ea18359c8b63\",\"name\":\"H\u00e5kan Johansson\",\"image\":{\"@type\":\"ImageObject\",\"inLanguage\":\"sv-SE\",\"@id\":\"https:\\\/\\\/secure.gravatar.com\\\/avatar\\\/2f492f08c4bdc714d7db0d433c48b51adbc8f67dd2112ac3a50d66d0d1ddd173?s=96&r=g\",\"url\":\"https:\\\/\\\/secure.gravatar.com\\\/avatar\\\/2f492f08c4bdc714d7db0d433c48b51adbc8f67dd2112ac3a50d66d0d1ddd173?s=96&r=g\",\"contentUrl\":\"https:\\\/\\\/secure.gravatar.com\\\/avatar\\\/2f492f08c4bdc714d7db0d433c48b51adbc8f67dd2112ac3a50d66d0d1ddd173?s=96&r=g\",\"caption\":\"H\u00e5kan Johansson\"},\"description\":\"Politik, musik och teknik...\",\"sameAs\":[\"https:\\\/\\\/wp.kristdemokraterna.se\\\/hakanjohansson\"],\"url\":\"https:\\\/\\\/wp.kristdemokraterna.se\\\/hakanjohansson\\\/author\\\/hakanjohansson\\\/\"}]}<\/script>\n<!-- \/ Yoast SEO plugin. -->","yoast_head_json":{"title":"B\u00e5da motionerna avslagna - H\u00e5kan Johansson, KD","description":"B\u00e5da motionerna avslagna! Varf\u00f6r kan ni inte helt enkelt gilla dem? Det bara att hoppas p\u00e5 att Rikstinget inser deras f\u00f6rtj\u00e4nster.","robots":{"index":"index","follow":"follow","max-snippet":"max-snippet:-1","max-image-preview":"max-image-preview:large","max-video-preview":"max-video-preview:-1"},"canonical":"https:\/\/wp.kristdemokraterna.se\/hakanjohansson\/2021\/03\/27\/bada-motionerna-avslagna\/","og_locale":"sv_SE","og_type":"article","og_title":"B\u00e5da motionerna avslagna - H\u00e5kan Johansson, KD","og_description":"B\u00e5da motionerna avslagna! Varf\u00f6r kan ni inte helt enkelt gilla dem? Det bara att hoppas p\u00e5 att Rikstinget inser deras f\u00f6rtj\u00e4nster.","og_url":"https:\/\/wp.kristdemokraterna.se\/hakanjohansson\/2021\/03\/27\/bada-motionerna-avslagna\/","og_site_name":"H\u00e5kan Johansson, KD","article_published_time":"2021-03-27T21:45:09+00:00","article_modified_time":"2023-11-07T19:37:45+00:00","og_image":[{"width":478,"height":262,"url":"http:\/\/wp.kristdemokraterna.se\/hakanjohansson\/files\/2020\/09\/2018_hakan_inlaggsbild.jpg","type":"image\/jpeg"}],"author":"H\u00e5kan Johansson","twitter_card":"summary_large_image","twitter_image":"https:\/\/wp.kristdemokraterna.se\/hakanjohansson\/files\/2020\/09\/2018_hakan_inlaggsbild.jpg","twitter_misc":{"Skriven av":"H\u00e5kan Johansson","Ber\u00e4knad l\u00e4stid":"2 minuter"},"schema":{"@context":"https:\/\/schema.org","@graph":[{"@type":"Article","@id":"https:\/\/wp.kristdemokraterna.se\/hakanjohansson\/2021\/03\/27\/bada-motionerna-avslagna\/#article","isPartOf":{"@id":"https:\/\/wp.kristdemokraterna.se\/hakanjohansson\/2021\/03\/27\/bada-motionerna-avslagna\/"},"author":{"name":"H\u00e5kan Johansson","@id":"https:\/\/wp.kristdemokraterna.se\/hakanjohansson\/#\/schema\/person\/1ebb24d2d3a4cdd92106ea18359c8b63"},"headline":"B\u00e5da motionerna avslagna","datePublished":"2021-03-27T21:45:09+00:00","dateModified":"2023-11-07T19:37:45+00:00","mainEntityOfPage":{"@id":"https:\/\/wp.kristdemokraterna.se\/hakanjohansson\/2021\/03\/27\/bada-motionerna-avslagna\/"},"wordCount":440,"keywords":["motioner","partiavdelnings\u00e5rsm\u00f6te","partidistrikts\u00e5rsm\u00f6te","Riksting"],"articleSection":["Motioner"],"inLanguage":"sv-SE"},{"@type":"WebPage","@id":"https:\/\/wp.kristdemokraterna.se\/hakanjohansson\/2021\/03\/27\/bada-motionerna-avslagna\/","url":"https:\/\/wp.kristdemokraterna.se\/hakanjohansson\/2021\/03\/27\/bada-motionerna-avslagna\/","name":"B\u00e5da motionerna avslagna - H\u00e5kan Johansson, KD","isPartOf":{"@id":"https:\/\/wp.kristdemokraterna.se\/hakanjohansson\/#website"},"datePublished":"2021-03-27T21:45:09+00:00","dateModified":"2023-11-07T19:37:45+00:00","author":{"@id":"https:\/\/wp.kristdemokraterna.se\/hakanjohansson\/#\/schema\/person\/1ebb24d2d3a4cdd92106ea18359c8b63"},"description":"B\u00e5da motionerna avslagna! Varf\u00f6r kan ni inte helt enkelt gilla dem? Det bara att hoppas p\u00e5 att Rikstinget inser deras f\u00f6rtj\u00e4nster.","breadcrumb":{"@id":"https:\/\/wp.kristdemokraterna.se\/hakanjohansson\/2021\/03\/27\/bada-motionerna-avslagna\/#breadcrumb"},"inLanguage":"sv-SE","potentialAction":[{"@type":"ReadAction","target":["https:\/\/wp.kristdemokraterna.se\/hakanjohansson\/2021\/03\/27\/bada-motionerna-avslagna\/"]}]},{"@type":"BreadcrumbList","@id":"https:\/\/wp.kristdemokraterna.se\/hakanjohansson\/2021\/03\/27\/bada-motionerna-avslagna\/#breadcrumb","itemListElement":[{"@type":"ListItem","position":1,"name":"Hem","item":"https:\/\/wp.kristdemokraterna.se\/hakanjohansson\/"},{"@type":"ListItem","position":2,"name":"B\u00e5da motionerna avslagna"}]},{"@type":"WebSite","@id":"https:\/\/wp.kristdemokraterna.se\/hakanjohansson\/#website","url":"https:\/\/wp.kristdemokraterna.se\/hakanjohansson\/","name":"H\u00e5kan Johansson, KD","description":"Politik, musik och teknik...","inLanguage":"sv-SE"},{"@type":"Person","@id":"https:\/\/wp.kristdemokraterna.se\/hakanjohansson\/#\/schema\/person\/1ebb24d2d3a4cdd92106ea18359c8b63","name":"H\u00e5kan Johansson","image":{"@type":"ImageObject","inLanguage":"sv-SE","@id":"https:\/\/secure.gravatar.com\/avatar\/2f492f08c4bdc714d7db0d433c48b51adbc8f67dd2112ac3a50d66d0d1ddd173?s=96&r=g","url":"https:\/\/secure.gravatar.com\/avatar\/2f492f08c4bdc714d7db0d433c48b51adbc8f67dd2112ac3a50d66d0d1ddd173?s=96&r=g","contentUrl":"https:\/\/secure.gravatar.com\/avatar\/2f492f08c4bdc714d7db0d433c48b51adbc8f67dd2112ac3a50d66d0d1ddd173?s=96&r=g","caption":"H\u00e5kan Johansson"},"description":"Politik, musik och teknik...","sameAs":["https:\/\/wp.kristdemokraterna.se\/hakanjohansson"],"url":"https:\/\/wp.kristdemokraterna.se\/hakanjohansson\/author\/hakanjohansson\/"}]}},"_links":{"self":[{"href":"https:\/\/wp.kristdemokraterna.se\/hakanjohansson\/wp-json\/wp\/v2\/posts\/2721","targetHints":{"allow":["GET"]}}],"collection":[{"href":"https:\/\/wp.kristdemokraterna.se\/hakanjohansson\/wp-json\/wp\/v2\/posts"}],"about":[{"href":"https:\/\/wp.kristdemokraterna.se\/hakanjohansson\/wp-json\/wp\/v2\/types\/post"}],"author":[{"embeddable":true,"href":"https:\/\/wp.kristdemokraterna.se\/hakanjohansson\/wp-json\/wp\/v2\/users\/507"}],"replies":[{"embeddable":true,"href":"https:\/\/wp.kristdemokraterna.se\/hakanjohansson\/wp-json\/wp\/v2\/comments?post=2721"}],"version-history":[{"count":11,"href":"https:\/\/wp.kristdemokraterna.se\/hakanjohansson\/wp-json\/wp\/v2\/posts\/2721\/revisions"}],"predecessor-version":[{"id":2753,"href":"https:\/\/wp.kristdemokraterna.se\/hakanjohansson\/wp-json\/wp\/v2\/posts\/2721\/revisions\/2753"}],"wp:attachment":[{"href":"https:\/\/wp.kristdemokraterna.se\/hakanjohansson\/wp-json\/wp\/v2\/media?parent=2721"}],"wp:term":[{"taxonomy":"category","embeddable":true,"href":"https:\/\/wp.kristdemokraterna.se\/hakanjohansson\/wp-json\/wp\/v2\/categories?post=2721"},{"taxonomy":"post_tag","embeddable":true,"href":"https:\/\/wp.kristdemokraterna.se\/hakanjohansson\/wp-json\/wp\/v2\/tags?post=2721"}],"curies":[{"name":"wp","href":"https:\/\/api.w.org\/{rel}","templated":true}]}}