{"id":2791,"date":"2022-05-14T20:17:16","date_gmt":"2022-05-14T18:17:16","guid":{"rendered":"https:\/\/wp.kristdemokraterna.se\/hakanjohansson\/?p=2791"},"modified":"2022-09-05T22:10:47","modified_gmt":"2022-09-05T20:10:47","slug":"sa-vill-kristdemokraterna-utveckla-bor","status":"publish","type":"post","link":"https:\/\/wp.kristdemokraterna.se\/hakanjohansson\/2022\/05\/14\/sa-vill-kristdemokraterna-utveckla-bor\/","title":{"rendered":"S\u00e5 vill Kristdemokraterna utveckla Bor"},"content":{"rendered":"<p>&#8221;S\u00e5 vill Kristdemokraterna utveckla Bor&#8221; talade jag om i dag, n\u00e4r var jag med p\u00e5 den alldeles nyinstiftade Borb\u00e4rardagen i fantastiska Bor. Alla politiker skulle svara p\u00e5 fr\u00e5gan \u201dHur utvecklar ni Bor inom de tre n\u00e4rmaste \u00e5ren?\u201d S\u00e5 h\u00e4r svarade jag<\/p>\n<p><!--more--><\/p>\n<h2>S\u00e5 vill Kristdemokraterna utveckla Bor<\/h2>\n<p>Jag bor i V\u00e4rnamo, n\u00e4sta ort i t\u00e4tortsbandet. D\u00e4r trivs jag bra, men samtidigt vet jag att V\u00e4rnamo kommun \u00e4r ingenting med bara V\u00e4rnamo stad!<\/p>\n<h3>Kommunens vision<\/h3>\n<p>F\u00f6r att n\u00e5 visionen <em>En m\u00e4nsklig tillv\u00e4xtkommun med 40000 inv\u00e5nare 2035<\/em> s\u00e5 \u00e4r Bor v\u00e4ldigt viktigt. D\u00e4r ska finnas samma m\u00f6jligheter och f\u00f6ruts\u00e4ttningar som i resten av kommunen. Som f\u00f6rtroendevald \u00e4r jag f\u00f6rtroendevald f\u00f6r alla kommunens medlemmar!<\/p>\n<h3>Vem utvecklar?<\/h3>\n<p>Vi kristdemokrater samarbetar alltid i Allians f\u00f6r V\u00e4rnamo. Det \u00e4r d\u00e4r vi driver v\u00e5ra fr\u00e5gor tillsammans.<\/p>\n<p>V\u00e5r ing\u00e5ng i samarbetet \u00e4r att vi kristdemokrater tror inte att utveckling kommer fr\u00e5n politiker. Kristdemokratiskt t\u00e4nkande utg\u00e5r ifr\u00e5n att kraften och energin f\u00f6r samh\u00e4llsutveckling kommer ifr\u00e5n inv\u00e5nare, f\u00f6reningar, f\u00f6retag, kyrkor, klubbar \u2013 det civila samh\u00e4llet. Vi ser att det finns ett starkt civilsamh\u00e4lle h\u00e4r i Bor. Det \u00e4r grunden f\u00f6r utvecklingen i Bor!<\/p>\n<p>Politikernas uppgift \u00e4r att st\u00f6dja och skapa f\u00f6ruts\u00e4ttningar f\u00f6r samh\u00e4llets egen utveckling. Hur vill vi d\u00e5 g\u00f6ra det h\u00e4r i Bor? H\u00e4r kommer fyra svar:<\/p>\n<h3>Det ska vara l\u00e4tt att bo i Bor!<\/h3>\n<p>H\u00e4r finns lediga tomter, men det beh\u00f6vs fler. Det beh\u00f6vs fler m\u00f6jligheter att bygga p\u00e5 landet. Och\u00a0 det beh\u00f6vs fler m\u00f6jligheter att bygga sj\u00f6n\u00e4ra.<\/p>\n<p>Vi vill g\u00f6ra kommunens \u00e4gardirektiv f\u00f6r Finnvedsbost\u00e4der tydligare g\u00e4llande byggnation i kransorterna i V\u00e4rnamo kommun. Exempelvis beh\u00f6ver det byggas nya l\u00e4genheter h\u00e4r i Bor.<\/p>\n<h3>Det ska finnas kanaler f\u00f6r engagemanget!<\/h3>\n<p>Vi vill forts\u00e4tta med landsbygdsdialogerna. Det ska inte bara vara dialoger utan det ska bli handling. Precis det som vi kan se resultat ifr\u00e5n vid skolan, med omr\u00e5den f\u00f6r spontanaktiviteter av olika slag.<\/p>\n<h3>Det ska vara l\u00e4tt att vara ideell!<\/h3>\n<p>Vi vill st\u00f6tta f\u00f6reningslivet som \u00e4r en b\u00e4rande del av en levande landsbygd. F\u00f6reningslivet samlar bygdens engagemang och det ska politikerna lyssna p\u00e5!<\/p>\n<h3>Det ska vara l\u00e4tt att komma till Bor!<\/h3>\n<p>Vi \u00e4r glada \u00f6ver att cykelv\u00e4gen mellan Bor och V\u00e4rnamo \u00e4ntligen \u00e4r p\u00e5 v\u00e4g. N\u00e4r det blir m\u00f6jligt att cykla s\u00e4kert mellan orterna kommer m\u00e5nga fler \u00e4n min v\u00e4n att arbetspendla med cykel och arbetsmarknaden\u00a0 kommer att v\u00e4xa.<\/p>\n<p>Tack f\u00f6r ordet och r\u00f6sta g\u00e4rna vitt i september!<\/p>\n\n\t\t<style type=\"text\/css\">\n\t\t\t#gallery-1 {\n\t\t\t\tmargin: auto;\n\t\t\t}\n\t\t\t#gallery-1 .gallery-item {\n\t\t\t\tfloat: left;\n\t\t\t\tmargin-top: 10px;\n\t\t\t\ttext-align: center;\n\t\t\t\twidth: 33%;\n\t\t\t}\n\t\t\t#gallery-1 img {\n\t\t\t\tborder: 2px solid #cfcfcf;\n\t\t\t}\n\t\t\t#gallery-1 .gallery-caption {\n\t\t\t\tmargin-left: 0;\n\t\t\t}\n\t\t\t\/* see gallery_shortcode() in wp-includes\/media.php *\/\n\t\t<\/style>\n\t\t<div id='gallery-1' class='gallery galleryid-2791 gallery-columns-3 gallery-size-thumbnail'><dl class='gallery-item'>\n\t\t\t<dt class='gallery-icon landscape'>\n\t\t\t\t<a href='https:\/\/wp.kristdemokraterna.se\/hakanjohansson\/2022\/05\/14\/sa-vill-kristdemokraterna-utveckla-bor\/20220514-borbarardagen-innehall\/'><img loading=\"lazy\" decoding=\"async\" width=\"150\" height=\"150\" src=\"https:\/\/wp.kristdemokraterna.se\/hakanjohansson\/files\/2022\/05\/20220514_borbarardagen_innehall-150x150.jpg\" class=\"attachment-thumbnail size-thumbnail\" alt=\"S\u00e5 vill Kristdemokraterna utveckla Bor \u00e4r \u00e4mnet jag talar om. (Foto: Lena Freij)\" aria-describedby=\"gallery-1-2790\" srcset=\"https:\/\/wp.kristdemokraterna.se\/hakanjohansson\/files\/2022\/05\/20220514_borbarardagen_innehall-150x150.jpg 150w, https:\/\/wp.kristdemokraterna.se\/hakanjohansson\/files\/2022\/05\/20220514_borbarardagen_innehall-90x90.jpg 90w\" sizes=\"auto, (max-width: 150px) 100vw, 150px\" \/><\/a>\n\t\t\t<\/dt>\n\t\t\t\t<dd class='wp-caption-text gallery-caption' id='gallery-1-2790'>\n\t\t\t\tH\u00e4r ber\u00e4ttar jag om hur kristdemokraterna vill utveckla Bor. (Foto: Lena Freij)\n\t\t\t\t<\/dd><\/dl><dl class='gallery-item'>\n\t\t\t<dt class='gallery-icon landscape'>\n\t\t\t\t<a href='https:\/\/wp.kristdemokraterna.se\/hakanjohansson\/20220514-borbarardagen\/'><img loading=\"lazy\" decoding=\"async\" width=\"150\" height=\"150\" src=\"https:\/\/wp.kristdemokraterna.se\/hakanjohansson\/files\/2022\/05\/20220514_borbarardagen-150x150.jpg\" class=\"attachment-thumbnail size-thumbnail\" alt=\"Politiker fr\u00e5n alla partier i Kommunfullm\u00e4ktige var med p\u00e5 Borb\u00e4rardagen. (Foto: Lena Freij)\" aria-describedby=\"gallery-1-2789\" srcset=\"https:\/\/wp.kristdemokraterna.se\/hakanjohansson\/files\/2022\/05\/20220514_borbarardagen-150x150.jpg 150w, https:\/\/wp.kristdemokraterna.se\/hakanjohansson\/files\/2022\/05\/20220514_borbarardagen-300x300.jpg 300w, https:\/\/wp.kristdemokraterna.se\/hakanjohansson\/files\/2022\/05\/20220514_borbarardagen-540x540.jpg 540w, https:\/\/wp.kristdemokraterna.se\/hakanjohansson\/files\/2022\/05\/20220514_borbarardagen-768x768.jpg 768w, https:\/\/wp.kristdemokraterna.se\/hakanjohansson\/files\/2022\/05\/20220514_borbarardagen-200x200.jpg 200w, https:\/\/wp.kristdemokraterna.se\/hakanjohansson\/files\/2022\/05\/20220514_borbarardagen-370x370.jpg 370w, https:\/\/wp.kristdemokraterna.se\/hakanjohansson\/files\/2022\/05\/20220514_borbarardagen-90x90.jpg 90w, https:\/\/wp.kristdemokraterna.se\/hakanjohansson\/files\/2022\/05\/20220514_borbarardagen-770x770.jpg 770w, https:\/\/wp.kristdemokraterna.se\/hakanjohansson\/files\/2022\/05\/20220514_borbarardagen-450x450.jpg 450w, https:\/\/wp.kristdemokraterna.se\/hakanjohansson\/files\/2022\/05\/20220514_borbarardagen-280x280.jpg 280w, https:\/\/wp.kristdemokraterna.se\/hakanjohansson\/files\/2022\/05\/20220514_borbarardagen-340x340.jpg 340w, https:\/\/wp.kristdemokraterna.se\/hakanjohansson\/files\/2022\/05\/20220514_borbarardagen-56x56.jpg 56w, https:\/\/wp.kristdemokraterna.se\/hakanjohansson\/files\/2022\/05\/20220514_borbarardagen.jpg 1200w\" sizes=\"auto, (max-width: 150px) 100vw, 150px\" \/><\/a>\n\t\t\t<\/dt>\n\t\t\t\t<dd class='wp-caption-text gallery-caption' id='gallery-1-2789'>\n\t\t\t\tPolitiker fr\u00e5n alla partier i Kommunfullm\u00e4ktige var med p\u00e5 Borb\u00e4rardagen. (Foto: Lena Freij)\n\t\t\t\t<\/dd><\/dl>\n\t\t\t<br style='clear: both' \/>\n\t\t<\/div>\n\n","protected":false},"excerpt":{"rendered":"<p>&#8221;S\u00e5 vill Kristdemokraterna utveckla Bor&#8221; talade jag om i dag, n\u00e4r var jag med p\u00e5 den alldeles nyinstiftade Borb\u00e4rardagen i fantastiska Bor. Alla politiker skulle svara p\u00e5 fr\u00e5gan \u201dHur utvecklar ni Bor inom de tre n\u00e4rmaste \u00e5ren?\u201d S\u00e5 h\u00e4r svarade jag<\/p>\n","protected":false},"author":507,"featured_media":0,"comment_status":"closed","ping_status":"closed","sticky":false,"template":"","format":"standard","meta":{"_acf_changed":false,"footnotes":""},"categories":[1561],"tags":[35,1324,436,172,16,22],"class_list":["post-2791","post","type-post","status-publish","format-standard","hentry","category-val-2022","tag-boende","tag-bor","tag-engagemang","tag-ideell","tag-kampanj","tag-val"],"acf":[],"yoast_head":"<!-- This site is optimized with the Yoast SEO plugin v27.4 - https:\/\/yoast.com\/product\/yoast-seo-wordpress\/ -->\n<title>S\u00e5 vill Kristdemokraterna utveckla Bor - H\u00e5kan Johansson, KD<\/title>\n<meta name=\"description\" content=\"I dag var jag med p\u00e5 Borb\u00e4rardagen i fantastiska Bor. D\u00e4r fick jag m\u00f6jlighet att tala \u00f6ver \u00e4mnet \u201dS\u00e5 vill Kristdemokraterna utveckla Bor\u201d\" \/>\n<meta name=\"robots\" content=\"index, follow, max-snippet:-1, max-image-preview:large, max-video-preview:-1\" \/>\n<link rel=\"canonical\" href=\"https:\/\/wp.kristdemokraterna.se\/hakanjohansson\/2022\/05\/14\/sa-vill-kristdemokraterna-utveckla-bor\/\" \/>\n<meta property=\"og:locale\" content=\"sv_SE\" \/>\n<meta property=\"og:type\" content=\"article\" \/>\n<meta property=\"og:title\" content=\"S\u00e5 vill Kristdemokraterna utveckla Bor - H\u00e5kan Johansson, KD\" \/>\n<meta property=\"og:description\" content=\"I dag var jag med p\u00e5 Borb\u00e4rardagen i fantastiska Bor. D\u00e4r fick jag m\u00f6jlighet att tala \u00f6ver \u00e4mnet \u201dS\u00e5 vill Kristdemokraterna utveckla Bor\u201d\" \/>\n<meta property=\"og:url\" content=\"https:\/\/wp.kristdemokraterna.se\/hakanjohansson\/2022\/05\/14\/sa-vill-kristdemokraterna-utveckla-bor\/\" \/>\n<meta property=\"og:site_name\" content=\"H\u00e5kan Johansson, KD\" \/>\n<meta property=\"article:published_time\" content=\"2022-05-14T18:17:16+00:00\" \/>\n<meta property=\"article:modified_time\" content=\"2022-09-05T20:10:47+00:00\" \/>\n<meta property=\"og:image\" content=\"http:\/\/wp.kristdemokraterna.se\/hakanjohansson\/files\/2022\/05\/20220514_borbarardagen_innehall.jpg\" \/>\n\t<meta property=\"og:image:width\" content=\"478\" \/>\n\t<meta property=\"og:image:height\" content=\"262\" \/>\n\t<meta property=\"og:image:type\" content=\"image\/jpeg\" \/>\n<meta name=\"author\" content=\"H\u00e5kan Johansson\" \/>\n<meta name=\"twitter:card\" content=\"summary_large_image\" \/>\n<meta name=\"twitter:image\" content=\"https:\/\/wp.kristdemokraterna.se\/hakanjohansson\/files\/2022\/05\/20220514_borbarardagen_innehall.jpg\" \/>\n<meta name=\"twitter:label1\" content=\"Skriven av\" \/>\n\t<meta name=\"twitter:data1\" content=\"H\u00e5kan Johansson\" \/>\n\t<meta name=\"twitter:label2\" content=\"Ber\u00e4knad l\u00e4stid\" \/>\n\t<meta name=\"twitter:data2\" content=\"2 minuter\" \/>\n<script type=\"application\/ld+json\" class=\"yoast-schema-graph\">{\"@context\":\"https:\\\/\\\/schema.org\",\"@graph\":[{\"@type\":\"Article\",\"@id\":\"https:\\\/\\\/wp.kristdemokraterna.se\\\/hakanjohansson\\\/2022\\\/05\\\/14\\\/sa-vill-kristdemokraterna-utveckla-bor\\\/#article\",\"isPartOf\":{\"@id\":\"https:\\\/\\\/wp.kristdemokraterna.se\\\/hakanjohansson\\\/2022\\\/05\\\/14\\\/sa-vill-kristdemokraterna-utveckla-bor\\\/\"},\"author\":{\"name\":\"H\u00e5kan Johansson\",\"@id\":\"https:\\\/\\\/wp.kristdemokraterna.se\\\/hakanjohansson\\\/#\\\/schema\\\/person\\\/1ebb24d2d3a4cdd92106ea18359c8b63\"},\"headline\":\"S\u00e5 vill Kristdemokraterna utveckla Bor\",\"datePublished\":\"2022-05-14T18:17:16+00:00\",\"dateModified\":\"2022-09-05T20:10:47+00:00\",\"mainEntityOfPage\":{\"@id\":\"https:\\\/\\\/wp.kristdemokraterna.se\\\/hakanjohansson\\\/2022\\\/05\\\/14\\\/sa-vill-kristdemokraterna-utveckla-bor\\\/\"},\"wordCount\":483,\"keywords\":[\"boende\",\"Bor\",\"engagemang\",\"ideell\",\"kampanj\",\"val\"],\"articleSection\":[\"Val 2022\"],\"inLanguage\":\"sv-SE\"},{\"@type\":\"WebPage\",\"@id\":\"https:\\\/\\\/wp.kristdemokraterna.se\\\/hakanjohansson\\\/2022\\\/05\\\/14\\\/sa-vill-kristdemokraterna-utveckla-bor\\\/\",\"url\":\"https:\\\/\\\/wp.kristdemokraterna.se\\\/hakanjohansson\\\/2022\\\/05\\\/14\\\/sa-vill-kristdemokraterna-utveckla-bor\\\/\",\"name\":\"S\u00e5 vill Kristdemokraterna utveckla Bor - H\u00e5kan Johansson, KD\",\"isPartOf\":{\"@id\":\"https:\\\/\\\/wp.kristdemokraterna.se\\\/hakanjohansson\\\/#website\"},\"datePublished\":\"2022-05-14T18:17:16+00:00\",\"dateModified\":\"2022-09-05T20:10:47+00:00\",\"author\":{\"@id\":\"https:\\\/\\\/wp.kristdemokraterna.se\\\/hakanjohansson\\\/#\\\/schema\\\/person\\\/1ebb24d2d3a4cdd92106ea18359c8b63\"},\"description\":\"I dag var jag med p\u00e5 Borb\u00e4rardagen i fantastiska Bor. D\u00e4r fick jag m\u00f6jlighet att tala \u00f6ver \u00e4mnet \u201dS\u00e5 vill Kristdemokraterna utveckla Bor\u201d\",\"breadcrumb\":{\"@id\":\"https:\\\/\\\/wp.kristdemokraterna.se\\\/hakanjohansson\\\/2022\\\/05\\\/14\\\/sa-vill-kristdemokraterna-utveckla-bor\\\/#breadcrumb\"},\"inLanguage\":\"sv-SE\",\"potentialAction\":[{\"@type\":\"ReadAction\",\"target\":[\"https:\\\/\\\/wp.kristdemokraterna.se\\\/hakanjohansson\\\/2022\\\/05\\\/14\\\/sa-vill-kristdemokraterna-utveckla-bor\\\/\"]}]},{\"@type\":\"BreadcrumbList\",\"@id\":\"https:\\\/\\\/wp.kristdemokraterna.se\\\/hakanjohansson\\\/2022\\\/05\\\/14\\\/sa-vill-kristdemokraterna-utveckla-bor\\\/#breadcrumb\",\"itemListElement\":[{\"@type\":\"ListItem\",\"position\":1,\"name\":\"Hem\",\"item\":\"https:\\\/\\\/wp.kristdemokraterna.se\\\/hakanjohansson\\\/\"},{\"@type\":\"ListItem\",\"position\":2,\"name\":\"S\u00e5 vill Kristdemokraterna utveckla Bor\"}]},{\"@type\":\"WebSite\",\"@id\":\"https:\\\/\\\/wp.kristdemokraterna.se\\\/hakanjohansson\\\/#website\",\"url\":\"https:\\\/\\\/wp.kristdemokraterna.se\\\/hakanjohansson\\\/\",\"name\":\"H\u00e5kan Johansson, KD\",\"description\":\"Politik, musik och teknik...\",\"inLanguage\":\"sv-SE\"},{\"@type\":\"Person\",\"@id\":\"https:\\\/\\\/wp.kristdemokraterna.se\\\/hakanjohansson\\\/#\\\/schema\\\/person\\\/1ebb24d2d3a4cdd92106ea18359c8b63\",\"name\":\"H\u00e5kan Johansson\",\"image\":{\"@type\":\"ImageObject\",\"inLanguage\":\"sv-SE\",\"@id\":\"https:\\\/\\\/secure.gravatar.com\\\/avatar\\\/2f492f08c4bdc714d7db0d433c48b51adbc8f67dd2112ac3a50d66d0d1ddd173?s=96&r=g\",\"url\":\"https:\\\/\\\/secure.gravatar.com\\\/avatar\\\/2f492f08c4bdc714d7db0d433c48b51adbc8f67dd2112ac3a50d66d0d1ddd173?s=96&r=g\",\"contentUrl\":\"https:\\\/\\\/secure.gravatar.com\\\/avatar\\\/2f492f08c4bdc714d7db0d433c48b51adbc8f67dd2112ac3a50d66d0d1ddd173?s=96&r=g\",\"caption\":\"H\u00e5kan Johansson\"},\"description\":\"Politik, musik och teknik...\",\"sameAs\":[\"https:\\\/\\\/wp.kristdemokraterna.se\\\/hakanjohansson\"],\"url\":\"https:\\\/\\\/wp.kristdemokraterna.se\\\/hakanjohansson\\\/author\\\/hakanjohansson\\\/\"}]}<\/script>\n<!-- \/ Yoast SEO plugin. -->","yoast_head_json":{"title":"S\u00e5 vill Kristdemokraterna utveckla Bor - H\u00e5kan Johansson, KD","description":"I dag var jag med p\u00e5 Borb\u00e4rardagen i fantastiska Bor. D\u00e4r fick jag m\u00f6jlighet att tala \u00f6ver \u00e4mnet \u201dS\u00e5 vill Kristdemokraterna utveckla Bor\u201d","robots":{"index":"index","follow":"follow","max-snippet":"max-snippet:-1","max-image-preview":"max-image-preview:large","max-video-preview":"max-video-preview:-1"},"canonical":"https:\/\/wp.kristdemokraterna.se\/hakanjohansson\/2022\/05\/14\/sa-vill-kristdemokraterna-utveckla-bor\/","og_locale":"sv_SE","og_type":"article","og_title":"S\u00e5 vill Kristdemokraterna utveckla Bor - H\u00e5kan Johansson, KD","og_description":"I dag var jag med p\u00e5 Borb\u00e4rardagen i fantastiska Bor. D\u00e4r fick jag m\u00f6jlighet att tala \u00f6ver \u00e4mnet \u201dS\u00e5 vill Kristdemokraterna utveckla Bor\u201d","og_url":"https:\/\/wp.kristdemokraterna.se\/hakanjohansson\/2022\/05\/14\/sa-vill-kristdemokraterna-utveckla-bor\/","og_site_name":"H\u00e5kan Johansson, KD","article_published_time":"2022-05-14T18:17:16+00:00","article_modified_time":"2022-09-05T20:10:47+00:00","og_image":[{"width":478,"height":262,"url":"http:\/\/wp.kristdemokraterna.se\/hakanjohansson\/files\/2022\/05\/20220514_borbarardagen_innehall.jpg","type":"image\/jpeg"}],"author":"H\u00e5kan Johansson","twitter_card":"summary_large_image","twitter_image":"https:\/\/wp.kristdemokraterna.se\/hakanjohansson\/files\/2022\/05\/20220514_borbarardagen_innehall.jpg","twitter_misc":{"Skriven av":"H\u00e5kan Johansson","Ber\u00e4knad l\u00e4stid":"2 minuter"},"schema":{"@context":"https:\/\/schema.org","@graph":[{"@type":"Article","@id":"https:\/\/wp.kristdemokraterna.se\/hakanjohansson\/2022\/05\/14\/sa-vill-kristdemokraterna-utveckla-bor\/#article","isPartOf":{"@id":"https:\/\/wp.kristdemokraterna.se\/hakanjohansson\/2022\/05\/14\/sa-vill-kristdemokraterna-utveckla-bor\/"},"author":{"name":"H\u00e5kan Johansson","@id":"https:\/\/wp.kristdemokraterna.se\/hakanjohansson\/#\/schema\/person\/1ebb24d2d3a4cdd92106ea18359c8b63"},"headline":"S\u00e5 vill Kristdemokraterna utveckla Bor","datePublished":"2022-05-14T18:17:16+00:00","dateModified":"2022-09-05T20:10:47+00:00","mainEntityOfPage":{"@id":"https:\/\/wp.kristdemokraterna.se\/hakanjohansson\/2022\/05\/14\/sa-vill-kristdemokraterna-utveckla-bor\/"},"wordCount":483,"keywords":["boende","Bor","engagemang","ideell","kampanj","val"],"articleSection":["Val 2022"],"inLanguage":"sv-SE"},{"@type":"WebPage","@id":"https:\/\/wp.kristdemokraterna.se\/hakanjohansson\/2022\/05\/14\/sa-vill-kristdemokraterna-utveckla-bor\/","url":"https:\/\/wp.kristdemokraterna.se\/hakanjohansson\/2022\/05\/14\/sa-vill-kristdemokraterna-utveckla-bor\/","name":"S\u00e5 vill Kristdemokraterna utveckla Bor - H\u00e5kan Johansson, KD","isPartOf":{"@id":"https:\/\/wp.kristdemokraterna.se\/hakanjohansson\/#website"},"datePublished":"2022-05-14T18:17:16+00:00","dateModified":"2022-09-05T20:10:47+00:00","author":{"@id":"https:\/\/wp.kristdemokraterna.se\/hakanjohansson\/#\/schema\/person\/1ebb24d2d3a4cdd92106ea18359c8b63"},"description":"I dag var jag med p\u00e5 Borb\u00e4rardagen i fantastiska Bor. D\u00e4r fick jag m\u00f6jlighet att tala \u00f6ver \u00e4mnet \u201dS\u00e5 vill Kristdemokraterna utveckla Bor\u201d","breadcrumb":{"@id":"https:\/\/wp.kristdemokraterna.se\/hakanjohansson\/2022\/05\/14\/sa-vill-kristdemokraterna-utveckla-bor\/#breadcrumb"},"inLanguage":"sv-SE","potentialAction":[{"@type":"ReadAction","target":["https:\/\/wp.kristdemokraterna.se\/hakanjohansson\/2022\/05\/14\/sa-vill-kristdemokraterna-utveckla-bor\/"]}]},{"@type":"BreadcrumbList","@id":"https:\/\/wp.kristdemokraterna.se\/hakanjohansson\/2022\/05\/14\/sa-vill-kristdemokraterna-utveckla-bor\/#breadcrumb","itemListElement":[{"@type":"ListItem","position":1,"name":"Hem","item":"https:\/\/wp.kristdemokraterna.se\/hakanjohansson\/"},{"@type":"ListItem","position":2,"name":"S\u00e5 vill Kristdemokraterna utveckla Bor"}]},{"@type":"WebSite","@id":"https:\/\/wp.kristdemokraterna.se\/hakanjohansson\/#website","url":"https:\/\/wp.kristdemokraterna.se\/hakanjohansson\/","name":"H\u00e5kan Johansson, KD","description":"Politik, musik och teknik...","inLanguage":"sv-SE"},{"@type":"Person","@id":"https:\/\/wp.kristdemokraterna.se\/hakanjohansson\/#\/schema\/person\/1ebb24d2d3a4cdd92106ea18359c8b63","name":"H\u00e5kan Johansson","image":{"@type":"ImageObject","inLanguage":"sv-SE","@id":"https:\/\/secure.gravatar.com\/avatar\/2f492f08c4bdc714d7db0d433c48b51adbc8f67dd2112ac3a50d66d0d1ddd173?s=96&r=g","url":"https:\/\/secure.gravatar.com\/avatar\/2f492f08c4bdc714d7db0d433c48b51adbc8f67dd2112ac3a50d66d0d1ddd173?s=96&r=g","contentUrl":"https:\/\/secure.gravatar.com\/avatar\/2f492f08c4bdc714d7db0d433c48b51adbc8f67dd2112ac3a50d66d0d1ddd173?s=96&r=g","caption":"H\u00e5kan Johansson"},"description":"Politik, musik och teknik...","sameAs":["https:\/\/wp.kristdemokraterna.se\/hakanjohansson"],"url":"https:\/\/wp.kristdemokraterna.se\/hakanjohansson\/author\/hakanjohansson\/"}]}},"_links":{"self":[{"href":"https:\/\/wp.kristdemokraterna.se\/hakanjohansson\/wp-json\/wp\/v2\/posts\/2791","targetHints":{"allow":["GET"]}}],"collection":[{"href":"https:\/\/wp.kristdemokraterna.se\/hakanjohansson\/wp-json\/wp\/v2\/posts"}],"about":[{"href":"https:\/\/wp.kristdemokraterna.se\/hakanjohansson\/wp-json\/wp\/v2\/types\/post"}],"author":[{"embeddable":true,"href":"https:\/\/wp.kristdemokraterna.se\/hakanjohansson\/wp-json\/wp\/v2\/users\/507"}],"replies":[{"embeddable":true,"href":"https:\/\/wp.kristdemokraterna.se\/hakanjohansson\/wp-json\/wp\/v2\/comments?post=2791"}],"version-history":[{"count":3,"href":"https:\/\/wp.kristdemokraterna.se\/hakanjohansson\/wp-json\/wp\/v2\/posts\/2791\/revisions"}],"predecessor-version":[{"id":2794,"href":"https:\/\/wp.kristdemokraterna.se\/hakanjohansson\/wp-json\/wp\/v2\/posts\/2791\/revisions\/2794"}],"wp:attachment":[{"href":"https:\/\/wp.kristdemokraterna.se\/hakanjohansson\/wp-json\/wp\/v2\/media?parent=2791"}],"wp:term":[{"taxonomy":"category","embeddable":true,"href":"https:\/\/wp.kristdemokraterna.se\/hakanjohansson\/wp-json\/wp\/v2\/categories?post=2791"},{"taxonomy":"post_tag","embeddable":true,"href":"https:\/\/wp.kristdemokraterna.se\/hakanjohansson\/wp-json\/wp\/v2\/tags?post=2791"}],"curies":[{"name":"wp","href":"https:\/\/api.w.org\/{rel}","templated":true}]}}