{"id":398,"date":"1996-04-20T18:40:58","date_gmt":"1996-04-20T16:40:58","guid":{"rendered":"http:\/\/wp.kristdemokraterna.se\/hakanjohansson\/?p=398"},"modified":"2018-02-16T18:46:44","modified_gmt":"2018-02-16T17:46:44","slug":"betala-miljoskulden-ar-det-viktigaste","status":"publish","type":"post","link":"https:\/\/wp.kristdemokraterna.se\/hakanjohansson\/1996\/04\/20\/betala-miljoskulden-ar-det-viktigaste\/","title":{"rendered":"Betala milj\u00f6skulden \u00e4r det viktigaste"},"content":{"rendered":"<p>Denna ins\u00e4ndare\u00a0skrev jag egentligen som svar p\u00e5 en annan, men den st\u00e5r sig gott och v\u00e4l sj\u00e4lvst\u00e4ndigt.<\/p>\n<p><!--more--><\/p>\n<h2>Betala milj\u00f6skulden \u00e4r det viktigaste<\/h2>\n<p>Ekonomi handlar om att hush\u00e5lla med knappa (\u00e4ndliga) resurser p\u00e5 effektivast m\u00f6jliga s\u00e4tt. Om vi f\u00f6rbrukar mer resurser \u00e4n vi tillf\u00f6r tar de snart slut, naturligt nog. Det \u00e4r detta fenomen som vi har kunnat bevittna p\u00e5 det statsfinansiella omr\u00e5det under en l\u00e5ng f\u00f6ljd av \u00e5r. D\u00e4rav kommer v\u00e5r nuvarande h\u00f6ga statsskuld.<\/p>\n<p>V\u00e5r planet kan te sig n\u00e4rmast o\u00e4ndligt rik p\u00e5 naturtillg\u00e5ngar ur ett jordyteperspektiv. Vi beh\u00f6ver dock inte fara l\u00e5ngt ut i rymden f\u00f6r att inse att den \u00e4r i h\u00f6gsta grad begr\u00e4nsad. Det skikt som inneh\u00e5ller f\u00f6ruts\u00e4ttningarna f\u00f6r livet, s\u00e5 som vi k\u00e4nner det, \u00e4r ungef\u00e4r proportionellt mot skalets andel av ett \u00e4pple!<\/p>\n<p>Under de senaste 150 \u00e5ren har v\u00e5ra uttag av \u00e4ndliga naturresurser ur jordskorpan accelererat i en aldrig tidigare sk\u00e5dad omfattning. Dessutom har vi sj\u00e4lva tillf\u00f6rt en m\u00e4ngd helt nya \u00e4mnen. I st\u00e4llet f\u00f6r att hush\u00e5lla med dessa resurser och anv\u00e4nda dem till n\u00e5got nytt n\u00e4r de tj\u00e4nat ut sitt f\u00f6rsta \u00e4ndam\u00e5l, har vi spridit dem f\u00f6r vind och vatten i v\u00e5rt &#8221;livsutrymme&#8221;. D\u00e4r h\u00f6r de inte hemma, tv\u00e4rtom motarbetar de livet! Idag st\u00e5r vi d\u00e4rf\u00f6r med en &#8221;milj\u00f6skuld&#8221; som \u00e4r minst lika reell och o\u00e4ndligt mycket allvarligare \u00e4n statsskulden. H\u00e4r g\u00e4ller det livet!<\/p>\n<p>Det \u00e4r detta perspektivet vi m\u00e5ste ha n\u00e4r vi diskuterar bensinskatt och andra milj\u00f6avgifter. Den tid d\u00e5 ekonomer, [&#8230;] , kunde betrakta milj\u00f6fr\u00e5gorna som en \u00f6verfl\u00f6dig lyx att m\u00f6jligen unna sig n\u00e4r konjunkturer och arbetsl\u00f6shetssiffror \u00e4r positiva, \u00e4r f\u00f6r l\u00e4nge sedan f\u00f6rbi (och har f\u00f6rvisso aldrig existerat annat \u00e4n i \u00f6verhettade ekonomhj\u00e4rnor).<\/p>\n<p>Att statsskulden m\u00e5ste betalas \u00e4r alla \u00f6verens om. N\u00e4r ska vi bli s\u00e5 \u00f6verens om att milj\u00f6skulden m\u00e5ste betalas att vi b\u00f6rjar ta krafttag f\u00f6r att hush\u00e5lla med \u00e4ndliga naturresurser \u2013 t\u00e4nka i kretslopp och anv\u00e4nda energin effektivare?<\/p>\n<p>Idag finns det bara tv\u00e5 alternativ. Antingen forts\u00e4tter vi p\u00e5 den inslagna v\u00e4gen och k\u00f6r huvudet i v\u00e4ggen \u2013 de gr\u00e4nser f\u00f6r livet som f\u00f6r l\u00e4nge sedan \u00e4r fastst\u00e4llda av moder jord. Annars s\u00e5 b\u00f6rjar vi st\u00e4lla om hela samh\u00e4llet f\u00f6r en h\u00e5llbar utveckling p\u00e5 v\u00e5r livsmilj\u00f6s villkor.<\/p>\n<p>H\u00e4r finns en marknad med en enorm utvecklingspotential! F\u00f6r\u00e5ldrade ekonomer ryggm\u00e4rgsreagerar med ett &#8221;det g\u00e5r inte&#8221;. Framtidsinriktade vision\u00e4ra ekonomer och entrepren\u00f6rer ser m\u00f6jligheterna som ligger i att vara bland de f\u00f6rsta att forma denna framtidsmarknad!<\/p>\n<p>Privatbilismen \u00e4r en av de enskilt st\u00f6rsta orsakerna till bl a v\u00e4xthuseffekt och \u00f6verg\u00f6dning idag. \u00c5tg\u00e4rder som s\u00e4tts in h\u00e4r blir allts\u00e5 snart effektiva! Om s\u00e5 enkla \u00e5tg\u00e4rder som en stegvis h\u00f6jning av bensinskatten och f\u00f6r\u00e4ndrade f\u00f6rm\u00e5nsregler f\u00f6r tj\u00e4nstebilar kan bli ett incitament f\u00f6r att producera energieffektivare bilmotorer och minska p\u00e5 on\u00f6digt bil\u00e5kande, s\u00e5 \u00e4r det enbart positivt.<\/p>\n<p>D\u00e5 kommer bilisterna att efterfr\u00e5ga bensinsn\u00e5la bilar, eller bilar med alternativa energik\u00e4llor. D\u00e4rigenom \u00e4r marknaden ett faktum och de f\u00e5r ungef\u00e4r lika h\u00f6ga br\u00e4nslekostnader som idag. Personligen skulle jag g\u00e4rna se en h\u00f6gre skattesats, t ex 50 \u00f6re\/liter, f\u00f6r att kunna kompensera glesbygdens folk, som drabbas h\u00e5rt av den f\u00f6reslagna h\u00f6jningen.<\/p>\n<p style=\"text-align: right\"><em>H\u00e5kan Johansson<\/em>, V\u00e4rnamo.<br \/>\nKdS-ledamot i milj\u00f6- och h\u00e4lsoskyddsn\u00e4mnden<\/p>\n<hr \/>\n<p><strong>Publicerad:<\/strong><br \/>\n<em>1996-04-20:<\/em>\u00a0V\u00e4rnamo Nyheter<\/p>\n","protected":false},"excerpt":{"rendered":"<p>Denna ins\u00e4ndare\u00a0skrev jag egentligen som svar p\u00e5 en annan, men den st\u00e5r sig gott och v\u00e4l sj\u00e4lvst\u00e4ndigt.<\/p>\n","protected":false},"author":507,"featured_media":172,"comment_status":"closed","ping_status":"closed","sticky":false,"template":"","format":"standard","meta":{"_acf_changed":false,"footnotes":""},"categories":[40],"tags":[682,132,138,134,136,78,137,141,135,133,14,98,44,8,142,131,130,140,128,129,127,139],"class_list":["post-398","post","type-post","status-publish","format-standard","hentry","category-arkiv","tag-alternativ","tag-bensinskatt","tag-bilism","tag-effektivitet","tag-ekonomer","tag-energi","tag-entreprenorer","tag-glesbygd","tag-hallbar-utveckling","tag-hushallning","tag-insandare","tag-kretslopp","tag-marknad","tag-miljo","tag-miljo-och-halsoskyddsnamnden","tag-miljoavgifter","tag-miljoskuld","tag-overgodning","tag-resurser","tag-statsskuld","tag-tillgangar","tag-vaxthuseffekt"],"acf":[],"yoast_head":"<!-- This site is optimized with the Yoast SEO plugin v27.4 - https:\/\/yoast.com\/product\/yoast-seo-wordpress\/ -->\n<title>Betala milj\u00f6skulden \u00e4r det viktigaste - H\u00e5kan Johansson, KD<\/title>\n<meta name=\"robots\" content=\"index, follow, max-snippet:-1, max-image-preview:large, max-video-preview:-1\" \/>\n<link rel=\"canonical\" href=\"https:\/\/wp.kristdemokraterna.se\/hakanjohansson\/1996\/04\/20\/betala-miljoskulden-ar-det-viktigaste\/\" \/>\n<meta property=\"og:locale\" content=\"sv_SE\" \/>\n<meta property=\"og:type\" content=\"article\" \/>\n<meta property=\"og:title\" content=\"Betala milj\u00f6skulden \u00e4r det viktigaste - H\u00e5kan Johansson, KD\" \/>\n<meta property=\"og:description\" content=\"Denna ins\u00e4ndare\u00a0skrev jag egentligen som svar p\u00e5 en annan, men den st\u00e5r sig gott och v\u00e4l sj\u00e4lvst\u00e4ndigt.\" \/>\n<meta property=\"og:url\" content=\"https:\/\/wp.kristdemokraterna.se\/hakanjohansson\/1996\/04\/20\/betala-miljoskulden-ar-det-viktigaste\/\" \/>\n<meta property=\"og:site_name\" content=\"H\u00e5kan Johansson, KD\" \/>\n<meta property=\"article:published_time\" content=\"1996-04-20T16:40:58+00:00\" \/>\n<meta property=\"article:modified_time\" content=\"2018-02-16T17:46:44+00:00\" \/>\n<meta property=\"og:image\" content=\"https:\/\/wp.kristdemokraterna.se\/hakanjohansson\/files\/2014\/06\/hakan2.jpg\" \/>\n\t<meta property=\"og:image:width\" content=\"104\" \/>\n\t<meta property=\"og:image:height\" content=\"150\" \/>\n\t<meta property=\"og:image:type\" content=\"image\/jpeg\" \/>\n<meta name=\"author\" content=\"H\u00e5kan Johansson\" \/>\n<meta name=\"twitter:card\" content=\"summary_large_image\" \/>\n<meta name=\"twitter:label1\" content=\"Skriven av\" \/>\n\t<meta name=\"twitter:data1\" content=\"H\u00e5kan Johansson\" \/>\n\t<meta name=\"twitter:label2\" content=\"Ber\u00e4knad l\u00e4stid\" \/>\n\t<meta name=\"twitter:data2\" content=\"3 minuter\" \/>\n<script type=\"application\/ld+json\" class=\"yoast-schema-graph\">{\"@context\":\"https:\\\/\\\/schema.org\",\"@graph\":[{\"@type\":\"Article\",\"@id\":\"https:\\\/\\\/wp.kristdemokraterna.se\\\/hakanjohansson\\\/1996\\\/04\\\/20\\\/betala-miljoskulden-ar-det-viktigaste\\\/#article\",\"isPartOf\":{\"@id\":\"https:\\\/\\\/wp.kristdemokraterna.se\\\/hakanjohansson\\\/1996\\\/04\\\/20\\\/betala-miljoskulden-ar-det-viktigaste\\\/\"},\"author\":{\"name\":\"H\u00e5kan Johansson\",\"@id\":\"https:\\\/\\\/wp.kristdemokraterna.se\\\/hakanjohansson\\\/#\\\/schema\\\/person\\\/1ebb24d2d3a4cdd92106ea18359c8b63\"},\"headline\":\"Betala milj\u00f6skulden \u00e4r det viktigaste\",\"datePublished\":\"1996-04-20T16:40:58+00:00\",\"dateModified\":\"2018-02-16T17:46:44+00:00\",\"mainEntityOfPage\":{\"@id\":\"https:\\\/\\\/wp.kristdemokraterna.se\\\/hakanjohansson\\\/1996\\\/04\\\/20\\\/betala-miljoskulden-ar-det-viktigaste\\\/\"},\"wordCount\":660,\"image\":{\"@id\":\"https:\\\/\\\/wp.kristdemokraterna.se\\\/hakanjohansson\\\/1996\\\/04\\\/20\\\/betala-miljoskulden-ar-det-viktigaste\\\/#primaryimage\"},\"thumbnailUrl\":\"https:\\\/\\\/wp.kristdemokraterna.se\\\/hakanjohansson\\\/files\\\/2014\\\/06\\\/hakan2.jpg\",\"keywords\":[\"alternativ\",\"bensinskatt\",\"bilism\",\"effektivitet\",\"ekonomer\",\"energi\",\"entrepren\u00f6rer\",\"glesbygd\",\"h\u00e5llbar utveckling\",\"hush\u00e5llning\",\"ins\u00e4ndare\",\"kretslopp\",\"marknad\",\"milj\u00f6\",\"Milj\u00f6- och h\u00e4lsoskyddsn\u00e4mnden\",\"milj\u00f6avgifter\",\"milj\u00f6skuld\",\"\u00f6verg\u00f6dning\",\"resurser\",\"statsskuld\",\"tillg\u00e5ngar\",\"v\u00e4xthuseffekt\"],\"articleSection\":[\"Arkiv\"],\"inLanguage\":\"sv-SE\"},{\"@type\":\"WebPage\",\"@id\":\"https:\\\/\\\/wp.kristdemokraterna.se\\\/hakanjohansson\\\/1996\\\/04\\\/20\\\/betala-miljoskulden-ar-det-viktigaste\\\/\",\"url\":\"https:\\\/\\\/wp.kristdemokraterna.se\\\/hakanjohansson\\\/1996\\\/04\\\/20\\\/betala-miljoskulden-ar-det-viktigaste\\\/\",\"name\":\"Betala milj\u00f6skulden \u00e4r det viktigaste - H\u00e5kan Johansson, KD\",\"isPartOf\":{\"@id\":\"https:\\\/\\\/wp.kristdemokraterna.se\\\/hakanjohansson\\\/#website\"},\"primaryImageOfPage\":{\"@id\":\"https:\\\/\\\/wp.kristdemokraterna.se\\\/hakanjohansson\\\/1996\\\/04\\\/20\\\/betala-miljoskulden-ar-det-viktigaste\\\/#primaryimage\"},\"image\":{\"@id\":\"https:\\\/\\\/wp.kristdemokraterna.se\\\/hakanjohansson\\\/1996\\\/04\\\/20\\\/betala-miljoskulden-ar-det-viktigaste\\\/#primaryimage\"},\"thumbnailUrl\":\"https:\\\/\\\/wp.kristdemokraterna.se\\\/hakanjohansson\\\/files\\\/2014\\\/06\\\/hakan2.jpg\",\"datePublished\":\"1996-04-20T16:40:58+00:00\",\"dateModified\":\"2018-02-16T17:46:44+00:00\",\"author\":{\"@id\":\"https:\\\/\\\/wp.kristdemokraterna.se\\\/hakanjohansson\\\/#\\\/schema\\\/person\\\/1ebb24d2d3a4cdd92106ea18359c8b63\"},\"breadcrumb\":{\"@id\":\"https:\\\/\\\/wp.kristdemokraterna.se\\\/hakanjohansson\\\/1996\\\/04\\\/20\\\/betala-miljoskulden-ar-det-viktigaste\\\/#breadcrumb\"},\"inLanguage\":\"sv-SE\",\"potentialAction\":[{\"@type\":\"ReadAction\",\"target\":[\"https:\\\/\\\/wp.kristdemokraterna.se\\\/hakanjohansson\\\/1996\\\/04\\\/20\\\/betala-miljoskulden-ar-det-viktigaste\\\/\"]}]},{\"@type\":\"ImageObject\",\"inLanguage\":\"sv-SE\",\"@id\":\"https:\\\/\\\/wp.kristdemokraterna.se\\\/hakanjohansson\\\/1996\\\/04\\\/20\\\/betala-miljoskulden-ar-det-viktigaste\\\/#primaryimage\",\"url\":\"https:\\\/\\\/wp.kristdemokraterna.se\\\/hakanjohansson\\\/files\\\/2014\\\/06\\\/hakan2.jpg\",\"contentUrl\":\"https:\\\/\\\/wp.kristdemokraterna.se\\\/hakanjohansson\\\/files\\\/2014\\\/06\\\/hakan2.jpg\",\"width\":104,\"height\":150,\"caption\":\"H\u00e5kan Johansson, Kristdemokraterna V\u00e4rnamo.\"},{\"@type\":\"BreadcrumbList\",\"@id\":\"https:\\\/\\\/wp.kristdemokraterna.se\\\/hakanjohansson\\\/1996\\\/04\\\/20\\\/betala-miljoskulden-ar-det-viktigaste\\\/#breadcrumb\",\"itemListElement\":[{\"@type\":\"ListItem\",\"position\":1,\"name\":\"Hem\",\"item\":\"https:\\\/\\\/wp.kristdemokraterna.se\\\/hakanjohansson\\\/\"},{\"@type\":\"ListItem\",\"position\":2,\"name\":\"Betala milj\u00f6skulden \u00e4r det viktigaste\"}]},{\"@type\":\"WebSite\",\"@id\":\"https:\\\/\\\/wp.kristdemokraterna.se\\\/hakanjohansson\\\/#website\",\"url\":\"https:\\\/\\\/wp.kristdemokraterna.se\\\/hakanjohansson\\\/\",\"name\":\"H\u00e5kan Johansson, KD\",\"description\":\"Politik, musik och teknik...\",\"inLanguage\":\"sv-SE\"},{\"@type\":\"Person\",\"@id\":\"https:\\\/\\\/wp.kristdemokraterna.se\\\/hakanjohansson\\\/#\\\/schema\\\/person\\\/1ebb24d2d3a4cdd92106ea18359c8b63\",\"name\":\"H\u00e5kan Johansson\",\"image\":{\"@type\":\"ImageObject\",\"inLanguage\":\"sv-SE\",\"@id\":\"https:\\\/\\\/secure.gravatar.com\\\/avatar\\\/2f492f08c4bdc714d7db0d433c48b51adbc8f67dd2112ac3a50d66d0d1ddd173?s=96&r=g\",\"url\":\"https:\\\/\\\/secure.gravatar.com\\\/avatar\\\/2f492f08c4bdc714d7db0d433c48b51adbc8f67dd2112ac3a50d66d0d1ddd173?s=96&r=g\",\"contentUrl\":\"https:\\\/\\\/secure.gravatar.com\\\/avatar\\\/2f492f08c4bdc714d7db0d433c48b51adbc8f67dd2112ac3a50d66d0d1ddd173?s=96&r=g\",\"caption\":\"H\u00e5kan Johansson\"},\"description\":\"Politik, musik och teknik...\",\"sameAs\":[\"https:\\\/\\\/wp.kristdemokraterna.se\\\/hakanjohansson\"],\"url\":\"https:\\\/\\\/wp.kristdemokraterna.se\\\/hakanjohansson\\\/author\\\/hakanjohansson\\\/\"}]}<\/script>\n<!-- \/ Yoast SEO plugin. -->","yoast_head_json":{"title":"Betala milj\u00f6skulden \u00e4r det viktigaste - H\u00e5kan Johansson, KD","robots":{"index":"index","follow":"follow","max-snippet":"max-snippet:-1","max-image-preview":"max-image-preview:large","max-video-preview":"max-video-preview:-1"},"canonical":"https:\/\/wp.kristdemokraterna.se\/hakanjohansson\/1996\/04\/20\/betala-miljoskulden-ar-det-viktigaste\/","og_locale":"sv_SE","og_type":"article","og_title":"Betala milj\u00f6skulden \u00e4r det viktigaste - H\u00e5kan Johansson, KD","og_description":"Denna ins\u00e4ndare\u00a0skrev jag egentligen som svar p\u00e5 en annan, men den st\u00e5r sig gott och v\u00e4l sj\u00e4lvst\u00e4ndigt.","og_url":"https:\/\/wp.kristdemokraterna.se\/hakanjohansson\/1996\/04\/20\/betala-miljoskulden-ar-det-viktigaste\/","og_site_name":"H\u00e5kan Johansson, KD","article_published_time":"1996-04-20T16:40:58+00:00","article_modified_time":"2018-02-16T17:46:44+00:00","og_image":[{"width":104,"height":150,"url":"https:\/\/wp.kristdemokraterna.se\/hakanjohansson\/files\/2014\/06\/hakan2.jpg","type":"image\/jpeg"}],"author":"H\u00e5kan Johansson","twitter_card":"summary_large_image","twitter_misc":{"Skriven av":"H\u00e5kan Johansson","Ber\u00e4knad l\u00e4stid":"3 minuter"},"schema":{"@context":"https:\/\/schema.org","@graph":[{"@type":"Article","@id":"https:\/\/wp.kristdemokraterna.se\/hakanjohansson\/1996\/04\/20\/betala-miljoskulden-ar-det-viktigaste\/#article","isPartOf":{"@id":"https:\/\/wp.kristdemokraterna.se\/hakanjohansson\/1996\/04\/20\/betala-miljoskulden-ar-det-viktigaste\/"},"author":{"name":"H\u00e5kan Johansson","@id":"https:\/\/wp.kristdemokraterna.se\/hakanjohansson\/#\/schema\/person\/1ebb24d2d3a4cdd92106ea18359c8b63"},"headline":"Betala milj\u00f6skulden \u00e4r det viktigaste","datePublished":"1996-04-20T16:40:58+00:00","dateModified":"2018-02-16T17:46:44+00:00","mainEntityOfPage":{"@id":"https:\/\/wp.kristdemokraterna.se\/hakanjohansson\/1996\/04\/20\/betala-miljoskulden-ar-det-viktigaste\/"},"wordCount":660,"image":{"@id":"https:\/\/wp.kristdemokraterna.se\/hakanjohansson\/1996\/04\/20\/betala-miljoskulden-ar-det-viktigaste\/#primaryimage"},"thumbnailUrl":"https:\/\/wp.kristdemokraterna.se\/hakanjohansson\/files\/2014\/06\/hakan2.jpg","keywords":["alternativ","bensinskatt","bilism","effektivitet","ekonomer","energi","entrepren\u00f6rer","glesbygd","h\u00e5llbar utveckling","hush\u00e5llning","ins\u00e4ndare","kretslopp","marknad","milj\u00f6","Milj\u00f6- och h\u00e4lsoskyddsn\u00e4mnden","milj\u00f6avgifter","milj\u00f6skuld","\u00f6verg\u00f6dning","resurser","statsskuld","tillg\u00e5ngar","v\u00e4xthuseffekt"],"articleSection":["Arkiv"],"inLanguage":"sv-SE"},{"@type":"WebPage","@id":"https:\/\/wp.kristdemokraterna.se\/hakanjohansson\/1996\/04\/20\/betala-miljoskulden-ar-det-viktigaste\/","url":"https:\/\/wp.kristdemokraterna.se\/hakanjohansson\/1996\/04\/20\/betala-miljoskulden-ar-det-viktigaste\/","name":"Betala milj\u00f6skulden \u00e4r det viktigaste - H\u00e5kan Johansson, KD","isPartOf":{"@id":"https:\/\/wp.kristdemokraterna.se\/hakanjohansson\/#website"},"primaryImageOfPage":{"@id":"https:\/\/wp.kristdemokraterna.se\/hakanjohansson\/1996\/04\/20\/betala-miljoskulden-ar-det-viktigaste\/#primaryimage"},"image":{"@id":"https:\/\/wp.kristdemokraterna.se\/hakanjohansson\/1996\/04\/20\/betala-miljoskulden-ar-det-viktigaste\/#primaryimage"},"thumbnailUrl":"https:\/\/wp.kristdemokraterna.se\/hakanjohansson\/files\/2014\/06\/hakan2.jpg","datePublished":"1996-04-20T16:40:58+00:00","dateModified":"2018-02-16T17:46:44+00:00","author":{"@id":"https:\/\/wp.kristdemokraterna.se\/hakanjohansson\/#\/schema\/person\/1ebb24d2d3a4cdd92106ea18359c8b63"},"breadcrumb":{"@id":"https:\/\/wp.kristdemokraterna.se\/hakanjohansson\/1996\/04\/20\/betala-miljoskulden-ar-det-viktigaste\/#breadcrumb"},"inLanguage":"sv-SE","potentialAction":[{"@type":"ReadAction","target":["https:\/\/wp.kristdemokraterna.se\/hakanjohansson\/1996\/04\/20\/betala-miljoskulden-ar-det-viktigaste\/"]}]},{"@type":"ImageObject","inLanguage":"sv-SE","@id":"https:\/\/wp.kristdemokraterna.se\/hakanjohansson\/1996\/04\/20\/betala-miljoskulden-ar-det-viktigaste\/#primaryimage","url":"https:\/\/wp.kristdemokraterna.se\/hakanjohansson\/files\/2014\/06\/hakan2.jpg","contentUrl":"https:\/\/wp.kristdemokraterna.se\/hakanjohansson\/files\/2014\/06\/hakan2.jpg","width":104,"height":150,"caption":"H\u00e5kan Johansson, Kristdemokraterna V\u00e4rnamo."},{"@type":"BreadcrumbList","@id":"https:\/\/wp.kristdemokraterna.se\/hakanjohansson\/1996\/04\/20\/betala-miljoskulden-ar-det-viktigaste\/#breadcrumb","itemListElement":[{"@type":"ListItem","position":1,"name":"Hem","item":"https:\/\/wp.kristdemokraterna.se\/hakanjohansson\/"},{"@type":"ListItem","position":2,"name":"Betala milj\u00f6skulden \u00e4r det viktigaste"}]},{"@type":"WebSite","@id":"https:\/\/wp.kristdemokraterna.se\/hakanjohansson\/#website","url":"https:\/\/wp.kristdemokraterna.se\/hakanjohansson\/","name":"H\u00e5kan Johansson, KD","description":"Politik, musik och teknik...","inLanguage":"sv-SE"},{"@type":"Person","@id":"https:\/\/wp.kristdemokraterna.se\/hakanjohansson\/#\/schema\/person\/1ebb24d2d3a4cdd92106ea18359c8b63","name":"H\u00e5kan Johansson","image":{"@type":"ImageObject","inLanguage":"sv-SE","@id":"https:\/\/secure.gravatar.com\/avatar\/2f492f08c4bdc714d7db0d433c48b51adbc8f67dd2112ac3a50d66d0d1ddd173?s=96&r=g","url":"https:\/\/secure.gravatar.com\/avatar\/2f492f08c4bdc714d7db0d433c48b51adbc8f67dd2112ac3a50d66d0d1ddd173?s=96&r=g","contentUrl":"https:\/\/secure.gravatar.com\/avatar\/2f492f08c4bdc714d7db0d433c48b51adbc8f67dd2112ac3a50d66d0d1ddd173?s=96&r=g","caption":"H\u00e5kan Johansson"},"description":"Politik, musik och teknik...","sameAs":["https:\/\/wp.kristdemokraterna.se\/hakanjohansson"],"url":"https:\/\/wp.kristdemokraterna.se\/hakanjohansson\/author\/hakanjohansson\/"}]}},"_links":{"self":[{"href":"https:\/\/wp.kristdemokraterna.se\/hakanjohansson\/wp-json\/wp\/v2\/posts\/398","targetHints":{"allow":["GET"]}}],"collection":[{"href":"https:\/\/wp.kristdemokraterna.se\/hakanjohansson\/wp-json\/wp\/v2\/posts"}],"about":[{"href":"https:\/\/wp.kristdemokraterna.se\/hakanjohansson\/wp-json\/wp\/v2\/types\/post"}],"author":[{"embeddable":true,"href":"https:\/\/wp.kristdemokraterna.se\/hakanjohansson\/wp-json\/wp\/v2\/users\/507"}],"replies":[{"embeddable":true,"href":"https:\/\/wp.kristdemokraterna.se\/hakanjohansson\/wp-json\/wp\/v2\/comments?post=398"}],"version-history":[{"count":9,"href":"https:\/\/wp.kristdemokraterna.se\/hakanjohansson\/wp-json\/wp\/v2\/posts\/398\/revisions"}],"predecessor-version":[{"id":2397,"href":"https:\/\/wp.kristdemokraterna.se\/hakanjohansson\/wp-json\/wp\/v2\/posts\/398\/revisions\/2397"}],"wp:featuredmedia":[{"embeddable":true,"href":"https:\/\/wp.kristdemokraterna.se\/hakanjohansson\/wp-json\/wp\/v2\/media\/172"}],"wp:attachment":[{"href":"https:\/\/wp.kristdemokraterna.se\/hakanjohansson\/wp-json\/wp\/v2\/media?parent=398"}],"wp:term":[{"taxonomy":"category","embeddable":true,"href":"https:\/\/wp.kristdemokraterna.se\/hakanjohansson\/wp-json\/wp\/v2\/categories?post=398"},{"taxonomy":"post_tag","embeddable":true,"href":"https:\/\/wp.kristdemokraterna.se\/hakanjohansson\/wp-json\/wp\/v2\/tags?post=398"}],"curies":[{"name":"wp","href":"https:\/\/api.w.org\/{rel}","templated":true}]}}