{"id":437,"date":"1996-02-15T19:00:10","date_gmt":"1996-02-15T18:00:10","guid":{"rendered":"http:\/\/wp.kristdemokraterna.se\/hakanjohansson\/?p=437"},"modified":"2018-02-16T18:47:58","modified_gmt":"2018-02-16T17:47:58","slug":"betyg-i-oordning-och-upprorande","status":"publish","type":"post","link":"https:\/\/wp.kristdemokraterna.se\/hakanjohansson\/1996\/02\/15\/betyg-i-oordning-och-upprorande\/","title":{"rendered":"Betyg i oordning och uppr\u00f6rande?"},"content":{"rendered":"<p>En sak som jag hade st\u00f6rt mig p\u00e5 l\u00e4nge, \u00e4nda sedan min KDU-tid, var att KdS principprogram kr\u00e4ver att det ska finnas betyg i ordning och uppf\u00f6rande i skolan. D\u00e4rf\u00f6r skrev jag f\u00f6ljande motion till KdS Riksting 1996.<\/p>\n<p><!--more--><\/p>\n<p><em>Motion till KdS riksting 1996<\/em><\/p>\n<h2>Betyg i oordning och uppr\u00f6rande?<\/h2>\n<p>&#8221;N\u00e5gon form av ordnings- och uppf\u00f6randebetyg b\u00f6r finnas&#8221;, heter det i v\u00e5rt senaste principprogram fr\u00e5n 1993. Hur denna anakronism har kunnat h\u00e4nga med in i v\u00e5r tid \u00e4r f\u00f6r mig en g\u00e5ta!<\/p>\n<p>\u00c4r detta \u00f6ver huvud taget m\u00f6jligt att betygs\u00e4tta? Leder det inte snarare till ytterligare utslagning, med f\u00f6rsv\u00e5rade m\u00f6jligheter till en ny chans, av elever med en sv\u00e5r social bakgrund, som s\u00e4kert redan avspeglas i betygen? \u00c4r inte betygsinstrumentet ett alltf\u00f6r subjektivt, godtyckligt och trubbigt verktyg f\u00f6r att uppn\u00e5 m\u00e5let ordning och uppf\u00f6rande i skolan? Inneb\u00e4r inte denna formulering en tillbakag\u00e5ng till fj\u00e4sk och inst\u00e4llsamhet i relationen l\u00e4rare\/elev, till att elever som \u00e4nd\u00e5 inte bryr sig tar \u00f6ver i skolan och till en likriktning av eleverna, d\u00e4r kreativitet och udda beg\u00e5vningar h\u00e4mmas? (Borde vi kanske ist\u00e4llet inf\u00f6ra betyg i oordning och uppr\u00f6rande f\u00f6r de senare, som ibland kan upplevas st\u00f6riga i skolan men senare kan \u00e5terfinnas som kulturskapare och entrepen\u00f6rer?)<\/p>\n<p>&#8221;Skolan skall str\u00e4va efter att vara en levande social gemenskap som ger trygghet och vilja och lust att l\u00e4ra&#8221;, st\u00e5r det i v\u00e5r nuvarande l\u00e4roplan, Lpo 94. I avsnittet om normer och v\u00e4rden heter det att &#8221;Skolan skall aktivt och medvetet p\u00e5verka och stimulera eleverna att omfatta v\u00e5rt samh\u00e4lles gemensamma v\u00e4rderingar och l\u00e5ta dem komma till uttryck i praktisk vardaglig handling&#8221;. Detta ska ske i en demokratisk anda och med respekt f\u00f6r varje elevs individuella egenart: &#8221;Alla som arbetar i skolan skall fr\u00e4mja elevernas f\u00f6rm\u00e5ga och vilja till ansvar och inflytande \u00f6ver den sociala, kulturella och fysiska skolmilj\u00f6n&#8221;. Liknande m\u00e5ls\u00e4ttningar formuleras i Lpf 94.<\/p>\n<p>\u00c4r inte l\u00e4roplanen i kombination med de obligatoriska \u00e5terkommande utvecklingssamtalen, d\u00e4r l\u00e4rare, elever och f\u00f6r\u00e4ldrar p\u00e5 j\u00e4mb\u00f6rdig basis samtalar om &#8221;elevernas kunskapsm\u00e4ssiga och sociala utveckling&#8221;, ett mycket mer objektivt, demokratiskt och effektivt verktyg f\u00f6r att uppn\u00e5 m\u00e5let ordning och uppf\u00f6rande?<\/p>\n<p>Skolan, liksom hela v\u00e5rt samh\u00e4lle, f\u00f6r\u00e4ndras st\u00e4ndigt. L\u00e4roplanernas inriktning i f\u00f6rh\u00e5llningss\u00e4tt, attityder och pedagogik bygger p\u00e5 en m\u00e4nniskosyn som \u00e4r kristen i ordets allra b\u00e4sta mening. L\u00e5t oss visa f\u00f6rtroende f\u00f6r den kompetens som finns i dagens skola och stryka det obsoleta kravet om ordnings- och uppf\u00f6randebetyg!<\/p>\n<p>Undertecknad f\u00f6resl\u00e5r rikstinget besluta<\/p>\n<table>\n<tbody>\n<tr>\n<td width=\"10%\"><em>att<\/em><\/td>\n<td>kravet p\u00e5 ordnings- och uppf\u00f6randebetyg stryks i framtida princip- och handlingsprogram, samt<\/td>\n<\/tr>\n<tr>\n<td width=\"10%\"><em>att<\/em><\/td>\n<td>KdS och dess f\u00f6retr\u00e4dare p\u00e5 olika niv\u00e5er i forts\u00e4ttningen ska agera som om kravet inte l\u00e4ngre finns med i principprogrammet.<\/td>\n<\/tr>\n<\/tbody>\n<\/table>\n<p>V\u00e4rnamo, 1996.02.15<\/p>\n<p style=\"text-align: right\"><em>H\u00e5kan Johansson<\/em><\/p>\n","protected":false},"excerpt":{"rendered":"<p>En sak som jag hade st\u00f6rt mig p\u00e5 l\u00e4nge, \u00e4nda sedan min KDU-tid, var att KdS principprogram kr\u00e4ver att det ska finnas betyg i ordning och uppf\u00f6rande i skolan. D\u00e4rf\u00f6r skrev jag f\u00f6ljande motion till KdS Riksting 1996.<\/p>\n","protected":false},"author":507,"featured_media":172,"comment_status":"closed","ping_status":"closed","sticky":false,"template":"","format":"standard","meta":{"_acf_changed":false,"footnotes":""},"categories":[40],"tags":[161,144,94,156,85,160,164,155,165,163,162,157,110,153,55,13,154,158,159,143,10,60,115,20,124],"class_list":["post-437","post","type-post","status-publish","format-standard","hentry","category-arkiv","tag-attityd","tag-betyg","tag-demokrati","tag-elever","tag-foraldrar","tag-forhallningssatt","tag-fortroende","tag-fysisk","tag-handlingsprogram","tag-kompetens","tag-kristen","tag-kunskap","tag-larare","tag-laroplan","tag-manniskosyn","tag-motion","tag-normer","tag-objektivitet","tag-pedagogik","tag-principprogram","tag-riksting","tag-skola","tag-social","tag-utveckling","tag-varden"],"acf":[],"yoast_head":"<!-- This site is optimized with the Yoast SEO plugin v27.4 - https:\/\/yoast.com\/product\/yoast-seo-wordpress\/ -->\n<title>Betyg i oordning och uppr\u00f6rande? - H\u00e5kan Johansson, KD<\/title>\n<meta name=\"robots\" content=\"index, follow, max-snippet:-1, max-image-preview:large, max-video-preview:-1\" \/>\n<link rel=\"canonical\" href=\"https:\/\/wp.kristdemokraterna.se\/hakanjohansson\/1996\/02\/15\/betyg-i-oordning-och-upprorande\/\" \/>\n<meta property=\"og:locale\" content=\"sv_SE\" \/>\n<meta property=\"og:type\" content=\"article\" \/>\n<meta property=\"og:title\" content=\"Betyg i oordning och uppr\u00f6rande? - H\u00e5kan Johansson, KD\" \/>\n<meta property=\"og:description\" content=\"En sak som jag hade st\u00f6rt mig p\u00e5 l\u00e4nge, \u00e4nda sedan min KDU-tid, var att KdS principprogram kr\u00e4ver att det ska finnas betyg i ordning och uppf\u00f6rande i skolan. D\u00e4rf\u00f6r skrev jag f\u00f6ljande motion till KdS Riksting 1996.\" \/>\n<meta property=\"og:url\" content=\"https:\/\/wp.kristdemokraterna.se\/hakanjohansson\/1996\/02\/15\/betyg-i-oordning-och-upprorande\/\" \/>\n<meta property=\"og:site_name\" content=\"H\u00e5kan Johansson, KD\" \/>\n<meta property=\"article:published_time\" content=\"1996-02-15T18:00:10+00:00\" \/>\n<meta property=\"article:modified_time\" content=\"2018-02-16T17:47:58+00:00\" \/>\n<meta property=\"og:image\" content=\"https:\/\/wp.kristdemokraterna.se\/hakanjohansson\/files\/2014\/06\/hakan2.jpg\" \/>\n\t<meta property=\"og:image:width\" content=\"104\" \/>\n\t<meta property=\"og:image:height\" content=\"150\" \/>\n\t<meta property=\"og:image:type\" content=\"image\/jpeg\" \/>\n<meta name=\"author\" content=\"H\u00e5kan Johansson\" \/>\n<meta name=\"twitter:card\" content=\"summary_large_image\" \/>\n<meta name=\"twitter:label1\" content=\"Skriven av\" \/>\n\t<meta name=\"twitter:data1\" content=\"H\u00e5kan Johansson\" \/>\n\t<meta name=\"twitter:label2\" content=\"Ber\u00e4knad l\u00e4stid\" \/>\n\t<meta name=\"twitter:data2\" content=\"3 minuter\" \/>\n<script type=\"application\/ld+json\" class=\"yoast-schema-graph\">{\"@context\":\"https:\\\/\\\/schema.org\",\"@graph\":[{\"@type\":\"Article\",\"@id\":\"https:\\\/\\\/wp.kristdemokraterna.se\\\/hakanjohansson\\\/1996\\\/02\\\/15\\\/betyg-i-oordning-och-upprorande\\\/#article\",\"isPartOf\":{\"@id\":\"https:\\\/\\\/wp.kristdemokraterna.se\\\/hakanjohansson\\\/1996\\\/02\\\/15\\\/betyg-i-oordning-och-upprorande\\\/\"},\"author\":{\"name\":\"H\u00e5kan Johansson\",\"@id\":\"https:\\\/\\\/wp.kristdemokraterna.se\\\/hakanjohansson\\\/#\\\/schema\\\/person\\\/1ebb24d2d3a4cdd92106ea18359c8b63\"},\"headline\":\"Betyg i oordning och uppr\u00f6rande?\",\"datePublished\":\"1996-02-15T18:00:10+00:00\",\"dateModified\":\"2018-02-16T17:47:58+00:00\",\"mainEntityOfPage\":{\"@id\":\"https:\\\/\\\/wp.kristdemokraterna.se\\\/hakanjohansson\\\/1996\\\/02\\\/15\\\/betyg-i-oordning-och-upprorande\\\/\"},\"wordCount\":529,\"image\":{\"@id\":\"https:\\\/\\\/wp.kristdemokraterna.se\\\/hakanjohansson\\\/1996\\\/02\\\/15\\\/betyg-i-oordning-och-upprorande\\\/#primaryimage\"},\"thumbnailUrl\":\"https:\\\/\\\/wp.kristdemokraterna.se\\\/hakanjohansson\\\/files\\\/2014\\\/06\\\/hakan2.jpg\",\"keywords\":[\"attityd\",\"betyg\",\"demokrati\",\"elever\",\"f\u00f6r\u00e4ldrar\",\"f\u00f6rh\u00e5llningss\u00e4tt\",\"f\u00f6rtroende\",\"fysisk\",\"handlingsprogram\",\"kompetens\",\"kristen\",\"kunskap\",\"l\u00e4rare\",\"l\u00e4roplan\",\"m\u00e4nniskosyn\",\"motion\",\"normer\",\"objektivitet\",\"pedagogik\",\"principprogram\",\"Riksting\",\"skola\",\"social\",\"utveckling\",\"v\u00e4rden\"],\"articleSection\":[\"Arkiv\"],\"inLanguage\":\"sv-SE\"},{\"@type\":\"WebPage\",\"@id\":\"https:\\\/\\\/wp.kristdemokraterna.se\\\/hakanjohansson\\\/1996\\\/02\\\/15\\\/betyg-i-oordning-och-upprorande\\\/\",\"url\":\"https:\\\/\\\/wp.kristdemokraterna.se\\\/hakanjohansson\\\/1996\\\/02\\\/15\\\/betyg-i-oordning-och-upprorande\\\/\",\"name\":\"Betyg i oordning och uppr\u00f6rande? - H\u00e5kan Johansson, KD\",\"isPartOf\":{\"@id\":\"https:\\\/\\\/wp.kristdemokraterna.se\\\/hakanjohansson\\\/#website\"},\"primaryImageOfPage\":{\"@id\":\"https:\\\/\\\/wp.kristdemokraterna.se\\\/hakanjohansson\\\/1996\\\/02\\\/15\\\/betyg-i-oordning-och-upprorande\\\/#primaryimage\"},\"image\":{\"@id\":\"https:\\\/\\\/wp.kristdemokraterna.se\\\/hakanjohansson\\\/1996\\\/02\\\/15\\\/betyg-i-oordning-och-upprorande\\\/#primaryimage\"},\"thumbnailUrl\":\"https:\\\/\\\/wp.kristdemokraterna.se\\\/hakanjohansson\\\/files\\\/2014\\\/06\\\/hakan2.jpg\",\"datePublished\":\"1996-02-15T18:00:10+00:00\",\"dateModified\":\"2018-02-16T17:47:58+00:00\",\"author\":{\"@id\":\"https:\\\/\\\/wp.kristdemokraterna.se\\\/hakanjohansson\\\/#\\\/schema\\\/person\\\/1ebb24d2d3a4cdd92106ea18359c8b63\"},\"breadcrumb\":{\"@id\":\"https:\\\/\\\/wp.kristdemokraterna.se\\\/hakanjohansson\\\/1996\\\/02\\\/15\\\/betyg-i-oordning-och-upprorande\\\/#breadcrumb\"},\"inLanguage\":\"sv-SE\",\"potentialAction\":[{\"@type\":\"ReadAction\",\"target\":[\"https:\\\/\\\/wp.kristdemokraterna.se\\\/hakanjohansson\\\/1996\\\/02\\\/15\\\/betyg-i-oordning-och-upprorande\\\/\"]}]},{\"@type\":\"ImageObject\",\"inLanguage\":\"sv-SE\",\"@id\":\"https:\\\/\\\/wp.kristdemokraterna.se\\\/hakanjohansson\\\/1996\\\/02\\\/15\\\/betyg-i-oordning-och-upprorande\\\/#primaryimage\",\"url\":\"https:\\\/\\\/wp.kristdemokraterna.se\\\/hakanjohansson\\\/files\\\/2014\\\/06\\\/hakan2.jpg\",\"contentUrl\":\"https:\\\/\\\/wp.kristdemokraterna.se\\\/hakanjohansson\\\/files\\\/2014\\\/06\\\/hakan2.jpg\",\"width\":104,\"height\":150,\"caption\":\"H\u00e5kan Johansson, Kristdemokraterna V\u00e4rnamo.\"},{\"@type\":\"BreadcrumbList\",\"@id\":\"https:\\\/\\\/wp.kristdemokraterna.se\\\/hakanjohansson\\\/1996\\\/02\\\/15\\\/betyg-i-oordning-och-upprorande\\\/#breadcrumb\",\"itemListElement\":[{\"@type\":\"ListItem\",\"position\":1,\"name\":\"Hem\",\"item\":\"https:\\\/\\\/wp.kristdemokraterna.se\\\/hakanjohansson\\\/\"},{\"@type\":\"ListItem\",\"position\":2,\"name\":\"Betyg i oordning och uppr\u00f6rande?\"}]},{\"@type\":\"WebSite\",\"@id\":\"https:\\\/\\\/wp.kristdemokraterna.se\\\/hakanjohansson\\\/#website\",\"url\":\"https:\\\/\\\/wp.kristdemokraterna.se\\\/hakanjohansson\\\/\",\"name\":\"H\u00e5kan Johansson, KD\",\"description\":\"Politik, musik och teknik...\",\"inLanguage\":\"sv-SE\"},{\"@type\":\"Person\",\"@id\":\"https:\\\/\\\/wp.kristdemokraterna.se\\\/hakanjohansson\\\/#\\\/schema\\\/person\\\/1ebb24d2d3a4cdd92106ea18359c8b63\",\"name\":\"H\u00e5kan Johansson\",\"image\":{\"@type\":\"ImageObject\",\"inLanguage\":\"sv-SE\",\"@id\":\"https:\\\/\\\/secure.gravatar.com\\\/avatar\\\/2f492f08c4bdc714d7db0d433c48b51adbc8f67dd2112ac3a50d66d0d1ddd173?s=96&r=g\",\"url\":\"https:\\\/\\\/secure.gravatar.com\\\/avatar\\\/2f492f08c4bdc714d7db0d433c48b51adbc8f67dd2112ac3a50d66d0d1ddd173?s=96&r=g\",\"contentUrl\":\"https:\\\/\\\/secure.gravatar.com\\\/avatar\\\/2f492f08c4bdc714d7db0d433c48b51adbc8f67dd2112ac3a50d66d0d1ddd173?s=96&r=g\",\"caption\":\"H\u00e5kan Johansson\"},\"description\":\"Politik, musik och teknik...\",\"sameAs\":[\"https:\\\/\\\/wp.kristdemokraterna.se\\\/hakanjohansson\"],\"url\":\"https:\\\/\\\/wp.kristdemokraterna.se\\\/hakanjohansson\\\/author\\\/hakanjohansson\\\/\"}]}<\/script>\n<!-- \/ Yoast SEO plugin. -->","yoast_head_json":{"title":"Betyg i oordning och uppr\u00f6rande? - H\u00e5kan Johansson, KD","robots":{"index":"index","follow":"follow","max-snippet":"max-snippet:-1","max-image-preview":"max-image-preview:large","max-video-preview":"max-video-preview:-1"},"canonical":"https:\/\/wp.kristdemokraterna.se\/hakanjohansson\/1996\/02\/15\/betyg-i-oordning-och-upprorande\/","og_locale":"sv_SE","og_type":"article","og_title":"Betyg i oordning och uppr\u00f6rande? - H\u00e5kan Johansson, KD","og_description":"En sak som jag hade st\u00f6rt mig p\u00e5 l\u00e4nge, \u00e4nda sedan min KDU-tid, var att KdS principprogram kr\u00e4ver att det ska finnas betyg i ordning och uppf\u00f6rande i skolan. D\u00e4rf\u00f6r skrev jag f\u00f6ljande motion till KdS Riksting 1996.","og_url":"https:\/\/wp.kristdemokraterna.se\/hakanjohansson\/1996\/02\/15\/betyg-i-oordning-och-upprorande\/","og_site_name":"H\u00e5kan Johansson, KD","article_published_time":"1996-02-15T18:00:10+00:00","article_modified_time":"2018-02-16T17:47:58+00:00","og_image":[{"width":104,"height":150,"url":"https:\/\/wp.kristdemokraterna.se\/hakanjohansson\/files\/2014\/06\/hakan2.jpg","type":"image\/jpeg"}],"author":"H\u00e5kan Johansson","twitter_card":"summary_large_image","twitter_misc":{"Skriven av":"H\u00e5kan Johansson","Ber\u00e4knad l\u00e4stid":"3 minuter"},"schema":{"@context":"https:\/\/schema.org","@graph":[{"@type":"Article","@id":"https:\/\/wp.kristdemokraterna.se\/hakanjohansson\/1996\/02\/15\/betyg-i-oordning-och-upprorande\/#article","isPartOf":{"@id":"https:\/\/wp.kristdemokraterna.se\/hakanjohansson\/1996\/02\/15\/betyg-i-oordning-och-upprorande\/"},"author":{"name":"H\u00e5kan Johansson","@id":"https:\/\/wp.kristdemokraterna.se\/hakanjohansson\/#\/schema\/person\/1ebb24d2d3a4cdd92106ea18359c8b63"},"headline":"Betyg i oordning och uppr\u00f6rande?","datePublished":"1996-02-15T18:00:10+00:00","dateModified":"2018-02-16T17:47:58+00:00","mainEntityOfPage":{"@id":"https:\/\/wp.kristdemokraterna.se\/hakanjohansson\/1996\/02\/15\/betyg-i-oordning-och-upprorande\/"},"wordCount":529,"image":{"@id":"https:\/\/wp.kristdemokraterna.se\/hakanjohansson\/1996\/02\/15\/betyg-i-oordning-och-upprorande\/#primaryimage"},"thumbnailUrl":"https:\/\/wp.kristdemokraterna.se\/hakanjohansson\/files\/2014\/06\/hakan2.jpg","keywords":["attityd","betyg","demokrati","elever","f\u00f6r\u00e4ldrar","f\u00f6rh\u00e5llningss\u00e4tt","f\u00f6rtroende","fysisk","handlingsprogram","kompetens","kristen","kunskap","l\u00e4rare","l\u00e4roplan","m\u00e4nniskosyn","motion","normer","objektivitet","pedagogik","principprogram","Riksting","skola","social","utveckling","v\u00e4rden"],"articleSection":["Arkiv"],"inLanguage":"sv-SE"},{"@type":"WebPage","@id":"https:\/\/wp.kristdemokraterna.se\/hakanjohansson\/1996\/02\/15\/betyg-i-oordning-och-upprorande\/","url":"https:\/\/wp.kristdemokraterna.se\/hakanjohansson\/1996\/02\/15\/betyg-i-oordning-och-upprorande\/","name":"Betyg i oordning och uppr\u00f6rande? - H\u00e5kan Johansson, KD","isPartOf":{"@id":"https:\/\/wp.kristdemokraterna.se\/hakanjohansson\/#website"},"primaryImageOfPage":{"@id":"https:\/\/wp.kristdemokraterna.se\/hakanjohansson\/1996\/02\/15\/betyg-i-oordning-och-upprorande\/#primaryimage"},"image":{"@id":"https:\/\/wp.kristdemokraterna.se\/hakanjohansson\/1996\/02\/15\/betyg-i-oordning-och-upprorande\/#primaryimage"},"thumbnailUrl":"https:\/\/wp.kristdemokraterna.se\/hakanjohansson\/files\/2014\/06\/hakan2.jpg","datePublished":"1996-02-15T18:00:10+00:00","dateModified":"2018-02-16T17:47:58+00:00","author":{"@id":"https:\/\/wp.kristdemokraterna.se\/hakanjohansson\/#\/schema\/person\/1ebb24d2d3a4cdd92106ea18359c8b63"},"breadcrumb":{"@id":"https:\/\/wp.kristdemokraterna.se\/hakanjohansson\/1996\/02\/15\/betyg-i-oordning-och-upprorande\/#breadcrumb"},"inLanguage":"sv-SE","potentialAction":[{"@type":"ReadAction","target":["https:\/\/wp.kristdemokraterna.se\/hakanjohansson\/1996\/02\/15\/betyg-i-oordning-och-upprorande\/"]}]},{"@type":"ImageObject","inLanguage":"sv-SE","@id":"https:\/\/wp.kristdemokraterna.se\/hakanjohansson\/1996\/02\/15\/betyg-i-oordning-och-upprorande\/#primaryimage","url":"https:\/\/wp.kristdemokraterna.se\/hakanjohansson\/files\/2014\/06\/hakan2.jpg","contentUrl":"https:\/\/wp.kristdemokraterna.se\/hakanjohansson\/files\/2014\/06\/hakan2.jpg","width":104,"height":150,"caption":"H\u00e5kan Johansson, Kristdemokraterna V\u00e4rnamo."},{"@type":"BreadcrumbList","@id":"https:\/\/wp.kristdemokraterna.se\/hakanjohansson\/1996\/02\/15\/betyg-i-oordning-och-upprorande\/#breadcrumb","itemListElement":[{"@type":"ListItem","position":1,"name":"Hem","item":"https:\/\/wp.kristdemokraterna.se\/hakanjohansson\/"},{"@type":"ListItem","position":2,"name":"Betyg i oordning och uppr\u00f6rande?"}]},{"@type":"WebSite","@id":"https:\/\/wp.kristdemokraterna.se\/hakanjohansson\/#website","url":"https:\/\/wp.kristdemokraterna.se\/hakanjohansson\/","name":"H\u00e5kan Johansson, KD","description":"Politik, musik och teknik...","inLanguage":"sv-SE"},{"@type":"Person","@id":"https:\/\/wp.kristdemokraterna.se\/hakanjohansson\/#\/schema\/person\/1ebb24d2d3a4cdd92106ea18359c8b63","name":"H\u00e5kan Johansson","image":{"@type":"ImageObject","inLanguage":"sv-SE","@id":"https:\/\/secure.gravatar.com\/avatar\/2f492f08c4bdc714d7db0d433c48b51adbc8f67dd2112ac3a50d66d0d1ddd173?s=96&r=g","url":"https:\/\/secure.gravatar.com\/avatar\/2f492f08c4bdc714d7db0d433c48b51adbc8f67dd2112ac3a50d66d0d1ddd173?s=96&r=g","contentUrl":"https:\/\/secure.gravatar.com\/avatar\/2f492f08c4bdc714d7db0d433c48b51adbc8f67dd2112ac3a50d66d0d1ddd173?s=96&r=g","caption":"H\u00e5kan Johansson"},"description":"Politik, musik och teknik...","sameAs":["https:\/\/wp.kristdemokraterna.se\/hakanjohansson"],"url":"https:\/\/wp.kristdemokraterna.se\/hakanjohansson\/author\/hakanjohansson\/"}]}},"_links":{"self":[{"href":"https:\/\/wp.kristdemokraterna.se\/hakanjohansson\/wp-json\/wp\/v2\/posts\/437","targetHints":{"allow":["GET"]}}],"collection":[{"href":"https:\/\/wp.kristdemokraterna.se\/hakanjohansson\/wp-json\/wp\/v2\/posts"}],"about":[{"href":"https:\/\/wp.kristdemokraterna.se\/hakanjohansson\/wp-json\/wp\/v2\/types\/post"}],"author":[{"embeddable":true,"href":"https:\/\/wp.kristdemokraterna.se\/hakanjohansson\/wp-json\/wp\/v2\/users\/507"}],"replies":[{"embeddable":true,"href":"https:\/\/wp.kristdemokraterna.se\/hakanjohansson\/wp-json\/wp\/v2\/comments?post=437"}],"version-history":[{"count":8,"href":"https:\/\/wp.kristdemokraterna.se\/hakanjohansson\/wp-json\/wp\/v2\/posts\/437\/revisions"}],"predecessor-version":[{"id":2398,"href":"https:\/\/wp.kristdemokraterna.se\/hakanjohansson\/wp-json\/wp\/v2\/posts\/437\/revisions\/2398"}],"wp:featuredmedia":[{"embeddable":true,"href":"https:\/\/wp.kristdemokraterna.se\/hakanjohansson\/wp-json\/wp\/v2\/media\/172"}],"wp:attachment":[{"href":"https:\/\/wp.kristdemokraterna.se\/hakanjohansson\/wp-json\/wp\/v2\/media?parent=437"}],"wp:term":[{"taxonomy":"category","embeddable":true,"href":"https:\/\/wp.kristdemokraterna.se\/hakanjohansson\/wp-json\/wp\/v2\/categories?post=437"},{"taxonomy":"post_tag","embeddable":true,"href":"https:\/\/wp.kristdemokraterna.se\/hakanjohansson\/wp-json\/wp\/v2\/tags?post=437"}],"curies":[{"name":"wp","href":"https:\/\/api.w.org\/{rel}","templated":true}]}}