{"id":483,"date":"2014-06-10T13:21:06","date_gmt":"2014-06-10T11:21:06","guid":{"rendered":"http:\/\/wp.kristdemokraterna.se\/hakanjohansson\/?p=483"},"modified":"2018-02-16T17:57:36","modified_gmt":"2018-02-16T16:57:36","slug":"tack-varnamo","status":"publish","type":"post","link":"https:\/\/wp.kristdemokraterna.se\/hakanjohansson\/2014\/06\/10\/tack-varnamo\/","title":{"rendered":"Tack V\u00e4rnamo!"},"content":{"rendered":"<p>Efter Kristdemokraternas\u00a0minst sagt lyckade <a title=\"N\u00e4st b\u00e4sta valresultatet n\u00e5gonsin\" href=\"http:\/\/wp.kristdemokraterna.se\/varnamo\/2014\/05\/28\/nast-basta-valresultatet-nagonsin\/\" target=\"_blank\" rel=\"noopener\">resultat i valet till Europaparlamentet<\/a> fick Torbj\u00f6rn Eriksson den utm\u00e4rkta id\u00e9n att dela ut ett <a title=\"Tack V\u00e4rnamo!\" href=\"http:\/\/wp.kristdemokraterna.se\/varnamo\/2014\/06\/10\/tack-varnamo\/\" target=\"_blank\" rel=\"noopener\">flygblad till alla hush\u00e5ll<\/a> i V\u00e4rnamo kommun. Torbj\u00f6rn skrev texten och jag fick i uppdrag att\u00a0utforma flygbladet.\u00a0Texten skickades \u00e4ven som ins\u00e4ndare och handlar om att Kristdemokraterna blev st\u00f6rsta alliansparti i V\u00e4rnamo och \u00e4r beredda att ta \u00f6ver rollen som Kommunstyrelsens ordf\u00f6rande i V\u00e4rnamo.<\/p>\n<p><strong>Till\u00e4gg 2014-06-15:\u00a0<\/strong>1042 av dem har jag delat ut nu. pust&#8230;<\/p>\n<p><!--more--><\/p>\n<h2>Tack V\u00e4rnamo!<\/h2>\n<p>Ni har skickat en envis journalist till Bryssel. I V\u00e4rnamo kommun fick Kristdemokraterna 16,52 % av r\u00f6sterna och blev d\u00e4rmed klart st\u00f6rsta Alliansparti!<\/p>\n<p>Nu ser vi fram mot h\u00f6stens val och att s\u00e4tta r\u00e4tt agenda \u00e4ven h\u00e4r i V\u00e4rnamo.<\/p>\n<p>Vi kristdemokrater vill att V\u00e4rnamo ska vara Sveriges b\u00e4sta kommun att v\u00e4xa upp i.<\/p>\n<p>\u00c4r du ocks\u00e5 angel\u00e4gen om v\u00e5ra barns och ungas uppv\u00e4xtvillkor? D\u00e5 ska du r\u00f6sta p\u00e5 oss i h\u00f6stens val.<\/p>\n<p>V\u00e4lkommen att engagera dig i Kristdemokraterna \u2013 familjens r\u00f6st.<\/p>\n<p style=\"text-align: right\"><em>Torbj\u00f6rn Eriksson<\/em>, V\u00e4rnamo<br \/>\nValledare och toppkandidat i Landstingsvalet<\/p>\n<p style=\"text-align: right\">och<\/p>\n<p style=\"text-align: right\"><em>Camilla Rinaldo Miller<\/em>, Bredaryd<br \/>\nOrdf\u00f6rande och kommunalr\u00e5dskandidat i Kommunvalet.<\/p>\n","protected":false},"excerpt":{"rendered":"<p>Efter Kristdemokraternas\u00a0minst sagt lyckade resultat i valet till Europaparlamentet fick Torbj\u00f6rn Eriksson den utm\u00e4rkta id\u00e9n att dela ut ett flygblad till alla hush\u00e5ll i V\u00e4rnamo kommun. Torbj\u00f6rn skrev texten och jag fick i uppdrag att\u00a0utforma flygbladet.\u00a0Texten skickades \u00e4ven som ins\u00e4ndare och handlar om att Kristdemokraterna blev st\u00f6rsta alliansparti i V\u00e4rnamo och \u00e4r beredda att ta&hellip; <a class=\"read-more-link\" href=\"https:\/\/wp.kristdemokraterna.se\/hakanjohansson\/2014\/06\/10\/tack-varnamo\/\">Forts\u00e4tt l\u00e4sa<\/a><\/p>\n","protected":false},"author":507,"featured_media":123,"comment_status":"closed","ping_status":"closed","sticky":false,"template":"","format":"standard","meta":{"_acf_changed":false,"footnotes":""},"categories":[3],"tags":[152,259,258,83,254,260,255,14,256,32,257,253,261,22,5],"class_list":["post-483","post","type-post","status-publish","format-standard","hentry","category-debatt","tag-alliansen","tag-barns-och-ungas-uppvaxtvillkor","tag-basta-kommun-att-vaxa-upp-i","tag-camilla-rinaldo-miller","tag-europaparlamentet","tag-familjens-rost","tag-flygblad","tag-insandare","tag-kommunstyrelsens-ordforande","tag-kristdemokraterna","tag-ratt-agenda","tag-resultat","tag-torbjorn-eriksson","tag-val","tag-varnamo"],"acf":[],"yoast_head":"<!-- This site is optimized with the Yoast SEO plugin v27.4 - https:\/\/yoast.com\/product\/yoast-seo-wordpress\/ -->\n<title>Tack V\u00e4rnamo! - H\u00e5kan Johansson, KD<\/title>\n<meta name=\"robots\" content=\"index, follow, max-snippet:-1, max-image-preview:large, max-video-preview:-1\" \/>\n<link rel=\"canonical\" href=\"https:\/\/wp.kristdemokraterna.se\/hakanjohansson\/2014\/06\/10\/tack-varnamo\/\" \/>\n<meta property=\"og:locale\" content=\"sv_SE\" \/>\n<meta property=\"og:type\" content=\"article\" \/>\n<meta property=\"og:title\" content=\"Tack V\u00e4rnamo! - H\u00e5kan Johansson, KD\" \/>\n<meta property=\"og:description\" content=\"Efter Kristdemokraternas\u00a0minst sagt lyckade resultat i valet till Europaparlamentet fick Torbj\u00f6rn Eriksson den utm\u00e4rkta id\u00e9n att dela ut ett flygblad till alla hush\u00e5ll i V\u00e4rnamo kommun. Torbj\u00f6rn skrev texten och jag fick i uppdrag att\u00a0utforma flygbladet.\u00a0Texten skickades \u00e4ven som ins\u00e4ndare och handlar om att Kristdemokraterna blev st\u00f6rsta alliansparti i V\u00e4rnamo och \u00e4r beredda att ta&hellip; Forts\u00e4tt l\u00e4sa\" \/>\n<meta property=\"og:url\" content=\"https:\/\/wp.kristdemokraterna.se\/hakanjohansson\/2014\/06\/10\/tack-varnamo\/\" \/>\n<meta property=\"og:site_name\" content=\"H\u00e5kan Johansson, KD\" \/>\n<meta property=\"article:published_time\" content=\"2014-06-10T11:21:06+00:00\" \/>\n<meta property=\"article:modified_time\" content=\"2018-02-16T16:57:36+00:00\" \/>\n<meta property=\"og:image\" content=\"https:\/\/wp.kristdemokraterna.se\/hakanjohansson\/files\/2014\/06\/hakan_johansson_2013.png\" \/>\n\t<meta property=\"og:image:width\" content=\"256\" \/>\n\t<meta property=\"og:image:height\" content=\"300\" \/>\n\t<meta property=\"og:image:type\" content=\"image\/png\" \/>\n<meta name=\"author\" content=\"H\u00e5kan Johansson\" \/>\n<meta name=\"twitter:card\" content=\"summary_large_image\" \/>\n<meta name=\"twitter:label1\" content=\"Skriven av\" \/>\n\t<meta name=\"twitter:data1\" content=\"H\u00e5kan Johansson\" \/>\n\t<meta name=\"twitter:label2\" content=\"Ber\u00e4knad l\u00e4stid\" \/>\n\t<meta name=\"twitter:data2\" content=\"1 minut\" \/>\n<script type=\"application\/ld+json\" class=\"yoast-schema-graph\">{\"@context\":\"https:\\\/\\\/schema.org\",\"@graph\":[{\"@type\":\"Article\",\"@id\":\"https:\\\/\\\/wp.kristdemokraterna.se\\\/hakanjohansson\\\/2014\\\/06\\\/10\\\/tack-varnamo\\\/#article\",\"isPartOf\":{\"@id\":\"https:\\\/\\\/wp.kristdemokraterna.se\\\/hakanjohansson\\\/2014\\\/06\\\/10\\\/tack-varnamo\\\/\"},\"author\":{\"name\":\"H\u00e5kan Johansson\",\"@id\":\"https:\\\/\\\/wp.kristdemokraterna.se\\\/hakanjohansson\\\/#\\\/schema\\\/person\\\/1ebb24d2d3a4cdd92106ea18359c8b63\"},\"headline\":\"Tack V\u00e4rnamo!\",\"datePublished\":\"2014-06-10T11:21:06+00:00\",\"dateModified\":\"2018-02-16T16:57:36+00:00\",\"mainEntityOfPage\":{\"@id\":\"https:\\\/\\\/wp.kristdemokraterna.se\\\/hakanjohansson\\\/2014\\\/06\\\/10\\\/tack-varnamo\\\/\"},\"wordCount\":213,\"image\":{\"@id\":\"https:\\\/\\\/wp.kristdemokraterna.se\\\/hakanjohansson\\\/2014\\\/06\\\/10\\\/tack-varnamo\\\/#primaryimage\"},\"thumbnailUrl\":\"https:\\\/\\\/wp.kristdemokraterna.se\\\/hakanjohansson\\\/files\\\/2014\\\/06\\\/hakan_johansson_2013.png\",\"keywords\":[\"Alliansen\",\"barns och ungas uppv\u00e4xtvillkor\",\"b\u00e4sta kommun att v\u00e4xa upp i\",\"Camilla Rinaldo Miller\",\"Europaparlamentet\",\"familjens r\u00f6st\",\"flygblad\",\"ins\u00e4ndare\",\"Kommunstyrelsens ordf\u00f6rande\",\"Kristdemokraterna\",\"r\u00e4tt agenda\",\"resultat\",\"Torbj\u00f6rn Eriksson\",\"val\",\"V\u00e4rnamo\"],\"articleSection\":[\"Debatt\"],\"inLanguage\":\"sv-SE\"},{\"@type\":\"WebPage\",\"@id\":\"https:\\\/\\\/wp.kristdemokraterna.se\\\/hakanjohansson\\\/2014\\\/06\\\/10\\\/tack-varnamo\\\/\",\"url\":\"https:\\\/\\\/wp.kristdemokraterna.se\\\/hakanjohansson\\\/2014\\\/06\\\/10\\\/tack-varnamo\\\/\",\"name\":\"Tack V\u00e4rnamo! - H\u00e5kan Johansson, KD\",\"isPartOf\":{\"@id\":\"https:\\\/\\\/wp.kristdemokraterna.se\\\/hakanjohansson\\\/#website\"},\"primaryImageOfPage\":{\"@id\":\"https:\\\/\\\/wp.kristdemokraterna.se\\\/hakanjohansson\\\/2014\\\/06\\\/10\\\/tack-varnamo\\\/#primaryimage\"},\"image\":{\"@id\":\"https:\\\/\\\/wp.kristdemokraterna.se\\\/hakanjohansson\\\/2014\\\/06\\\/10\\\/tack-varnamo\\\/#primaryimage\"},\"thumbnailUrl\":\"https:\\\/\\\/wp.kristdemokraterna.se\\\/hakanjohansson\\\/files\\\/2014\\\/06\\\/hakan_johansson_2013.png\",\"datePublished\":\"2014-06-10T11:21:06+00:00\",\"dateModified\":\"2018-02-16T16:57:36+00:00\",\"author\":{\"@id\":\"https:\\\/\\\/wp.kristdemokraterna.se\\\/hakanjohansson\\\/#\\\/schema\\\/person\\\/1ebb24d2d3a4cdd92106ea18359c8b63\"},\"breadcrumb\":{\"@id\":\"https:\\\/\\\/wp.kristdemokraterna.se\\\/hakanjohansson\\\/2014\\\/06\\\/10\\\/tack-varnamo\\\/#breadcrumb\"},\"inLanguage\":\"sv-SE\",\"potentialAction\":[{\"@type\":\"ReadAction\",\"target\":[\"https:\\\/\\\/wp.kristdemokraterna.se\\\/hakanjohansson\\\/2014\\\/06\\\/10\\\/tack-varnamo\\\/\"]}]},{\"@type\":\"ImageObject\",\"inLanguage\":\"sv-SE\",\"@id\":\"https:\\\/\\\/wp.kristdemokraterna.se\\\/hakanjohansson\\\/2014\\\/06\\\/10\\\/tack-varnamo\\\/#primaryimage\",\"url\":\"https:\\\/\\\/wp.kristdemokraterna.se\\\/hakanjohansson\\\/files\\\/2014\\\/06\\\/hakan_johansson_2013.png\",\"contentUrl\":\"https:\\\/\\\/wp.kristdemokraterna.se\\\/hakanjohansson\\\/files\\\/2014\\\/06\\\/hakan_johansson_2013.png\",\"width\":256,\"height\":300,\"caption\":\"H\u00e5kan Johansson, Kristdemokraterna V\u00e4rnamo. (Foto: Lennart Molin)\"},{\"@type\":\"BreadcrumbList\",\"@id\":\"https:\\\/\\\/wp.kristdemokraterna.se\\\/hakanjohansson\\\/2014\\\/06\\\/10\\\/tack-varnamo\\\/#breadcrumb\",\"itemListElement\":[{\"@type\":\"ListItem\",\"position\":1,\"name\":\"Hem\",\"item\":\"https:\\\/\\\/wp.kristdemokraterna.se\\\/hakanjohansson\\\/\"},{\"@type\":\"ListItem\",\"position\":2,\"name\":\"Tack V\u00e4rnamo!\"}]},{\"@type\":\"WebSite\",\"@id\":\"https:\\\/\\\/wp.kristdemokraterna.se\\\/hakanjohansson\\\/#website\",\"url\":\"https:\\\/\\\/wp.kristdemokraterna.se\\\/hakanjohansson\\\/\",\"name\":\"H\u00e5kan Johansson, KD\",\"description\":\"Politik, musik och teknik...\",\"inLanguage\":\"sv-SE\"},{\"@type\":\"Person\",\"@id\":\"https:\\\/\\\/wp.kristdemokraterna.se\\\/hakanjohansson\\\/#\\\/schema\\\/person\\\/1ebb24d2d3a4cdd92106ea18359c8b63\",\"name\":\"H\u00e5kan Johansson\",\"image\":{\"@type\":\"ImageObject\",\"inLanguage\":\"sv-SE\",\"@id\":\"https:\\\/\\\/secure.gravatar.com\\\/avatar\\\/2f492f08c4bdc714d7db0d433c48b51adbc8f67dd2112ac3a50d66d0d1ddd173?s=96&r=g\",\"url\":\"https:\\\/\\\/secure.gravatar.com\\\/avatar\\\/2f492f08c4bdc714d7db0d433c48b51adbc8f67dd2112ac3a50d66d0d1ddd173?s=96&r=g\",\"contentUrl\":\"https:\\\/\\\/secure.gravatar.com\\\/avatar\\\/2f492f08c4bdc714d7db0d433c48b51adbc8f67dd2112ac3a50d66d0d1ddd173?s=96&r=g\",\"caption\":\"H\u00e5kan Johansson\"},\"description\":\"Politik, musik och teknik...\",\"sameAs\":[\"https:\\\/\\\/wp.kristdemokraterna.se\\\/hakanjohansson\"],\"url\":\"https:\\\/\\\/wp.kristdemokraterna.se\\\/hakanjohansson\\\/author\\\/hakanjohansson\\\/\"}]}<\/script>\n<!-- \/ Yoast SEO plugin. -->","yoast_head_json":{"title":"Tack V\u00e4rnamo! - H\u00e5kan Johansson, KD","robots":{"index":"index","follow":"follow","max-snippet":"max-snippet:-1","max-image-preview":"max-image-preview:large","max-video-preview":"max-video-preview:-1"},"canonical":"https:\/\/wp.kristdemokraterna.se\/hakanjohansson\/2014\/06\/10\/tack-varnamo\/","og_locale":"sv_SE","og_type":"article","og_title":"Tack V\u00e4rnamo! - H\u00e5kan Johansson, KD","og_description":"Efter Kristdemokraternas\u00a0minst sagt lyckade resultat i valet till Europaparlamentet fick Torbj\u00f6rn Eriksson den utm\u00e4rkta id\u00e9n att dela ut ett flygblad till alla hush\u00e5ll i V\u00e4rnamo kommun. Torbj\u00f6rn skrev texten och jag fick i uppdrag att\u00a0utforma flygbladet.\u00a0Texten skickades \u00e4ven som ins\u00e4ndare och handlar om att Kristdemokraterna blev st\u00f6rsta alliansparti i V\u00e4rnamo och \u00e4r beredda att ta&hellip; Forts\u00e4tt l\u00e4sa","og_url":"https:\/\/wp.kristdemokraterna.se\/hakanjohansson\/2014\/06\/10\/tack-varnamo\/","og_site_name":"H\u00e5kan Johansson, KD","article_published_time":"2014-06-10T11:21:06+00:00","article_modified_time":"2018-02-16T16:57:36+00:00","og_image":[{"width":256,"height":300,"url":"https:\/\/wp.kristdemokraterna.se\/hakanjohansson\/files\/2014\/06\/hakan_johansson_2013.png","type":"image\/png"}],"author":"H\u00e5kan Johansson","twitter_card":"summary_large_image","twitter_misc":{"Skriven av":"H\u00e5kan Johansson","Ber\u00e4knad l\u00e4stid":"1 minut"},"schema":{"@context":"https:\/\/schema.org","@graph":[{"@type":"Article","@id":"https:\/\/wp.kristdemokraterna.se\/hakanjohansson\/2014\/06\/10\/tack-varnamo\/#article","isPartOf":{"@id":"https:\/\/wp.kristdemokraterna.se\/hakanjohansson\/2014\/06\/10\/tack-varnamo\/"},"author":{"name":"H\u00e5kan Johansson","@id":"https:\/\/wp.kristdemokraterna.se\/hakanjohansson\/#\/schema\/person\/1ebb24d2d3a4cdd92106ea18359c8b63"},"headline":"Tack V\u00e4rnamo!","datePublished":"2014-06-10T11:21:06+00:00","dateModified":"2018-02-16T16:57:36+00:00","mainEntityOfPage":{"@id":"https:\/\/wp.kristdemokraterna.se\/hakanjohansson\/2014\/06\/10\/tack-varnamo\/"},"wordCount":213,"image":{"@id":"https:\/\/wp.kristdemokraterna.se\/hakanjohansson\/2014\/06\/10\/tack-varnamo\/#primaryimage"},"thumbnailUrl":"https:\/\/wp.kristdemokraterna.se\/hakanjohansson\/files\/2014\/06\/hakan_johansson_2013.png","keywords":["Alliansen","barns och ungas uppv\u00e4xtvillkor","b\u00e4sta kommun att v\u00e4xa upp i","Camilla Rinaldo Miller","Europaparlamentet","familjens r\u00f6st","flygblad","ins\u00e4ndare","Kommunstyrelsens ordf\u00f6rande","Kristdemokraterna","r\u00e4tt agenda","resultat","Torbj\u00f6rn Eriksson","val","V\u00e4rnamo"],"articleSection":["Debatt"],"inLanguage":"sv-SE"},{"@type":"WebPage","@id":"https:\/\/wp.kristdemokraterna.se\/hakanjohansson\/2014\/06\/10\/tack-varnamo\/","url":"https:\/\/wp.kristdemokraterna.se\/hakanjohansson\/2014\/06\/10\/tack-varnamo\/","name":"Tack V\u00e4rnamo! - H\u00e5kan Johansson, KD","isPartOf":{"@id":"https:\/\/wp.kristdemokraterna.se\/hakanjohansson\/#website"},"primaryImageOfPage":{"@id":"https:\/\/wp.kristdemokraterna.se\/hakanjohansson\/2014\/06\/10\/tack-varnamo\/#primaryimage"},"image":{"@id":"https:\/\/wp.kristdemokraterna.se\/hakanjohansson\/2014\/06\/10\/tack-varnamo\/#primaryimage"},"thumbnailUrl":"https:\/\/wp.kristdemokraterna.se\/hakanjohansson\/files\/2014\/06\/hakan_johansson_2013.png","datePublished":"2014-06-10T11:21:06+00:00","dateModified":"2018-02-16T16:57:36+00:00","author":{"@id":"https:\/\/wp.kristdemokraterna.se\/hakanjohansson\/#\/schema\/person\/1ebb24d2d3a4cdd92106ea18359c8b63"},"breadcrumb":{"@id":"https:\/\/wp.kristdemokraterna.se\/hakanjohansson\/2014\/06\/10\/tack-varnamo\/#breadcrumb"},"inLanguage":"sv-SE","potentialAction":[{"@type":"ReadAction","target":["https:\/\/wp.kristdemokraterna.se\/hakanjohansson\/2014\/06\/10\/tack-varnamo\/"]}]},{"@type":"ImageObject","inLanguage":"sv-SE","@id":"https:\/\/wp.kristdemokraterna.se\/hakanjohansson\/2014\/06\/10\/tack-varnamo\/#primaryimage","url":"https:\/\/wp.kristdemokraterna.se\/hakanjohansson\/files\/2014\/06\/hakan_johansson_2013.png","contentUrl":"https:\/\/wp.kristdemokraterna.se\/hakanjohansson\/files\/2014\/06\/hakan_johansson_2013.png","width":256,"height":300,"caption":"H\u00e5kan Johansson, Kristdemokraterna V\u00e4rnamo. (Foto: Lennart Molin)"},{"@type":"BreadcrumbList","@id":"https:\/\/wp.kristdemokraterna.se\/hakanjohansson\/2014\/06\/10\/tack-varnamo\/#breadcrumb","itemListElement":[{"@type":"ListItem","position":1,"name":"Hem","item":"https:\/\/wp.kristdemokraterna.se\/hakanjohansson\/"},{"@type":"ListItem","position":2,"name":"Tack V\u00e4rnamo!"}]},{"@type":"WebSite","@id":"https:\/\/wp.kristdemokraterna.se\/hakanjohansson\/#website","url":"https:\/\/wp.kristdemokraterna.se\/hakanjohansson\/","name":"H\u00e5kan Johansson, KD","description":"Politik, musik och teknik...","inLanguage":"sv-SE"},{"@type":"Person","@id":"https:\/\/wp.kristdemokraterna.se\/hakanjohansson\/#\/schema\/person\/1ebb24d2d3a4cdd92106ea18359c8b63","name":"H\u00e5kan Johansson","image":{"@type":"ImageObject","inLanguage":"sv-SE","@id":"https:\/\/secure.gravatar.com\/avatar\/2f492f08c4bdc714d7db0d433c48b51adbc8f67dd2112ac3a50d66d0d1ddd173?s=96&r=g","url":"https:\/\/secure.gravatar.com\/avatar\/2f492f08c4bdc714d7db0d433c48b51adbc8f67dd2112ac3a50d66d0d1ddd173?s=96&r=g","contentUrl":"https:\/\/secure.gravatar.com\/avatar\/2f492f08c4bdc714d7db0d433c48b51adbc8f67dd2112ac3a50d66d0d1ddd173?s=96&r=g","caption":"H\u00e5kan Johansson"},"description":"Politik, musik och teknik...","sameAs":["https:\/\/wp.kristdemokraterna.se\/hakanjohansson"],"url":"https:\/\/wp.kristdemokraterna.se\/hakanjohansson\/author\/hakanjohansson\/"}]}},"_links":{"self":[{"href":"https:\/\/wp.kristdemokraterna.se\/hakanjohansson\/wp-json\/wp\/v2\/posts\/483","targetHints":{"allow":["GET"]}}],"collection":[{"href":"https:\/\/wp.kristdemokraterna.se\/hakanjohansson\/wp-json\/wp\/v2\/posts"}],"about":[{"href":"https:\/\/wp.kristdemokraterna.se\/hakanjohansson\/wp-json\/wp\/v2\/types\/post"}],"author":[{"embeddable":true,"href":"https:\/\/wp.kristdemokraterna.se\/hakanjohansson\/wp-json\/wp\/v2\/users\/507"}],"replies":[{"embeddable":true,"href":"https:\/\/wp.kristdemokraterna.se\/hakanjohansson\/wp-json\/wp\/v2\/comments?post=483"}],"version-history":[{"count":8,"href":"https:\/\/wp.kristdemokraterna.se\/hakanjohansson\/wp-json\/wp\/v2\/posts\/483\/revisions"}],"predecessor-version":[{"id":2364,"href":"https:\/\/wp.kristdemokraterna.se\/hakanjohansson\/wp-json\/wp\/v2\/posts\/483\/revisions\/2364"}],"wp:featuredmedia":[{"embeddable":true,"href":"https:\/\/wp.kristdemokraterna.se\/hakanjohansson\/wp-json\/wp\/v2\/media\/123"}],"wp:attachment":[{"href":"https:\/\/wp.kristdemokraterna.se\/hakanjohansson\/wp-json\/wp\/v2\/media?parent=483"}],"wp:term":[{"taxonomy":"category","embeddable":true,"href":"https:\/\/wp.kristdemokraterna.se\/hakanjohansson\/wp-json\/wp\/v2\/categories?post=483"},{"taxonomy":"post_tag","embeddable":true,"href":"https:\/\/wp.kristdemokraterna.se\/hakanjohansson\/wp-json\/wp\/v2\/tags?post=483"}],"curies":[{"name":"wp","href":"https:\/\/api.w.org\/{rel}","templated":true}]}}