{"id":500,"date":"2013-09-14T17:02:53","date_gmt":"2013-09-14T15:02:53","guid":{"rendered":"http:\/\/wp.kristdemokraterna.se\/hakanjohansson\/?p=500"},"modified":"2015-07-13T22:30:51","modified_gmt":"2015-07-13T20:30:51","slug":"snart-ar-det-riksting","status":"publish","type":"post","link":"https:\/\/wp.kristdemokraterna.se\/hakanjohansson\/2013\/09\/14\/snart-ar-det-riksting\/","title":{"rendered":"Snart \u00e4r det Riksting!"},"content":{"rendered":"<p>\u00c4ntligen dags f\u00f6r Riksting igen. Den h\u00e4r g\u00e5ngen ska vi till Karlstad. I dag\u00a0hade ombuden fr\u00e5n J\u00f6nk\u00f6pings l\u00e4n en genomg\u00e5ng av allt som ska h\u00e4nda. I \u00e5r \u00e4r vi 25 ombud som ska behandla\u00a0254 motioner (varav 11 fr\u00e5n l\u00e4net) och en proposition fr\u00e5n partistyrelsen. Propositionen inneh\u00e5ller 40 f\u00f6rslag om barns och ungas uppv\u00e4xtvillkor. Det \u00e4r mycket vi beh\u00f6ver prata oss samman om som st\u00f6rsta partidistrikt och jag blev distriktets talesperson inom de pulsh\u00f6jande omr\u00e5dena\u00a0<em>Demokrati, f\u00f6rfattning och r\u00e4ttsv\u00e4sende<\/em>. Eftersom det \u00e4r prick ett \u00e5r kvar till valet passade vi\u00a0\u00e4ven p\u00e5 att sprida ut oss\u00a0i J\u00f6nk\u00f6pings centrum f\u00f6r att kampanja.<\/p>\n<p><!--more--><\/p>\n\n\t\t<style type=\"text\/css\">\n\t\t\t#gallery-1 {\n\t\t\t\tmargin: auto;\n\t\t\t}\n\t\t\t#gallery-1 .gallery-item {\n\t\t\t\tfloat: left;\n\t\t\t\tmargin-top: 10px;\n\t\t\t\ttext-align: center;\n\t\t\t\twidth: 33%;\n\t\t\t}\n\t\t\t#gallery-1 img {\n\t\t\t\tborder: 2px solid #cfcfcf;\n\t\t\t}\n\t\t\t#gallery-1 .gallery-caption {\n\t\t\t\tmargin-left: 0;\n\t\t\t}\n\t\t\t\/* see gallery_shortcode() in wp-includes\/media.php *\/\n\t\t<\/style>\n\t\t<div id='gallery-1' class='gallery galleryid-500 gallery-columns-3 gallery-size-thumbnail'><dl class='gallery-item'>\n\t\t\t<dt class='gallery-icon landscape'>\n\t\t\t\t<a href='https:\/\/wp.kristdemokraterna.se\/hakanjohansson\/2013\/09\/14\/snart-ar-det-riksting\/20130914-rikstingsgenomgang-kampanj\/'><img loading=\"lazy\" decoding=\"async\" width=\"150\" height=\"150\" src=\"https:\/\/wp.kristdemokraterna.se\/hakanjohansson\/files\/2014\/06\/20130914_rikstingsgenomgang_kampanj-150x150.png\" class=\"attachment-thumbnail size-thumbnail\" alt=\"Innan lunch passade vi p\u00e5 att kampanja p\u00e5 sta\u2019n - p\u00e5 da&#039;n ett \u00e5r f\u00f6re valet. (Foto: H\u00e5kan Johansson)\" aria-describedby=\"gallery-1-120\" \/><\/a>\n\t\t\t<\/dt>\n\t\t\t\t<dd class='wp-caption-text gallery-caption' id='gallery-1-120'>\n\t\t\t\tInnan lunch passade vi p\u00e5 att kampanja p\u00e5 sta\u2019n &#8211; p\u00e5 da&#8217;n ett \u00e5r f\u00f6re valet. (Foto: H\u00e5kan Johansson)\n\t\t\t\t<\/dd><\/dl>\n\t\t\t<br style='clear: both' \/>\n\t\t<\/div>\n\n<p>L\u00e4s mer om\u00a0Rikstingsgenomg\u00e5ngen p\u00e5 Kristdemokraternas hemsida i V\u00e4rnamo:<br \/>\n[<a title=\"Genomg\u00e5ng inf\u00f6r Rikstinget\" href=\"http:\/\/wp.kristdemokraterna.se\/varnamo\/2013\/09\/14\/genomgang-infor-rikstinget\/\" target=\"_blank\" rel=\"bookmark\">Genomg\u00e5ng inf\u00f6r Rikstinget<\/a>]<\/p>\n","protected":false},"excerpt":{"rendered":"<p>\u00c4ntligen dags f\u00f6r Riksting igen. Den h\u00e4r g\u00e5ngen ska vi till Karlstad. I dag\u00a0hade ombuden fr\u00e5n J\u00f6nk\u00f6pings l\u00e4n en genomg\u00e5ng av allt som ska h\u00e4nda. I \u00e5r \u00e4r vi 25 ombud som ska behandla\u00a0254 motioner (varav 11 fr\u00e5n l\u00e4net) och en proposition fr\u00e5n partistyrelsen. Propositionen inneh\u00e5ller 40 f\u00f6rslag om barns och ungas uppv\u00e4xtvillkor. Det \u00e4r&hellip; <a class=\"read-more-link\" href=\"https:\/\/wp.kristdemokraterna.se\/hakanjohansson\/2013\/09\/14\/snart-ar-det-riksting\/\">Forts\u00e4tt l\u00e4sa<\/a><\/p>\n","protected":false},"author":507,"featured_media":120,"comment_status":"closed","ping_status":"closed","sticky":false,"template":"","format":"standard","meta":{"_acf_changed":false,"footnotes":""},"categories":[41],"tags":[259,94,289,25,16,284,297,285,298,290,10],"class_list":["post-500","post","type-post","status-publish","format-standard","hentry","category-inlagg","tag-barns-och-ungas-uppvaxtvillkor","tag-demokrati","tag-forfattning","tag-jonkopings-lan","tag-kampanj","tag-karlstad","tag-motioner-2","tag-ombud","tag-propositioner","tag-rattsvasende","tag-riksting"],"acf":[],"yoast_head":"<!-- This site is optimized with the Yoast SEO plugin v27.4 - https:\/\/yoast.com\/product\/yoast-seo-wordpress\/ -->\n<title>Snart \u00e4r det Riksting! - H\u00e5kan Johansson, KD<\/title>\n<meta name=\"robots\" content=\"index, follow, max-snippet:-1, max-image-preview:large, max-video-preview:-1\" \/>\n<link rel=\"canonical\" href=\"https:\/\/wp.kristdemokraterna.se\/hakanjohansson\/2013\/09\/14\/snart-ar-det-riksting\/\" \/>\n<meta property=\"og:locale\" content=\"sv_SE\" \/>\n<meta property=\"og:type\" content=\"article\" \/>\n<meta property=\"og:title\" content=\"Snart \u00e4r det Riksting! - H\u00e5kan Johansson, KD\" \/>\n<meta property=\"og:description\" content=\"\u00c4ntligen dags f\u00f6r Riksting igen. Den h\u00e4r g\u00e5ngen ska vi till Karlstad. I dag\u00a0hade ombuden fr\u00e5n J\u00f6nk\u00f6pings l\u00e4n en genomg\u00e5ng av allt som ska h\u00e4nda. I \u00e5r \u00e4r vi 25 ombud som ska behandla\u00a0254 motioner (varav 11 fr\u00e5n l\u00e4net) och en proposition fr\u00e5n partistyrelsen. Propositionen inneh\u00e5ller 40 f\u00f6rslag om barns och ungas uppv\u00e4xtvillkor. Det \u00e4r&hellip; Forts\u00e4tt l\u00e4sa\" \/>\n<meta property=\"og:url\" content=\"https:\/\/wp.kristdemokraterna.se\/hakanjohansson\/2013\/09\/14\/snart-ar-det-riksting\/\" \/>\n<meta property=\"og:site_name\" content=\"H\u00e5kan Johansson, KD\" \/>\n<meta property=\"article:published_time\" content=\"2013-09-14T15:02:53+00:00\" \/>\n<meta property=\"article:modified_time\" content=\"2015-07-13T20:30:51+00:00\" \/>\n<meta property=\"og:image\" content=\"https:\/\/wp.kristdemokraterna.se\/hakanjohansson\/files\/2014\/06\/20130914_rikstingsgenomgang_kampanj.png\" \/>\n\t<meta property=\"og:image:width\" content=\"435\" \/>\n\t<meta property=\"og:image:height\" content=\"245\" \/>\n\t<meta property=\"og:image:type\" content=\"image\/png\" \/>\n<meta name=\"author\" content=\"H\u00e5kan Johansson\" \/>\n<meta name=\"twitter:card\" content=\"summary_large_image\" \/>\n<meta name=\"twitter:label1\" content=\"Skriven av\" \/>\n\t<meta name=\"twitter:data1\" content=\"H\u00e5kan Johansson\" \/>\n\t<meta name=\"twitter:label2\" content=\"Ber\u00e4knad l\u00e4stid\" \/>\n\t<meta name=\"twitter:data2\" content=\"1 minut\" \/>\n<script type=\"application\/ld+json\" class=\"yoast-schema-graph\">{\"@context\":\"https:\\\/\\\/schema.org\",\"@graph\":[{\"@type\":\"Article\",\"@id\":\"https:\\\/\\\/wp.kristdemokraterna.se\\\/hakanjohansson\\\/2013\\\/09\\\/14\\\/snart-ar-det-riksting\\\/#article\",\"isPartOf\":{\"@id\":\"https:\\\/\\\/wp.kristdemokraterna.se\\\/hakanjohansson\\\/2013\\\/09\\\/14\\\/snart-ar-det-riksting\\\/\"},\"author\":{\"name\":\"H\u00e5kan Johansson\",\"@id\":\"https:\\\/\\\/wp.kristdemokraterna.se\\\/hakanjohansson\\\/#\\\/schema\\\/person\\\/1ebb24d2d3a4cdd92106ea18359c8b63\"},\"headline\":\"Snart \u00e4r det Riksting!\",\"datePublished\":\"2013-09-14T15:02:53+00:00\",\"dateModified\":\"2015-07-13T20:30:51+00:00\",\"mainEntityOfPage\":{\"@id\":\"https:\\\/\\\/wp.kristdemokraterna.se\\\/hakanjohansson\\\/2013\\\/09\\\/14\\\/snart-ar-det-riksting\\\/\"},\"wordCount\":151,\"image\":{\"@id\":\"https:\\\/\\\/wp.kristdemokraterna.se\\\/hakanjohansson\\\/2013\\\/09\\\/14\\\/snart-ar-det-riksting\\\/#primaryimage\"},\"thumbnailUrl\":\"https:\\\/\\\/wp.kristdemokraterna.se\\\/hakanjohansson\\\/files\\\/2014\\\/06\\\/20130914_rikstingsgenomgang_kampanj.png\",\"keywords\":[\"barns och ungas uppv\u00e4xtvillkor\",\"demokrati\",\"f\u00f6rfattning\",\"J\u00f6nk\u00f6pings l\u00e4n\",\"kampanj\",\"Karlstad\",\"motioner\",\"ombud\",\"propositioner\",\"r\u00e4ttsv\u00e4sende\",\"Riksting\"],\"articleSection\":[\"Inl\u00e4gg\"],\"inLanguage\":\"sv-SE\"},{\"@type\":\"WebPage\",\"@id\":\"https:\\\/\\\/wp.kristdemokraterna.se\\\/hakanjohansson\\\/2013\\\/09\\\/14\\\/snart-ar-det-riksting\\\/\",\"url\":\"https:\\\/\\\/wp.kristdemokraterna.se\\\/hakanjohansson\\\/2013\\\/09\\\/14\\\/snart-ar-det-riksting\\\/\",\"name\":\"Snart \u00e4r det Riksting! - H\u00e5kan Johansson, KD\",\"isPartOf\":{\"@id\":\"https:\\\/\\\/wp.kristdemokraterna.se\\\/hakanjohansson\\\/#website\"},\"primaryImageOfPage\":{\"@id\":\"https:\\\/\\\/wp.kristdemokraterna.se\\\/hakanjohansson\\\/2013\\\/09\\\/14\\\/snart-ar-det-riksting\\\/#primaryimage\"},\"image\":{\"@id\":\"https:\\\/\\\/wp.kristdemokraterna.se\\\/hakanjohansson\\\/2013\\\/09\\\/14\\\/snart-ar-det-riksting\\\/#primaryimage\"},\"thumbnailUrl\":\"https:\\\/\\\/wp.kristdemokraterna.se\\\/hakanjohansson\\\/files\\\/2014\\\/06\\\/20130914_rikstingsgenomgang_kampanj.png\",\"datePublished\":\"2013-09-14T15:02:53+00:00\",\"dateModified\":\"2015-07-13T20:30:51+00:00\",\"author\":{\"@id\":\"https:\\\/\\\/wp.kristdemokraterna.se\\\/hakanjohansson\\\/#\\\/schema\\\/person\\\/1ebb24d2d3a4cdd92106ea18359c8b63\"},\"breadcrumb\":{\"@id\":\"https:\\\/\\\/wp.kristdemokraterna.se\\\/hakanjohansson\\\/2013\\\/09\\\/14\\\/snart-ar-det-riksting\\\/#breadcrumb\"},\"inLanguage\":\"sv-SE\",\"potentialAction\":[{\"@type\":\"ReadAction\",\"target\":[\"https:\\\/\\\/wp.kristdemokraterna.se\\\/hakanjohansson\\\/2013\\\/09\\\/14\\\/snart-ar-det-riksting\\\/\"]}]},{\"@type\":\"ImageObject\",\"inLanguage\":\"sv-SE\",\"@id\":\"https:\\\/\\\/wp.kristdemokraterna.se\\\/hakanjohansson\\\/2013\\\/09\\\/14\\\/snart-ar-det-riksting\\\/#primaryimage\",\"url\":\"https:\\\/\\\/wp.kristdemokraterna.se\\\/hakanjohansson\\\/files\\\/2014\\\/06\\\/20130914_rikstingsgenomgang_kampanj.png\",\"contentUrl\":\"https:\\\/\\\/wp.kristdemokraterna.se\\\/hakanjohansson\\\/files\\\/2014\\\/06\\\/20130914_rikstingsgenomgang_kampanj.png\",\"width\":435,\"height\":245,\"caption\":\"Innan lunch passade vi p\u00e5 att kampanja p\u00e5 sta\u2019n - p\u00e5 da'n ett \u00e5r f\u00f6re valet. (Foto: H\u00e5kan Johansson)\"},{\"@type\":\"BreadcrumbList\",\"@id\":\"https:\\\/\\\/wp.kristdemokraterna.se\\\/hakanjohansson\\\/2013\\\/09\\\/14\\\/snart-ar-det-riksting\\\/#breadcrumb\",\"itemListElement\":[{\"@type\":\"ListItem\",\"position\":1,\"name\":\"Hem\",\"item\":\"https:\\\/\\\/wp.kristdemokraterna.se\\\/hakanjohansson\\\/\"},{\"@type\":\"ListItem\",\"position\":2,\"name\":\"Snart \u00e4r det Riksting!\"}]},{\"@type\":\"WebSite\",\"@id\":\"https:\\\/\\\/wp.kristdemokraterna.se\\\/hakanjohansson\\\/#website\",\"url\":\"https:\\\/\\\/wp.kristdemokraterna.se\\\/hakanjohansson\\\/\",\"name\":\"H\u00e5kan Johansson, KD\",\"description\":\"Politik, musik och teknik...\",\"inLanguage\":\"sv-SE\"},{\"@type\":\"Person\",\"@id\":\"https:\\\/\\\/wp.kristdemokraterna.se\\\/hakanjohansson\\\/#\\\/schema\\\/person\\\/1ebb24d2d3a4cdd92106ea18359c8b63\",\"name\":\"H\u00e5kan Johansson\",\"image\":{\"@type\":\"ImageObject\",\"inLanguage\":\"sv-SE\",\"@id\":\"https:\\\/\\\/secure.gravatar.com\\\/avatar\\\/2f492f08c4bdc714d7db0d433c48b51adbc8f67dd2112ac3a50d66d0d1ddd173?s=96&r=g\",\"url\":\"https:\\\/\\\/secure.gravatar.com\\\/avatar\\\/2f492f08c4bdc714d7db0d433c48b51adbc8f67dd2112ac3a50d66d0d1ddd173?s=96&r=g\",\"contentUrl\":\"https:\\\/\\\/secure.gravatar.com\\\/avatar\\\/2f492f08c4bdc714d7db0d433c48b51adbc8f67dd2112ac3a50d66d0d1ddd173?s=96&r=g\",\"caption\":\"H\u00e5kan Johansson\"},\"description\":\"Politik, musik och teknik...\",\"sameAs\":[\"https:\\\/\\\/wp.kristdemokraterna.se\\\/hakanjohansson\"],\"url\":\"https:\\\/\\\/wp.kristdemokraterna.se\\\/hakanjohansson\\\/author\\\/hakanjohansson\\\/\"}]}<\/script>\n<!-- \/ Yoast SEO plugin. -->","yoast_head_json":{"title":"Snart \u00e4r det Riksting! - H\u00e5kan Johansson, KD","robots":{"index":"index","follow":"follow","max-snippet":"max-snippet:-1","max-image-preview":"max-image-preview:large","max-video-preview":"max-video-preview:-1"},"canonical":"https:\/\/wp.kristdemokraterna.se\/hakanjohansson\/2013\/09\/14\/snart-ar-det-riksting\/","og_locale":"sv_SE","og_type":"article","og_title":"Snart \u00e4r det Riksting! - H\u00e5kan Johansson, KD","og_description":"\u00c4ntligen dags f\u00f6r Riksting igen. Den h\u00e4r g\u00e5ngen ska vi till Karlstad. I dag\u00a0hade ombuden fr\u00e5n J\u00f6nk\u00f6pings l\u00e4n en genomg\u00e5ng av allt som ska h\u00e4nda. I \u00e5r \u00e4r vi 25 ombud som ska behandla\u00a0254 motioner (varav 11 fr\u00e5n l\u00e4net) och en proposition fr\u00e5n partistyrelsen. Propositionen inneh\u00e5ller 40 f\u00f6rslag om barns och ungas uppv\u00e4xtvillkor. Det \u00e4r&hellip; Forts\u00e4tt l\u00e4sa","og_url":"https:\/\/wp.kristdemokraterna.se\/hakanjohansson\/2013\/09\/14\/snart-ar-det-riksting\/","og_site_name":"H\u00e5kan Johansson, KD","article_published_time":"2013-09-14T15:02:53+00:00","article_modified_time":"2015-07-13T20:30:51+00:00","og_image":[{"width":435,"height":245,"url":"https:\/\/wp.kristdemokraterna.se\/hakanjohansson\/files\/2014\/06\/20130914_rikstingsgenomgang_kampanj.png","type":"image\/png"}],"author":"H\u00e5kan Johansson","twitter_card":"summary_large_image","twitter_misc":{"Skriven av":"H\u00e5kan Johansson","Ber\u00e4knad l\u00e4stid":"1 minut"},"schema":{"@context":"https:\/\/schema.org","@graph":[{"@type":"Article","@id":"https:\/\/wp.kristdemokraterna.se\/hakanjohansson\/2013\/09\/14\/snart-ar-det-riksting\/#article","isPartOf":{"@id":"https:\/\/wp.kristdemokraterna.se\/hakanjohansson\/2013\/09\/14\/snart-ar-det-riksting\/"},"author":{"name":"H\u00e5kan Johansson","@id":"https:\/\/wp.kristdemokraterna.se\/hakanjohansson\/#\/schema\/person\/1ebb24d2d3a4cdd92106ea18359c8b63"},"headline":"Snart \u00e4r det Riksting!","datePublished":"2013-09-14T15:02:53+00:00","dateModified":"2015-07-13T20:30:51+00:00","mainEntityOfPage":{"@id":"https:\/\/wp.kristdemokraterna.se\/hakanjohansson\/2013\/09\/14\/snart-ar-det-riksting\/"},"wordCount":151,"image":{"@id":"https:\/\/wp.kristdemokraterna.se\/hakanjohansson\/2013\/09\/14\/snart-ar-det-riksting\/#primaryimage"},"thumbnailUrl":"https:\/\/wp.kristdemokraterna.se\/hakanjohansson\/files\/2014\/06\/20130914_rikstingsgenomgang_kampanj.png","keywords":["barns och ungas uppv\u00e4xtvillkor","demokrati","f\u00f6rfattning","J\u00f6nk\u00f6pings l\u00e4n","kampanj","Karlstad","motioner","ombud","propositioner","r\u00e4ttsv\u00e4sende","Riksting"],"articleSection":["Inl\u00e4gg"],"inLanguage":"sv-SE"},{"@type":"WebPage","@id":"https:\/\/wp.kristdemokraterna.se\/hakanjohansson\/2013\/09\/14\/snart-ar-det-riksting\/","url":"https:\/\/wp.kristdemokraterna.se\/hakanjohansson\/2013\/09\/14\/snart-ar-det-riksting\/","name":"Snart \u00e4r det Riksting! - H\u00e5kan Johansson, KD","isPartOf":{"@id":"https:\/\/wp.kristdemokraterna.se\/hakanjohansson\/#website"},"primaryImageOfPage":{"@id":"https:\/\/wp.kristdemokraterna.se\/hakanjohansson\/2013\/09\/14\/snart-ar-det-riksting\/#primaryimage"},"image":{"@id":"https:\/\/wp.kristdemokraterna.se\/hakanjohansson\/2013\/09\/14\/snart-ar-det-riksting\/#primaryimage"},"thumbnailUrl":"https:\/\/wp.kristdemokraterna.se\/hakanjohansson\/files\/2014\/06\/20130914_rikstingsgenomgang_kampanj.png","datePublished":"2013-09-14T15:02:53+00:00","dateModified":"2015-07-13T20:30:51+00:00","author":{"@id":"https:\/\/wp.kristdemokraterna.se\/hakanjohansson\/#\/schema\/person\/1ebb24d2d3a4cdd92106ea18359c8b63"},"breadcrumb":{"@id":"https:\/\/wp.kristdemokraterna.se\/hakanjohansson\/2013\/09\/14\/snart-ar-det-riksting\/#breadcrumb"},"inLanguage":"sv-SE","potentialAction":[{"@type":"ReadAction","target":["https:\/\/wp.kristdemokraterna.se\/hakanjohansson\/2013\/09\/14\/snart-ar-det-riksting\/"]}]},{"@type":"ImageObject","inLanguage":"sv-SE","@id":"https:\/\/wp.kristdemokraterna.se\/hakanjohansson\/2013\/09\/14\/snart-ar-det-riksting\/#primaryimage","url":"https:\/\/wp.kristdemokraterna.se\/hakanjohansson\/files\/2014\/06\/20130914_rikstingsgenomgang_kampanj.png","contentUrl":"https:\/\/wp.kristdemokraterna.se\/hakanjohansson\/files\/2014\/06\/20130914_rikstingsgenomgang_kampanj.png","width":435,"height":245,"caption":"Innan lunch passade vi p\u00e5 att kampanja p\u00e5 sta\u2019n - p\u00e5 da'n ett \u00e5r f\u00f6re valet. (Foto: H\u00e5kan Johansson)"},{"@type":"BreadcrumbList","@id":"https:\/\/wp.kristdemokraterna.se\/hakanjohansson\/2013\/09\/14\/snart-ar-det-riksting\/#breadcrumb","itemListElement":[{"@type":"ListItem","position":1,"name":"Hem","item":"https:\/\/wp.kristdemokraterna.se\/hakanjohansson\/"},{"@type":"ListItem","position":2,"name":"Snart \u00e4r det Riksting!"}]},{"@type":"WebSite","@id":"https:\/\/wp.kristdemokraterna.se\/hakanjohansson\/#website","url":"https:\/\/wp.kristdemokraterna.se\/hakanjohansson\/","name":"H\u00e5kan Johansson, KD","description":"Politik, musik och teknik...","inLanguage":"sv-SE"},{"@type":"Person","@id":"https:\/\/wp.kristdemokraterna.se\/hakanjohansson\/#\/schema\/person\/1ebb24d2d3a4cdd92106ea18359c8b63","name":"H\u00e5kan Johansson","image":{"@type":"ImageObject","inLanguage":"sv-SE","@id":"https:\/\/secure.gravatar.com\/avatar\/2f492f08c4bdc714d7db0d433c48b51adbc8f67dd2112ac3a50d66d0d1ddd173?s=96&r=g","url":"https:\/\/secure.gravatar.com\/avatar\/2f492f08c4bdc714d7db0d433c48b51adbc8f67dd2112ac3a50d66d0d1ddd173?s=96&r=g","contentUrl":"https:\/\/secure.gravatar.com\/avatar\/2f492f08c4bdc714d7db0d433c48b51adbc8f67dd2112ac3a50d66d0d1ddd173?s=96&r=g","caption":"H\u00e5kan Johansson"},"description":"Politik, musik och teknik...","sameAs":["https:\/\/wp.kristdemokraterna.se\/hakanjohansson"],"url":"https:\/\/wp.kristdemokraterna.se\/hakanjohansson\/author\/hakanjohansson\/"}]}},"_links":{"self":[{"href":"https:\/\/wp.kristdemokraterna.se\/hakanjohansson\/wp-json\/wp\/v2\/posts\/500","targetHints":{"allow":["GET"]}}],"collection":[{"href":"https:\/\/wp.kristdemokraterna.se\/hakanjohansson\/wp-json\/wp\/v2\/posts"}],"about":[{"href":"https:\/\/wp.kristdemokraterna.se\/hakanjohansson\/wp-json\/wp\/v2\/types\/post"}],"author":[{"embeddable":true,"href":"https:\/\/wp.kristdemokraterna.se\/hakanjohansson\/wp-json\/wp\/v2\/users\/507"}],"replies":[{"embeddable":true,"href":"https:\/\/wp.kristdemokraterna.se\/hakanjohansson\/wp-json\/wp\/v2\/comments?post=500"}],"version-history":[{"count":8,"href":"https:\/\/wp.kristdemokraterna.se\/hakanjohansson\/wp-json\/wp\/v2\/posts\/500\/revisions"}],"predecessor-version":[{"id":2185,"href":"https:\/\/wp.kristdemokraterna.se\/hakanjohansson\/wp-json\/wp\/v2\/posts\/500\/revisions\/2185"}],"wp:featuredmedia":[{"embeddable":true,"href":"https:\/\/wp.kristdemokraterna.se\/hakanjohansson\/wp-json\/wp\/v2\/media\/120"}],"wp:attachment":[{"href":"https:\/\/wp.kristdemokraterna.se\/hakanjohansson\/wp-json\/wp\/v2\/media?parent=500"}],"wp:term":[{"taxonomy":"category","embeddable":true,"href":"https:\/\/wp.kristdemokraterna.se\/hakanjohansson\/wp-json\/wp\/v2\/categories?post=500"},{"taxonomy":"post_tag","embeddable":true,"href":"https:\/\/wp.kristdemokraterna.se\/hakanjohansson\/wp-json\/wp\/v2\/tags?post=500"}],"curies":[{"name":"wp","href":"https:\/\/api.w.org\/{rel}","templated":true}]}}