{"id":514,"date":"2013-09-27T19:27:56","date_gmt":"2013-09-27T17:27:56","guid":{"rendered":"http:\/\/wp.kristdemokraterna.se\/hakanjohansson\/?p=514"},"modified":"2015-07-13T22:21:12","modified_gmt":"2015-07-13T20:21:12","slug":"hur-jag-vande-rikstinget","status":"publish","type":"post","link":"https:\/\/wp.kristdemokraterna.se\/hakanjohansson\/2013\/09\/27\/hur-jag-vande-rikstinget\/","title":{"rendered":"Hur jag v\u00e4nde Rikstinget"},"content":{"rendered":"<p>Andra dagen av Rikstinget b\u00f6rjade med val av partiordf\u00f6rande och partistyrelse.\u00a0Som v\u00e4ntat valdes j\u00f6nk\u00f6pingsdistriktarna G\u00f6ran H\u00e4gglund\u00a0och Maria Larsson enh\u00e4lligt\u00a0till partiordf\u00f6rande respektive\u00a01 vice ordf\u00f6rande. Distriktets ordf\u00f6rande Andreas Carlson valdes till ordinarie ledamot i partistyrelsen.<\/p>\n<p><!--more--><\/p>\n<p>Efter det\u00a0gick jag och blev fotograferad av Lennart Molin som \u00e4r en skicklig grafiker p\u00e5 partikansliet. Jag hade\u00a0bokat tid hos honom f\u00f6r att ta fram\u00a0proffsiga foton\u00a0till mitt valmaterial n\u00e4sta \u00e5r.<\/p>\n<p>D\u00e4refter debatterade och antog\u00a0Rikstinget en stor proposition fr\u00e5n partistyrelsen om att Sverige ska vara v\u00e4rldens b\u00e4sta land f\u00f6r barn och unga att v\u00e4xa upp i.<\/p>\n<p>S\u00e5 blev det d\u00e5 \u00e4ntligen dags att behandla motionsavsnittet som jag hade satt mig in i s\u00e4rskilt som <a title=\"Snart \u00e4r det Riksting!\" href=\"http:\/\/wp.kristdemokraterna.se\/hakanjohansson\/2013\/09\/14\/snart-ar-det-riksting\/\">talesperson f\u00f6r j\u00f6nk\u00f6pingsdelegationen<\/a>\u00a0\u2013 <em>Demokrati, f\u00f6rfattning och r\u00e4ttsv\u00e4sende<\/em>. <a title=\"Riksting i Karlstad\" href=\"http:\/\/wp.kristdemokraterna.se\/hakanjohansson\/2013\/09\/26\/riksting-i-karlstad\/\">Dagen innan<\/a> hade utskottet som behandlade detta under sm\u00e5tt kuppartade f\u00f6rh\u00e5llanden tagit fram ett nytt f\u00f6rslag till beslut ang\u00e5ende att \u00e4ven det att s\u00e4lja sextj\u00e4nster ska vara olagligt. Partistyrelsen hade sj\u00e4lvklart yrkat avslag p\u00e5 detta.<\/p>\n<p>I debatten klev jag och de b\u00e5da <a title=\"Riksting i Karlstad\" href=\"http:\/\/wp.kristdemokraterna.se\/hakanjohansson\/2013\/09\/26\/riksting-i-karlstad\/\">riksdagsm\u00e4nnen fr\u00e5n i g\u00e5r<\/a> fram och argumenterade f\u00f6r att Rikstinget inte ska g\u00e5 ifr\u00e5n partiets tidigare st\u00e4llningstagande att det \u00e4r k\u00f6p av sex som ska vara olagligt. Vi gick allts\u00e5 emot utskottets nya f\u00f6rslag till beslut och yrkade bifall till partistyrelsens. Vid omr\u00f6stningen gick Rikstinget p\u00e5 v\u00e5r och partistyrelsens linje.<\/p>\n<p>Mitt resonemang var att sexk\u00f6pslagen \u00e4r\u00a0en bra lag som st\u00e5r p\u00e5 de mest utsattas sida och tar h\u00e4nsyn till de maktobalanser mellan k\u00f6nen som blir extra tydliga n\u00e4r det handlar om sexhandel. Lagen fungerar bra och \u00e4r ett f\u00f6red\u00f6me f\u00f6r andra l\u00e4nder. Man b\u00f6rjar inte f\u00f6r\u00e4ndra en s\u00e5 viktig och k\u00e4nslig lag p\u00e5 s\u00e5 svaga grunder som en ad hoc-kompromiss mellan tv\u00e5 hugskott i ett utskott.<\/p>\n<p>Ja, s\u00e5 gick det till n\u00e4r jag v\u00e4nde Rikstinget\u2026<br \/>\n\ud83d\ude09<\/p>\n<p>L\u00e4s om dag 1 p\u00e5 Rikstinget h\u00e4r:<br \/>\n[<a title=\"Riksting i Karlstad\" href=\"http:\/\/wp.kristdemokraterna.se\/hakanjohansson\/2013\/09\/26\/riksting-i-karlstad\/\">Riksting i Karlstad<\/a>]<\/p>\n<p>L\u00e4s om dag 3\u00a0p\u00e5 Rikstinget h\u00e4r:<br \/>\n[<a title=\"Motionsbehandling och rikstingsfest\" href=\"http:\/\/wp.kristdemokraterna.se\/hakanjohansson\/2013\/09\/28\/motionsbehandling-och-rikstingsfest\/\">Motionsbehandling och rikstingsfest<\/a>]<\/p>\n<p>L\u00e4s om dag 4\u00a0p\u00e5 Rikstinget h\u00e4r:<br \/>\n[<a title=\"Familjens r\u00f6st!\" href=\"http:\/\/wp.kristdemokraterna.se\/hakanjohansson\/2013\/09\/29\/familjens-rost\/\">Familjens r\u00f6st!<\/a>]<\/p>\n\n\t\t<style type=\"text\/css\">\n\t\t\t#gallery-1 {\n\t\t\t\tmargin: auto;\n\t\t\t}\n\t\t\t#gallery-1 .gallery-item {\n\t\t\t\tfloat: left;\n\t\t\t\tmargin-top: 10px;\n\t\t\t\ttext-align: center;\n\t\t\t\twidth: 33%;\n\t\t\t}\n\t\t\t#gallery-1 img {\n\t\t\t\tborder: 2px solid #cfcfcf;\n\t\t\t}\n\t\t\t#gallery-1 .gallery-caption {\n\t\t\t\tmargin-left: 0;\n\t\t\t}\n\t\t\t\/* see gallery_shortcode() in wp-includes\/media.php *\/\n\t\t<\/style>\n\t\t<div id='gallery-1' class='gallery galleryid-514 gallery-columns-3 gallery-size-thumbnail'><dl class='gallery-item'>\n\t\t\t<dt class='gallery-icon portrait'>\n\t\t\t\t<a href='https:\/\/wp.kristdemokraterna.se\/hakanjohansson\/2013\/09\/27\/hur-jag-vande-rikstinget\/framsidart2013\/'><img loading=\"lazy\" decoding=\"async\" width=\"150\" height=\"150\" src=\"https:\/\/wp.kristdemokraterna.se\/hakanjohansson\/files\/2014\/07\/framsidart2013-150x150.jpg\" class=\"attachment-thumbnail size-thumbnail\" alt=\"Framsidan p\u00e5 \u00e5rets rikstingshandlingar.\" aria-describedby=\"gallery-1-516\" \/><\/a>\n\t\t\t<\/dt>\n\t\t\t\t<dd class='wp-caption-text gallery-caption' id='gallery-1-516'>\n\t\t\t\tFramsidan p\u00e5 \u00e5rets rikstingshandlingar.\n\t\t\t\t<\/dd><\/dl>\n\t\t\t<br style='clear: both' \/>\n\t\t<\/div>\n\n<p>L\u00e4s mer om\u00a0Rikstinget p\u00e5 Kristdemokraternas hemsida i V\u00e4rnamo:<br \/>\n[<a title=\"V\u00e4rnamobor p\u00e5 Riksting i Karlstad\" href=\"http:\/\/wp.kristdemokraterna.se\/varnamo\/2013\/09\/28\/varnamobor-pa-riksting-i-karlstad\/\" target=\"_blank\" rel=\"bookmark\">V\u00e4rnamobor p\u00e5 Riksting i Karlstad<\/a>]<\/p>\n","protected":false},"excerpt":{"rendered":"<p>Andra dagen av Rikstinget b\u00f6rjade med val av partiordf\u00f6rande och partistyrelse.\u00a0Som v\u00e4ntat valdes j\u00f6nk\u00f6pingsdistriktarna G\u00f6ran H\u00e4gglund\u00a0och Maria Larsson enh\u00e4lligt\u00a0till partiordf\u00f6rande respektive\u00a01 vice ordf\u00f6rande. Distriktets ordf\u00f6rande Andreas Carlson valdes till ordinarie ledamot i partistyrelsen.<\/p>\n","protected":false},"author":507,"featured_media":516,"comment_status":"closed","ping_status":"closed","sticky":false,"template":"","format":"standard","meta":{"_acf_changed":false,"footnotes":""},"categories":[41],"tags":[302,259,305,94,289,286,303,301,297,300,299,298,290,10,306,304],"class_list":["post-514","post","type-post","status-publish","format-standard","hentry","category-inlagg","tag-andreas-carlson","tag-barns-och-ungas-uppvaxtvillkor","tag-basta-land-att-vaxa-upp-i","tag-demokrati","tag-forfattning","tag-goran-hagglund","tag-lennart-molin","tag-maria-larsson","tag-motioner-2","tag-partiordforande","tag-partistyrelse","tag-propositioner","tag-rattsvasende","tag-riksting","tag-sexkopslagen","tag-valmaterial"],"acf":[],"yoast_head":"<!-- This site is optimized with the Yoast SEO plugin v27.4 - https:\/\/yoast.com\/product\/yoast-seo-wordpress\/ -->\n<title>Hur jag v\u00e4nde Rikstinget - H\u00e5kan Johansson, KD<\/title>\n<meta name=\"robots\" content=\"index, follow, max-snippet:-1, max-image-preview:large, max-video-preview:-1\" \/>\n<link rel=\"canonical\" href=\"https:\/\/wp.kristdemokraterna.se\/hakanjohansson\/2013\/09\/27\/hur-jag-vande-rikstinget\/\" \/>\n<meta property=\"og:locale\" content=\"sv_SE\" \/>\n<meta property=\"og:type\" content=\"article\" \/>\n<meta property=\"og:title\" content=\"Hur jag v\u00e4nde Rikstinget - H\u00e5kan Johansson, KD\" \/>\n<meta property=\"og:description\" content=\"Andra dagen av Rikstinget b\u00f6rjade med val av partiordf\u00f6rande och partistyrelse.\u00a0Som v\u00e4ntat valdes j\u00f6nk\u00f6pingsdistriktarna G\u00f6ran H\u00e4gglund\u00a0och Maria Larsson enh\u00e4lligt\u00a0till partiordf\u00f6rande respektive\u00a01 vice ordf\u00f6rande. Distriktets ordf\u00f6rande Andreas Carlson valdes till ordinarie ledamot i partistyrelsen.\" \/>\n<meta property=\"og:url\" content=\"https:\/\/wp.kristdemokraterna.se\/hakanjohansson\/2013\/09\/27\/hur-jag-vande-rikstinget\/\" \/>\n<meta property=\"og:site_name\" content=\"H\u00e5kan Johansson, KD\" \/>\n<meta property=\"article:published_time\" content=\"2013-09-27T17:27:56+00:00\" \/>\n<meta property=\"article:modified_time\" content=\"2015-07-13T20:21:12+00:00\" \/>\n<meta property=\"og:image\" content=\"https:\/\/wp.kristdemokraterna.se\/hakanjohansson\/files\/2014\/07\/framsidart2013.jpg\" \/>\n\t<meta property=\"og:image:width\" content=\"200\" \/>\n\t<meta property=\"og:image:height\" content=\"283\" \/>\n\t<meta property=\"og:image:type\" content=\"image\/jpeg\" \/>\n<meta name=\"author\" content=\"H\u00e5kan Johansson\" \/>\n<meta name=\"twitter:card\" content=\"summary_large_image\" \/>\n<meta name=\"twitter:label1\" content=\"Skriven av\" \/>\n\t<meta name=\"twitter:data1\" content=\"H\u00e5kan Johansson\" \/>\n\t<meta name=\"twitter:label2\" content=\"Ber\u00e4knad l\u00e4stid\" \/>\n\t<meta name=\"twitter:data2\" content=\"2 minuter\" \/>\n<script type=\"application\/ld+json\" class=\"yoast-schema-graph\">{\"@context\":\"https:\\\/\\\/schema.org\",\"@graph\":[{\"@type\":\"Article\",\"@id\":\"https:\\\/\\\/wp.kristdemokraterna.se\\\/hakanjohansson\\\/2013\\\/09\\\/27\\\/hur-jag-vande-rikstinget\\\/#article\",\"isPartOf\":{\"@id\":\"https:\\\/\\\/wp.kristdemokraterna.se\\\/hakanjohansson\\\/2013\\\/09\\\/27\\\/hur-jag-vande-rikstinget\\\/\"},\"author\":{\"name\":\"H\u00e5kan Johansson\",\"@id\":\"https:\\\/\\\/wp.kristdemokraterna.se\\\/hakanjohansson\\\/#\\\/schema\\\/person\\\/1ebb24d2d3a4cdd92106ea18359c8b63\"},\"headline\":\"Hur jag v\u00e4nde Rikstinget\",\"datePublished\":\"2013-09-27T17:27:56+00:00\",\"dateModified\":\"2015-07-13T20:21:12+00:00\",\"mainEntityOfPage\":{\"@id\":\"https:\\\/\\\/wp.kristdemokraterna.se\\\/hakanjohansson\\\/2013\\\/09\\\/27\\\/hur-jag-vande-rikstinget\\\/\"},\"wordCount\":410,\"image\":{\"@id\":\"https:\\\/\\\/wp.kristdemokraterna.se\\\/hakanjohansson\\\/2013\\\/09\\\/27\\\/hur-jag-vande-rikstinget\\\/#primaryimage\"},\"thumbnailUrl\":\"https:\\\/\\\/wp.kristdemokraterna.se\\\/hakanjohansson\\\/files\\\/2014\\\/07\\\/framsidart2013.jpg\",\"keywords\":[\"Andreas Carlson\",\"barns och ungas uppv\u00e4xtvillkor\",\"b\u00e4sta land att v\u00e4xa upp i\",\"demokrati\",\"f\u00f6rfattning\",\"G\u00f6ran H\u00e4gglund\",\"Lennart Molin\",\"Maria Larsson\",\"motioner\",\"partiordf\u00f6rande\",\"partistyrelse\",\"propositioner\",\"r\u00e4ttsv\u00e4sende\",\"Riksting\",\"sexk\u00f6pslagen\",\"valmaterial\"],\"articleSection\":[\"Inl\u00e4gg\"],\"inLanguage\":\"sv-SE\"},{\"@type\":\"WebPage\",\"@id\":\"https:\\\/\\\/wp.kristdemokraterna.se\\\/hakanjohansson\\\/2013\\\/09\\\/27\\\/hur-jag-vande-rikstinget\\\/\",\"url\":\"https:\\\/\\\/wp.kristdemokraterna.se\\\/hakanjohansson\\\/2013\\\/09\\\/27\\\/hur-jag-vande-rikstinget\\\/\",\"name\":\"Hur jag v\u00e4nde Rikstinget - H\u00e5kan Johansson, KD\",\"isPartOf\":{\"@id\":\"https:\\\/\\\/wp.kristdemokraterna.se\\\/hakanjohansson\\\/#website\"},\"primaryImageOfPage\":{\"@id\":\"https:\\\/\\\/wp.kristdemokraterna.se\\\/hakanjohansson\\\/2013\\\/09\\\/27\\\/hur-jag-vande-rikstinget\\\/#primaryimage\"},\"image\":{\"@id\":\"https:\\\/\\\/wp.kristdemokraterna.se\\\/hakanjohansson\\\/2013\\\/09\\\/27\\\/hur-jag-vande-rikstinget\\\/#primaryimage\"},\"thumbnailUrl\":\"https:\\\/\\\/wp.kristdemokraterna.se\\\/hakanjohansson\\\/files\\\/2014\\\/07\\\/framsidart2013.jpg\",\"datePublished\":\"2013-09-27T17:27:56+00:00\",\"dateModified\":\"2015-07-13T20:21:12+00:00\",\"author\":{\"@id\":\"https:\\\/\\\/wp.kristdemokraterna.se\\\/hakanjohansson\\\/#\\\/schema\\\/person\\\/1ebb24d2d3a4cdd92106ea18359c8b63\"},\"breadcrumb\":{\"@id\":\"https:\\\/\\\/wp.kristdemokraterna.se\\\/hakanjohansson\\\/2013\\\/09\\\/27\\\/hur-jag-vande-rikstinget\\\/#breadcrumb\"},\"inLanguage\":\"sv-SE\",\"potentialAction\":[{\"@type\":\"ReadAction\",\"target\":[\"https:\\\/\\\/wp.kristdemokraterna.se\\\/hakanjohansson\\\/2013\\\/09\\\/27\\\/hur-jag-vande-rikstinget\\\/\"]}]},{\"@type\":\"ImageObject\",\"inLanguage\":\"sv-SE\",\"@id\":\"https:\\\/\\\/wp.kristdemokraterna.se\\\/hakanjohansson\\\/2013\\\/09\\\/27\\\/hur-jag-vande-rikstinget\\\/#primaryimage\",\"url\":\"https:\\\/\\\/wp.kristdemokraterna.se\\\/hakanjohansson\\\/files\\\/2014\\\/07\\\/framsidart2013.jpg\",\"contentUrl\":\"https:\\\/\\\/wp.kristdemokraterna.se\\\/hakanjohansson\\\/files\\\/2014\\\/07\\\/framsidart2013.jpg\",\"width\":200,\"height\":283,\"caption\":\"Framsidan p\u00e5 \u00e5rets rikstingshandlingar.\"},{\"@type\":\"BreadcrumbList\",\"@id\":\"https:\\\/\\\/wp.kristdemokraterna.se\\\/hakanjohansson\\\/2013\\\/09\\\/27\\\/hur-jag-vande-rikstinget\\\/#breadcrumb\",\"itemListElement\":[{\"@type\":\"ListItem\",\"position\":1,\"name\":\"Hem\",\"item\":\"https:\\\/\\\/wp.kristdemokraterna.se\\\/hakanjohansson\\\/\"},{\"@type\":\"ListItem\",\"position\":2,\"name\":\"Hur jag v\u00e4nde Rikstinget\"}]},{\"@type\":\"WebSite\",\"@id\":\"https:\\\/\\\/wp.kristdemokraterna.se\\\/hakanjohansson\\\/#website\",\"url\":\"https:\\\/\\\/wp.kristdemokraterna.se\\\/hakanjohansson\\\/\",\"name\":\"H\u00e5kan Johansson, KD\",\"description\":\"Politik, musik och teknik...\",\"inLanguage\":\"sv-SE\"},{\"@type\":\"Person\",\"@id\":\"https:\\\/\\\/wp.kristdemokraterna.se\\\/hakanjohansson\\\/#\\\/schema\\\/person\\\/1ebb24d2d3a4cdd92106ea18359c8b63\",\"name\":\"H\u00e5kan Johansson\",\"image\":{\"@type\":\"ImageObject\",\"inLanguage\":\"sv-SE\",\"@id\":\"https:\\\/\\\/secure.gravatar.com\\\/avatar\\\/2f492f08c4bdc714d7db0d433c48b51adbc8f67dd2112ac3a50d66d0d1ddd173?s=96&r=g\",\"url\":\"https:\\\/\\\/secure.gravatar.com\\\/avatar\\\/2f492f08c4bdc714d7db0d433c48b51adbc8f67dd2112ac3a50d66d0d1ddd173?s=96&r=g\",\"contentUrl\":\"https:\\\/\\\/secure.gravatar.com\\\/avatar\\\/2f492f08c4bdc714d7db0d433c48b51adbc8f67dd2112ac3a50d66d0d1ddd173?s=96&r=g\",\"caption\":\"H\u00e5kan Johansson\"},\"description\":\"Politik, musik och teknik...\",\"sameAs\":[\"https:\\\/\\\/wp.kristdemokraterna.se\\\/hakanjohansson\"],\"url\":\"https:\\\/\\\/wp.kristdemokraterna.se\\\/hakanjohansson\\\/author\\\/hakanjohansson\\\/\"}]}<\/script>\n<!-- \/ Yoast SEO plugin. -->","yoast_head_json":{"title":"Hur jag v\u00e4nde Rikstinget - H\u00e5kan Johansson, KD","robots":{"index":"index","follow":"follow","max-snippet":"max-snippet:-1","max-image-preview":"max-image-preview:large","max-video-preview":"max-video-preview:-1"},"canonical":"https:\/\/wp.kristdemokraterna.se\/hakanjohansson\/2013\/09\/27\/hur-jag-vande-rikstinget\/","og_locale":"sv_SE","og_type":"article","og_title":"Hur jag v\u00e4nde Rikstinget - H\u00e5kan Johansson, KD","og_description":"Andra dagen av Rikstinget b\u00f6rjade med val av partiordf\u00f6rande och partistyrelse.\u00a0Som v\u00e4ntat valdes j\u00f6nk\u00f6pingsdistriktarna G\u00f6ran H\u00e4gglund\u00a0och Maria Larsson enh\u00e4lligt\u00a0till partiordf\u00f6rande respektive\u00a01 vice ordf\u00f6rande. Distriktets ordf\u00f6rande Andreas Carlson valdes till ordinarie ledamot i partistyrelsen.","og_url":"https:\/\/wp.kristdemokraterna.se\/hakanjohansson\/2013\/09\/27\/hur-jag-vande-rikstinget\/","og_site_name":"H\u00e5kan Johansson, KD","article_published_time":"2013-09-27T17:27:56+00:00","article_modified_time":"2015-07-13T20:21:12+00:00","og_image":[{"width":200,"height":283,"url":"https:\/\/wp.kristdemokraterna.se\/hakanjohansson\/files\/2014\/07\/framsidart2013.jpg","type":"image\/jpeg"}],"author":"H\u00e5kan Johansson","twitter_card":"summary_large_image","twitter_misc":{"Skriven av":"H\u00e5kan Johansson","Ber\u00e4knad l\u00e4stid":"2 minuter"},"schema":{"@context":"https:\/\/schema.org","@graph":[{"@type":"Article","@id":"https:\/\/wp.kristdemokraterna.se\/hakanjohansson\/2013\/09\/27\/hur-jag-vande-rikstinget\/#article","isPartOf":{"@id":"https:\/\/wp.kristdemokraterna.se\/hakanjohansson\/2013\/09\/27\/hur-jag-vande-rikstinget\/"},"author":{"name":"H\u00e5kan Johansson","@id":"https:\/\/wp.kristdemokraterna.se\/hakanjohansson\/#\/schema\/person\/1ebb24d2d3a4cdd92106ea18359c8b63"},"headline":"Hur jag v\u00e4nde Rikstinget","datePublished":"2013-09-27T17:27:56+00:00","dateModified":"2015-07-13T20:21:12+00:00","mainEntityOfPage":{"@id":"https:\/\/wp.kristdemokraterna.se\/hakanjohansson\/2013\/09\/27\/hur-jag-vande-rikstinget\/"},"wordCount":410,"image":{"@id":"https:\/\/wp.kristdemokraterna.se\/hakanjohansson\/2013\/09\/27\/hur-jag-vande-rikstinget\/#primaryimage"},"thumbnailUrl":"https:\/\/wp.kristdemokraterna.se\/hakanjohansson\/files\/2014\/07\/framsidart2013.jpg","keywords":["Andreas Carlson","barns och ungas uppv\u00e4xtvillkor","b\u00e4sta land att v\u00e4xa upp i","demokrati","f\u00f6rfattning","G\u00f6ran H\u00e4gglund","Lennart Molin","Maria Larsson","motioner","partiordf\u00f6rande","partistyrelse","propositioner","r\u00e4ttsv\u00e4sende","Riksting","sexk\u00f6pslagen","valmaterial"],"articleSection":["Inl\u00e4gg"],"inLanguage":"sv-SE"},{"@type":"WebPage","@id":"https:\/\/wp.kristdemokraterna.se\/hakanjohansson\/2013\/09\/27\/hur-jag-vande-rikstinget\/","url":"https:\/\/wp.kristdemokraterna.se\/hakanjohansson\/2013\/09\/27\/hur-jag-vande-rikstinget\/","name":"Hur jag v\u00e4nde Rikstinget - H\u00e5kan Johansson, KD","isPartOf":{"@id":"https:\/\/wp.kristdemokraterna.se\/hakanjohansson\/#website"},"primaryImageOfPage":{"@id":"https:\/\/wp.kristdemokraterna.se\/hakanjohansson\/2013\/09\/27\/hur-jag-vande-rikstinget\/#primaryimage"},"image":{"@id":"https:\/\/wp.kristdemokraterna.se\/hakanjohansson\/2013\/09\/27\/hur-jag-vande-rikstinget\/#primaryimage"},"thumbnailUrl":"https:\/\/wp.kristdemokraterna.se\/hakanjohansson\/files\/2014\/07\/framsidart2013.jpg","datePublished":"2013-09-27T17:27:56+00:00","dateModified":"2015-07-13T20:21:12+00:00","author":{"@id":"https:\/\/wp.kristdemokraterna.se\/hakanjohansson\/#\/schema\/person\/1ebb24d2d3a4cdd92106ea18359c8b63"},"breadcrumb":{"@id":"https:\/\/wp.kristdemokraterna.se\/hakanjohansson\/2013\/09\/27\/hur-jag-vande-rikstinget\/#breadcrumb"},"inLanguage":"sv-SE","potentialAction":[{"@type":"ReadAction","target":["https:\/\/wp.kristdemokraterna.se\/hakanjohansson\/2013\/09\/27\/hur-jag-vande-rikstinget\/"]}]},{"@type":"ImageObject","inLanguage":"sv-SE","@id":"https:\/\/wp.kristdemokraterna.se\/hakanjohansson\/2013\/09\/27\/hur-jag-vande-rikstinget\/#primaryimage","url":"https:\/\/wp.kristdemokraterna.se\/hakanjohansson\/files\/2014\/07\/framsidart2013.jpg","contentUrl":"https:\/\/wp.kristdemokraterna.se\/hakanjohansson\/files\/2014\/07\/framsidart2013.jpg","width":200,"height":283,"caption":"Framsidan p\u00e5 \u00e5rets rikstingshandlingar."},{"@type":"BreadcrumbList","@id":"https:\/\/wp.kristdemokraterna.se\/hakanjohansson\/2013\/09\/27\/hur-jag-vande-rikstinget\/#breadcrumb","itemListElement":[{"@type":"ListItem","position":1,"name":"Hem","item":"https:\/\/wp.kristdemokraterna.se\/hakanjohansson\/"},{"@type":"ListItem","position":2,"name":"Hur jag v\u00e4nde Rikstinget"}]},{"@type":"WebSite","@id":"https:\/\/wp.kristdemokraterna.se\/hakanjohansson\/#website","url":"https:\/\/wp.kristdemokraterna.se\/hakanjohansson\/","name":"H\u00e5kan Johansson, KD","description":"Politik, musik och teknik...","inLanguage":"sv-SE"},{"@type":"Person","@id":"https:\/\/wp.kristdemokraterna.se\/hakanjohansson\/#\/schema\/person\/1ebb24d2d3a4cdd92106ea18359c8b63","name":"H\u00e5kan Johansson","image":{"@type":"ImageObject","inLanguage":"sv-SE","@id":"https:\/\/secure.gravatar.com\/avatar\/2f492f08c4bdc714d7db0d433c48b51adbc8f67dd2112ac3a50d66d0d1ddd173?s=96&r=g","url":"https:\/\/secure.gravatar.com\/avatar\/2f492f08c4bdc714d7db0d433c48b51adbc8f67dd2112ac3a50d66d0d1ddd173?s=96&r=g","contentUrl":"https:\/\/secure.gravatar.com\/avatar\/2f492f08c4bdc714d7db0d433c48b51adbc8f67dd2112ac3a50d66d0d1ddd173?s=96&r=g","caption":"H\u00e5kan Johansson"},"description":"Politik, musik och teknik...","sameAs":["https:\/\/wp.kristdemokraterna.se\/hakanjohansson"],"url":"https:\/\/wp.kristdemokraterna.se\/hakanjohansson\/author\/hakanjohansson\/"}]}},"_links":{"self":[{"href":"https:\/\/wp.kristdemokraterna.se\/hakanjohansson\/wp-json\/wp\/v2\/posts\/514","targetHints":{"allow":["GET"]}}],"collection":[{"href":"https:\/\/wp.kristdemokraterna.se\/hakanjohansson\/wp-json\/wp\/v2\/posts"}],"about":[{"href":"https:\/\/wp.kristdemokraterna.se\/hakanjohansson\/wp-json\/wp\/v2\/types\/post"}],"author":[{"embeddable":true,"href":"https:\/\/wp.kristdemokraterna.se\/hakanjohansson\/wp-json\/wp\/v2\/users\/507"}],"replies":[{"embeddable":true,"href":"https:\/\/wp.kristdemokraterna.se\/hakanjohansson\/wp-json\/wp\/v2\/comments?post=514"}],"version-history":[{"count":17,"href":"https:\/\/wp.kristdemokraterna.se\/hakanjohansson\/wp-json\/wp\/v2\/posts\/514\/revisions"}],"predecessor-version":[{"id":2181,"href":"https:\/\/wp.kristdemokraterna.se\/hakanjohansson\/wp-json\/wp\/v2\/posts\/514\/revisions\/2181"}],"wp:featuredmedia":[{"embeddable":true,"href":"https:\/\/wp.kristdemokraterna.se\/hakanjohansson\/wp-json\/wp\/v2\/media\/516"}],"wp:attachment":[{"href":"https:\/\/wp.kristdemokraterna.se\/hakanjohansson\/wp-json\/wp\/v2\/media?parent=514"}],"wp:term":[{"taxonomy":"category","embeddable":true,"href":"https:\/\/wp.kristdemokraterna.se\/hakanjohansson\/wp-json\/wp\/v2\/categories?post=514"},{"taxonomy":"post_tag","embeddable":true,"href":"https:\/\/wp.kristdemokraterna.se\/hakanjohansson\/wp-json\/wp\/v2\/tags?post=514"}],"curies":[{"name":"wp","href":"https:\/\/api.w.org\/{rel}","templated":true}]}}