{"id":525,"date":"2013-09-25T20:26:15","date_gmt":"2013-09-25T18:26:15","guid":{"rendered":"http:\/\/wp.kristdemokraterna.se\/hakanjohansson\/?p=525"},"modified":"2015-07-13T22:29:00","modified_gmt":"2015-07-13T20:29:00","slug":"detta-med-presstraffar","status":"publish","type":"post","link":"https:\/\/wp.kristdemokraterna.se\/hakanjohansson\/2013\/09\/25\/detta-med-presstraffar\/","title":{"rendered":"Detta med presstr\u00e4ffar"},"content":{"rendered":"<p>Presstr\u00e4ffar \u00e4r en m\u00e4rklig uppfinning, men ack s\u00e5 viktig f\u00f6r oss politiker. Jag och Arnold Carlzon hade bjudit in hela pressen och satt och v\u00e4ntade p\u00e5 att n\u00e5gon skulle dyka upp. Till slut kom det\u00a0en journalist och vi satte oss ned och pratade om Rikstinget i Karlstad som b\u00f6rjar snart och alla motioner och propositionen som ska tas upp d\u00e4r med mera. Trots allt nyhetsmaterial vi gav\u00a0journalisten s\u00e5 var det hen var mest intresserad av Kristdemokraternas l\u00e5ga resultat i opinionsm\u00e4tningarna. Suck\u2026<\/p>\n<p><!--more--><\/p>\n<p>Under fotograferingen skulle vi st\u00e5 runt ett tr\u00e4d framf\u00f6r kyrkan, men artikeln blev bra och bilden riktigt rolig.<\/p>\n","protected":false},"excerpt":{"rendered":"<p>Presstr\u00e4ffar \u00e4r en m\u00e4rklig uppfinning, men ack s\u00e5 viktig f\u00f6r oss politiker. Jag och Arnold Carlzon hade bjudit in hela pressen och satt och v\u00e4ntade p\u00e5 att n\u00e5gon skulle dyka upp. Till slut kom det\u00a0en journalist och vi satte oss ned och pratade om Rikstinget i Karlstad som b\u00f6rjar snart och alla motioner och propositionen&hellip; <a class=\"read-more-link\" href=\"https:\/\/wp.kristdemokraterna.se\/hakanjohansson\/2013\/09\/25\/detta-med-presstraffar\/\">Forts\u00e4tt l\u00e4sa<\/a><\/p>\n","protected":false},"author":507,"featured_media":66,"comment_status":"closed","ping_status":"closed","sticky":false,"template":"","format":"standard","meta":{"_acf_changed":false,"footnotes":""},"categories":[41],"tags":[293,284,297,296,295,298,10],"class_list":["post-525","post","type-post","status-publish","format-standard","hentry","category-inlagg","tag-arnold-carlzon","tag-karlstad","tag-motioner-2","tag-opinionsmatningar","tag-presstraff","tag-propositioner","tag-riksting"],"acf":[],"yoast_head":"<!-- This site is optimized with the Yoast SEO plugin v27.4 - https:\/\/yoast.com\/product\/yoast-seo-wordpress\/ -->\n<title>Detta med presstr\u00e4ffar - H\u00e5kan Johansson, KD<\/title>\n<meta name=\"robots\" content=\"index, follow, max-snippet:-1, max-image-preview:large, max-video-preview:-1\" \/>\n<link rel=\"canonical\" href=\"https:\/\/wp.kristdemokraterna.se\/hakanjohansson\/2013\/09\/25\/detta-med-presstraffar\/\" \/>\n<meta property=\"og:locale\" content=\"sv_SE\" \/>\n<meta property=\"og:type\" content=\"article\" \/>\n<meta property=\"og:title\" content=\"Detta med presstr\u00e4ffar - H\u00e5kan Johansson, KD\" \/>\n<meta property=\"og:description\" content=\"Presstr\u00e4ffar \u00e4r en m\u00e4rklig uppfinning, men ack s\u00e5 viktig f\u00f6r oss politiker. Jag och Arnold Carlzon hade bjudit in hela pressen och satt och v\u00e4ntade p\u00e5 att n\u00e5gon skulle dyka upp. Till slut kom det\u00a0en journalist och vi satte oss ned och pratade om Rikstinget i Karlstad som b\u00f6rjar snart och alla motioner och propositionen&hellip; Forts\u00e4tt l\u00e4sa\" \/>\n<meta property=\"og:url\" content=\"https:\/\/wp.kristdemokraterna.se\/hakanjohansson\/2013\/09\/25\/detta-med-presstraffar\/\" \/>\n<meta property=\"og:site_name\" content=\"H\u00e5kan Johansson, KD\" \/>\n<meta property=\"article:published_time\" content=\"2013-09-25T18:26:15+00:00\" \/>\n<meta property=\"article:modified_time\" content=\"2015-07-13T20:29:00+00:00\" \/>\n<meta property=\"og:image\" content=\"https:\/\/wp.kristdemokraterna.se\/hakanjohansson\/files\/2013\/10\/person_hakanjohansson_2012.jpg\" \/>\n\t<meta property=\"og:image:width\" content=\"246\" \/>\n\t<meta property=\"og:image:height\" content=\"340\" \/>\n\t<meta property=\"og:image:type\" content=\"image\/jpeg\" \/>\n<meta name=\"author\" content=\"H\u00e5kan Johansson\" \/>\n<meta name=\"twitter:card\" content=\"summary_large_image\" \/>\n<meta name=\"twitter:label1\" content=\"Skriven av\" \/>\n\t<meta name=\"twitter:data1\" content=\"H\u00e5kan Johansson\" \/>\n\t<meta name=\"twitter:label2\" content=\"Ber\u00e4knad l\u00e4stid\" \/>\n\t<meta name=\"twitter:data2\" content=\"1 minut\" \/>\n<script type=\"application\/ld+json\" class=\"yoast-schema-graph\">{\"@context\":\"https:\\\/\\\/schema.org\",\"@graph\":[{\"@type\":\"Article\",\"@id\":\"https:\\\/\\\/wp.kristdemokraterna.se\\\/hakanjohansson\\\/2013\\\/09\\\/25\\\/detta-med-presstraffar\\\/#article\",\"isPartOf\":{\"@id\":\"https:\\\/\\\/wp.kristdemokraterna.se\\\/hakanjohansson\\\/2013\\\/09\\\/25\\\/detta-med-presstraffar\\\/\"},\"author\":{\"name\":\"H\u00e5kan Johansson\",\"@id\":\"https:\\\/\\\/wp.kristdemokraterna.se\\\/hakanjohansson\\\/#\\\/schema\\\/person\\\/1ebb24d2d3a4cdd92106ea18359c8b63\"},\"headline\":\"Detta med presstr\u00e4ffar\",\"datePublished\":\"2013-09-25T18:26:15+00:00\",\"dateModified\":\"2015-07-13T20:29:00+00:00\",\"mainEntityOfPage\":{\"@id\":\"https:\\\/\\\/wp.kristdemokraterna.se\\\/hakanjohansson\\\/2013\\\/09\\\/25\\\/detta-med-presstraffar\\\/\"},\"wordCount\":116,\"image\":{\"@id\":\"https:\\\/\\\/wp.kristdemokraterna.se\\\/hakanjohansson\\\/2013\\\/09\\\/25\\\/detta-med-presstraffar\\\/#primaryimage\"},\"thumbnailUrl\":\"https:\\\/\\\/wp.kristdemokraterna.se\\\/hakanjohansson\\\/files\\\/2013\\\/10\\\/person_hakanjohansson_2012.jpg\",\"keywords\":[\"Arnold Carlzon\",\"Karlstad\",\"motioner\",\"opinionsm\u00e4tningar\",\"presstr\u00e4ff\",\"propositioner\",\"Riksting\"],\"articleSection\":[\"Inl\u00e4gg\"],\"inLanguage\":\"sv-SE\"},{\"@type\":\"WebPage\",\"@id\":\"https:\\\/\\\/wp.kristdemokraterna.se\\\/hakanjohansson\\\/2013\\\/09\\\/25\\\/detta-med-presstraffar\\\/\",\"url\":\"https:\\\/\\\/wp.kristdemokraterna.se\\\/hakanjohansson\\\/2013\\\/09\\\/25\\\/detta-med-presstraffar\\\/\",\"name\":\"Detta med presstr\u00e4ffar - H\u00e5kan Johansson, KD\",\"isPartOf\":{\"@id\":\"https:\\\/\\\/wp.kristdemokraterna.se\\\/hakanjohansson\\\/#website\"},\"primaryImageOfPage\":{\"@id\":\"https:\\\/\\\/wp.kristdemokraterna.se\\\/hakanjohansson\\\/2013\\\/09\\\/25\\\/detta-med-presstraffar\\\/#primaryimage\"},\"image\":{\"@id\":\"https:\\\/\\\/wp.kristdemokraterna.se\\\/hakanjohansson\\\/2013\\\/09\\\/25\\\/detta-med-presstraffar\\\/#primaryimage\"},\"thumbnailUrl\":\"https:\\\/\\\/wp.kristdemokraterna.se\\\/hakanjohansson\\\/files\\\/2013\\\/10\\\/person_hakanjohansson_2012.jpg\",\"datePublished\":\"2013-09-25T18:26:15+00:00\",\"dateModified\":\"2015-07-13T20:29:00+00:00\",\"author\":{\"@id\":\"https:\\\/\\\/wp.kristdemokraterna.se\\\/hakanjohansson\\\/#\\\/schema\\\/person\\\/1ebb24d2d3a4cdd92106ea18359c8b63\"},\"breadcrumb\":{\"@id\":\"https:\\\/\\\/wp.kristdemokraterna.se\\\/hakanjohansson\\\/2013\\\/09\\\/25\\\/detta-med-presstraffar\\\/#breadcrumb\"},\"inLanguage\":\"sv-SE\",\"potentialAction\":[{\"@type\":\"ReadAction\",\"target\":[\"https:\\\/\\\/wp.kristdemokraterna.se\\\/hakanjohansson\\\/2013\\\/09\\\/25\\\/detta-med-presstraffar\\\/\"]}]},{\"@type\":\"ImageObject\",\"inLanguage\":\"sv-SE\",\"@id\":\"https:\\\/\\\/wp.kristdemokraterna.se\\\/hakanjohansson\\\/2013\\\/09\\\/25\\\/detta-med-presstraffar\\\/#primaryimage\",\"url\":\"https:\\\/\\\/wp.kristdemokraterna.se\\\/hakanjohansson\\\/files\\\/2013\\\/10\\\/person_hakanjohansson_2012.jpg\",\"contentUrl\":\"https:\\\/\\\/wp.kristdemokraterna.se\\\/hakanjohansson\\\/files\\\/2013\\\/10\\\/person_hakanjohansson_2012.jpg\",\"width\":246,\"height\":340,\"caption\":\"H\u00e5kan Johansson, Kristdemokraterna V\u00e4rnamo\"},{\"@type\":\"BreadcrumbList\",\"@id\":\"https:\\\/\\\/wp.kristdemokraterna.se\\\/hakanjohansson\\\/2013\\\/09\\\/25\\\/detta-med-presstraffar\\\/#breadcrumb\",\"itemListElement\":[{\"@type\":\"ListItem\",\"position\":1,\"name\":\"Hem\",\"item\":\"https:\\\/\\\/wp.kristdemokraterna.se\\\/hakanjohansson\\\/\"},{\"@type\":\"ListItem\",\"position\":2,\"name\":\"Detta med presstr\u00e4ffar\"}]},{\"@type\":\"WebSite\",\"@id\":\"https:\\\/\\\/wp.kristdemokraterna.se\\\/hakanjohansson\\\/#website\",\"url\":\"https:\\\/\\\/wp.kristdemokraterna.se\\\/hakanjohansson\\\/\",\"name\":\"H\u00e5kan Johansson, KD\",\"description\":\"Politik, musik och teknik...\",\"inLanguage\":\"sv-SE\"},{\"@type\":\"Person\",\"@id\":\"https:\\\/\\\/wp.kristdemokraterna.se\\\/hakanjohansson\\\/#\\\/schema\\\/person\\\/1ebb24d2d3a4cdd92106ea18359c8b63\",\"name\":\"H\u00e5kan Johansson\",\"image\":{\"@type\":\"ImageObject\",\"inLanguage\":\"sv-SE\",\"@id\":\"https:\\\/\\\/secure.gravatar.com\\\/avatar\\\/2f492f08c4bdc714d7db0d433c48b51adbc8f67dd2112ac3a50d66d0d1ddd173?s=96&r=g\",\"url\":\"https:\\\/\\\/secure.gravatar.com\\\/avatar\\\/2f492f08c4bdc714d7db0d433c48b51adbc8f67dd2112ac3a50d66d0d1ddd173?s=96&r=g\",\"contentUrl\":\"https:\\\/\\\/secure.gravatar.com\\\/avatar\\\/2f492f08c4bdc714d7db0d433c48b51adbc8f67dd2112ac3a50d66d0d1ddd173?s=96&r=g\",\"caption\":\"H\u00e5kan Johansson\"},\"description\":\"Politik, musik och teknik...\",\"sameAs\":[\"https:\\\/\\\/wp.kristdemokraterna.se\\\/hakanjohansson\"],\"url\":\"https:\\\/\\\/wp.kristdemokraterna.se\\\/hakanjohansson\\\/author\\\/hakanjohansson\\\/\"}]}<\/script>\n<!-- \/ Yoast SEO plugin. -->","yoast_head_json":{"title":"Detta med presstr\u00e4ffar - H\u00e5kan Johansson, KD","robots":{"index":"index","follow":"follow","max-snippet":"max-snippet:-1","max-image-preview":"max-image-preview:large","max-video-preview":"max-video-preview:-1"},"canonical":"https:\/\/wp.kristdemokraterna.se\/hakanjohansson\/2013\/09\/25\/detta-med-presstraffar\/","og_locale":"sv_SE","og_type":"article","og_title":"Detta med presstr\u00e4ffar - H\u00e5kan Johansson, KD","og_description":"Presstr\u00e4ffar \u00e4r en m\u00e4rklig uppfinning, men ack s\u00e5 viktig f\u00f6r oss politiker. Jag och Arnold Carlzon hade bjudit in hela pressen och satt och v\u00e4ntade p\u00e5 att n\u00e5gon skulle dyka upp. Till slut kom det\u00a0en journalist och vi satte oss ned och pratade om Rikstinget i Karlstad som b\u00f6rjar snart och alla motioner och propositionen&hellip; Forts\u00e4tt l\u00e4sa","og_url":"https:\/\/wp.kristdemokraterna.se\/hakanjohansson\/2013\/09\/25\/detta-med-presstraffar\/","og_site_name":"H\u00e5kan Johansson, KD","article_published_time":"2013-09-25T18:26:15+00:00","article_modified_time":"2015-07-13T20:29:00+00:00","og_image":[{"width":246,"height":340,"url":"https:\/\/wp.kristdemokraterna.se\/hakanjohansson\/files\/2013\/10\/person_hakanjohansson_2012.jpg","type":"image\/jpeg"}],"author":"H\u00e5kan Johansson","twitter_card":"summary_large_image","twitter_misc":{"Skriven av":"H\u00e5kan Johansson","Ber\u00e4knad l\u00e4stid":"1 minut"},"schema":{"@context":"https:\/\/schema.org","@graph":[{"@type":"Article","@id":"https:\/\/wp.kristdemokraterna.se\/hakanjohansson\/2013\/09\/25\/detta-med-presstraffar\/#article","isPartOf":{"@id":"https:\/\/wp.kristdemokraterna.se\/hakanjohansson\/2013\/09\/25\/detta-med-presstraffar\/"},"author":{"name":"H\u00e5kan Johansson","@id":"https:\/\/wp.kristdemokraterna.se\/hakanjohansson\/#\/schema\/person\/1ebb24d2d3a4cdd92106ea18359c8b63"},"headline":"Detta med presstr\u00e4ffar","datePublished":"2013-09-25T18:26:15+00:00","dateModified":"2015-07-13T20:29:00+00:00","mainEntityOfPage":{"@id":"https:\/\/wp.kristdemokraterna.se\/hakanjohansson\/2013\/09\/25\/detta-med-presstraffar\/"},"wordCount":116,"image":{"@id":"https:\/\/wp.kristdemokraterna.se\/hakanjohansson\/2013\/09\/25\/detta-med-presstraffar\/#primaryimage"},"thumbnailUrl":"https:\/\/wp.kristdemokraterna.se\/hakanjohansson\/files\/2013\/10\/person_hakanjohansson_2012.jpg","keywords":["Arnold Carlzon","Karlstad","motioner","opinionsm\u00e4tningar","presstr\u00e4ff","propositioner","Riksting"],"articleSection":["Inl\u00e4gg"],"inLanguage":"sv-SE"},{"@type":"WebPage","@id":"https:\/\/wp.kristdemokraterna.se\/hakanjohansson\/2013\/09\/25\/detta-med-presstraffar\/","url":"https:\/\/wp.kristdemokraterna.se\/hakanjohansson\/2013\/09\/25\/detta-med-presstraffar\/","name":"Detta med presstr\u00e4ffar - H\u00e5kan Johansson, KD","isPartOf":{"@id":"https:\/\/wp.kristdemokraterna.se\/hakanjohansson\/#website"},"primaryImageOfPage":{"@id":"https:\/\/wp.kristdemokraterna.se\/hakanjohansson\/2013\/09\/25\/detta-med-presstraffar\/#primaryimage"},"image":{"@id":"https:\/\/wp.kristdemokraterna.se\/hakanjohansson\/2013\/09\/25\/detta-med-presstraffar\/#primaryimage"},"thumbnailUrl":"https:\/\/wp.kristdemokraterna.se\/hakanjohansson\/files\/2013\/10\/person_hakanjohansson_2012.jpg","datePublished":"2013-09-25T18:26:15+00:00","dateModified":"2015-07-13T20:29:00+00:00","author":{"@id":"https:\/\/wp.kristdemokraterna.se\/hakanjohansson\/#\/schema\/person\/1ebb24d2d3a4cdd92106ea18359c8b63"},"breadcrumb":{"@id":"https:\/\/wp.kristdemokraterna.se\/hakanjohansson\/2013\/09\/25\/detta-med-presstraffar\/#breadcrumb"},"inLanguage":"sv-SE","potentialAction":[{"@type":"ReadAction","target":["https:\/\/wp.kristdemokraterna.se\/hakanjohansson\/2013\/09\/25\/detta-med-presstraffar\/"]}]},{"@type":"ImageObject","inLanguage":"sv-SE","@id":"https:\/\/wp.kristdemokraterna.se\/hakanjohansson\/2013\/09\/25\/detta-med-presstraffar\/#primaryimage","url":"https:\/\/wp.kristdemokraterna.se\/hakanjohansson\/files\/2013\/10\/person_hakanjohansson_2012.jpg","contentUrl":"https:\/\/wp.kristdemokraterna.se\/hakanjohansson\/files\/2013\/10\/person_hakanjohansson_2012.jpg","width":246,"height":340,"caption":"H\u00e5kan Johansson, Kristdemokraterna V\u00e4rnamo"},{"@type":"BreadcrumbList","@id":"https:\/\/wp.kristdemokraterna.se\/hakanjohansson\/2013\/09\/25\/detta-med-presstraffar\/#breadcrumb","itemListElement":[{"@type":"ListItem","position":1,"name":"Hem","item":"https:\/\/wp.kristdemokraterna.se\/hakanjohansson\/"},{"@type":"ListItem","position":2,"name":"Detta med presstr\u00e4ffar"}]},{"@type":"WebSite","@id":"https:\/\/wp.kristdemokraterna.se\/hakanjohansson\/#website","url":"https:\/\/wp.kristdemokraterna.se\/hakanjohansson\/","name":"H\u00e5kan Johansson, KD","description":"Politik, musik och teknik...","inLanguage":"sv-SE"},{"@type":"Person","@id":"https:\/\/wp.kristdemokraterna.se\/hakanjohansson\/#\/schema\/person\/1ebb24d2d3a4cdd92106ea18359c8b63","name":"H\u00e5kan Johansson","image":{"@type":"ImageObject","inLanguage":"sv-SE","@id":"https:\/\/secure.gravatar.com\/avatar\/2f492f08c4bdc714d7db0d433c48b51adbc8f67dd2112ac3a50d66d0d1ddd173?s=96&r=g","url":"https:\/\/secure.gravatar.com\/avatar\/2f492f08c4bdc714d7db0d433c48b51adbc8f67dd2112ac3a50d66d0d1ddd173?s=96&r=g","contentUrl":"https:\/\/secure.gravatar.com\/avatar\/2f492f08c4bdc714d7db0d433c48b51adbc8f67dd2112ac3a50d66d0d1ddd173?s=96&r=g","caption":"H\u00e5kan Johansson"},"description":"Politik, musik och teknik...","sameAs":["https:\/\/wp.kristdemokraterna.se\/hakanjohansson"],"url":"https:\/\/wp.kristdemokraterna.se\/hakanjohansson\/author\/hakanjohansson\/"}]}},"_links":{"self":[{"href":"https:\/\/wp.kristdemokraterna.se\/hakanjohansson\/wp-json\/wp\/v2\/posts\/525","targetHints":{"allow":["GET"]}}],"collection":[{"href":"https:\/\/wp.kristdemokraterna.se\/hakanjohansson\/wp-json\/wp\/v2\/posts"}],"about":[{"href":"https:\/\/wp.kristdemokraterna.se\/hakanjohansson\/wp-json\/wp\/v2\/types\/post"}],"author":[{"embeddable":true,"href":"https:\/\/wp.kristdemokraterna.se\/hakanjohansson\/wp-json\/wp\/v2\/users\/507"}],"replies":[{"embeddable":true,"href":"https:\/\/wp.kristdemokraterna.se\/hakanjohansson\/wp-json\/wp\/v2\/comments?post=525"}],"version-history":[{"count":5,"href":"https:\/\/wp.kristdemokraterna.se\/hakanjohansson\/wp-json\/wp\/v2\/posts\/525\/revisions"}],"predecessor-version":[{"id":2184,"href":"https:\/\/wp.kristdemokraterna.se\/hakanjohansson\/wp-json\/wp\/v2\/posts\/525\/revisions\/2184"}],"wp:featuredmedia":[{"embeddable":true,"href":"https:\/\/wp.kristdemokraterna.se\/hakanjohansson\/wp-json\/wp\/v2\/media\/66"}],"wp:attachment":[{"href":"https:\/\/wp.kristdemokraterna.se\/hakanjohansson\/wp-json\/wp\/v2\/media?parent=525"}],"wp:term":[{"taxonomy":"category","embeddable":true,"href":"https:\/\/wp.kristdemokraterna.se\/hakanjohansson\/wp-json\/wp\/v2\/categories?post=525"},{"taxonomy":"post_tag","embeddable":true,"href":"https:\/\/wp.kristdemokraterna.se\/hakanjohansson\/wp-json\/wp\/v2\/tags?post=525"}],"curies":[{"name":"wp","href":"https:\/\/api.w.org\/{rel}","templated":true}]}}