{"id":569,"date":"2013-09-06T19:42:06","date_gmt":"2013-09-06T17:42:06","guid":{"rendered":"http:\/\/wp.kristdemokraterna.se\/hakanjohansson\/?p=569"},"modified":"2015-07-13T22:34:50","modified_gmt":"2015-07-13T20:34:50","slug":"bland-mossar-och-vatmarker","status":"publish","type":"post","link":"https:\/\/wp.kristdemokraterna.se\/hakanjohansson\/2013\/09\/06\/bland-mossar-och-vatmarker\/","title":{"rendered":"Bland mossar och v\u00e5tmarker"},"content":{"rendered":"<p>Ett av de mest\u00a0intressanta, viktiga och roliga uppdrag jag har \u00e4r att representera V\u00e4rnamo kommun i styrelsen f\u00f6r <a title=\"Lagans vattenr\u00e5d, hemsidan\" href=\"http:\/\/www.vattenorganisationer.se\/lagansvr\/\" target=\"_blank\">Lagans vattenr\u00e5d (LVR)<\/a>. Mest jobbar vi med vattenkvaliteten i Lagan genom provtagning\u00a0och yttranden \u00f6ver tillst\u00e5nd f\u00f6r verksamheter som p\u00e5verkar Lagans vatten. Ibland \u00e5ker vi iv\u00e4g och g\u00f6r nedslag i verkligheten. I dag var det en s\u00e5dan dag.<\/p>\n<p><!--more--><\/p>\n<p>Vi \u00e5kte buss fr\u00e5n Bredasten och tog oss till Vrigstad d\u00e4r vi drack kaffe. Sedan \u00e5kte vi till en torvmosse och studerade hur de g\u00f6r f\u00f6r att inte vattnet fr\u00e5n torvt\u00e4kten ska n\u00e5 Lagan. M\u00e5nga diken och d\u00e4mmen blir det\u2026<\/p>\n<p>Efter det \u00e5kte vi vidare till ett av Lagans bifl\u00f6den f\u00f6r att se hur de med enkla medel har sett till s\u00e5 att fisken kan vandra utmed hela \u00e5n. Som sagt s\u00e5 \u00e4r det en intressant och angel\u00e4gen verksamhet \u2013 utan rent vatten inget liv.<\/p>\n\n\t\t<style type=\"text\/css\">\n\t\t\t#gallery-1 {\n\t\t\t\tmargin: auto;\n\t\t\t}\n\t\t\t#gallery-1 .gallery-item {\n\t\t\t\tfloat: left;\n\t\t\t\tmargin-top: 10px;\n\t\t\t\ttext-align: center;\n\t\t\t\twidth: 33%;\n\t\t\t}\n\t\t\t#gallery-1 img {\n\t\t\t\tborder: 2px solid #cfcfcf;\n\t\t\t}\n\t\t\t#gallery-1 .gallery-caption {\n\t\t\t\tmargin-left: 0;\n\t\t\t}\n\t\t\t\/* see gallery_shortcode() in wp-includes\/media.php *\/\n\t\t<\/style>\n\t\t<div id='gallery-1' class='gallery galleryid-569 gallery-columns-3 gallery-size-thumbnail'><dl class='gallery-item'>\n\t\t\t<dt class='gallery-icon landscape'>\n\t\t\t\t<a href='https:\/\/wp.kristdemokraterna.se\/hakanjohansson\/2013\/09\/06\/bland-mossar-och-vatmarker\/20130906-lvr-torvmosse\/'><img loading=\"lazy\" decoding=\"async\" width=\"150\" height=\"150\" src=\"https:\/\/wp.kristdemokraterna.se\/hakanjohansson\/files\/2014\/07\/20130906_lvr_torvmosse-150x150.png\" class=\"attachment-thumbnail size-thumbnail\" alt=\"Lagans vattenr\u00e5d studerar torvbrytning. (Foto: H\u00e5kan Johansson)\" aria-describedby=\"gallery-1-567\" \/><\/a>\n\t\t\t<\/dt>\n\t\t\t\t<dd class='wp-caption-text gallery-caption' id='gallery-1-567'>\n\t\t\t\tLagans vattenr\u00e5d studerar torvbrytning. (Foto: H\u00e5kan Johansson)\n\t\t\t\t<\/dd><\/dl><dl class='gallery-item'>\n\t\t\t<dt class='gallery-icon landscape'>\n\t\t\t\t<a href='https:\/\/wp.kristdemokraterna.se\/hakanjohansson\/2013\/09\/06\/bland-mossar-och-vatmarker\/20130906-lvr-fika\/'><img loading=\"lazy\" decoding=\"async\" width=\"150\" height=\"150\" src=\"https:\/\/wp.kristdemokraterna.se\/hakanjohansson\/files\/2014\/07\/20130906_lvr_fika-150x150.png\" class=\"attachment-thumbnail size-thumbnail\" alt=\"Vi hittade en gl\u00e4nta i skogen och d\u00e4r stannade vi naturligtvis ned och tog en fika. (Foto: H\u00e5kan Johansson)\" aria-describedby=\"gallery-1-568\" \/><\/a>\n\t\t\t<\/dt>\n\t\t\t\t<dd class='wp-caption-text gallery-caption' id='gallery-1-568'>\n\t\t\t\tVi hittade en gl\u00e4nta i skogen och d\u00e4r stannade vi naturligtvis ned och tog en fika. (Foto: H\u00e5kan Johansson)\n\t\t\t\t<\/dd><\/dl>\n\t\t\t<br style='clear: both' \/>\n\t\t<\/div>\n\n","protected":false},"excerpt":{"rendered":"<p>Ett av de mest\u00a0intressanta, viktiga och roliga uppdrag jag har \u00e4r att representera V\u00e4rnamo kommun i styrelsen f\u00f6r Lagans vattenr\u00e5d (LVR). Mest jobbar vi med vattenkvaliteten i Lagan genom provtagning\u00a0och yttranden \u00f6ver tillst\u00e5nd f\u00f6r verksamheter som p\u00e5verkar Lagans vatten. Ibland \u00e5ker vi iv\u00e4g och g\u00f6r nedslag i verkligheten. I dag var det en s\u00e5dan dag.<\/p>\n","protected":false},"author":507,"featured_media":568,"comment_status":"closed","ping_status":"closed","sticky":false,"template":"","format":"standard","meta":{"_acf_changed":false,"footnotes":""},"categories":[41],"tags":[321,323,319,324,26,320,322],"class_list":["post-569","post","type-post","status-publish","format-standard","hentry","category-inlagg","tag-bredasten","tag-lagan","tag-lagans-vattenrad","tag-torvtakt","tag-varnamo-kommun","tag-vattenkvalitet","tag-vrigstad"],"acf":[],"yoast_head":"<!-- This site is optimized with the Yoast SEO plugin v27.4 - https:\/\/yoast.com\/product\/yoast-seo-wordpress\/ -->\n<title>Bland mossar och v\u00e5tmarker - H\u00e5kan Johansson, KD<\/title>\n<meta name=\"robots\" content=\"index, follow, max-snippet:-1, max-image-preview:large, max-video-preview:-1\" \/>\n<link rel=\"canonical\" href=\"https:\/\/wp.kristdemokraterna.se\/hakanjohansson\/2013\/09\/06\/bland-mossar-och-vatmarker\/\" \/>\n<meta property=\"og:locale\" content=\"sv_SE\" \/>\n<meta property=\"og:type\" content=\"article\" \/>\n<meta property=\"og:title\" content=\"Bland mossar och v\u00e5tmarker - H\u00e5kan Johansson, KD\" \/>\n<meta property=\"og:description\" content=\"Ett av de mest\u00a0intressanta, viktiga och roliga uppdrag jag har \u00e4r att representera V\u00e4rnamo kommun i styrelsen f\u00f6r Lagans vattenr\u00e5d (LVR). Mest jobbar vi med vattenkvaliteten i Lagan genom provtagning\u00a0och yttranden \u00f6ver tillst\u00e5nd f\u00f6r verksamheter som p\u00e5verkar Lagans vatten. Ibland \u00e5ker vi iv\u00e4g och g\u00f6r nedslag i verkligheten. I dag var det en s\u00e5dan dag.\" \/>\n<meta property=\"og:url\" content=\"https:\/\/wp.kristdemokraterna.se\/hakanjohansson\/2013\/09\/06\/bland-mossar-och-vatmarker\/\" \/>\n<meta property=\"og:site_name\" content=\"H\u00e5kan Johansson, KD\" \/>\n<meta property=\"article:published_time\" content=\"2013-09-06T17:42:06+00:00\" \/>\n<meta property=\"article:modified_time\" content=\"2015-07-13T20:34:50+00:00\" \/>\n<meta property=\"og:image\" content=\"https:\/\/wp.kristdemokraterna.se\/hakanjohansson\/files\/2014\/07\/20130906_lvr_fika.png\" \/>\n\t<meta property=\"og:image:width\" content=\"435\" \/>\n\t<meta property=\"og:image:height\" content=\"245\" \/>\n\t<meta property=\"og:image:type\" content=\"image\/png\" \/>\n<meta name=\"author\" content=\"H\u00e5kan Johansson\" \/>\n<meta name=\"twitter:card\" content=\"summary_large_image\" \/>\n<meta name=\"twitter:label1\" content=\"Skriven av\" \/>\n\t<meta name=\"twitter:data1\" content=\"H\u00e5kan Johansson\" \/>\n\t<meta name=\"twitter:label2\" content=\"Ber\u00e4knad l\u00e4stid\" \/>\n\t<meta name=\"twitter:data2\" content=\"1 minut\" \/>\n<script type=\"application\/ld+json\" class=\"yoast-schema-graph\">{\"@context\":\"https:\\\/\\\/schema.org\",\"@graph\":[{\"@type\":\"Article\",\"@id\":\"https:\\\/\\\/wp.kristdemokraterna.se\\\/hakanjohansson\\\/2013\\\/09\\\/06\\\/bland-mossar-och-vatmarker\\\/#article\",\"isPartOf\":{\"@id\":\"https:\\\/\\\/wp.kristdemokraterna.se\\\/hakanjohansson\\\/2013\\\/09\\\/06\\\/bland-mossar-och-vatmarker\\\/\"},\"author\":{\"name\":\"H\u00e5kan Johansson\",\"@id\":\"https:\\\/\\\/wp.kristdemokraterna.se\\\/hakanjohansson\\\/#\\\/schema\\\/person\\\/1ebb24d2d3a4cdd92106ea18359c8b63\"},\"headline\":\"Bland mossar och v\u00e5tmarker\",\"datePublished\":\"2013-09-06T17:42:06+00:00\",\"dateModified\":\"2015-07-13T20:34:50+00:00\",\"mainEntityOfPage\":{\"@id\":\"https:\\\/\\\/wp.kristdemokraterna.se\\\/hakanjohansson\\\/2013\\\/09\\\/06\\\/bland-mossar-och-vatmarker\\\/\"},\"wordCount\":172,\"image\":{\"@id\":\"https:\\\/\\\/wp.kristdemokraterna.se\\\/hakanjohansson\\\/2013\\\/09\\\/06\\\/bland-mossar-och-vatmarker\\\/#primaryimage\"},\"thumbnailUrl\":\"https:\\\/\\\/wp.kristdemokraterna.se\\\/hakanjohansson\\\/files\\\/2014\\\/07\\\/20130906_lvr_fika.png\",\"keywords\":[\"Bredasten\",\"Lagan\",\"Lagans vattenr\u00e5d\",\"torvt\u00e4kt\",\"V\u00e4rnamo kommun\",\"vattenkvalitet\",\"Vrigstad\"],\"articleSection\":[\"Inl\u00e4gg\"],\"inLanguage\":\"sv-SE\"},{\"@type\":\"WebPage\",\"@id\":\"https:\\\/\\\/wp.kristdemokraterna.se\\\/hakanjohansson\\\/2013\\\/09\\\/06\\\/bland-mossar-och-vatmarker\\\/\",\"url\":\"https:\\\/\\\/wp.kristdemokraterna.se\\\/hakanjohansson\\\/2013\\\/09\\\/06\\\/bland-mossar-och-vatmarker\\\/\",\"name\":\"Bland mossar och v\u00e5tmarker - H\u00e5kan Johansson, KD\",\"isPartOf\":{\"@id\":\"https:\\\/\\\/wp.kristdemokraterna.se\\\/hakanjohansson\\\/#website\"},\"primaryImageOfPage\":{\"@id\":\"https:\\\/\\\/wp.kristdemokraterna.se\\\/hakanjohansson\\\/2013\\\/09\\\/06\\\/bland-mossar-och-vatmarker\\\/#primaryimage\"},\"image\":{\"@id\":\"https:\\\/\\\/wp.kristdemokraterna.se\\\/hakanjohansson\\\/2013\\\/09\\\/06\\\/bland-mossar-och-vatmarker\\\/#primaryimage\"},\"thumbnailUrl\":\"https:\\\/\\\/wp.kristdemokraterna.se\\\/hakanjohansson\\\/files\\\/2014\\\/07\\\/20130906_lvr_fika.png\",\"datePublished\":\"2013-09-06T17:42:06+00:00\",\"dateModified\":\"2015-07-13T20:34:50+00:00\",\"author\":{\"@id\":\"https:\\\/\\\/wp.kristdemokraterna.se\\\/hakanjohansson\\\/#\\\/schema\\\/person\\\/1ebb24d2d3a4cdd92106ea18359c8b63\"},\"breadcrumb\":{\"@id\":\"https:\\\/\\\/wp.kristdemokraterna.se\\\/hakanjohansson\\\/2013\\\/09\\\/06\\\/bland-mossar-och-vatmarker\\\/#breadcrumb\"},\"inLanguage\":\"sv-SE\",\"potentialAction\":[{\"@type\":\"ReadAction\",\"target\":[\"https:\\\/\\\/wp.kristdemokraterna.se\\\/hakanjohansson\\\/2013\\\/09\\\/06\\\/bland-mossar-och-vatmarker\\\/\"]}]},{\"@type\":\"ImageObject\",\"inLanguage\":\"sv-SE\",\"@id\":\"https:\\\/\\\/wp.kristdemokraterna.se\\\/hakanjohansson\\\/2013\\\/09\\\/06\\\/bland-mossar-och-vatmarker\\\/#primaryimage\",\"url\":\"https:\\\/\\\/wp.kristdemokraterna.se\\\/hakanjohansson\\\/files\\\/2014\\\/07\\\/20130906_lvr_fika.png\",\"contentUrl\":\"https:\\\/\\\/wp.kristdemokraterna.se\\\/hakanjohansson\\\/files\\\/2014\\\/07\\\/20130906_lvr_fika.png\",\"width\":435,\"height\":245,\"caption\":\"Vi hittade en gl\u00e4nta i skogen och d\u00e4r stannade vi naturligtvis ned och tog en fika. (Foto: H\u00e5kan Johansson)\"},{\"@type\":\"BreadcrumbList\",\"@id\":\"https:\\\/\\\/wp.kristdemokraterna.se\\\/hakanjohansson\\\/2013\\\/09\\\/06\\\/bland-mossar-och-vatmarker\\\/#breadcrumb\",\"itemListElement\":[{\"@type\":\"ListItem\",\"position\":1,\"name\":\"Hem\",\"item\":\"https:\\\/\\\/wp.kristdemokraterna.se\\\/hakanjohansson\\\/\"},{\"@type\":\"ListItem\",\"position\":2,\"name\":\"Bland mossar och v\u00e5tmarker\"}]},{\"@type\":\"WebSite\",\"@id\":\"https:\\\/\\\/wp.kristdemokraterna.se\\\/hakanjohansson\\\/#website\",\"url\":\"https:\\\/\\\/wp.kristdemokraterna.se\\\/hakanjohansson\\\/\",\"name\":\"H\u00e5kan Johansson, KD\",\"description\":\"Politik, musik och teknik...\",\"inLanguage\":\"sv-SE\"},{\"@type\":\"Person\",\"@id\":\"https:\\\/\\\/wp.kristdemokraterna.se\\\/hakanjohansson\\\/#\\\/schema\\\/person\\\/1ebb24d2d3a4cdd92106ea18359c8b63\",\"name\":\"H\u00e5kan Johansson\",\"image\":{\"@type\":\"ImageObject\",\"inLanguage\":\"sv-SE\",\"@id\":\"https:\\\/\\\/secure.gravatar.com\\\/avatar\\\/2f492f08c4bdc714d7db0d433c48b51adbc8f67dd2112ac3a50d66d0d1ddd173?s=96&r=g\",\"url\":\"https:\\\/\\\/secure.gravatar.com\\\/avatar\\\/2f492f08c4bdc714d7db0d433c48b51adbc8f67dd2112ac3a50d66d0d1ddd173?s=96&r=g\",\"contentUrl\":\"https:\\\/\\\/secure.gravatar.com\\\/avatar\\\/2f492f08c4bdc714d7db0d433c48b51adbc8f67dd2112ac3a50d66d0d1ddd173?s=96&r=g\",\"caption\":\"H\u00e5kan Johansson\"},\"description\":\"Politik, musik och teknik...\",\"sameAs\":[\"https:\\\/\\\/wp.kristdemokraterna.se\\\/hakanjohansson\"],\"url\":\"https:\\\/\\\/wp.kristdemokraterna.se\\\/hakanjohansson\\\/author\\\/hakanjohansson\\\/\"}]}<\/script>\n<!-- \/ Yoast SEO plugin. -->","yoast_head_json":{"title":"Bland mossar och v\u00e5tmarker - H\u00e5kan Johansson, KD","robots":{"index":"index","follow":"follow","max-snippet":"max-snippet:-1","max-image-preview":"max-image-preview:large","max-video-preview":"max-video-preview:-1"},"canonical":"https:\/\/wp.kristdemokraterna.se\/hakanjohansson\/2013\/09\/06\/bland-mossar-och-vatmarker\/","og_locale":"sv_SE","og_type":"article","og_title":"Bland mossar och v\u00e5tmarker - H\u00e5kan Johansson, KD","og_description":"Ett av de mest\u00a0intressanta, viktiga och roliga uppdrag jag har \u00e4r att representera V\u00e4rnamo kommun i styrelsen f\u00f6r Lagans vattenr\u00e5d (LVR). Mest jobbar vi med vattenkvaliteten i Lagan genom provtagning\u00a0och yttranden \u00f6ver tillst\u00e5nd f\u00f6r verksamheter som p\u00e5verkar Lagans vatten. Ibland \u00e5ker vi iv\u00e4g och g\u00f6r nedslag i verkligheten. I dag var det en s\u00e5dan dag.","og_url":"https:\/\/wp.kristdemokraterna.se\/hakanjohansson\/2013\/09\/06\/bland-mossar-och-vatmarker\/","og_site_name":"H\u00e5kan Johansson, KD","article_published_time":"2013-09-06T17:42:06+00:00","article_modified_time":"2015-07-13T20:34:50+00:00","og_image":[{"width":435,"height":245,"url":"https:\/\/wp.kristdemokraterna.se\/hakanjohansson\/files\/2014\/07\/20130906_lvr_fika.png","type":"image\/png"}],"author":"H\u00e5kan Johansson","twitter_card":"summary_large_image","twitter_misc":{"Skriven av":"H\u00e5kan Johansson","Ber\u00e4knad l\u00e4stid":"1 minut"},"schema":{"@context":"https:\/\/schema.org","@graph":[{"@type":"Article","@id":"https:\/\/wp.kristdemokraterna.se\/hakanjohansson\/2013\/09\/06\/bland-mossar-och-vatmarker\/#article","isPartOf":{"@id":"https:\/\/wp.kristdemokraterna.se\/hakanjohansson\/2013\/09\/06\/bland-mossar-och-vatmarker\/"},"author":{"name":"H\u00e5kan Johansson","@id":"https:\/\/wp.kristdemokraterna.se\/hakanjohansson\/#\/schema\/person\/1ebb24d2d3a4cdd92106ea18359c8b63"},"headline":"Bland mossar och v\u00e5tmarker","datePublished":"2013-09-06T17:42:06+00:00","dateModified":"2015-07-13T20:34:50+00:00","mainEntityOfPage":{"@id":"https:\/\/wp.kristdemokraterna.se\/hakanjohansson\/2013\/09\/06\/bland-mossar-och-vatmarker\/"},"wordCount":172,"image":{"@id":"https:\/\/wp.kristdemokraterna.se\/hakanjohansson\/2013\/09\/06\/bland-mossar-och-vatmarker\/#primaryimage"},"thumbnailUrl":"https:\/\/wp.kristdemokraterna.se\/hakanjohansson\/files\/2014\/07\/20130906_lvr_fika.png","keywords":["Bredasten","Lagan","Lagans vattenr\u00e5d","torvt\u00e4kt","V\u00e4rnamo kommun","vattenkvalitet","Vrigstad"],"articleSection":["Inl\u00e4gg"],"inLanguage":"sv-SE"},{"@type":"WebPage","@id":"https:\/\/wp.kristdemokraterna.se\/hakanjohansson\/2013\/09\/06\/bland-mossar-och-vatmarker\/","url":"https:\/\/wp.kristdemokraterna.se\/hakanjohansson\/2013\/09\/06\/bland-mossar-och-vatmarker\/","name":"Bland mossar och v\u00e5tmarker - H\u00e5kan Johansson, KD","isPartOf":{"@id":"https:\/\/wp.kristdemokraterna.se\/hakanjohansson\/#website"},"primaryImageOfPage":{"@id":"https:\/\/wp.kristdemokraterna.se\/hakanjohansson\/2013\/09\/06\/bland-mossar-och-vatmarker\/#primaryimage"},"image":{"@id":"https:\/\/wp.kristdemokraterna.se\/hakanjohansson\/2013\/09\/06\/bland-mossar-och-vatmarker\/#primaryimage"},"thumbnailUrl":"https:\/\/wp.kristdemokraterna.se\/hakanjohansson\/files\/2014\/07\/20130906_lvr_fika.png","datePublished":"2013-09-06T17:42:06+00:00","dateModified":"2015-07-13T20:34:50+00:00","author":{"@id":"https:\/\/wp.kristdemokraterna.se\/hakanjohansson\/#\/schema\/person\/1ebb24d2d3a4cdd92106ea18359c8b63"},"breadcrumb":{"@id":"https:\/\/wp.kristdemokraterna.se\/hakanjohansson\/2013\/09\/06\/bland-mossar-och-vatmarker\/#breadcrumb"},"inLanguage":"sv-SE","potentialAction":[{"@type":"ReadAction","target":["https:\/\/wp.kristdemokraterna.se\/hakanjohansson\/2013\/09\/06\/bland-mossar-och-vatmarker\/"]}]},{"@type":"ImageObject","inLanguage":"sv-SE","@id":"https:\/\/wp.kristdemokraterna.se\/hakanjohansson\/2013\/09\/06\/bland-mossar-och-vatmarker\/#primaryimage","url":"https:\/\/wp.kristdemokraterna.se\/hakanjohansson\/files\/2014\/07\/20130906_lvr_fika.png","contentUrl":"https:\/\/wp.kristdemokraterna.se\/hakanjohansson\/files\/2014\/07\/20130906_lvr_fika.png","width":435,"height":245,"caption":"Vi hittade en gl\u00e4nta i skogen och d\u00e4r stannade vi naturligtvis ned och tog en fika. (Foto: H\u00e5kan Johansson)"},{"@type":"BreadcrumbList","@id":"https:\/\/wp.kristdemokraterna.se\/hakanjohansson\/2013\/09\/06\/bland-mossar-och-vatmarker\/#breadcrumb","itemListElement":[{"@type":"ListItem","position":1,"name":"Hem","item":"https:\/\/wp.kristdemokraterna.se\/hakanjohansson\/"},{"@type":"ListItem","position":2,"name":"Bland mossar och v\u00e5tmarker"}]},{"@type":"WebSite","@id":"https:\/\/wp.kristdemokraterna.se\/hakanjohansson\/#website","url":"https:\/\/wp.kristdemokraterna.se\/hakanjohansson\/","name":"H\u00e5kan Johansson, KD","description":"Politik, musik och teknik...","inLanguage":"sv-SE"},{"@type":"Person","@id":"https:\/\/wp.kristdemokraterna.se\/hakanjohansson\/#\/schema\/person\/1ebb24d2d3a4cdd92106ea18359c8b63","name":"H\u00e5kan Johansson","image":{"@type":"ImageObject","inLanguage":"sv-SE","@id":"https:\/\/secure.gravatar.com\/avatar\/2f492f08c4bdc714d7db0d433c48b51adbc8f67dd2112ac3a50d66d0d1ddd173?s=96&r=g","url":"https:\/\/secure.gravatar.com\/avatar\/2f492f08c4bdc714d7db0d433c48b51adbc8f67dd2112ac3a50d66d0d1ddd173?s=96&r=g","contentUrl":"https:\/\/secure.gravatar.com\/avatar\/2f492f08c4bdc714d7db0d433c48b51adbc8f67dd2112ac3a50d66d0d1ddd173?s=96&r=g","caption":"H\u00e5kan Johansson"},"description":"Politik, musik och teknik...","sameAs":["https:\/\/wp.kristdemokraterna.se\/hakanjohansson"],"url":"https:\/\/wp.kristdemokraterna.se\/hakanjohansson\/author\/hakanjohansson\/"}]}},"_links":{"self":[{"href":"https:\/\/wp.kristdemokraterna.se\/hakanjohansson\/wp-json\/wp\/v2\/posts\/569","targetHints":{"allow":["GET"]}}],"collection":[{"href":"https:\/\/wp.kristdemokraterna.se\/hakanjohansson\/wp-json\/wp\/v2\/posts"}],"about":[{"href":"https:\/\/wp.kristdemokraterna.se\/hakanjohansson\/wp-json\/wp\/v2\/types\/post"}],"author":[{"embeddable":true,"href":"https:\/\/wp.kristdemokraterna.se\/hakanjohansson\/wp-json\/wp\/v2\/users\/507"}],"replies":[{"embeddable":true,"href":"https:\/\/wp.kristdemokraterna.se\/hakanjohansson\/wp-json\/wp\/v2\/comments?post=569"}],"version-history":[{"count":5,"href":"https:\/\/wp.kristdemokraterna.se\/hakanjohansson\/wp-json\/wp\/v2\/posts\/569\/revisions"}],"predecessor-version":[{"id":2189,"href":"https:\/\/wp.kristdemokraterna.se\/hakanjohansson\/wp-json\/wp\/v2\/posts\/569\/revisions\/2189"}],"wp:featuredmedia":[{"embeddable":true,"href":"https:\/\/wp.kristdemokraterna.se\/hakanjohansson\/wp-json\/wp\/v2\/media\/568"}],"wp:attachment":[{"href":"https:\/\/wp.kristdemokraterna.se\/hakanjohansson\/wp-json\/wp\/v2\/media?parent=569"}],"wp:term":[{"taxonomy":"category","embeddable":true,"href":"https:\/\/wp.kristdemokraterna.se\/hakanjohansson\/wp-json\/wp\/v2\/categories?post=569"},{"taxonomy":"post_tag","embeddable":true,"href":"https:\/\/wp.kristdemokraterna.se\/hakanjohansson\/wp-json\/wp\/v2\/tags?post=569"}],"curies":[{"name":"wp","href":"https:\/\/api.w.org\/{rel}","templated":true}]}}