{"id":590,"date":"2013-10-26T22:35:54","date_gmt":"2013-10-26T20:35:54","guid":{"rendered":"http:\/\/wp.kristdemokraterna.se\/hakanjohansson\/?p=590"},"modified":"2015-07-13T21:51:19","modified_gmt":"2015-07-13T19:51:19","slug":"friveckolordag-i-hostrusk","status":"publish","type":"post","link":"https:\/\/wp.kristdemokraterna.se\/hakanjohansson\/2013\/10\/26\/friveckolordag-i-hostrusk\/","title":{"rendered":"Friveckol\u00f6rdag i h\u00f6strusk"},"content":{"rendered":"<p>Friveckol\u00f6rdag vet nog bara v\u00e4rnamobor vad det \u00e4r. F\u00f6r er \u00f6vriga kan jag tala om att det \u00e4r en kvarleva fr\u00e5n bondesamh\u00e4llet. F\u00f6rr n\u00e4r det fanns dr\u00e4ngar och pigor p\u00e5 g\u00e5rdarna hade de ledigt en vecka om \u00e5ret. Det var under den veckan de kunde skaffa jobb p\u00e5 en annan g\u00e5rd och flytta dit. Den veckan avslutades alltid med en marknad \u2013 Friveckol\u00f6rdag. I marknadsstaden V\u00e4rnamo \u00e4r det fortfarande den st\u00f6rsta av alla marknader under \u00e5ret.<\/p>\n<p><!--more--><\/p>\n<p>Vi kristdemokrater i V\u00e4rnamo brukar alltid f\u00f6rs\u00f6ka var med p\u00e5 alla marknader och sj\u00e4lvklart vill man inte missa den st\u00f6rsta. Trots det lite h\u00f6struskiga v\u00e4dret satte vi upp v\u00e5rt t\u00e4lt och bj\u00f6d p\u00e5 kaffe och tidningar. Camilla Rinaldo Miller hade k\u00f6pt en ny popcornmaskin som vi provade. Succ\u00e9!<\/p>\n<hr \/>\n<p>L\u00e4s mer om kampanj p\u00e5 Friveckol\u00f6rdag\u00a0p\u00e5 Kristdemokraternas hemsida i V\u00e4rnamo:<br \/>\n[<a title=\"Kristdemokraterna firade Friveckol\u00f6rdag med popcorn\" href=\"http:\/\/wp.kristdemokraterna.se\/varnamo\/2013\/10\/26\/kristdemokraterna-firade-friveckolordag-med-popcorn\/\" target=\"_blank\">Kristdemokraterna firade Friveckol\u00f6rdag med popcorn<\/a>]<\/p>\n","protected":false},"excerpt":{"rendered":"<p>Friveckol\u00f6rdag vet nog bara v\u00e4rnamobor vad det \u00e4r. F\u00f6r er \u00f6vriga kan jag tala om att det \u00e4r en kvarleva fr\u00e5n bondesamh\u00e4llet. F\u00f6rr n\u00e4r det fanns dr\u00e4ngar och pigor p\u00e5 g\u00e5rdarna hade de ledigt en vecka om \u00e5ret. Det var under den veckan de kunde skaffa jobb p\u00e5 en annan g\u00e5rd och flytta dit. Den&hellip; <a class=\"read-more-link\" href=\"https:\/\/wp.kristdemokraterna.se\/hakanjohansson\/2013\/10\/26\/friveckolordag-i-hostrusk\/\">Forts\u00e4tt l\u00e4sa<\/a><\/p>\n","protected":false},"author":507,"featured_media":123,"comment_status":"closed","ping_status":"closed","sticky":false,"template":"","format":"standard","meta":{"_acf_changed":false,"footnotes":""},"categories":[41],"tags":[83,342,16,274,343,5],"class_list":["post-590","post","type-post","status-publish","format-standard","hentry","category-inlagg","tag-camilla-rinaldo-miller","tag-friveckolordag","tag-kampanj","tag-kristdemokraterna-varnamo","tag-marknadsstaden","tag-varnamo"],"acf":[],"yoast_head":"<!-- This site is optimized with the Yoast SEO plugin v27.4 - https:\/\/yoast.com\/product\/yoast-seo-wordpress\/ -->\n<title>Friveckol\u00f6rdag i h\u00f6strusk - H\u00e5kan Johansson, KD<\/title>\n<meta name=\"robots\" content=\"index, follow, max-snippet:-1, max-image-preview:large, max-video-preview:-1\" \/>\n<link rel=\"canonical\" href=\"https:\/\/wp.kristdemokraterna.se\/hakanjohansson\/2013\/10\/26\/friveckolordag-i-hostrusk\/\" \/>\n<meta property=\"og:locale\" content=\"sv_SE\" \/>\n<meta property=\"og:type\" content=\"article\" \/>\n<meta property=\"og:title\" content=\"Friveckol\u00f6rdag i h\u00f6strusk - H\u00e5kan Johansson, KD\" \/>\n<meta property=\"og:description\" content=\"Friveckol\u00f6rdag vet nog bara v\u00e4rnamobor vad det \u00e4r. F\u00f6r er \u00f6vriga kan jag tala om att det \u00e4r en kvarleva fr\u00e5n bondesamh\u00e4llet. F\u00f6rr n\u00e4r det fanns dr\u00e4ngar och pigor p\u00e5 g\u00e5rdarna hade de ledigt en vecka om \u00e5ret. Det var under den veckan de kunde skaffa jobb p\u00e5 en annan g\u00e5rd och flytta dit. Den&hellip; Forts\u00e4tt l\u00e4sa\" \/>\n<meta property=\"og:url\" content=\"https:\/\/wp.kristdemokraterna.se\/hakanjohansson\/2013\/10\/26\/friveckolordag-i-hostrusk\/\" \/>\n<meta property=\"og:site_name\" content=\"H\u00e5kan Johansson, KD\" \/>\n<meta property=\"article:published_time\" content=\"2013-10-26T20:35:54+00:00\" \/>\n<meta property=\"article:modified_time\" content=\"2015-07-13T19:51:19+00:00\" \/>\n<meta property=\"og:image\" content=\"https:\/\/wp.kristdemokraterna.se\/hakanjohansson\/files\/2014\/06\/hakan_johansson_2013.png\" \/>\n\t<meta property=\"og:image:width\" content=\"256\" \/>\n\t<meta property=\"og:image:height\" content=\"300\" \/>\n\t<meta property=\"og:image:type\" content=\"image\/png\" \/>\n<meta name=\"author\" content=\"H\u00e5kan Johansson\" \/>\n<meta name=\"twitter:card\" content=\"summary_large_image\" \/>\n<meta name=\"twitter:label1\" content=\"Skriven av\" \/>\n\t<meta name=\"twitter:data1\" content=\"H\u00e5kan Johansson\" \/>\n\t<meta name=\"twitter:label2\" content=\"Ber\u00e4knad l\u00e4stid\" \/>\n\t<meta name=\"twitter:data2\" content=\"1 minut\" \/>\n<script type=\"application\/ld+json\" class=\"yoast-schema-graph\">{\"@context\":\"https:\\\/\\\/schema.org\",\"@graph\":[{\"@type\":\"Article\",\"@id\":\"https:\\\/\\\/wp.kristdemokraterna.se\\\/hakanjohansson\\\/2013\\\/10\\\/26\\\/friveckolordag-i-hostrusk\\\/#article\",\"isPartOf\":{\"@id\":\"https:\\\/\\\/wp.kristdemokraterna.se\\\/hakanjohansson\\\/2013\\\/10\\\/26\\\/friveckolordag-i-hostrusk\\\/\"},\"author\":{\"name\":\"H\u00e5kan Johansson\",\"@id\":\"https:\\\/\\\/wp.kristdemokraterna.se\\\/hakanjohansson\\\/#\\\/schema\\\/person\\\/1ebb24d2d3a4cdd92106ea18359c8b63\"},\"headline\":\"Friveckol\u00f6rdag i h\u00f6strusk\",\"datePublished\":\"2013-10-26T20:35:54+00:00\",\"dateModified\":\"2015-07-13T19:51:19+00:00\",\"mainEntityOfPage\":{\"@id\":\"https:\\\/\\\/wp.kristdemokraterna.se\\\/hakanjohansson\\\/2013\\\/10\\\/26\\\/friveckolordag-i-hostrusk\\\/\"},\"wordCount\":172,\"image\":{\"@id\":\"https:\\\/\\\/wp.kristdemokraterna.se\\\/hakanjohansson\\\/2013\\\/10\\\/26\\\/friveckolordag-i-hostrusk\\\/#primaryimage\"},\"thumbnailUrl\":\"https:\\\/\\\/wp.kristdemokraterna.se\\\/hakanjohansson\\\/files\\\/2014\\\/06\\\/hakan_johansson_2013.png\",\"keywords\":[\"Camilla Rinaldo Miller\",\"Friveckol\u00f6rdag\",\"kampanj\",\"Kristdemokraterna V\u00e4rnamo\",\"marknadsstaden\",\"V\u00e4rnamo\"],\"articleSection\":[\"Inl\u00e4gg\"],\"inLanguage\":\"sv-SE\"},{\"@type\":\"WebPage\",\"@id\":\"https:\\\/\\\/wp.kristdemokraterna.se\\\/hakanjohansson\\\/2013\\\/10\\\/26\\\/friveckolordag-i-hostrusk\\\/\",\"url\":\"https:\\\/\\\/wp.kristdemokraterna.se\\\/hakanjohansson\\\/2013\\\/10\\\/26\\\/friveckolordag-i-hostrusk\\\/\",\"name\":\"Friveckol\u00f6rdag i h\u00f6strusk - H\u00e5kan Johansson, KD\",\"isPartOf\":{\"@id\":\"https:\\\/\\\/wp.kristdemokraterna.se\\\/hakanjohansson\\\/#website\"},\"primaryImageOfPage\":{\"@id\":\"https:\\\/\\\/wp.kristdemokraterna.se\\\/hakanjohansson\\\/2013\\\/10\\\/26\\\/friveckolordag-i-hostrusk\\\/#primaryimage\"},\"image\":{\"@id\":\"https:\\\/\\\/wp.kristdemokraterna.se\\\/hakanjohansson\\\/2013\\\/10\\\/26\\\/friveckolordag-i-hostrusk\\\/#primaryimage\"},\"thumbnailUrl\":\"https:\\\/\\\/wp.kristdemokraterna.se\\\/hakanjohansson\\\/files\\\/2014\\\/06\\\/hakan_johansson_2013.png\",\"datePublished\":\"2013-10-26T20:35:54+00:00\",\"dateModified\":\"2015-07-13T19:51:19+00:00\",\"author\":{\"@id\":\"https:\\\/\\\/wp.kristdemokraterna.se\\\/hakanjohansson\\\/#\\\/schema\\\/person\\\/1ebb24d2d3a4cdd92106ea18359c8b63\"},\"breadcrumb\":{\"@id\":\"https:\\\/\\\/wp.kristdemokraterna.se\\\/hakanjohansson\\\/2013\\\/10\\\/26\\\/friveckolordag-i-hostrusk\\\/#breadcrumb\"},\"inLanguage\":\"sv-SE\",\"potentialAction\":[{\"@type\":\"ReadAction\",\"target\":[\"https:\\\/\\\/wp.kristdemokraterna.se\\\/hakanjohansson\\\/2013\\\/10\\\/26\\\/friveckolordag-i-hostrusk\\\/\"]}]},{\"@type\":\"ImageObject\",\"inLanguage\":\"sv-SE\",\"@id\":\"https:\\\/\\\/wp.kristdemokraterna.se\\\/hakanjohansson\\\/2013\\\/10\\\/26\\\/friveckolordag-i-hostrusk\\\/#primaryimage\",\"url\":\"https:\\\/\\\/wp.kristdemokraterna.se\\\/hakanjohansson\\\/files\\\/2014\\\/06\\\/hakan_johansson_2013.png\",\"contentUrl\":\"https:\\\/\\\/wp.kristdemokraterna.se\\\/hakanjohansson\\\/files\\\/2014\\\/06\\\/hakan_johansson_2013.png\",\"width\":256,\"height\":300,\"caption\":\"H\u00e5kan Johansson, Kristdemokraterna V\u00e4rnamo. (Foto: Lennart Molin)\"},{\"@type\":\"BreadcrumbList\",\"@id\":\"https:\\\/\\\/wp.kristdemokraterna.se\\\/hakanjohansson\\\/2013\\\/10\\\/26\\\/friveckolordag-i-hostrusk\\\/#breadcrumb\",\"itemListElement\":[{\"@type\":\"ListItem\",\"position\":1,\"name\":\"Hem\",\"item\":\"https:\\\/\\\/wp.kristdemokraterna.se\\\/hakanjohansson\\\/\"},{\"@type\":\"ListItem\",\"position\":2,\"name\":\"Friveckol\u00f6rdag i h\u00f6strusk\"}]},{\"@type\":\"WebSite\",\"@id\":\"https:\\\/\\\/wp.kristdemokraterna.se\\\/hakanjohansson\\\/#website\",\"url\":\"https:\\\/\\\/wp.kristdemokraterna.se\\\/hakanjohansson\\\/\",\"name\":\"H\u00e5kan Johansson, KD\",\"description\":\"Politik, musik och teknik...\",\"inLanguage\":\"sv-SE\"},{\"@type\":\"Person\",\"@id\":\"https:\\\/\\\/wp.kristdemokraterna.se\\\/hakanjohansson\\\/#\\\/schema\\\/person\\\/1ebb24d2d3a4cdd92106ea18359c8b63\",\"name\":\"H\u00e5kan Johansson\",\"image\":{\"@type\":\"ImageObject\",\"inLanguage\":\"sv-SE\",\"@id\":\"https:\\\/\\\/secure.gravatar.com\\\/avatar\\\/2f492f08c4bdc714d7db0d433c48b51adbc8f67dd2112ac3a50d66d0d1ddd173?s=96&r=g\",\"url\":\"https:\\\/\\\/secure.gravatar.com\\\/avatar\\\/2f492f08c4bdc714d7db0d433c48b51adbc8f67dd2112ac3a50d66d0d1ddd173?s=96&r=g\",\"contentUrl\":\"https:\\\/\\\/secure.gravatar.com\\\/avatar\\\/2f492f08c4bdc714d7db0d433c48b51adbc8f67dd2112ac3a50d66d0d1ddd173?s=96&r=g\",\"caption\":\"H\u00e5kan Johansson\"},\"description\":\"Politik, musik och teknik...\",\"sameAs\":[\"https:\\\/\\\/wp.kristdemokraterna.se\\\/hakanjohansson\"],\"url\":\"https:\\\/\\\/wp.kristdemokraterna.se\\\/hakanjohansson\\\/author\\\/hakanjohansson\\\/\"}]}<\/script>\n<!-- \/ Yoast SEO plugin. -->","yoast_head_json":{"title":"Friveckol\u00f6rdag i h\u00f6strusk - H\u00e5kan Johansson, KD","robots":{"index":"index","follow":"follow","max-snippet":"max-snippet:-1","max-image-preview":"max-image-preview:large","max-video-preview":"max-video-preview:-1"},"canonical":"https:\/\/wp.kristdemokraterna.se\/hakanjohansson\/2013\/10\/26\/friveckolordag-i-hostrusk\/","og_locale":"sv_SE","og_type":"article","og_title":"Friveckol\u00f6rdag i h\u00f6strusk - H\u00e5kan Johansson, KD","og_description":"Friveckol\u00f6rdag vet nog bara v\u00e4rnamobor vad det \u00e4r. F\u00f6r er \u00f6vriga kan jag tala om att det \u00e4r en kvarleva fr\u00e5n bondesamh\u00e4llet. F\u00f6rr n\u00e4r det fanns dr\u00e4ngar och pigor p\u00e5 g\u00e5rdarna hade de ledigt en vecka om \u00e5ret. Det var under den veckan de kunde skaffa jobb p\u00e5 en annan g\u00e5rd och flytta dit. Den&hellip; Forts\u00e4tt l\u00e4sa","og_url":"https:\/\/wp.kristdemokraterna.se\/hakanjohansson\/2013\/10\/26\/friveckolordag-i-hostrusk\/","og_site_name":"H\u00e5kan Johansson, KD","article_published_time":"2013-10-26T20:35:54+00:00","article_modified_time":"2015-07-13T19:51:19+00:00","og_image":[{"width":256,"height":300,"url":"https:\/\/wp.kristdemokraterna.se\/hakanjohansson\/files\/2014\/06\/hakan_johansson_2013.png","type":"image\/png"}],"author":"H\u00e5kan Johansson","twitter_card":"summary_large_image","twitter_misc":{"Skriven av":"H\u00e5kan Johansson","Ber\u00e4knad l\u00e4stid":"1 minut"},"schema":{"@context":"https:\/\/schema.org","@graph":[{"@type":"Article","@id":"https:\/\/wp.kristdemokraterna.se\/hakanjohansson\/2013\/10\/26\/friveckolordag-i-hostrusk\/#article","isPartOf":{"@id":"https:\/\/wp.kristdemokraterna.se\/hakanjohansson\/2013\/10\/26\/friveckolordag-i-hostrusk\/"},"author":{"name":"H\u00e5kan Johansson","@id":"https:\/\/wp.kristdemokraterna.se\/hakanjohansson\/#\/schema\/person\/1ebb24d2d3a4cdd92106ea18359c8b63"},"headline":"Friveckol\u00f6rdag i h\u00f6strusk","datePublished":"2013-10-26T20:35:54+00:00","dateModified":"2015-07-13T19:51:19+00:00","mainEntityOfPage":{"@id":"https:\/\/wp.kristdemokraterna.se\/hakanjohansson\/2013\/10\/26\/friveckolordag-i-hostrusk\/"},"wordCount":172,"image":{"@id":"https:\/\/wp.kristdemokraterna.se\/hakanjohansson\/2013\/10\/26\/friveckolordag-i-hostrusk\/#primaryimage"},"thumbnailUrl":"https:\/\/wp.kristdemokraterna.se\/hakanjohansson\/files\/2014\/06\/hakan_johansson_2013.png","keywords":["Camilla Rinaldo Miller","Friveckol\u00f6rdag","kampanj","Kristdemokraterna V\u00e4rnamo","marknadsstaden","V\u00e4rnamo"],"articleSection":["Inl\u00e4gg"],"inLanguage":"sv-SE"},{"@type":"WebPage","@id":"https:\/\/wp.kristdemokraterna.se\/hakanjohansson\/2013\/10\/26\/friveckolordag-i-hostrusk\/","url":"https:\/\/wp.kristdemokraterna.se\/hakanjohansson\/2013\/10\/26\/friveckolordag-i-hostrusk\/","name":"Friveckol\u00f6rdag i h\u00f6strusk - H\u00e5kan Johansson, KD","isPartOf":{"@id":"https:\/\/wp.kristdemokraterna.se\/hakanjohansson\/#website"},"primaryImageOfPage":{"@id":"https:\/\/wp.kristdemokraterna.se\/hakanjohansson\/2013\/10\/26\/friveckolordag-i-hostrusk\/#primaryimage"},"image":{"@id":"https:\/\/wp.kristdemokraterna.se\/hakanjohansson\/2013\/10\/26\/friveckolordag-i-hostrusk\/#primaryimage"},"thumbnailUrl":"https:\/\/wp.kristdemokraterna.se\/hakanjohansson\/files\/2014\/06\/hakan_johansson_2013.png","datePublished":"2013-10-26T20:35:54+00:00","dateModified":"2015-07-13T19:51:19+00:00","author":{"@id":"https:\/\/wp.kristdemokraterna.se\/hakanjohansson\/#\/schema\/person\/1ebb24d2d3a4cdd92106ea18359c8b63"},"breadcrumb":{"@id":"https:\/\/wp.kristdemokraterna.se\/hakanjohansson\/2013\/10\/26\/friveckolordag-i-hostrusk\/#breadcrumb"},"inLanguage":"sv-SE","potentialAction":[{"@type":"ReadAction","target":["https:\/\/wp.kristdemokraterna.se\/hakanjohansson\/2013\/10\/26\/friveckolordag-i-hostrusk\/"]}]},{"@type":"ImageObject","inLanguage":"sv-SE","@id":"https:\/\/wp.kristdemokraterna.se\/hakanjohansson\/2013\/10\/26\/friveckolordag-i-hostrusk\/#primaryimage","url":"https:\/\/wp.kristdemokraterna.se\/hakanjohansson\/files\/2014\/06\/hakan_johansson_2013.png","contentUrl":"https:\/\/wp.kristdemokraterna.se\/hakanjohansson\/files\/2014\/06\/hakan_johansson_2013.png","width":256,"height":300,"caption":"H\u00e5kan Johansson, Kristdemokraterna V\u00e4rnamo. (Foto: Lennart Molin)"},{"@type":"BreadcrumbList","@id":"https:\/\/wp.kristdemokraterna.se\/hakanjohansson\/2013\/10\/26\/friveckolordag-i-hostrusk\/#breadcrumb","itemListElement":[{"@type":"ListItem","position":1,"name":"Hem","item":"https:\/\/wp.kristdemokraterna.se\/hakanjohansson\/"},{"@type":"ListItem","position":2,"name":"Friveckol\u00f6rdag i h\u00f6strusk"}]},{"@type":"WebSite","@id":"https:\/\/wp.kristdemokraterna.se\/hakanjohansson\/#website","url":"https:\/\/wp.kristdemokraterna.se\/hakanjohansson\/","name":"H\u00e5kan Johansson, KD","description":"Politik, musik och teknik...","inLanguage":"sv-SE"},{"@type":"Person","@id":"https:\/\/wp.kristdemokraterna.se\/hakanjohansson\/#\/schema\/person\/1ebb24d2d3a4cdd92106ea18359c8b63","name":"H\u00e5kan Johansson","image":{"@type":"ImageObject","inLanguage":"sv-SE","@id":"https:\/\/secure.gravatar.com\/avatar\/2f492f08c4bdc714d7db0d433c48b51adbc8f67dd2112ac3a50d66d0d1ddd173?s=96&r=g","url":"https:\/\/secure.gravatar.com\/avatar\/2f492f08c4bdc714d7db0d433c48b51adbc8f67dd2112ac3a50d66d0d1ddd173?s=96&r=g","contentUrl":"https:\/\/secure.gravatar.com\/avatar\/2f492f08c4bdc714d7db0d433c48b51adbc8f67dd2112ac3a50d66d0d1ddd173?s=96&r=g","caption":"H\u00e5kan Johansson"},"description":"Politik, musik och teknik...","sameAs":["https:\/\/wp.kristdemokraterna.se\/hakanjohansson"],"url":"https:\/\/wp.kristdemokraterna.se\/hakanjohansson\/author\/hakanjohansson\/"}]}},"_links":{"self":[{"href":"https:\/\/wp.kristdemokraterna.se\/hakanjohansson\/wp-json\/wp\/v2\/posts\/590","targetHints":{"allow":["GET"]}}],"collection":[{"href":"https:\/\/wp.kristdemokraterna.se\/hakanjohansson\/wp-json\/wp\/v2\/posts"}],"about":[{"href":"https:\/\/wp.kristdemokraterna.se\/hakanjohansson\/wp-json\/wp\/v2\/types\/post"}],"author":[{"embeddable":true,"href":"https:\/\/wp.kristdemokraterna.se\/hakanjohansson\/wp-json\/wp\/v2\/users\/507"}],"replies":[{"embeddable":true,"href":"https:\/\/wp.kristdemokraterna.se\/hakanjohansson\/wp-json\/wp\/v2\/comments?post=590"}],"version-history":[{"count":6,"href":"https:\/\/wp.kristdemokraterna.se\/hakanjohansson\/wp-json\/wp\/v2\/posts\/590\/revisions"}],"predecessor-version":[{"id":2169,"href":"https:\/\/wp.kristdemokraterna.se\/hakanjohansson\/wp-json\/wp\/v2\/posts\/590\/revisions\/2169"}],"wp:featuredmedia":[{"embeddable":true,"href":"https:\/\/wp.kristdemokraterna.se\/hakanjohansson\/wp-json\/wp\/v2\/media\/123"}],"wp:attachment":[{"href":"https:\/\/wp.kristdemokraterna.se\/hakanjohansson\/wp-json\/wp\/v2\/media?parent=590"}],"wp:term":[{"taxonomy":"category","embeddable":true,"href":"https:\/\/wp.kristdemokraterna.se\/hakanjohansson\/wp-json\/wp\/v2\/categories?post=590"},{"taxonomy":"post_tag","embeddable":true,"href":"https:\/\/wp.kristdemokraterna.se\/hakanjohansson\/wp-json\/wp\/v2\/tags?post=590"}],"curies":[{"name":"wp","href":"https:\/\/api.w.org\/{rel}","templated":true}]}}