{"id":608,"date":"2013-11-15T20:38:10","date_gmt":"2013-11-15T19:38:10","guid":{"rendered":"http:\/\/wp.kristdemokraterna.se\/hakanjohansson\/?p=608"},"modified":"2015-07-13T21:46:27","modified_gmt":"2015-07-13T19:46:27","slug":"lar-av-jonkoping","status":"publish","type":"post","link":"https:\/\/wp.kristdemokraterna.se\/hakanjohansson\/2013\/11\/15\/lar-av-jonkoping\/","title":{"rendered":"L\u00e4r av J\u00f6nk\u00f6ping"},"content":{"rendered":"<p>Andreas Sturesson, min gamle kompanjon fr\u00e5n KDU-tiden, har blivit kommunalr\u00e5d i J\u00f6nk\u00f6ping p\u00e5 gamla da&#8217;r. Han bes\u00f6kte Kristdemokraternas h\u00f6stfest i V\u00e4rnamo i dag och han hade en hel del att s\u00e4ga om hur man g\u00f6r verklighet av kristdemokratisk ideologi. Vi har en hel del att l\u00e4ra av Kristdemokraterna i J\u00f6nk\u00f6pings kommun h\u00e4r i V\u00e4rnamo!<\/p>\n<p><!--more--><\/p>\n<p>Han ber\u00e4ttade att\u00a0J\u00f6nk\u00f6ping \u00e4r en v\u00e4xande stad och har ett stort behov av \u00e4ldreboenden nu och fram\u00e5t. \u00c4nd\u00e5 har kommunen lagt ner \u00e4ldreboenden, men sedan han fick ansvaret f\u00f6r \u00e4ldreomsorgen\u00a0har det i st\u00e4llet b\u00f6rjat byggas\u00a0fler \u00e4ldreboenden!<\/p>\n<p>N\u00e5got annat som Andreas betonade\u00a0\u00e4r valfrihet. Det ska vara m\u00f6jligt f\u00f6r de \u00e4ldre att ha inflytande \u00f6ver det st\u00f6d kommunen ger. Viktiga personer i det arbetet \u00e4r anh\u00f6rigv\u00e5rdarna.<\/p>\n<p>\u2013 Utan anh\u00f6rigv\u00e5rdare stannar \u00e4ldreomsorgen, sade han med glimten i \u00f6gat.<\/p>\n<p>En annan stor utmaning f\u00f6r\u00a0Andreas \u00e4r den h\u00f6ga f\u00f6rskrivningen av psykofarmaka, framf\u00f6r allt till ungdomar. F\u00f6r att m\u00f6ta den har Kristdemokraterna i kommunen och landstinget, genom\u00a0Andreas Sturesson och Mia Frisk, tagit initiativ till barn- och ungdomsh\u00e4lsan i Huskvarna.<\/p>\n\n\t\t<style type=\"text\/css\">\n\t\t\t#gallery-1 {\n\t\t\t\tmargin: auto;\n\t\t\t}\n\t\t\t#gallery-1 .gallery-item {\n\t\t\t\tfloat: left;\n\t\t\t\tmargin-top: 10px;\n\t\t\t\ttext-align: center;\n\t\t\t\twidth: 33%;\n\t\t\t}\n\t\t\t#gallery-1 img {\n\t\t\t\tborder: 2px solid #cfcfcf;\n\t\t\t}\n\t\t\t#gallery-1 .gallery-caption {\n\t\t\t\tmargin-left: 0;\n\t\t\t}\n\t\t\t\/* see gallery_shortcode() in wp-includes\/media.php *\/\n\t\t<\/style>\n\t\t<div id='gallery-1' class='gallery galleryid-608 gallery-columns-3 gallery-size-thumbnail'><dl class='gallery-item'>\n\t\t\t<dt class='gallery-icon portrait'>\n\t\t\t\t<a href='https:\/\/wp.kristdemokraterna.se\/hakanjohansson\/2013\/11\/15\/lar-av-jonkoping\/20131115-hostfest-andreassturesson\/'><img loading=\"lazy\" decoding=\"async\" width=\"150\" height=\"150\" src=\"https:\/\/wp.kristdemokraterna.se\/hakanjohansson\/files\/2014\/07\/20131115_hostfest_andreassturesson-150x150.png\" class=\"attachment-thumbnail size-thumbnail\" alt=\"Andreas Sturesson (KD), kommunalr\u00e5d i J\u00f6nk\u00f6pings kommun. (Foto: H\u00e5kan Johansson)\" aria-describedby=\"gallery-1-607\" \/><\/a>\n\t\t\t<\/dt>\n\t\t\t\t<dd class='wp-caption-text gallery-caption' id='gallery-1-607'>\n\t\t\t\tAndreas Sturesson (KD), kommunalr\u00e5d i J\u00f6nk\u00f6pings kommun. (Foto: H\u00e5kan Johansson)\n\t\t\t\t<\/dd><\/dl>\n\t\t\t<br style='clear: both' \/>\n\t\t<\/div>\n\n<p>L\u00e4s mer om h\u00f6stfesten p\u00e5 Kristdemokraternas hemsida i V\u00e4rnamo:<br \/>\n[<a title=\"Politikerpar med sp\u00e4nnande jobb bes\u00f6kte h\u00f6stfesten\" href=\"http:\/\/wp.kristdemokraterna.se\/varnamo\/2013\/11\/15\/politikerpar-med-spannande-jobb-besokte-hostfesten\/\" target=\"_blank\">Politikerpar med sp\u00e4nnande jobb bes\u00f6kte h\u00f6stfesten<\/a>]<\/p>\n","protected":false},"excerpt":{"rendered":"<p>Andreas Sturesson, min gamle kompanjon fr\u00e5n KDU-tiden, har blivit kommunalr\u00e5d i J\u00f6nk\u00f6ping p\u00e5 gamla da&#8217;r. Han bes\u00f6kte Kristdemokraternas h\u00f6stfest i V\u00e4rnamo i dag och han hade en hel del att s\u00e4ga om hur man g\u00f6r verklighet av kristdemokratisk ideologi. Vi har en hel del att l\u00e4ra av Kristdemokraterna i J\u00f6nk\u00f6pings kommun h\u00e4r i V\u00e4rnamo!<\/p>\n","protected":false},"author":507,"featured_media":607,"comment_status":"closed","ping_status":"closed","sticky":false,"template":"","format":"standard","meta":{"_acf_changed":false,"footnotes":""},"categories":[41],"tags":[358,359,340,361,366,356,367,54,360,357,355,274,364,365,362,363,349],"class_list":["post-608","post","type-post","status-publish","format-standard","hentry","category-inlagg","tag-aldreboende","tag-aldreomsorg","tag-andreas-sturesson","tag-anhorigvardare","tag-barn-och-ungdomshalsan","tag-hostfest","tag-huskvarna","tag-ideologi","tag-inflytande","tag-jonkoping","tag-kommunalrad","tag-kristdemokraterna-varnamo","tag-landstinget","tag-mia-frisk","tag-psykofarmaka","tag-ungdomar","tag-valfrihet"],"acf":[],"yoast_head":"<!-- This site is optimized with the Yoast SEO plugin v27.4 - https:\/\/yoast.com\/product\/yoast-seo-wordpress\/ -->\n<title>L\u00e4r av J\u00f6nk\u00f6ping - H\u00e5kan Johansson, KD<\/title>\n<meta name=\"robots\" content=\"index, follow, max-snippet:-1, max-image-preview:large, max-video-preview:-1\" \/>\n<link rel=\"canonical\" href=\"https:\/\/wp.kristdemokraterna.se\/hakanjohansson\/2013\/11\/15\/lar-av-jonkoping\/\" \/>\n<meta property=\"og:locale\" content=\"sv_SE\" \/>\n<meta property=\"og:type\" content=\"article\" \/>\n<meta property=\"og:title\" content=\"L\u00e4r av J\u00f6nk\u00f6ping - H\u00e5kan Johansson, KD\" \/>\n<meta property=\"og:description\" content=\"Andreas Sturesson, min gamle kompanjon fr\u00e5n KDU-tiden, har blivit kommunalr\u00e5d i J\u00f6nk\u00f6ping p\u00e5 gamla da&#8217;r. Han bes\u00f6kte Kristdemokraternas h\u00f6stfest i V\u00e4rnamo i dag och han hade en hel del att s\u00e4ga om hur man g\u00f6r verklighet av kristdemokratisk ideologi. Vi har en hel del att l\u00e4ra av Kristdemokraterna i J\u00f6nk\u00f6pings kommun h\u00e4r i V\u00e4rnamo!\" \/>\n<meta property=\"og:url\" content=\"https:\/\/wp.kristdemokraterna.se\/hakanjohansson\/2013\/11\/15\/lar-av-jonkoping\/\" \/>\n<meta property=\"og:site_name\" content=\"H\u00e5kan Johansson, KD\" \/>\n<meta property=\"article:published_time\" content=\"2013-11-15T19:38:10+00:00\" \/>\n<meta property=\"article:modified_time\" content=\"2015-07-13T19:46:27+00:00\" \/>\n<meta property=\"og:image\" content=\"https:\/\/wp.kristdemokraterna.se\/hakanjohansson\/files\/2014\/07\/20131115_hostfest_andreassturesson.png\" \/>\n\t<meta property=\"og:image:width\" content=\"267\" \/>\n\t<meta property=\"og:image:height\" content=\"342\" \/>\n\t<meta property=\"og:image:type\" content=\"image\/png\" \/>\n<meta name=\"author\" content=\"H\u00e5kan Johansson\" \/>\n<meta name=\"twitter:card\" content=\"summary_large_image\" \/>\n<meta name=\"twitter:label1\" content=\"Skriven av\" \/>\n\t<meta name=\"twitter:data1\" content=\"H\u00e5kan Johansson\" \/>\n\t<meta name=\"twitter:label2\" content=\"Ber\u00e4knad l\u00e4stid\" \/>\n\t<meta name=\"twitter:data2\" content=\"1 minut\" \/>\n<script type=\"application\/ld+json\" class=\"yoast-schema-graph\">{\"@context\":\"https:\\\/\\\/schema.org\",\"@graph\":[{\"@type\":\"Article\",\"@id\":\"https:\\\/\\\/wp.kristdemokraterna.se\\\/hakanjohansson\\\/2013\\\/11\\\/15\\\/lar-av-jonkoping\\\/#article\",\"isPartOf\":{\"@id\":\"https:\\\/\\\/wp.kristdemokraterna.se\\\/hakanjohansson\\\/2013\\\/11\\\/15\\\/lar-av-jonkoping\\\/\"},\"author\":{\"name\":\"H\u00e5kan Johansson\",\"@id\":\"https:\\\/\\\/wp.kristdemokraterna.se\\\/hakanjohansson\\\/#\\\/schema\\\/person\\\/1ebb24d2d3a4cdd92106ea18359c8b63\"},\"headline\":\"L\u00e4r av J\u00f6nk\u00f6ping\",\"datePublished\":\"2013-11-15T19:38:10+00:00\",\"dateModified\":\"2015-07-13T19:46:27+00:00\",\"mainEntityOfPage\":{\"@id\":\"https:\\\/\\\/wp.kristdemokraterna.se\\\/hakanjohansson\\\/2013\\\/11\\\/15\\\/lar-av-jonkoping\\\/\"},\"wordCount\":242,\"image\":{\"@id\":\"https:\\\/\\\/wp.kristdemokraterna.se\\\/hakanjohansson\\\/2013\\\/11\\\/15\\\/lar-av-jonkoping\\\/#primaryimage\"},\"thumbnailUrl\":\"https:\\\/\\\/wp.kristdemokraterna.se\\\/hakanjohansson\\\/files\\\/2014\\\/07\\\/20131115_hostfest_andreassturesson.png\",\"keywords\":[\"\u00e4ldreboende\",\"\u00e4ldreomsorg\",\"Andreas Sturesson\",\"anh\u00f6rigv\u00e5rdare\",\"barn- och ungdomsh\u00e4lsan\",\"h\u00f6stfest\",\"Huskvarna\",\"ideologi\",\"inflytande\",\"J\u00f6nk\u00f6ping\",\"kommunalr\u00e5d\",\"Kristdemokraterna V\u00e4rnamo\",\"landstinget\",\"Mia Frisk\",\"psykofarmaka\",\"ungdomar\",\"valfrihet\"],\"articleSection\":[\"Inl\u00e4gg\"],\"inLanguage\":\"sv-SE\"},{\"@type\":\"WebPage\",\"@id\":\"https:\\\/\\\/wp.kristdemokraterna.se\\\/hakanjohansson\\\/2013\\\/11\\\/15\\\/lar-av-jonkoping\\\/\",\"url\":\"https:\\\/\\\/wp.kristdemokraterna.se\\\/hakanjohansson\\\/2013\\\/11\\\/15\\\/lar-av-jonkoping\\\/\",\"name\":\"L\u00e4r av J\u00f6nk\u00f6ping - H\u00e5kan Johansson, KD\",\"isPartOf\":{\"@id\":\"https:\\\/\\\/wp.kristdemokraterna.se\\\/hakanjohansson\\\/#website\"},\"primaryImageOfPage\":{\"@id\":\"https:\\\/\\\/wp.kristdemokraterna.se\\\/hakanjohansson\\\/2013\\\/11\\\/15\\\/lar-av-jonkoping\\\/#primaryimage\"},\"image\":{\"@id\":\"https:\\\/\\\/wp.kristdemokraterna.se\\\/hakanjohansson\\\/2013\\\/11\\\/15\\\/lar-av-jonkoping\\\/#primaryimage\"},\"thumbnailUrl\":\"https:\\\/\\\/wp.kristdemokraterna.se\\\/hakanjohansson\\\/files\\\/2014\\\/07\\\/20131115_hostfest_andreassturesson.png\",\"datePublished\":\"2013-11-15T19:38:10+00:00\",\"dateModified\":\"2015-07-13T19:46:27+00:00\",\"author\":{\"@id\":\"https:\\\/\\\/wp.kristdemokraterna.se\\\/hakanjohansson\\\/#\\\/schema\\\/person\\\/1ebb24d2d3a4cdd92106ea18359c8b63\"},\"breadcrumb\":{\"@id\":\"https:\\\/\\\/wp.kristdemokraterna.se\\\/hakanjohansson\\\/2013\\\/11\\\/15\\\/lar-av-jonkoping\\\/#breadcrumb\"},\"inLanguage\":\"sv-SE\",\"potentialAction\":[{\"@type\":\"ReadAction\",\"target\":[\"https:\\\/\\\/wp.kristdemokraterna.se\\\/hakanjohansson\\\/2013\\\/11\\\/15\\\/lar-av-jonkoping\\\/\"]}]},{\"@type\":\"ImageObject\",\"inLanguage\":\"sv-SE\",\"@id\":\"https:\\\/\\\/wp.kristdemokraterna.se\\\/hakanjohansson\\\/2013\\\/11\\\/15\\\/lar-av-jonkoping\\\/#primaryimage\",\"url\":\"https:\\\/\\\/wp.kristdemokraterna.se\\\/hakanjohansson\\\/files\\\/2014\\\/07\\\/20131115_hostfest_andreassturesson.png\",\"contentUrl\":\"https:\\\/\\\/wp.kristdemokraterna.se\\\/hakanjohansson\\\/files\\\/2014\\\/07\\\/20131115_hostfest_andreassturesson.png\",\"width\":267,\"height\":342,\"caption\":\"Andreas Sturesson (KD), kommunalr\u00e5d i J\u00f6nk\u00f6pings kommun. (Foto: H\u00e5kan Johansson)\"},{\"@type\":\"BreadcrumbList\",\"@id\":\"https:\\\/\\\/wp.kristdemokraterna.se\\\/hakanjohansson\\\/2013\\\/11\\\/15\\\/lar-av-jonkoping\\\/#breadcrumb\",\"itemListElement\":[{\"@type\":\"ListItem\",\"position\":1,\"name\":\"Hem\",\"item\":\"https:\\\/\\\/wp.kristdemokraterna.se\\\/hakanjohansson\\\/\"},{\"@type\":\"ListItem\",\"position\":2,\"name\":\"L\u00e4r av J\u00f6nk\u00f6ping\"}]},{\"@type\":\"WebSite\",\"@id\":\"https:\\\/\\\/wp.kristdemokraterna.se\\\/hakanjohansson\\\/#website\",\"url\":\"https:\\\/\\\/wp.kristdemokraterna.se\\\/hakanjohansson\\\/\",\"name\":\"H\u00e5kan Johansson, KD\",\"description\":\"Politik, musik och teknik...\",\"inLanguage\":\"sv-SE\"},{\"@type\":\"Person\",\"@id\":\"https:\\\/\\\/wp.kristdemokraterna.se\\\/hakanjohansson\\\/#\\\/schema\\\/person\\\/1ebb24d2d3a4cdd92106ea18359c8b63\",\"name\":\"H\u00e5kan Johansson\",\"image\":{\"@type\":\"ImageObject\",\"inLanguage\":\"sv-SE\",\"@id\":\"https:\\\/\\\/secure.gravatar.com\\\/avatar\\\/2f492f08c4bdc714d7db0d433c48b51adbc8f67dd2112ac3a50d66d0d1ddd173?s=96&r=g\",\"url\":\"https:\\\/\\\/secure.gravatar.com\\\/avatar\\\/2f492f08c4bdc714d7db0d433c48b51adbc8f67dd2112ac3a50d66d0d1ddd173?s=96&r=g\",\"contentUrl\":\"https:\\\/\\\/secure.gravatar.com\\\/avatar\\\/2f492f08c4bdc714d7db0d433c48b51adbc8f67dd2112ac3a50d66d0d1ddd173?s=96&r=g\",\"caption\":\"H\u00e5kan Johansson\"},\"description\":\"Politik, musik och teknik...\",\"sameAs\":[\"https:\\\/\\\/wp.kristdemokraterna.se\\\/hakanjohansson\"],\"url\":\"https:\\\/\\\/wp.kristdemokraterna.se\\\/hakanjohansson\\\/author\\\/hakanjohansson\\\/\"}]}<\/script>\n<!-- \/ Yoast SEO plugin. -->","yoast_head_json":{"title":"L\u00e4r av J\u00f6nk\u00f6ping - H\u00e5kan Johansson, KD","robots":{"index":"index","follow":"follow","max-snippet":"max-snippet:-1","max-image-preview":"max-image-preview:large","max-video-preview":"max-video-preview:-1"},"canonical":"https:\/\/wp.kristdemokraterna.se\/hakanjohansson\/2013\/11\/15\/lar-av-jonkoping\/","og_locale":"sv_SE","og_type":"article","og_title":"L\u00e4r av J\u00f6nk\u00f6ping - H\u00e5kan Johansson, KD","og_description":"Andreas Sturesson, min gamle kompanjon fr\u00e5n KDU-tiden, har blivit kommunalr\u00e5d i J\u00f6nk\u00f6ping p\u00e5 gamla da&#8217;r. Han bes\u00f6kte Kristdemokraternas h\u00f6stfest i V\u00e4rnamo i dag och han hade en hel del att s\u00e4ga om hur man g\u00f6r verklighet av kristdemokratisk ideologi. Vi har en hel del att l\u00e4ra av Kristdemokraterna i J\u00f6nk\u00f6pings kommun h\u00e4r i V\u00e4rnamo!","og_url":"https:\/\/wp.kristdemokraterna.se\/hakanjohansson\/2013\/11\/15\/lar-av-jonkoping\/","og_site_name":"H\u00e5kan Johansson, KD","article_published_time":"2013-11-15T19:38:10+00:00","article_modified_time":"2015-07-13T19:46:27+00:00","og_image":[{"width":267,"height":342,"url":"https:\/\/wp.kristdemokraterna.se\/hakanjohansson\/files\/2014\/07\/20131115_hostfest_andreassturesson.png","type":"image\/png"}],"author":"H\u00e5kan Johansson","twitter_card":"summary_large_image","twitter_misc":{"Skriven av":"H\u00e5kan Johansson","Ber\u00e4knad l\u00e4stid":"1 minut"},"schema":{"@context":"https:\/\/schema.org","@graph":[{"@type":"Article","@id":"https:\/\/wp.kristdemokraterna.se\/hakanjohansson\/2013\/11\/15\/lar-av-jonkoping\/#article","isPartOf":{"@id":"https:\/\/wp.kristdemokraterna.se\/hakanjohansson\/2013\/11\/15\/lar-av-jonkoping\/"},"author":{"name":"H\u00e5kan Johansson","@id":"https:\/\/wp.kristdemokraterna.se\/hakanjohansson\/#\/schema\/person\/1ebb24d2d3a4cdd92106ea18359c8b63"},"headline":"L\u00e4r av J\u00f6nk\u00f6ping","datePublished":"2013-11-15T19:38:10+00:00","dateModified":"2015-07-13T19:46:27+00:00","mainEntityOfPage":{"@id":"https:\/\/wp.kristdemokraterna.se\/hakanjohansson\/2013\/11\/15\/lar-av-jonkoping\/"},"wordCount":242,"image":{"@id":"https:\/\/wp.kristdemokraterna.se\/hakanjohansson\/2013\/11\/15\/lar-av-jonkoping\/#primaryimage"},"thumbnailUrl":"https:\/\/wp.kristdemokraterna.se\/hakanjohansson\/files\/2014\/07\/20131115_hostfest_andreassturesson.png","keywords":["\u00e4ldreboende","\u00e4ldreomsorg","Andreas Sturesson","anh\u00f6rigv\u00e5rdare","barn- och ungdomsh\u00e4lsan","h\u00f6stfest","Huskvarna","ideologi","inflytande","J\u00f6nk\u00f6ping","kommunalr\u00e5d","Kristdemokraterna V\u00e4rnamo","landstinget","Mia Frisk","psykofarmaka","ungdomar","valfrihet"],"articleSection":["Inl\u00e4gg"],"inLanguage":"sv-SE"},{"@type":"WebPage","@id":"https:\/\/wp.kristdemokraterna.se\/hakanjohansson\/2013\/11\/15\/lar-av-jonkoping\/","url":"https:\/\/wp.kristdemokraterna.se\/hakanjohansson\/2013\/11\/15\/lar-av-jonkoping\/","name":"L\u00e4r av J\u00f6nk\u00f6ping - H\u00e5kan Johansson, KD","isPartOf":{"@id":"https:\/\/wp.kristdemokraterna.se\/hakanjohansson\/#website"},"primaryImageOfPage":{"@id":"https:\/\/wp.kristdemokraterna.se\/hakanjohansson\/2013\/11\/15\/lar-av-jonkoping\/#primaryimage"},"image":{"@id":"https:\/\/wp.kristdemokraterna.se\/hakanjohansson\/2013\/11\/15\/lar-av-jonkoping\/#primaryimage"},"thumbnailUrl":"https:\/\/wp.kristdemokraterna.se\/hakanjohansson\/files\/2014\/07\/20131115_hostfest_andreassturesson.png","datePublished":"2013-11-15T19:38:10+00:00","dateModified":"2015-07-13T19:46:27+00:00","author":{"@id":"https:\/\/wp.kristdemokraterna.se\/hakanjohansson\/#\/schema\/person\/1ebb24d2d3a4cdd92106ea18359c8b63"},"breadcrumb":{"@id":"https:\/\/wp.kristdemokraterna.se\/hakanjohansson\/2013\/11\/15\/lar-av-jonkoping\/#breadcrumb"},"inLanguage":"sv-SE","potentialAction":[{"@type":"ReadAction","target":["https:\/\/wp.kristdemokraterna.se\/hakanjohansson\/2013\/11\/15\/lar-av-jonkoping\/"]}]},{"@type":"ImageObject","inLanguage":"sv-SE","@id":"https:\/\/wp.kristdemokraterna.se\/hakanjohansson\/2013\/11\/15\/lar-av-jonkoping\/#primaryimage","url":"https:\/\/wp.kristdemokraterna.se\/hakanjohansson\/files\/2014\/07\/20131115_hostfest_andreassturesson.png","contentUrl":"https:\/\/wp.kristdemokraterna.se\/hakanjohansson\/files\/2014\/07\/20131115_hostfest_andreassturesson.png","width":267,"height":342,"caption":"Andreas Sturesson (KD), kommunalr\u00e5d i J\u00f6nk\u00f6pings kommun. (Foto: H\u00e5kan Johansson)"},{"@type":"BreadcrumbList","@id":"https:\/\/wp.kristdemokraterna.se\/hakanjohansson\/2013\/11\/15\/lar-av-jonkoping\/#breadcrumb","itemListElement":[{"@type":"ListItem","position":1,"name":"Hem","item":"https:\/\/wp.kristdemokraterna.se\/hakanjohansson\/"},{"@type":"ListItem","position":2,"name":"L\u00e4r av J\u00f6nk\u00f6ping"}]},{"@type":"WebSite","@id":"https:\/\/wp.kristdemokraterna.se\/hakanjohansson\/#website","url":"https:\/\/wp.kristdemokraterna.se\/hakanjohansson\/","name":"H\u00e5kan Johansson, KD","description":"Politik, musik och teknik...","inLanguage":"sv-SE"},{"@type":"Person","@id":"https:\/\/wp.kristdemokraterna.se\/hakanjohansson\/#\/schema\/person\/1ebb24d2d3a4cdd92106ea18359c8b63","name":"H\u00e5kan Johansson","image":{"@type":"ImageObject","inLanguage":"sv-SE","@id":"https:\/\/secure.gravatar.com\/avatar\/2f492f08c4bdc714d7db0d433c48b51adbc8f67dd2112ac3a50d66d0d1ddd173?s=96&r=g","url":"https:\/\/secure.gravatar.com\/avatar\/2f492f08c4bdc714d7db0d433c48b51adbc8f67dd2112ac3a50d66d0d1ddd173?s=96&r=g","contentUrl":"https:\/\/secure.gravatar.com\/avatar\/2f492f08c4bdc714d7db0d433c48b51adbc8f67dd2112ac3a50d66d0d1ddd173?s=96&r=g","caption":"H\u00e5kan Johansson"},"description":"Politik, musik och teknik...","sameAs":["https:\/\/wp.kristdemokraterna.se\/hakanjohansson"],"url":"https:\/\/wp.kristdemokraterna.se\/hakanjohansson\/author\/hakanjohansson\/"}]}},"_links":{"self":[{"href":"https:\/\/wp.kristdemokraterna.se\/hakanjohansson\/wp-json\/wp\/v2\/posts\/608","targetHints":{"allow":["GET"]}}],"collection":[{"href":"https:\/\/wp.kristdemokraterna.se\/hakanjohansson\/wp-json\/wp\/v2\/posts"}],"about":[{"href":"https:\/\/wp.kristdemokraterna.se\/hakanjohansson\/wp-json\/wp\/v2\/types\/post"}],"author":[{"embeddable":true,"href":"https:\/\/wp.kristdemokraterna.se\/hakanjohansson\/wp-json\/wp\/v2\/users\/507"}],"replies":[{"embeddable":true,"href":"https:\/\/wp.kristdemokraterna.se\/hakanjohansson\/wp-json\/wp\/v2\/comments?post=608"}],"version-history":[{"count":11,"href":"https:\/\/wp.kristdemokraterna.se\/hakanjohansson\/wp-json\/wp\/v2\/posts\/608\/revisions"}],"predecessor-version":[{"id":2166,"href":"https:\/\/wp.kristdemokraterna.se\/hakanjohansson\/wp-json\/wp\/v2\/posts\/608\/revisions\/2166"}],"wp:featuredmedia":[{"embeddable":true,"href":"https:\/\/wp.kristdemokraterna.se\/hakanjohansson\/wp-json\/wp\/v2\/media\/607"}],"wp:attachment":[{"href":"https:\/\/wp.kristdemokraterna.se\/hakanjohansson\/wp-json\/wp\/v2\/media?parent=608"}],"wp:term":[{"taxonomy":"category","embeddable":true,"href":"https:\/\/wp.kristdemokraterna.se\/hakanjohansson\/wp-json\/wp\/v2\/categories?post=608"},{"taxonomy":"post_tag","embeddable":true,"href":"https:\/\/wp.kristdemokraterna.se\/hakanjohansson\/wp-json\/wp\/v2\/tags?post=608"}],"curies":[{"name":"wp","href":"https:\/\/api.w.org\/{rel}","templated":true}]}}