{"id":618,"date":"2013-12-04T21:04:38","date_gmt":"2013-12-04T20:04:38","guid":{"rendered":"http:\/\/wp.kristdemokraterna.se\/hakanjohansson\/?p=618"},"modified":"2015-07-13T21:44:14","modified_gmt":"2015-07-13T19:44:14","slug":"upphandling-som-strategiskt-verktyg","status":"publish","type":"post","link":"https:\/\/wp.kristdemokraterna.se\/hakanjohansson\/2013\/12\/04\/upphandling-som-strategiskt-verktyg\/","title":{"rendered":"Upphandling som strategiskt verktyg"},"content":{"rendered":"<p>Idag var\u00a0jag och\u00a0Upphandlingsn\u00e4mndens presidium i Stockholm f\u00f6r att vara med p\u00e5 Upphandlingsst\u00f6dets seminarium om upphandling som strategiskt verktyg. Vi \u00e5kte med SJ tidigt en kall vinterdag f\u00f6r att ta oss till\u00a0Waterfront Congress Centre, som tydligen \u00e4r k\u00e4nda f\u00f6r sin <em>brain food<\/em>. Det var i alla fall stort, v\u00e4lkomnande och serviceinriktat.<\/p>\n<p><!--more--><\/p>\n<p>Meningen med seminariet var att\u00a0ge beslutsfattare inspiration och insikter om hur upphandling kan anv\u00e4ndas f\u00f6r att uppn\u00e5 olika strategiska m\u00e5l i den egna verksamhet och visa hur andra ledande befattningshavare i offentlig sektor t\u00e4nker och agerar.<\/p>\n<p>Kommun- och finansmarknadsminister\u00a0Peter Norman (M) inledde seminariedagen med ett inspirerande och utmanande tal. Honom skulle jag kunna r\u00f6sta p\u00e5&#8230;<br \/>\n\ud83d\ude09<\/p>\n<p>I seminarieutbudet fanns Marie Loob fr\u00e5n Svenska Spel som gav exempel\u00a0hur lagen om offentlig upphandling p\u00e5verkade anskaffningsprocessen, besannade farh\u00e5gor och gav positiva \u00f6verraskningar. Professor Bj\u00f6rn Axelsson fr\u00e5n Handelsh\u00f6gskolan redde ut begreppen och beskrev\u00a0vad de inneb\u00e4r i praktiken?<\/p>\n<p>Helena Lindberg, generaldirekt\u00f6r f\u00f6r Myndigheten f\u00f6r samh\u00e4llsskydd och beredskap, ber\u00e4ttade om deras erfarenheter av den rekordstora upphandlingen av RAKEL. Henrik Eriksson fr\u00e5n industrigiganten Atlas Copco beskrev hur de effektiviserat och f\u00f6rb\u00e4ttrat sin ink\u00f6psorganisation, ett steg i taget. B\u00f6rje Hansson fr\u00e5n Mittuniversitetet visade hur man\u00a0med en metod som ursprungligen utvecklades av NASA kan skapa en tydligare m\u00e5lbild och kartl\u00e4gga vilka strategier som leder\u00a0till m\u00e5let.<\/p>\n<p>Seminarierna\u00a0avslutades med att f\u00f6rfattaren David Lagercrantz ber\u00e4ttade om sin bok \u201dJag \u00e4r Zlatan\u201d. Med mycket humor talade han om tilltro till individens egen kreativitet och\u00a0vikten av starkt ledarskap med strategier och tydliga visioner f\u00f6r att ett lag ska bli vinnande. Allt med med tydlig inspiration fr\u00e5n sina samtal med den store fotbollsbeg\u00e5vningen.<\/p>\n<p><span style=\"color: #292f33\">P\u00e5 det hela taget var det en intressant dag med b\u00e5de\u00a0<\/span><span style=\"color: #292f33\">kompetenta f\u00f6rel\u00e4sare och sp\u00e4nnande inspel. Helt klart nyttigt och s\u00e4kert n\u00e5got vi kommer att f\u00e5 anv\u00e4ndning f\u00f6r h\u00e4r i V\u00e4rnamo kommun!<\/span><\/p>\n","protected":false},"excerpt":{"rendered":"<p>Idag var\u00a0jag och\u00a0Upphandlingsn\u00e4mndens presidium i Stockholm f\u00f6r att vara med p\u00e5 Upphandlingsst\u00f6dets seminarium om upphandling som strategiskt verktyg. Vi \u00e5kte med SJ tidigt en kall vinterdag f\u00f6r att ta oss till\u00a0Waterfront Congress Centre, som tydligen \u00e4r k\u00e4nda f\u00f6r sin brain food. Det var i alla fall stort, v\u00e4lkomnande och serviceinriktat.<\/p>\n","protected":false},"author":507,"featured_media":123,"comment_status":"closed","ping_status":"closed","sticky":false,"template":"","format":"standard","meta":{"_acf_changed":false,"footnotes":""},"categories":[41],"tags":[1438,1441,1442,1439,1440,1437,372,368,370,371,350,29,369,26],"class_list":["post-618","post","type-post","status-publish","format-standard","hentry","category-inlagg","tag-bjorn-axelsson","tag-borje-hansson","tag-david-lagercrantz","tag-helena-lindberg","tag-henrik-eriksson","tag-marie-loob","tag-peter-norman","tag-presidium","tag-seminarium","tag-stockholm","tag-strategisk-upphandling","tag-upphandlingsnamnden","tag-upphandlingsstodet","tag-varnamo-kommun"],"acf":[],"yoast_head":"<!-- This site is optimized with the Yoast SEO plugin v27.4 - https:\/\/yoast.com\/product\/yoast-seo-wordpress\/ -->\n<title>Upphandling som strategiskt verktyg - H\u00e5kan Johansson, KD<\/title>\n<meta name=\"robots\" content=\"index, follow, max-snippet:-1, max-image-preview:large, max-video-preview:-1\" \/>\n<link rel=\"canonical\" href=\"https:\/\/wp.kristdemokraterna.se\/hakanjohansson\/2013\/12\/04\/upphandling-som-strategiskt-verktyg\/\" \/>\n<meta property=\"og:locale\" content=\"sv_SE\" \/>\n<meta property=\"og:type\" content=\"article\" \/>\n<meta property=\"og:title\" content=\"Upphandling som strategiskt verktyg - H\u00e5kan Johansson, KD\" \/>\n<meta property=\"og:description\" content=\"Idag var\u00a0jag och\u00a0Upphandlingsn\u00e4mndens presidium i Stockholm f\u00f6r att vara med p\u00e5 Upphandlingsst\u00f6dets seminarium om upphandling som strategiskt verktyg. Vi \u00e5kte med SJ tidigt en kall vinterdag f\u00f6r att ta oss till\u00a0Waterfront Congress Centre, som tydligen \u00e4r k\u00e4nda f\u00f6r sin brain food. Det var i alla fall stort, v\u00e4lkomnande och serviceinriktat.\" \/>\n<meta property=\"og:url\" content=\"https:\/\/wp.kristdemokraterna.se\/hakanjohansson\/2013\/12\/04\/upphandling-som-strategiskt-verktyg\/\" \/>\n<meta property=\"og:site_name\" content=\"H\u00e5kan Johansson, KD\" \/>\n<meta property=\"article:published_time\" content=\"2013-12-04T20:04:38+00:00\" \/>\n<meta property=\"article:modified_time\" content=\"2015-07-13T19:44:14+00:00\" \/>\n<meta property=\"og:image\" content=\"https:\/\/wp.kristdemokraterna.se\/hakanjohansson\/files\/2014\/06\/hakan_johansson_2013.png\" \/>\n\t<meta property=\"og:image:width\" content=\"256\" \/>\n\t<meta property=\"og:image:height\" content=\"300\" \/>\n\t<meta property=\"og:image:type\" content=\"image\/png\" \/>\n<meta name=\"author\" content=\"H\u00e5kan Johansson\" \/>\n<meta name=\"twitter:card\" content=\"summary_large_image\" \/>\n<meta name=\"twitter:label1\" content=\"Skriven av\" \/>\n\t<meta name=\"twitter:data1\" content=\"H\u00e5kan Johansson\" \/>\n\t<meta name=\"twitter:label2\" content=\"Ber\u00e4knad l\u00e4stid\" \/>\n\t<meta name=\"twitter:data2\" content=\"2 minuter\" \/>\n<script type=\"application\/ld+json\" class=\"yoast-schema-graph\">{\"@context\":\"https:\\\/\\\/schema.org\",\"@graph\":[{\"@type\":\"Article\",\"@id\":\"https:\\\/\\\/wp.kristdemokraterna.se\\\/hakanjohansson\\\/2013\\\/12\\\/04\\\/upphandling-som-strategiskt-verktyg\\\/#article\",\"isPartOf\":{\"@id\":\"https:\\\/\\\/wp.kristdemokraterna.se\\\/hakanjohansson\\\/2013\\\/12\\\/04\\\/upphandling-som-strategiskt-verktyg\\\/\"},\"author\":{\"name\":\"H\u00e5kan Johansson\",\"@id\":\"https:\\\/\\\/wp.kristdemokraterna.se\\\/hakanjohansson\\\/#\\\/schema\\\/person\\\/1ebb24d2d3a4cdd92106ea18359c8b63\"},\"headline\":\"Upphandling som strategiskt verktyg\",\"datePublished\":\"2013-12-04T20:04:38+00:00\",\"dateModified\":\"2015-07-13T19:44:14+00:00\",\"mainEntityOfPage\":{\"@id\":\"https:\\\/\\\/wp.kristdemokraterna.se\\\/hakanjohansson\\\/2013\\\/12\\\/04\\\/upphandling-som-strategiskt-verktyg\\\/\"},\"wordCount\":352,\"image\":{\"@id\":\"https:\\\/\\\/wp.kristdemokraterna.se\\\/hakanjohansson\\\/2013\\\/12\\\/04\\\/upphandling-som-strategiskt-verktyg\\\/#primaryimage\"},\"thumbnailUrl\":\"https:\\\/\\\/wp.kristdemokraterna.se\\\/hakanjohansson\\\/files\\\/2014\\\/06\\\/hakan_johansson_2013.png\",\"keywords\":[\"Bj\u00f6rn Axelsson\",\"B\u00f6rje Hansson\",\"David Lagercrantz\",\"Helena Lindberg\",\"Henrik Eriksson\",\"Marie Loob\",\"Peter Norman\",\"presidium\",\"seminarium\",\"Stockholm\",\"strategisk upphandling\",\"Upphandlingsn\u00e4mnden\",\"Upphandlingsst\u00f6det\",\"V\u00e4rnamo kommun\"],\"articleSection\":[\"Inl\u00e4gg\"],\"inLanguage\":\"sv-SE\"},{\"@type\":\"WebPage\",\"@id\":\"https:\\\/\\\/wp.kristdemokraterna.se\\\/hakanjohansson\\\/2013\\\/12\\\/04\\\/upphandling-som-strategiskt-verktyg\\\/\",\"url\":\"https:\\\/\\\/wp.kristdemokraterna.se\\\/hakanjohansson\\\/2013\\\/12\\\/04\\\/upphandling-som-strategiskt-verktyg\\\/\",\"name\":\"Upphandling som strategiskt verktyg - H\u00e5kan Johansson, KD\",\"isPartOf\":{\"@id\":\"https:\\\/\\\/wp.kristdemokraterna.se\\\/hakanjohansson\\\/#website\"},\"primaryImageOfPage\":{\"@id\":\"https:\\\/\\\/wp.kristdemokraterna.se\\\/hakanjohansson\\\/2013\\\/12\\\/04\\\/upphandling-som-strategiskt-verktyg\\\/#primaryimage\"},\"image\":{\"@id\":\"https:\\\/\\\/wp.kristdemokraterna.se\\\/hakanjohansson\\\/2013\\\/12\\\/04\\\/upphandling-som-strategiskt-verktyg\\\/#primaryimage\"},\"thumbnailUrl\":\"https:\\\/\\\/wp.kristdemokraterna.se\\\/hakanjohansson\\\/files\\\/2014\\\/06\\\/hakan_johansson_2013.png\",\"datePublished\":\"2013-12-04T20:04:38+00:00\",\"dateModified\":\"2015-07-13T19:44:14+00:00\",\"author\":{\"@id\":\"https:\\\/\\\/wp.kristdemokraterna.se\\\/hakanjohansson\\\/#\\\/schema\\\/person\\\/1ebb24d2d3a4cdd92106ea18359c8b63\"},\"breadcrumb\":{\"@id\":\"https:\\\/\\\/wp.kristdemokraterna.se\\\/hakanjohansson\\\/2013\\\/12\\\/04\\\/upphandling-som-strategiskt-verktyg\\\/#breadcrumb\"},\"inLanguage\":\"sv-SE\",\"potentialAction\":[{\"@type\":\"ReadAction\",\"target\":[\"https:\\\/\\\/wp.kristdemokraterna.se\\\/hakanjohansson\\\/2013\\\/12\\\/04\\\/upphandling-som-strategiskt-verktyg\\\/\"]}]},{\"@type\":\"ImageObject\",\"inLanguage\":\"sv-SE\",\"@id\":\"https:\\\/\\\/wp.kristdemokraterna.se\\\/hakanjohansson\\\/2013\\\/12\\\/04\\\/upphandling-som-strategiskt-verktyg\\\/#primaryimage\",\"url\":\"https:\\\/\\\/wp.kristdemokraterna.se\\\/hakanjohansson\\\/files\\\/2014\\\/06\\\/hakan_johansson_2013.png\",\"contentUrl\":\"https:\\\/\\\/wp.kristdemokraterna.se\\\/hakanjohansson\\\/files\\\/2014\\\/06\\\/hakan_johansson_2013.png\",\"width\":256,\"height\":300,\"caption\":\"H\u00e5kan Johansson, Kristdemokraterna V\u00e4rnamo. (Foto: Lennart Molin)\"},{\"@type\":\"BreadcrumbList\",\"@id\":\"https:\\\/\\\/wp.kristdemokraterna.se\\\/hakanjohansson\\\/2013\\\/12\\\/04\\\/upphandling-som-strategiskt-verktyg\\\/#breadcrumb\",\"itemListElement\":[{\"@type\":\"ListItem\",\"position\":1,\"name\":\"Hem\",\"item\":\"https:\\\/\\\/wp.kristdemokraterna.se\\\/hakanjohansson\\\/\"},{\"@type\":\"ListItem\",\"position\":2,\"name\":\"Upphandling som strategiskt verktyg\"}]},{\"@type\":\"WebSite\",\"@id\":\"https:\\\/\\\/wp.kristdemokraterna.se\\\/hakanjohansson\\\/#website\",\"url\":\"https:\\\/\\\/wp.kristdemokraterna.se\\\/hakanjohansson\\\/\",\"name\":\"H\u00e5kan Johansson, KD\",\"description\":\"Politik, musik och teknik...\",\"inLanguage\":\"sv-SE\"},{\"@type\":\"Person\",\"@id\":\"https:\\\/\\\/wp.kristdemokraterna.se\\\/hakanjohansson\\\/#\\\/schema\\\/person\\\/1ebb24d2d3a4cdd92106ea18359c8b63\",\"name\":\"H\u00e5kan Johansson\",\"image\":{\"@type\":\"ImageObject\",\"inLanguage\":\"sv-SE\",\"@id\":\"https:\\\/\\\/secure.gravatar.com\\\/avatar\\\/2f492f08c4bdc714d7db0d433c48b51adbc8f67dd2112ac3a50d66d0d1ddd173?s=96&r=g\",\"url\":\"https:\\\/\\\/secure.gravatar.com\\\/avatar\\\/2f492f08c4bdc714d7db0d433c48b51adbc8f67dd2112ac3a50d66d0d1ddd173?s=96&r=g\",\"contentUrl\":\"https:\\\/\\\/secure.gravatar.com\\\/avatar\\\/2f492f08c4bdc714d7db0d433c48b51adbc8f67dd2112ac3a50d66d0d1ddd173?s=96&r=g\",\"caption\":\"H\u00e5kan Johansson\"},\"description\":\"Politik, musik och teknik...\",\"sameAs\":[\"https:\\\/\\\/wp.kristdemokraterna.se\\\/hakanjohansson\"],\"url\":\"https:\\\/\\\/wp.kristdemokraterna.se\\\/hakanjohansson\\\/author\\\/hakanjohansson\\\/\"}]}<\/script>\n<!-- \/ Yoast SEO plugin. -->","yoast_head_json":{"title":"Upphandling som strategiskt verktyg - H\u00e5kan Johansson, KD","robots":{"index":"index","follow":"follow","max-snippet":"max-snippet:-1","max-image-preview":"max-image-preview:large","max-video-preview":"max-video-preview:-1"},"canonical":"https:\/\/wp.kristdemokraterna.se\/hakanjohansson\/2013\/12\/04\/upphandling-som-strategiskt-verktyg\/","og_locale":"sv_SE","og_type":"article","og_title":"Upphandling som strategiskt verktyg - H\u00e5kan Johansson, KD","og_description":"Idag var\u00a0jag och\u00a0Upphandlingsn\u00e4mndens presidium i Stockholm f\u00f6r att vara med p\u00e5 Upphandlingsst\u00f6dets seminarium om upphandling som strategiskt verktyg. Vi \u00e5kte med SJ tidigt en kall vinterdag f\u00f6r att ta oss till\u00a0Waterfront Congress Centre, som tydligen \u00e4r k\u00e4nda f\u00f6r sin brain food. Det var i alla fall stort, v\u00e4lkomnande och serviceinriktat.","og_url":"https:\/\/wp.kristdemokraterna.se\/hakanjohansson\/2013\/12\/04\/upphandling-som-strategiskt-verktyg\/","og_site_name":"H\u00e5kan Johansson, KD","article_published_time":"2013-12-04T20:04:38+00:00","article_modified_time":"2015-07-13T19:44:14+00:00","og_image":[{"width":256,"height":300,"url":"https:\/\/wp.kristdemokraterna.se\/hakanjohansson\/files\/2014\/06\/hakan_johansson_2013.png","type":"image\/png"}],"author":"H\u00e5kan Johansson","twitter_card":"summary_large_image","twitter_misc":{"Skriven av":"H\u00e5kan Johansson","Ber\u00e4knad l\u00e4stid":"2 minuter"},"schema":{"@context":"https:\/\/schema.org","@graph":[{"@type":"Article","@id":"https:\/\/wp.kristdemokraterna.se\/hakanjohansson\/2013\/12\/04\/upphandling-som-strategiskt-verktyg\/#article","isPartOf":{"@id":"https:\/\/wp.kristdemokraterna.se\/hakanjohansson\/2013\/12\/04\/upphandling-som-strategiskt-verktyg\/"},"author":{"name":"H\u00e5kan Johansson","@id":"https:\/\/wp.kristdemokraterna.se\/hakanjohansson\/#\/schema\/person\/1ebb24d2d3a4cdd92106ea18359c8b63"},"headline":"Upphandling som strategiskt verktyg","datePublished":"2013-12-04T20:04:38+00:00","dateModified":"2015-07-13T19:44:14+00:00","mainEntityOfPage":{"@id":"https:\/\/wp.kristdemokraterna.se\/hakanjohansson\/2013\/12\/04\/upphandling-som-strategiskt-verktyg\/"},"wordCount":352,"image":{"@id":"https:\/\/wp.kristdemokraterna.se\/hakanjohansson\/2013\/12\/04\/upphandling-som-strategiskt-verktyg\/#primaryimage"},"thumbnailUrl":"https:\/\/wp.kristdemokraterna.se\/hakanjohansson\/files\/2014\/06\/hakan_johansson_2013.png","keywords":["Bj\u00f6rn Axelsson","B\u00f6rje Hansson","David Lagercrantz","Helena Lindberg","Henrik Eriksson","Marie Loob","Peter Norman","presidium","seminarium","Stockholm","strategisk upphandling","Upphandlingsn\u00e4mnden","Upphandlingsst\u00f6det","V\u00e4rnamo kommun"],"articleSection":["Inl\u00e4gg"],"inLanguage":"sv-SE"},{"@type":"WebPage","@id":"https:\/\/wp.kristdemokraterna.se\/hakanjohansson\/2013\/12\/04\/upphandling-som-strategiskt-verktyg\/","url":"https:\/\/wp.kristdemokraterna.se\/hakanjohansson\/2013\/12\/04\/upphandling-som-strategiskt-verktyg\/","name":"Upphandling som strategiskt verktyg - H\u00e5kan Johansson, KD","isPartOf":{"@id":"https:\/\/wp.kristdemokraterna.se\/hakanjohansson\/#website"},"primaryImageOfPage":{"@id":"https:\/\/wp.kristdemokraterna.se\/hakanjohansson\/2013\/12\/04\/upphandling-som-strategiskt-verktyg\/#primaryimage"},"image":{"@id":"https:\/\/wp.kristdemokraterna.se\/hakanjohansson\/2013\/12\/04\/upphandling-som-strategiskt-verktyg\/#primaryimage"},"thumbnailUrl":"https:\/\/wp.kristdemokraterna.se\/hakanjohansson\/files\/2014\/06\/hakan_johansson_2013.png","datePublished":"2013-12-04T20:04:38+00:00","dateModified":"2015-07-13T19:44:14+00:00","author":{"@id":"https:\/\/wp.kristdemokraterna.se\/hakanjohansson\/#\/schema\/person\/1ebb24d2d3a4cdd92106ea18359c8b63"},"breadcrumb":{"@id":"https:\/\/wp.kristdemokraterna.se\/hakanjohansson\/2013\/12\/04\/upphandling-som-strategiskt-verktyg\/#breadcrumb"},"inLanguage":"sv-SE","potentialAction":[{"@type":"ReadAction","target":["https:\/\/wp.kristdemokraterna.se\/hakanjohansson\/2013\/12\/04\/upphandling-som-strategiskt-verktyg\/"]}]},{"@type":"ImageObject","inLanguage":"sv-SE","@id":"https:\/\/wp.kristdemokraterna.se\/hakanjohansson\/2013\/12\/04\/upphandling-som-strategiskt-verktyg\/#primaryimage","url":"https:\/\/wp.kristdemokraterna.se\/hakanjohansson\/files\/2014\/06\/hakan_johansson_2013.png","contentUrl":"https:\/\/wp.kristdemokraterna.se\/hakanjohansson\/files\/2014\/06\/hakan_johansson_2013.png","width":256,"height":300,"caption":"H\u00e5kan Johansson, Kristdemokraterna V\u00e4rnamo. (Foto: Lennart Molin)"},{"@type":"BreadcrumbList","@id":"https:\/\/wp.kristdemokraterna.se\/hakanjohansson\/2013\/12\/04\/upphandling-som-strategiskt-verktyg\/#breadcrumb","itemListElement":[{"@type":"ListItem","position":1,"name":"Hem","item":"https:\/\/wp.kristdemokraterna.se\/hakanjohansson\/"},{"@type":"ListItem","position":2,"name":"Upphandling som strategiskt verktyg"}]},{"@type":"WebSite","@id":"https:\/\/wp.kristdemokraterna.se\/hakanjohansson\/#website","url":"https:\/\/wp.kristdemokraterna.se\/hakanjohansson\/","name":"H\u00e5kan Johansson, KD","description":"Politik, musik och teknik...","inLanguage":"sv-SE"},{"@type":"Person","@id":"https:\/\/wp.kristdemokraterna.se\/hakanjohansson\/#\/schema\/person\/1ebb24d2d3a4cdd92106ea18359c8b63","name":"H\u00e5kan Johansson","image":{"@type":"ImageObject","inLanguage":"sv-SE","@id":"https:\/\/secure.gravatar.com\/avatar\/2f492f08c4bdc714d7db0d433c48b51adbc8f67dd2112ac3a50d66d0d1ddd173?s=96&r=g","url":"https:\/\/secure.gravatar.com\/avatar\/2f492f08c4bdc714d7db0d433c48b51adbc8f67dd2112ac3a50d66d0d1ddd173?s=96&r=g","contentUrl":"https:\/\/secure.gravatar.com\/avatar\/2f492f08c4bdc714d7db0d433c48b51adbc8f67dd2112ac3a50d66d0d1ddd173?s=96&r=g","caption":"H\u00e5kan Johansson"},"description":"Politik, musik och teknik...","sameAs":["https:\/\/wp.kristdemokraterna.se\/hakanjohansson"],"url":"https:\/\/wp.kristdemokraterna.se\/hakanjohansson\/author\/hakanjohansson\/"}]}},"_links":{"self":[{"href":"https:\/\/wp.kristdemokraterna.se\/hakanjohansson\/wp-json\/wp\/v2\/posts\/618","targetHints":{"allow":["GET"]}}],"collection":[{"href":"https:\/\/wp.kristdemokraterna.se\/hakanjohansson\/wp-json\/wp\/v2\/posts"}],"about":[{"href":"https:\/\/wp.kristdemokraterna.se\/hakanjohansson\/wp-json\/wp\/v2\/types\/post"}],"author":[{"embeddable":true,"href":"https:\/\/wp.kristdemokraterna.se\/hakanjohansson\/wp-json\/wp\/v2\/users\/507"}],"replies":[{"embeddable":true,"href":"https:\/\/wp.kristdemokraterna.se\/hakanjohansson\/wp-json\/wp\/v2\/comments?post=618"}],"version-history":[{"count":10,"href":"https:\/\/wp.kristdemokraterna.se\/hakanjohansson\/wp-json\/wp\/v2\/posts\/618\/revisions"}],"predecessor-version":[{"id":2165,"href":"https:\/\/wp.kristdemokraterna.se\/hakanjohansson\/wp-json\/wp\/v2\/posts\/618\/revisions\/2165"}],"wp:featuredmedia":[{"embeddable":true,"href":"https:\/\/wp.kristdemokraterna.se\/hakanjohansson\/wp-json\/wp\/v2\/media\/123"}],"wp:attachment":[{"href":"https:\/\/wp.kristdemokraterna.se\/hakanjohansson\/wp-json\/wp\/v2\/media?parent=618"}],"wp:term":[{"taxonomy":"category","embeddable":true,"href":"https:\/\/wp.kristdemokraterna.se\/hakanjohansson\/wp-json\/wp\/v2\/categories?post=618"},{"taxonomy":"post_tag","embeddable":true,"href":"https:\/\/wp.kristdemokraterna.se\/hakanjohansson\/wp-json\/wp\/v2\/tags?post=618"}],"curies":[{"name":"wp","href":"https:\/\/api.w.org\/{rel}","templated":true}]}}