{"id":691,"date":"2014-02-03T13:52:50","date_gmt":"2014-02-03T12:52:50","guid":{"rendered":"http:\/\/wp.kristdemokraterna.se\/hakanjohansson\/?p=691"},"modified":"2015-07-13T21:14:39","modified_gmt":"2015-07-13T19:14:39","slug":"ingen-atervando","status":"publish","type":"post","link":"https:\/\/wp.kristdemokraterna.se\/hakanjohansson\/2014\/02\/03\/ingen-atervando\/","title":{"rendered":"Ingen \u00e5terv\u00e4ndo&#8230;"},"content":{"rendered":"<p>Det var i juli 1998 som Kristdemokraterna V\u00e4rnamo sl\u00e4ppte sin hemsida f\u00f6r f\u00f6rsta g\u00e5ngen. Det var jag som gjorde den och sedan dess har jag varit lokalavdelningens webbmaster och informationsansvarige. Efter det\u00a0har jag uppgraderat den n\u00e5gra g\u00e5nger, men i grunden har den byggt p\u00e5 statiska html-sidor. Ett s\u00e5dant system sv\u00e4ller snabbt och blir allt sv\u00e5rare att underh\u00e5lla. Partiet har haft n\u00e5gra olika verktyg f\u00f6r att bygga och underh\u00e5lla lokala hemsidor, men de har varit allt f\u00f6r begr\u00e4nsade enligt min mening.<\/p>\n<p><!--more--><\/p>\n<p>F\u00f6r ett \u00e5r sedan ungef\u00e4r inf\u00f6rde Kristdemokraterna\u00a0WordPress som inneh\u00e5llshanterare f\u00f6r lokala hemsidor och d\u00e5 sade det klick. Under n\u00e5gra m\u00e5nader nu s\u00e5 har jag arbetat med att f\u00f6ra \u00f6ver det gamla materialet till den nya formen och anpassa det s\u00e5 att det funkar s\u00e5 bra som m\u00f6jligt i den nya milj\u00f6n. Sedan adventstid har vi k\u00f6rt b\u00e5da versionerna parallellt och trimmat in den nya. L\u00e5ng historia kort \u2013 n\u00e5gon g\u00e5ng m\u00e5ste man best\u00e4mma sig f\u00f6r att det \u00e4r f\u00e4rdigt och i dag f\u00e5r det vara det! Nu \u00e4r det skarpt l\u00e4ge som g\u00e4ller \u2013 ingen \u00e5terv\u00e4ndo\u2026<\/p>\n<hr \/>\n<p>L\u00e4s mer om sl\u00e4ppet av den nya hemsidan p\u00e5 Kristdemokraternas hemsida i V\u00e4rnamo:<br \/>\n[<a title=\"Nu sl\u00e4pper vi v\u00e5r nya hemsida!\" href=\"http:\/\/wp.kristdemokraterna.se\/varnamo\/2014\/02\/03\/nu-slapper-vi-var-nya-hemsida\/\" target=\"_blank\">Nu sl\u00e4pper vi v\u00e5r nya hemsida!<\/a>]<\/p>\n","protected":false},"excerpt":{"rendered":"<p>Det var i juli 1998 som Kristdemokraterna V\u00e4rnamo sl\u00e4ppte sin hemsida f\u00f6r f\u00f6rsta g\u00e5ngen. Det var jag som gjorde den och sedan dess har jag varit lokalavdelningens webbmaster och informationsansvarige. Efter det\u00a0har jag uppgraderat den n\u00e5gra g\u00e5nger, men i grunden har den byggt p\u00e5 statiska html-sidor. Ett s\u00e5dant system sv\u00e4ller snabbt och blir allt sv\u00e5rare&hellip; <a class=\"read-more-link\" href=\"https:\/\/wp.kristdemokraterna.se\/hakanjohansson\/2014\/02\/03\/ingen-atervando\/\">Forts\u00e4tt l\u00e4sa<\/a><\/p>\n","protected":false},"author":507,"featured_media":123,"comment_status":"closed","ping_status":"closed","sticky":false,"template":"","format":"standard","meta":{"_acf_changed":false,"footnotes":""},"categories":[41],"tags":[415,418,417,420,274,416,419],"class_list":["post-691","post","type-post","status-publish","format-standard","hentry","category-inlagg","tag-hemsida","tag-html","tag-informationsansvarig","tag-innehallshanterare","tag-kristdemokraterna-varnamo","tag-webbmaster","tag-wordpress"],"acf":[],"yoast_head":"<!-- This site is optimized with the Yoast SEO plugin v27.4 - https:\/\/yoast.com\/product\/yoast-seo-wordpress\/ -->\n<title>Ingen \u00e5terv\u00e4ndo... - H\u00e5kan Johansson, KD<\/title>\n<meta name=\"robots\" content=\"index, follow, max-snippet:-1, max-image-preview:large, max-video-preview:-1\" \/>\n<link rel=\"canonical\" href=\"https:\/\/wp.kristdemokraterna.se\/hakanjohansson\/2014\/02\/03\/ingen-atervando\/\" \/>\n<meta property=\"og:locale\" content=\"sv_SE\" \/>\n<meta property=\"og:type\" content=\"article\" \/>\n<meta property=\"og:title\" content=\"Ingen \u00e5terv\u00e4ndo... - H\u00e5kan Johansson, KD\" \/>\n<meta property=\"og:description\" content=\"Det var i juli 1998 som Kristdemokraterna V\u00e4rnamo sl\u00e4ppte sin hemsida f\u00f6r f\u00f6rsta g\u00e5ngen. Det var jag som gjorde den och sedan dess har jag varit lokalavdelningens webbmaster och informationsansvarige. Efter det\u00a0har jag uppgraderat den n\u00e5gra g\u00e5nger, men i grunden har den byggt p\u00e5 statiska html-sidor. Ett s\u00e5dant system sv\u00e4ller snabbt och blir allt sv\u00e5rare&hellip; Forts\u00e4tt l\u00e4sa\" \/>\n<meta property=\"og:url\" content=\"https:\/\/wp.kristdemokraterna.se\/hakanjohansson\/2014\/02\/03\/ingen-atervando\/\" \/>\n<meta property=\"og:site_name\" content=\"H\u00e5kan Johansson, KD\" \/>\n<meta property=\"article:published_time\" content=\"2014-02-03T12:52:50+00:00\" \/>\n<meta property=\"article:modified_time\" content=\"2015-07-13T19:14:39+00:00\" \/>\n<meta property=\"og:image\" content=\"https:\/\/wp.kristdemokraterna.se\/hakanjohansson\/files\/2014\/06\/hakan_johansson_2013.png\" \/>\n\t<meta property=\"og:image:width\" content=\"256\" \/>\n\t<meta property=\"og:image:height\" content=\"300\" \/>\n\t<meta property=\"og:image:type\" content=\"image\/png\" \/>\n<meta name=\"author\" content=\"H\u00e5kan Johansson\" \/>\n<meta name=\"twitter:card\" content=\"summary_large_image\" \/>\n<meta name=\"twitter:label1\" content=\"Skriven av\" \/>\n\t<meta name=\"twitter:data1\" content=\"H\u00e5kan Johansson\" \/>\n\t<meta name=\"twitter:label2\" content=\"Ber\u00e4knad l\u00e4stid\" \/>\n\t<meta name=\"twitter:data2\" content=\"1 minut\" \/>\n<script type=\"application\/ld+json\" class=\"yoast-schema-graph\">{\"@context\":\"https:\\\/\\\/schema.org\",\"@graph\":[{\"@type\":\"Article\",\"@id\":\"https:\\\/\\\/wp.kristdemokraterna.se\\\/hakanjohansson\\\/2014\\\/02\\\/03\\\/ingen-atervando\\\/#article\",\"isPartOf\":{\"@id\":\"https:\\\/\\\/wp.kristdemokraterna.se\\\/hakanjohansson\\\/2014\\\/02\\\/03\\\/ingen-atervando\\\/\"},\"author\":{\"name\":\"H\u00e5kan Johansson\",\"@id\":\"https:\\\/\\\/wp.kristdemokraterna.se\\\/hakanjohansson\\\/#\\\/schema\\\/person\\\/1ebb24d2d3a4cdd92106ea18359c8b63\"},\"headline\":\"Ingen \u00e5terv\u00e4ndo&#8230;\",\"datePublished\":\"2014-02-03T12:52:50+00:00\",\"dateModified\":\"2015-07-13T19:14:39+00:00\",\"mainEntityOfPage\":{\"@id\":\"https:\\\/\\\/wp.kristdemokraterna.se\\\/hakanjohansson\\\/2014\\\/02\\\/03\\\/ingen-atervando\\\/\"},\"wordCount\":241,\"image\":{\"@id\":\"https:\\\/\\\/wp.kristdemokraterna.se\\\/hakanjohansson\\\/2014\\\/02\\\/03\\\/ingen-atervando\\\/#primaryimage\"},\"thumbnailUrl\":\"https:\\\/\\\/wp.kristdemokraterna.se\\\/hakanjohansson\\\/files\\\/2014\\\/06\\\/hakan_johansson_2013.png\",\"keywords\":[\"hemsida\",\"html\",\"informationsansvarig\",\"inneh\u00e5llshanterare\",\"Kristdemokraterna V\u00e4rnamo\",\"webbmaster\",\"WordPress\"],\"articleSection\":[\"Inl\u00e4gg\"],\"inLanguage\":\"sv-SE\"},{\"@type\":\"WebPage\",\"@id\":\"https:\\\/\\\/wp.kristdemokraterna.se\\\/hakanjohansson\\\/2014\\\/02\\\/03\\\/ingen-atervando\\\/\",\"url\":\"https:\\\/\\\/wp.kristdemokraterna.se\\\/hakanjohansson\\\/2014\\\/02\\\/03\\\/ingen-atervando\\\/\",\"name\":\"Ingen \u00e5terv\u00e4ndo... - H\u00e5kan Johansson, KD\",\"isPartOf\":{\"@id\":\"https:\\\/\\\/wp.kristdemokraterna.se\\\/hakanjohansson\\\/#website\"},\"primaryImageOfPage\":{\"@id\":\"https:\\\/\\\/wp.kristdemokraterna.se\\\/hakanjohansson\\\/2014\\\/02\\\/03\\\/ingen-atervando\\\/#primaryimage\"},\"image\":{\"@id\":\"https:\\\/\\\/wp.kristdemokraterna.se\\\/hakanjohansson\\\/2014\\\/02\\\/03\\\/ingen-atervando\\\/#primaryimage\"},\"thumbnailUrl\":\"https:\\\/\\\/wp.kristdemokraterna.se\\\/hakanjohansson\\\/files\\\/2014\\\/06\\\/hakan_johansson_2013.png\",\"datePublished\":\"2014-02-03T12:52:50+00:00\",\"dateModified\":\"2015-07-13T19:14:39+00:00\",\"author\":{\"@id\":\"https:\\\/\\\/wp.kristdemokraterna.se\\\/hakanjohansson\\\/#\\\/schema\\\/person\\\/1ebb24d2d3a4cdd92106ea18359c8b63\"},\"breadcrumb\":{\"@id\":\"https:\\\/\\\/wp.kristdemokraterna.se\\\/hakanjohansson\\\/2014\\\/02\\\/03\\\/ingen-atervando\\\/#breadcrumb\"},\"inLanguage\":\"sv-SE\",\"potentialAction\":[{\"@type\":\"ReadAction\",\"target\":[\"https:\\\/\\\/wp.kristdemokraterna.se\\\/hakanjohansson\\\/2014\\\/02\\\/03\\\/ingen-atervando\\\/\"]}]},{\"@type\":\"ImageObject\",\"inLanguage\":\"sv-SE\",\"@id\":\"https:\\\/\\\/wp.kristdemokraterna.se\\\/hakanjohansson\\\/2014\\\/02\\\/03\\\/ingen-atervando\\\/#primaryimage\",\"url\":\"https:\\\/\\\/wp.kristdemokraterna.se\\\/hakanjohansson\\\/files\\\/2014\\\/06\\\/hakan_johansson_2013.png\",\"contentUrl\":\"https:\\\/\\\/wp.kristdemokraterna.se\\\/hakanjohansson\\\/files\\\/2014\\\/06\\\/hakan_johansson_2013.png\",\"width\":256,\"height\":300,\"caption\":\"H\u00e5kan Johansson, Kristdemokraterna V\u00e4rnamo. (Foto: Lennart Molin)\"},{\"@type\":\"BreadcrumbList\",\"@id\":\"https:\\\/\\\/wp.kristdemokraterna.se\\\/hakanjohansson\\\/2014\\\/02\\\/03\\\/ingen-atervando\\\/#breadcrumb\",\"itemListElement\":[{\"@type\":\"ListItem\",\"position\":1,\"name\":\"Hem\",\"item\":\"https:\\\/\\\/wp.kristdemokraterna.se\\\/hakanjohansson\\\/\"},{\"@type\":\"ListItem\",\"position\":2,\"name\":\"Ingen \u00e5terv\u00e4ndo&#8230;\"}]},{\"@type\":\"WebSite\",\"@id\":\"https:\\\/\\\/wp.kristdemokraterna.se\\\/hakanjohansson\\\/#website\",\"url\":\"https:\\\/\\\/wp.kristdemokraterna.se\\\/hakanjohansson\\\/\",\"name\":\"H\u00e5kan Johansson, KD\",\"description\":\"Politik, musik och teknik...\",\"inLanguage\":\"sv-SE\"},{\"@type\":\"Person\",\"@id\":\"https:\\\/\\\/wp.kristdemokraterna.se\\\/hakanjohansson\\\/#\\\/schema\\\/person\\\/1ebb24d2d3a4cdd92106ea18359c8b63\",\"name\":\"H\u00e5kan Johansson\",\"image\":{\"@type\":\"ImageObject\",\"inLanguage\":\"sv-SE\",\"@id\":\"https:\\\/\\\/secure.gravatar.com\\\/avatar\\\/2f492f08c4bdc714d7db0d433c48b51adbc8f67dd2112ac3a50d66d0d1ddd173?s=96&r=g\",\"url\":\"https:\\\/\\\/secure.gravatar.com\\\/avatar\\\/2f492f08c4bdc714d7db0d433c48b51adbc8f67dd2112ac3a50d66d0d1ddd173?s=96&r=g\",\"contentUrl\":\"https:\\\/\\\/secure.gravatar.com\\\/avatar\\\/2f492f08c4bdc714d7db0d433c48b51adbc8f67dd2112ac3a50d66d0d1ddd173?s=96&r=g\",\"caption\":\"H\u00e5kan Johansson\"},\"description\":\"Politik, musik och teknik...\",\"sameAs\":[\"https:\\\/\\\/wp.kristdemokraterna.se\\\/hakanjohansson\"],\"url\":\"https:\\\/\\\/wp.kristdemokraterna.se\\\/hakanjohansson\\\/author\\\/hakanjohansson\\\/\"}]}<\/script>\n<!-- \/ Yoast SEO plugin. -->","yoast_head_json":{"title":"Ingen \u00e5terv\u00e4ndo... - H\u00e5kan Johansson, KD","robots":{"index":"index","follow":"follow","max-snippet":"max-snippet:-1","max-image-preview":"max-image-preview:large","max-video-preview":"max-video-preview:-1"},"canonical":"https:\/\/wp.kristdemokraterna.se\/hakanjohansson\/2014\/02\/03\/ingen-atervando\/","og_locale":"sv_SE","og_type":"article","og_title":"Ingen \u00e5terv\u00e4ndo... - H\u00e5kan Johansson, KD","og_description":"Det var i juli 1998 som Kristdemokraterna V\u00e4rnamo sl\u00e4ppte sin hemsida f\u00f6r f\u00f6rsta g\u00e5ngen. Det var jag som gjorde den och sedan dess har jag varit lokalavdelningens webbmaster och informationsansvarige. Efter det\u00a0har jag uppgraderat den n\u00e5gra g\u00e5nger, men i grunden har den byggt p\u00e5 statiska html-sidor. Ett s\u00e5dant system sv\u00e4ller snabbt och blir allt sv\u00e5rare&hellip; Forts\u00e4tt l\u00e4sa","og_url":"https:\/\/wp.kristdemokraterna.se\/hakanjohansson\/2014\/02\/03\/ingen-atervando\/","og_site_name":"H\u00e5kan Johansson, KD","article_published_time":"2014-02-03T12:52:50+00:00","article_modified_time":"2015-07-13T19:14:39+00:00","og_image":[{"width":256,"height":300,"url":"https:\/\/wp.kristdemokraterna.se\/hakanjohansson\/files\/2014\/06\/hakan_johansson_2013.png","type":"image\/png"}],"author":"H\u00e5kan Johansson","twitter_card":"summary_large_image","twitter_misc":{"Skriven av":"H\u00e5kan Johansson","Ber\u00e4knad l\u00e4stid":"1 minut"},"schema":{"@context":"https:\/\/schema.org","@graph":[{"@type":"Article","@id":"https:\/\/wp.kristdemokraterna.se\/hakanjohansson\/2014\/02\/03\/ingen-atervando\/#article","isPartOf":{"@id":"https:\/\/wp.kristdemokraterna.se\/hakanjohansson\/2014\/02\/03\/ingen-atervando\/"},"author":{"name":"H\u00e5kan Johansson","@id":"https:\/\/wp.kristdemokraterna.se\/hakanjohansson\/#\/schema\/person\/1ebb24d2d3a4cdd92106ea18359c8b63"},"headline":"Ingen \u00e5terv\u00e4ndo&#8230;","datePublished":"2014-02-03T12:52:50+00:00","dateModified":"2015-07-13T19:14:39+00:00","mainEntityOfPage":{"@id":"https:\/\/wp.kristdemokraterna.se\/hakanjohansson\/2014\/02\/03\/ingen-atervando\/"},"wordCount":241,"image":{"@id":"https:\/\/wp.kristdemokraterna.se\/hakanjohansson\/2014\/02\/03\/ingen-atervando\/#primaryimage"},"thumbnailUrl":"https:\/\/wp.kristdemokraterna.se\/hakanjohansson\/files\/2014\/06\/hakan_johansson_2013.png","keywords":["hemsida","html","informationsansvarig","inneh\u00e5llshanterare","Kristdemokraterna V\u00e4rnamo","webbmaster","WordPress"],"articleSection":["Inl\u00e4gg"],"inLanguage":"sv-SE"},{"@type":"WebPage","@id":"https:\/\/wp.kristdemokraterna.se\/hakanjohansson\/2014\/02\/03\/ingen-atervando\/","url":"https:\/\/wp.kristdemokraterna.se\/hakanjohansson\/2014\/02\/03\/ingen-atervando\/","name":"Ingen \u00e5terv\u00e4ndo... - H\u00e5kan Johansson, KD","isPartOf":{"@id":"https:\/\/wp.kristdemokraterna.se\/hakanjohansson\/#website"},"primaryImageOfPage":{"@id":"https:\/\/wp.kristdemokraterna.se\/hakanjohansson\/2014\/02\/03\/ingen-atervando\/#primaryimage"},"image":{"@id":"https:\/\/wp.kristdemokraterna.se\/hakanjohansson\/2014\/02\/03\/ingen-atervando\/#primaryimage"},"thumbnailUrl":"https:\/\/wp.kristdemokraterna.se\/hakanjohansson\/files\/2014\/06\/hakan_johansson_2013.png","datePublished":"2014-02-03T12:52:50+00:00","dateModified":"2015-07-13T19:14:39+00:00","author":{"@id":"https:\/\/wp.kristdemokraterna.se\/hakanjohansson\/#\/schema\/person\/1ebb24d2d3a4cdd92106ea18359c8b63"},"breadcrumb":{"@id":"https:\/\/wp.kristdemokraterna.se\/hakanjohansson\/2014\/02\/03\/ingen-atervando\/#breadcrumb"},"inLanguage":"sv-SE","potentialAction":[{"@type":"ReadAction","target":["https:\/\/wp.kristdemokraterna.se\/hakanjohansson\/2014\/02\/03\/ingen-atervando\/"]}]},{"@type":"ImageObject","inLanguage":"sv-SE","@id":"https:\/\/wp.kristdemokraterna.se\/hakanjohansson\/2014\/02\/03\/ingen-atervando\/#primaryimage","url":"https:\/\/wp.kristdemokraterna.se\/hakanjohansson\/files\/2014\/06\/hakan_johansson_2013.png","contentUrl":"https:\/\/wp.kristdemokraterna.se\/hakanjohansson\/files\/2014\/06\/hakan_johansson_2013.png","width":256,"height":300,"caption":"H\u00e5kan Johansson, Kristdemokraterna V\u00e4rnamo. (Foto: Lennart Molin)"},{"@type":"BreadcrumbList","@id":"https:\/\/wp.kristdemokraterna.se\/hakanjohansson\/2014\/02\/03\/ingen-atervando\/#breadcrumb","itemListElement":[{"@type":"ListItem","position":1,"name":"Hem","item":"https:\/\/wp.kristdemokraterna.se\/hakanjohansson\/"},{"@type":"ListItem","position":2,"name":"Ingen \u00e5terv\u00e4ndo&#8230;"}]},{"@type":"WebSite","@id":"https:\/\/wp.kristdemokraterna.se\/hakanjohansson\/#website","url":"https:\/\/wp.kristdemokraterna.se\/hakanjohansson\/","name":"H\u00e5kan Johansson, KD","description":"Politik, musik och teknik...","inLanguage":"sv-SE"},{"@type":"Person","@id":"https:\/\/wp.kristdemokraterna.se\/hakanjohansson\/#\/schema\/person\/1ebb24d2d3a4cdd92106ea18359c8b63","name":"H\u00e5kan Johansson","image":{"@type":"ImageObject","inLanguage":"sv-SE","@id":"https:\/\/secure.gravatar.com\/avatar\/2f492f08c4bdc714d7db0d433c48b51adbc8f67dd2112ac3a50d66d0d1ddd173?s=96&r=g","url":"https:\/\/secure.gravatar.com\/avatar\/2f492f08c4bdc714d7db0d433c48b51adbc8f67dd2112ac3a50d66d0d1ddd173?s=96&r=g","contentUrl":"https:\/\/secure.gravatar.com\/avatar\/2f492f08c4bdc714d7db0d433c48b51adbc8f67dd2112ac3a50d66d0d1ddd173?s=96&r=g","caption":"H\u00e5kan Johansson"},"description":"Politik, musik och teknik...","sameAs":["https:\/\/wp.kristdemokraterna.se\/hakanjohansson"],"url":"https:\/\/wp.kristdemokraterna.se\/hakanjohansson\/author\/hakanjohansson\/"}]}},"_links":{"self":[{"href":"https:\/\/wp.kristdemokraterna.se\/hakanjohansson\/wp-json\/wp\/v2\/posts\/691","targetHints":{"allow":["GET"]}}],"collection":[{"href":"https:\/\/wp.kristdemokraterna.se\/hakanjohansson\/wp-json\/wp\/v2\/posts"}],"about":[{"href":"https:\/\/wp.kristdemokraterna.se\/hakanjohansson\/wp-json\/wp\/v2\/types\/post"}],"author":[{"embeddable":true,"href":"https:\/\/wp.kristdemokraterna.se\/hakanjohansson\/wp-json\/wp\/v2\/users\/507"}],"replies":[{"embeddable":true,"href":"https:\/\/wp.kristdemokraterna.se\/hakanjohansson\/wp-json\/wp\/v2\/comments?post=691"}],"version-history":[{"count":9,"href":"https:\/\/wp.kristdemokraterna.se\/hakanjohansson\/wp-json\/wp\/v2\/posts\/691\/revisions"}],"predecessor-version":[{"id":2148,"href":"https:\/\/wp.kristdemokraterna.se\/hakanjohansson\/wp-json\/wp\/v2\/posts\/691\/revisions\/2148"}],"wp:featuredmedia":[{"embeddable":true,"href":"https:\/\/wp.kristdemokraterna.se\/hakanjohansson\/wp-json\/wp\/v2\/media\/123"}],"wp:attachment":[{"href":"https:\/\/wp.kristdemokraterna.se\/hakanjohansson\/wp-json\/wp\/v2\/media?parent=691"}],"wp:term":[{"taxonomy":"category","embeddable":true,"href":"https:\/\/wp.kristdemokraterna.se\/hakanjohansson\/wp-json\/wp\/v2\/categories?post=691"},{"taxonomy":"post_tag","embeddable":true,"href":"https:\/\/wp.kristdemokraterna.se\/hakanjohansson\/wp-json\/wp\/v2\/tags?post=691"}],"curies":[{"name":"wp","href":"https:\/\/api.w.org\/{rel}","templated":true}]}}