{"id":705,"date":"2014-02-13T14:47:48","date_gmt":"2014-02-13T13:47:48","guid":{"rendered":"http:\/\/wp.kristdemokraterna.se\/hakanjohansson\/?p=705"},"modified":"2015-07-13T21:03:18","modified_gmt":"2015-07-13T19:03:18","slug":"det-gar-att-forebygga-benskorhet","status":"publish","type":"post","link":"https:\/\/wp.kristdemokraterna.se\/hakanjohansson\/2014\/02\/13\/det-gar-att-forebygga-benskorhet\/","title":{"rendered":"Det g\u00e5r att f\u00f6rebygga bensk\u00f6rhet"},"content":{"rendered":"<p>40 % av alla kvinnor och 15 % av alla m\u00e4n f\u00e5r benbrott som \u00e4r relaterade till bensk\u00f6rhet! Det skrev Kristdemokraterna i distriktet i ett pressmeddelande. H\u00e4r kan jag sl\u00e5 tv\u00e5 flugor i en sm\u00e4ll t\u00e4nkte jag. Dels l\u00e4ra mig mer om sjukv\u00e5rden nu n\u00e4r jag \u00e4r\u00a0landstingskandidat och dels f\u00e5 till en intressant\u00a0artikel till Kristdemokraternas hemsida.<\/p>\n<p><!--more--><\/p>\n<p>Det visade sig att n\u00e5gra kristdemokrater har motionerat om att landstinget borde screena inv\u00e5narna f\u00f6r att uppt\u00e4cka tecken p\u00e5 bensk\u00f6rhet s\u00e5 tidigt som m\u00f6jligt. Enligt personalen p\u00e5 Osteoporosmottagningen (osteoporos = bensk\u00f6rhet) \u00e4r det fullt m\u00f6jligt att genomf\u00f6ra och m\u00e5nga fler borde f\u00e5 medicinsk behandling efter en fraktur. Detta \u00e4r n\u00e5got som jag kan t\u00e4nka mig att arbeta f\u00f6r om jag blir invald i landstingsfullm\u00e4ktige i \u00e5r!<\/p>\n<hr \/>\n<p>L\u00e4s mer om studiebes\u00f6ket och motionen\u00a0p\u00e5 Kristdemokraternas hemsida i V\u00e4rnamo:<br \/>\n[<a title=\"Alla f\u00f6rtj\u00e4nar starka ben!\" href=\"http:\/\/wp.kristdemokraterna.se\/varnamo\/2014\/02\/13\/alla-fortjanar-starka-ben\/#more-4732\" target=\"_blank\">Alla f\u00f6rtj\u00e4nar starka ben!<\/a>]<\/p>\n","protected":false},"excerpt":{"rendered":"<p>40 % av alla kvinnor och 15 % av alla m\u00e4n f\u00e5r benbrott som \u00e4r relaterade till bensk\u00f6rhet! Det skrev Kristdemokraterna i distriktet i ett pressmeddelande. H\u00e4r kan jag sl\u00e5 tv\u00e5 flugor i en sm\u00e4ll t\u00e4nkte jag. Dels l\u00e4ra mig mer om sjukv\u00e5rden nu n\u00e4r jag \u00e4r\u00a0landstingskandidat och dels f\u00e5 till en intressant\u00a0artikel till Kristdemokraternas&hellip; <a class=\"read-more-link\" href=\"https:\/\/wp.kristdemokraterna.se\/hakanjohansson\/2014\/02\/13\/det-gar-att-forebygga-benskorhet\/\">Forts\u00e4tt l\u00e4sa<\/a><\/p>\n","protected":false},"author":507,"featured_media":123,"comment_status":"closed","ping_status":"closed","sticky":false,"template":"","format":"standard","meta":{"_acf_changed":false,"footnotes":""},"categories":[41],"tags":[432,428,433,415,32,364,23,429,431,430,74,434],"class_list":["post-705","post","type-post","status-publish","format-standard","hentry","category-inlagg","tag-behandling","tag-benbrott","tag-fraktur","tag-hemsida","tag-kristdemokraterna","tag-landstinget","tag-landstingsfullmaktige","tag-landstingskandidat","tag-medicinsk","tag-osteoporos","tag-sjukvard","tag-studiebesok"],"acf":[],"yoast_head":"<!-- This site is optimized with the Yoast SEO plugin v27.4 - https:\/\/yoast.com\/product\/yoast-seo-wordpress\/ -->\n<title>Det g\u00e5r att f\u00f6rebygga bensk\u00f6rhet - H\u00e5kan Johansson, KD<\/title>\n<meta name=\"robots\" content=\"index, follow, max-snippet:-1, max-image-preview:large, max-video-preview:-1\" \/>\n<link rel=\"canonical\" href=\"https:\/\/wp.kristdemokraterna.se\/hakanjohansson\/2014\/02\/13\/det-gar-att-forebygga-benskorhet\/\" \/>\n<meta property=\"og:locale\" content=\"sv_SE\" \/>\n<meta property=\"og:type\" content=\"article\" \/>\n<meta property=\"og:title\" content=\"Det g\u00e5r att f\u00f6rebygga bensk\u00f6rhet - H\u00e5kan Johansson, KD\" \/>\n<meta property=\"og:description\" content=\"40 % av alla kvinnor och 15 % av alla m\u00e4n f\u00e5r benbrott som \u00e4r relaterade till bensk\u00f6rhet! Det skrev Kristdemokraterna i distriktet i ett pressmeddelande. H\u00e4r kan jag sl\u00e5 tv\u00e5 flugor i en sm\u00e4ll t\u00e4nkte jag. Dels l\u00e4ra mig mer om sjukv\u00e5rden nu n\u00e4r jag \u00e4r\u00a0landstingskandidat och dels f\u00e5 till en intressant\u00a0artikel till Kristdemokraternas&hellip; Forts\u00e4tt l\u00e4sa\" \/>\n<meta property=\"og:url\" content=\"https:\/\/wp.kristdemokraterna.se\/hakanjohansson\/2014\/02\/13\/det-gar-att-forebygga-benskorhet\/\" \/>\n<meta property=\"og:site_name\" content=\"H\u00e5kan Johansson, KD\" \/>\n<meta property=\"article:published_time\" content=\"2014-02-13T13:47:48+00:00\" \/>\n<meta property=\"article:modified_time\" content=\"2015-07-13T19:03:18+00:00\" \/>\n<meta property=\"og:image\" content=\"https:\/\/wp.kristdemokraterna.se\/hakanjohansson\/files\/2014\/06\/hakan_johansson_2013.png\" \/>\n\t<meta property=\"og:image:width\" content=\"256\" \/>\n\t<meta property=\"og:image:height\" content=\"300\" \/>\n\t<meta property=\"og:image:type\" content=\"image\/png\" \/>\n<meta name=\"author\" content=\"H\u00e5kan Johansson\" \/>\n<meta name=\"twitter:card\" content=\"summary_large_image\" \/>\n<meta name=\"twitter:label1\" content=\"Skriven av\" \/>\n\t<meta name=\"twitter:data1\" content=\"H\u00e5kan Johansson\" \/>\n\t<meta name=\"twitter:label2\" content=\"Ber\u00e4knad l\u00e4stid\" \/>\n\t<meta name=\"twitter:data2\" content=\"1 minut\" \/>\n<script type=\"application\/ld+json\" class=\"yoast-schema-graph\">{\"@context\":\"https:\\\/\\\/schema.org\",\"@graph\":[{\"@type\":\"Article\",\"@id\":\"https:\\\/\\\/wp.kristdemokraterna.se\\\/hakanjohansson\\\/2014\\\/02\\\/13\\\/det-gar-att-forebygga-benskorhet\\\/#article\",\"isPartOf\":{\"@id\":\"https:\\\/\\\/wp.kristdemokraterna.se\\\/hakanjohansson\\\/2014\\\/02\\\/13\\\/det-gar-att-forebygga-benskorhet\\\/\"},\"author\":{\"name\":\"H\u00e5kan Johansson\",\"@id\":\"https:\\\/\\\/wp.kristdemokraterna.se\\\/hakanjohansson\\\/#\\\/schema\\\/person\\\/1ebb24d2d3a4cdd92106ea18359c8b63\"},\"headline\":\"Det g\u00e5r att f\u00f6rebygga bensk\u00f6rhet\",\"datePublished\":\"2014-02-13T13:47:48+00:00\",\"dateModified\":\"2015-07-13T19:03:18+00:00\",\"mainEntityOfPage\":{\"@id\":\"https:\\\/\\\/wp.kristdemokraterna.se\\\/hakanjohansson\\\/2014\\\/02\\\/13\\\/det-gar-att-forebygga-benskorhet\\\/\"},\"wordCount\":170,\"image\":{\"@id\":\"https:\\\/\\\/wp.kristdemokraterna.se\\\/hakanjohansson\\\/2014\\\/02\\\/13\\\/det-gar-att-forebygga-benskorhet\\\/#primaryimage\"},\"thumbnailUrl\":\"https:\\\/\\\/wp.kristdemokraterna.se\\\/hakanjohansson\\\/files\\\/2014\\\/06\\\/hakan_johansson_2013.png\",\"keywords\":[\"behandling\",\"benbrott\",\"fraktur\",\"hemsida\",\"Kristdemokraterna\",\"landstinget\",\"landstingsfullm\u00e4ktige\",\"landstingskandidat\",\"medicinsk\",\"osteoporos\",\"sjukv\u00e5rd\",\"studiebes\u00f6k\"],\"articleSection\":[\"Inl\u00e4gg\"],\"inLanguage\":\"sv-SE\"},{\"@type\":\"WebPage\",\"@id\":\"https:\\\/\\\/wp.kristdemokraterna.se\\\/hakanjohansson\\\/2014\\\/02\\\/13\\\/det-gar-att-forebygga-benskorhet\\\/\",\"url\":\"https:\\\/\\\/wp.kristdemokraterna.se\\\/hakanjohansson\\\/2014\\\/02\\\/13\\\/det-gar-att-forebygga-benskorhet\\\/\",\"name\":\"Det g\u00e5r att f\u00f6rebygga bensk\u00f6rhet - H\u00e5kan Johansson, KD\",\"isPartOf\":{\"@id\":\"https:\\\/\\\/wp.kristdemokraterna.se\\\/hakanjohansson\\\/#website\"},\"primaryImageOfPage\":{\"@id\":\"https:\\\/\\\/wp.kristdemokraterna.se\\\/hakanjohansson\\\/2014\\\/02\\\/13\\\/det-gar-att-forebygga-benskorhet\\\/#primaryimage\"},\"image\":{\"@id\":\"https:\\\/\\\/wp.kristdemokraterna.se\\\/hakanjohansson\\\/2014\\\/02\\\/13\\\/det-gar-att-forebygga-benskorhet\\\/#primaryimage\"},\"thumbnailUrl\":\"https:\\\/\\\/wp.kristdemokraterna.se\\\/hakanjohansson\\\/files\\\/2014\\\/06\\\/hakan_johansson_2013.png\",\"datePublished\":\"2014-02-13T13:47:48+00:00\",\"dateModified\":\"2015-07-13T19:03:18+00:00\",\"author\":{\"@id\":\"https:\\\/\\\/wp.kristdemokraterna.se\\\/hakanjohansson\\\/#\\\/schema\\\/person\\\/1ebb24d2d3a4cdd92106ea18359c8b63\"},\"breadcrumb\":{\"@id\":\"https:\\\/\\\/wp.kristdemokraterna.se\\\/hakanjohansson\\\/2014\\\/02\\\/13\\\/det-gar-att-forebygga-benskorhet\\\/#breadcrumb\"},\"inLanguage\":\"sv-SE\",\"potentialAction\":[{\"@type\":\"ReadAction\",\"target\":[\"https:\\\/\\\/wp.kristdemokraterna.se\\\/hakanjohansson\\\/2014\\\/02\\\/13\\\/det-gar-att-forebygga-benskorhet\\\/\"]}]},{\"@type\":\"ImageObject\",\"inLanguage\":\"sv-SE\",\"@id\":\"https:\\\/\\\/wp.kristdemokraterna.se\\\/hakanjohansson\\\/2014\\\/02\\\/13\\\/det-gar-att-forebygga-benskorhet\\\/#primaryimage\",\"url\":\"https:\\\/\\\/wp.kristdemokraterna.se\\\/hakanjohansson\\\/files\\\/2014\\\/06\\\/hakan_johansson_2013.png\",\"contentUrl\":\"https:\\\/\\\/wp.kristdemokraterna.se\\\/hakanjohansson\\\/files\\\/2014\\\/06\\\/hakan_johansson_2013.png\",\"width\":256,\"height\":300,\"caption\":\"H\u00e5kan Johansson, Kristdemokraterna V\u00e4rnamo. (Foto: Lennart Molin)\"},{\"@type\":\"BreadcrumbList\",\"@id\":\"https:\\\/\\\/wp.kristdemokraterna.se\\\/hakanjohansson\\\/2014\\\/02\\\/13\\\/det-gar-att-forebygga-benskorhet\\\/#breadcrumb\",\"itemListElement\":[{\"@type\":\"ListItem\",\"position\":1,\"name\":\"Hem\",\"item\":\"https:\\\/\\\/wp.kristdemokraterna.se\\\/hakanjohansson\\\/\"},{\"@type\":\"ListItem\",\"position\":2,\"name\":\"Det g\u00e5r att f\u00f6rebygga bensk\u00f6rhet\"}]},{\"@type\":\"WebSite\",\"@id\":\"https:\\\/\\\/wp.kristdemokraterna.se\\\/hakanjohansson\\\/#website\",\"url\":\"https:\\\/\\\/wp.kristdemokraterna.se\\\/hakanjohansson\\\/\",\"name\":\"H\u00e5kan Johansson, KD\",\"description\":\"Politik, musik och teknik...\",\"inLanguage\":\"sv-SE\"},{\"@type\":\"Person\",\"@id\":\"https:\\\/\\\/wp.kristdemokraterna.se\\\/hakanjohansson\\\/#\\\/schema\\\/person\\\/1ebb24d2d3a4cdd92106ea18359c8b63\",\"name\":\"H\u00e5kan Johansson\",\"image\":{\"@type\":\"ImageObject\",\"inLanguage\":\"sv-SE\",\"@id\":\"https:\\\/\\\/secure.gravatar.com\\\/avatar\\\/2f492f08c4bdc714d7db0d433c48b51adbc8f67dd2112ac3a50d66d0d1ddd173?s=96&r=g\",\"url\":\"https:\\\/\\\/secure.gravatar.com\\\/avatar\\\/2f492f08c4bdc714d7db0d433c48b51adbc8f67dd2112ac3a50d66d0d1ddd173?s=96&r=g\",\"contentUrl\":\"https:\\\/\\\/secure.gravatar.com\\\/avatar\\\/2f492f08c4bdc714d7db0d433c48b51adbc8f67dd2112ac3a50d66d0d1ddd173?s=96&r=g\",\"caption\":\"H\u00e5kan Johansson\"},\"description\":\"Politik, musik och teknik...\",\"sameAs\":[\"https:\\\/\\\/wp.kristdemokraterna.se\\\/hakanjohansson\"],\"url\":\"https:\\\/\\\/wp.kristdemokraterna.se\\\/hakanjohansson\\\/author\\\/hakanjohansson\\\/\"}]}<\/script>\n<!-- \/ Yoast SEO plugin. -->","yoast_head_json":{"title":"Det g\u00e5r att f\u00f6rebygga bensk\u00f6rhet - H\u00e5kan Johansson, KD","robots":{"index":"index","follow":"follow","max-snippet":"max-snippet:-1","max-image-preview":"max-image-preview:large","max-video-preview":"max-video-preview:-1"},"canonical":"https:\/\/wp.kristdemokraterna.se\/hakanjohansson\/2014\/02\/13\/det-gar-att-forebygga-benskorhet\/","og_locale":"sv_SE","og_type":"article","og_title":"Det g\u00e5r att f\u00f6rebygga bensk\u00f6rhet - H\u00e5kan Johansson, KD","og_description":"40 % av alla kvinnor och 15 % av alla m\u00e4n f\u00e5r benbrott som \u00e4r relaterade till bensk\u00f6rhet! Det skrev Kristdemokraterna i distriktet i ett pressmeddelande. H\u00e4r kan jag sl\u00e5 tv\u00e5 flugor i en sm\u00e4ll t\u00e4nkte jag. Dels l\u00e4ra mig mer om sjukv\u00e5rden nu n\u00e4r jag \u00e4r\u00a0landstingskandidat och dels f\u00e5 till en intressant\u00a0artikel till Kristdemokraternas&hellip; Forts\u00e4tt l\u00e4sa","og_url":"https:\/\/wp.kristdemokraterna.se\/hakanjohansson\/2014\/02\/13\/det-gar-att-forebygga-benskorhet\/","og_site_name":"H\u00e5kan Johansson, KD","article_published_time":"2014-02-13T13:47:48+00:00","article_modified_time":"2015-07-13T19:03:18+00:00","og_image":[{"width":256,"height":300,"url":"https:\/\/wp.kristdemokraterna.se\/hakanjohansson\/files\/2014\/06\/hakan_johansson_2013.png","type":"image\/png"}],"author":"H\u00e5kan Johansson","twitter_card":"summary_large_image","twitter_misc":{"Skriven av":"H\u00e5kan Johansson","Ber\u00e4knad l\u00e4stid":"1 minut"},"schema":{"@context":"https:\/\/schema.org","@graph":[{"@type":"Article","@id":"https:\/\/wp.kristdemokraterna.se\/hakanjohansson\/2014\/02\/13\/det-gar-att-forebygga-benskorhet\/#article","isPartOf":{"@id":"https:\/\/wp.kristdemokraterna.se\/hakanjohansson\/2014\/02\/13\/det-gar-att-forebygga-benskorhet\/"},"author":{"name":"H\u00e5kan Johansson","@id":"https:\/\/wp.kristdemokraterna.se\/hakanjohansson\/#\/schema\/person\/1ebb24d2d3a4cdd92106ea18359c8b63"},"headline":"Det g\u00e5r att f\u00f6rebygga bensk\u00f6rhet","datePublished":"2014-02-13T13:47:48+00:00","dateModified":"2015-07-13T19:03:18+00:00","mainEntityOfPage":{"@id":"https:\/\/wp.kristdemokraterna.se\/hakanjohansson\/2014\/02\/13\/det-gar-att-forebygga-benskorhet\/"},"wordCount":170,"image":{"@id":"https:\/\/wp.kristdemokraterna.se\/hakanjohansson\/2014\/02\/13\/det-gar-att-forebygga-benskorhet\/#primaryimage"},"thumbnailUrl":"https:\/\/wp.kristdemokraterna.se\/hakanjohansson\/files\/2014\/06\/hakan_johansson_2013.png","keywords":["behandling","benbrott","fraktur","hemsida","Kristdemokraterna","landstinget","landstingsfullm\u00e4ktige","landstingskandidat","medicinsk","osteoporos","sjukv\u00e5rd","studiebes\u00f6k"],"articleSection":["Inl\u00e4gg"],"inLanguage":"sv-SE"},{"@type":"WebPage","@id":"https:\/\/wp.kristdemokraterna.se\/hakanjohansson\/2014\/02\/13\/det-gar-att-forebygga-benskorhet\/","url":"https:\/\/wp.kristdemokraterna.se\/hakanjohansson\/2014\/02\/13\/det-gar-att-forebygga-benskorhet\/","name":"Det g\u00e5r att f\u00f6rebygga bensk\u00f6rhet - H\u00e5kan Johansson, KD","isPartOf":{"@id":"https:\/\/wp.kristdemokraterna.se\/hakanjohansson\/#website"},"primaryImageOfPage":{"@id":"https:\/\/wp.kristdemokraterna.se\/hakanjohansson\/2014\/02\/13\/det-gar-att-forebygga-benskorhet\/#primaryimage"},"image":{"@id":"https:\/\/wp.kristdemokraterna.se\/hakanjohansson\/2014\/02\/13\/det-gar-att-forebygga-benskorhet\/#primaryimage"},"thumbnailUrl":"https:\/\/wp.kristdemokraterna.se\/hakanjohansson\/files\/2014\/06\/hakan_johansson_2013.png","datePublished":"2014-02-13T13:47:48+00:00","dateModified":"2015-07-13T19:03:18+00:00","author":{"@id":"https:\/\/wp.kristdemokraterna.se\/hakanjohansson\/#\/schema\/person\/1ebb24d2d3a4cdd92106ea18359c8b63"},"breadcrumb":{"@id":"https:\/\/wp.kristdemokraterna.se\/hakanjohansson\/2014\/02\/13\/det-gar-att-forebygga-benskorhet\/#breadcrumb"},"inLanguage":"sv-SE","potentialAction":[{"@type":"ReadAction","target":["https:\/\/wp.kristdemokraterna.se\/hakanjohansson\/2014\/02\/13\/det-gar-att-forebygga-benskorhet\/"]}]},{"@type":"ImageObject","inLanguage":"sv-SE","@id":"https:\/\/wp.kristdemokraterna.se\/hakanjohansson\/2014\/02\/13\/det-gar-att-forebygga-benskorhet\/#primaryimage","url":"https:\/\/wp.kristdemokraterna.se\/hakanjohansson\/files\/2014\/06\/hakan_johansson_2013.png","contentUrl":"https:\/\/wp.kristdemokraterna.se\/hakanjohansson\/files\/2014\/06\/hakan_johansson_2013.png","width":256,"height":300,"caption":"H\u00e5kan Johansson, Kristdemokraterna V\u00e4rnamo. (Foto: Lennart Molin)"},{"@type":"BreadcrumbList","@id":"https:\/\/wp.kristdemokraterna.se\/hakanjohansson\/2014\/02\/13\/det-gar-att-forebygga-benskorhet\/#breadcrumb","itemListElement":[{"@type":"ListItem","position":1,"name":"Hem","item":"https:\/\/wp.kristdemokraterna.se\/hakanjohansson\/"},{"@type":"ListItem","position":2,"name":"Det g\u00e5r att f\u00f6rebygga bensk\u00f6rhet"}]},{"@type":"WebSite","@id":"https:\/\/wp.kristdemokraterna.se\/hakanjohansson\/#website","url":"https:\/\/wp.kristdemokraterna.se\/hakanjohansson\/","name":"H\u00e5kan Johansson, KD","description":"Politik, musik och teknik...","inLanguage":"sv-SE"},{"@type":"Person","@id":"https:\/\/wp.kristdemokraterna.se\/hakanjohansson\/#\/schema\/person\/1ebb24d2d3a4cdd92106ea18359c8b63","name":"H\u00e5kan Johansson","image":{"@type":"ImageObject","inLanguage":"sv-SE","@id":"https:\/\/secure.gravatar.com\/avatar\/2f492f08c4bdc714d7db0d433c48b51adbc8f67dd2112ac3a50d66d0d1ddd173?s=96&r=g","url":"https:\/\/secure.gravatar.com\/avatar\/2f492f08c4bdc714d7db0d433c48b51adbc8f67dd2112ac3a50d66d0d1ddd173?s=96&r=g","contentUrl":"https:\/\/secure.gravatar.com\/avatar\/2f492f08c4bdc714d7db0d433c48b51adbc8f67dd2112ac3a50d66d0d1ddd173?s=96&r=g","caption":"H\u00e5kan Johansson"},"description":"Politik, musik och teknik...","sameAs":["https:\/\/wp.kristdemokraterna.se\/hakanjohansson"],"url":"https:\/\/wp.kristdemokraterna.se\/hakanjohansson\/author\/hakanjohansson\/"}]}},"_links":{"self":[{"href":"https:\/\/wp.kristdemokraterna.se\/hakanjohansson\/wp-json\/wp\/v2\/posts\/705","targetHints":{"allow":["GET"]}}],"collection":[{"href":"https:\/\/wp.kristdemokraterna.se\/hakanjohansson\/wp-json\/wp\/v2\/posts"}],"about":[{"href":"https:\/\/wp.kristdemokraterna.se\/hakanjohansson\/wp-json\/wp\/v2\/types\/post"}],"author":[{"embeddable":true,"href":"https:\/\/wp.kristdemokraterna.se\/hakanjohansson\/wp-json\/wp\/v2\/users\/507"}],"replies":[{"embeddable":true,"href":"https:\/\/wp.kristdemokraterna.se\/hakanjohansson\/wp-json\/wp\/v2\/comments?post=705"}],"version-history":[{"count":9,"href":"https:\/\/wp.kristdemokraterna.se\/hakanjohansson\/wp-json\/wp\/v2\/posts\/705\/revisions"}],"predecessor-version":[{"id":2143,"href":"https:\/\/wp.kristdemokraterna.se\/hakanjohansson\/wp-json\/wp\/v2\/posts\/705\/revisions\/2143"}],"wp:featuredmedia":[{"embeddable":true,"href":"https:\/\/wp.kristdemokraterna.se\/hakanjohansson\/wp-json\/wp\/v2\/media\/123"}],"wp:attachment":[{"href":"https:\/\/wp.kristdemokraterna.se\/hakanjohansson\/wp-json\/wp\/v2\/media?parent=705"}],"wp:term":[{"taxonomy":"category","embeddable":true,"href":"https:\/\/wp.kristdemokraterna.se\/hakanjohansson\/wp-json\/wp\/v2\/categories?post=705"},{"taxonomy":"post_tag","embeddable":true,"href":"https:\/\/wp.kristdemokraterna.se\/hakanjohansson\/wp-json\/wp\/v2\/tags?post=705"}],"curies":[{"name":"wp","href":"https:\/\/api.w.org\/{rel}","templated":true}]}}