{"id":764,"date":"2014-03-17T22:33:11","date_gmt":"2014-03-17T21:33:11","guid":{"rendered":"http:\/\/wp.kristdemokraterna.se\/hakanjohansson\/?p=764"},"modified":"2015-07-13T20:40:41","modified_gmt":"2015-07-13T18:40:41","slug":"pratat-upphandling-hela-dagen","status":"publish","type":"post","link":"https:\/\/wp.kristdemokraterna.se\/hakanjohansson\/2014\/03\/17\/pratat-upphandling-hela-dagen\/","title":{"rendered":"Pratat upphandling hela dagen"},"content":{"rendered":"<p>Bes\u00f6k av riksdagsledamot i dag igen. Det var\u00a0Kristdemokraternas ledamot i Riksdagens Milj\u00f6- och jordbruksutskott Irene Oskarsson fr\u00e5n Aneby som ville se hur vi g\u00f6r i V\u00e4rnamo. N\u00e5got som hon undrade \u00f6ver var varf\u00f6r\u00a0<span style=\"color: #666666\">V\u00e4rnamo har valt att bilda en n\u00e4mnd f\u00f6r upphandling och hur det fungerar.<\/span><\/p>\n<p><!--more--><\/p>\n<p><span style=\"color: #666666\">Jag och Dieter Wagner (M) som \u00e4r ordf\u00f6rande i Upphandlingsn\u00e4mnden lyckades tajma in en stund efter n\u00e4mndens\u00a0sammantr\u00e4de och mellan Irenes olika bes\u00f6k. Vi pratade om\u00a0<span style=\"color: #333333\">V\u00e4rnamos unika modell att ta sig an kommunal upphandling och lyfta den till en strategisk niv\u00e5 och beskrev de hinder vi f\u00e5tt \u00f6vervinna f\u00f6r att ta oss dit d\u00e4r vi \u00e4r i dag. Vi hade nog trott att den h\u00e4r processen skulle g\u00e5 fortare, men vi f\u00e5r v\u00e4l helt enkelt f\u00f6lja det\u00a0tempo som\u00a0de flesta kan h\u00e4nga med i&#8230;<\/span><\/span><\/p>\n<p><span style=\"color: #666666\"><span style=\"color: #333333\">Vi beskrev ocks\u00e5 de m\u00f6jligheter vi ser med upphandling som ett strategiskt verktyg f\u00f6r att f\u00f6rverkliga kommunala m\u00e5l. Vi har jobbat med att f\u00e5 in\u00a0tydligare milj\u00f6krav i upphandlingar av fordon, transporter och livsmedel till exempel. Vi str\u00e4var ocks\u00e5 efter att det ska vara m\u00f6jligt f\u00f6r lokala och sm\u00e5 leverant\u00f6rer att konkurrera i V\u00e4rnamos upphandlingar och <a title=\"Erbjud bes\u00f6k p\u00e5 g\u00e5rden om du vill leverera livsmedel\" href=\"http:\/\/wp.kristdemokraterna.se\/hakanjohansson\/2014\/03\/17\/erbjud-besok-pa-garden-om-du-vill-leverera-livsmedel\/\">det lade jag ett f\u00f6rslag om p\u00e5 dagens sammantr\u00e4de<\/a>.<\/span><\/span><\/p>\n<p><span style=\"color: #666666\"><span style=\"color: #333333\">Det \u00e4r alltid roligt att tr\u00e4ffa kunniga och nyfikna riksdagsledam\u00f6ter som vill s\u00e4tta sig in i nya l\u00f6sningar! \ud83d\ude00<\/span><\/span><\/p>\n\n\t\t<style type=\"text\/css\">\n\t\t\t#gallery-1 {\n\t\t\t\tmargin: auto;\n\t\t\t}\n\t\t\t#gallery-1 .gallery-item {\n\t\t\t\tfloat: left;\n\t\t\t\tmargin-top: 10px;\n\t\t\t\ttext-align: center;\n\t\t\t\twidth: 33%;\n\t\t\t}\n\t\t\t#gallery-1 img {\n\t\t\t\tborder: 2px solid #cfcfcf;\n\t\t\t}\n\t\t\t#gallery-1 .gallery-caption {\n\t\t\t\tmargin-left: 0;\n\t\t\t}\n\t\t\t\/* see gallery_shortcode() in wp-includes\/media.php *\/\n\t\t<\/style>\n\t\t<div id='gallery-1' class='gallery galleryid-764 gallery-columns-3 gallery-size-thumbnail'><dl class='gallery-item'>\n\t\t\t<dt class='gallery-icon landscape'>\n\t\t\t\t<a href='https:\/\/wp.kristdemokraterna.se\/hakanjohansson\/2014\/03\/17\/pratat-upphandling-hela-dagen\/20140317-ireneoskarsson-dieterwagner-camillarinaldomiller-hakanjohansson\/'><img loading=\"lazy\" decoding=\"async\" width=\"150\" height=\"150\" src=\"https:\/\/wp.kristdemokraterna.se\/hakanjohansson\/files\/2014\/07\/20140317_ireneoskarsson_dieterwagner_camillarinaldomiller_hakanjohansson-150x150.png\" class=\"attachment-thumbnail size-thumbnail\" alt=\"Riksdagsledamot Irene Oskarsson (KD) och Camilla Rinaldo Miller (KD) pratar upphandling med Upphandlingsn\u00e4mndens ordf\u00f6rande och 1 vice ordf\u00f6rande Dieter Wagner (M) och H\u00e5kan Johansson (KD). (Foto: Christer Fjordevik)\" aria-describedby=\"gallery-1-765\" \/><\/a>\n\t\t\t<\/dt>\n\t\t\t\t<dd class='wp-caption-text gallery-caption' id='gallery-1-765'>\n\t\t\t\tRiksdagsledamot Irene Oskarsson (KD) och Camilla Rinaldo Miller (KD) pratar upphandling med Upphandlingsn\u00e4mndens ordf\u00f6rande och 1 vice ordf\u00f6rande Dieter Wagner (M) och H\u00e5kan Johansson (KD). (Foto: Christer Fjordevik)\n\t\t\t\t<\/dd><\/dl>\n\t\t\t<br style='clear: both' \/>\n\t\t<\/div>\n\n<p>L\u00e4s mer om Irene Oskarssons bes\u00f6k p\u00e5 Kristdemokraternas hemsida i V\u00e4rnamo:<br \/>\n[<a title=\"Vegan- och milj\u00f6m\u00e5l n\u00e4r Irene bes\u00f6kte V\u00e4rnamo\" href=\"http:\/\/wp.kristdemokraterna.se\/varnamo\/2014\/03\/17\/vegan-och-miljomal-nar-irene-besokte-varnamo\/\" target=\"_blank\">Vegan- och milj\u00f6m\u00e5l n\u00e4r Irene bes\u00f6kte V\u00e4rnamo<\/a>]<\/p>\n","protected":false},"excerpt":{"rendered":"<p>Bes\u00f6k av riksdagsledamot i dag igen. Det var\u00a0Kristdemokraternas ledamot i Riksdagens Milj\u00f6- och jordbruksutskott Irene Oskarsson fr\u00e5n Aneby som ville se hur vi g\u00f6r i V\u00e4rnamo. N\u00e5got som hon undrade \u00f6ver var varf\u00f6r\u00a0V\u00e4rnamo har valt att bilda en n\u00e4mnd f\u00f6r upphandling och hur det fungerar.<\/p>\n","protected":false},"author":507,"featured_media":765,"comment_status":"closed","ping_status":"closed","sticky":false,"template":"","format":"standard","meta":{"_acf_changed":false,"footnotes":""},"categories":[41],"tags":[83,271,475,480,473,476,279,32,482,481,478,474,479,472,350,219,29,477],"class_list":["post-764","post","type-post","status-publish","format-standard","hentry","category-inlagg","tag-camilla-rinaldo-miller","tag-christer-fjordevik","tag-dieter-wagner","tag-fordon","tag-irene-oskarsson","tag-kommunal-upphandling","tag-konkurrens","tag-kristdemokraterna","tag-leverantor","tag-livsmedel","tag-mal","tag-miljo-och-jordbruksutskottet","tag-miljokrav","tag-riksdagsledamot","tag-strategisk-upphandling","tag-transport","tag-upphandlingsnamnden","tag-verktyg"],"acf":[],"yoast_head":"<!-- This site is optimized with the Yoast SEO plugin v27.5 - https:\/\/yoast.com\/product\/yoast-seo-wordpress\/ -->\n<title>Pratat upphandling hela dagen - H\u00e5kan Johansson, KD<\/title>\n<meta name=\"robots\" content=\"index, follow, max-snippet:-1, max-image-preview:large, max-video-preview:-1\" \/>\n<link rel=\"canonical\" href=\"https:\/\/wp.kristdemokraterna.se\/hakanjohansson\/2014\/03\/17\/pratat-upphandling-hela-dagen\/\" \/>\n<meta property=\"og:locale\" content=\"sv_SE\" \/>\n<meta property=\"og:type\" content=\"article\" \/>\n<meta property=\"og:title\" content=\"Pratat upphandling hela dagen - H\u00e5kan Johansson, KD\" \/>\n<meta property=\"og:description\" content=\"Bes\u00f6k av riksdagsledamot i dag igen. Det var\u00a0Kristdemokraternas ledamot i Riksdagens Milj\u00f6- och jordbruksutskott Irene Oskarsson fr\u00e5n Aneby som ville se hur vi g\u00f6r i V\u00e4rnamo. N\u00e5got som hon undrade \u00f6ver var varf\u00f6r\u00a0V\u00e4rnamo har valt att bilda en n\u00e4mnd f\u00f6r upphandling och hur det fungerar.\" \/>\n<meta property=\"og:url\" content=\"https:\/\/wp.kristdemokraterna.se\/hakanjohansson\/2014\/03\/17\/pratat-upphandling-hela-dagen\/\" \/>\n<meta property=\"og:site_name\" content=\"H\u00e5kan Johansson, KD\" \/>\n<meta property=\"article:published_time\" content=\"2014-03-17T21:33:11+00:00\" \/>\n<meta property=\"article:modified_time\" content=\"2015-07-13T18:40:41+00:00\" \/>\n<meta property=\"og:image\" content=\"https:\/\/wp.kristdemokraterna.se\/hakanjohansson\/files\/2014\/07\/20140317_ireneoskarsson_dieterwagner_camillarinaldomiller_hakanjohansson.png\" \/>\n\t<meta property=\"og:image:width\" content=\"367\" \/>\n\t<meta property=\"og:image:height\" content=\"181\" \/>\n\t<meta property=\"og:image:type\" content=\"image\/png\" \/>\n<meta name=\"author\" content=\"H\u00e5kan Johansson\" \/>\n<meta name=\"twitter:card\" content=\"summary_large_image\" \/>\n<meta name=\"twitter:label1\" content=\"Skriven av\" \/>\n\t<meta name=\"twitter:data1\" content=\"H\u00e5kan Johansson\" \/>\n\t<meta name=\"twitter:label2\" content=\"Ber\u00e4knad l\u00e4stid\" \/>\n\t<meta name=\"twitter:data2\" content=\"1 minut\" \/>\n<script type=\"application\/ld+json\" class=\"yoast-schema-graph\">{\"@context\":\"https:\\\/\\\/schema.org\",\"@graph\":[{\"@type\":\"Article\",\"@id\":\"https:\\\/\\\/wp.kristdemokraterna.se\\\/hakanjohansson\\\/2014\\\/03\\\/17\\\/pratat-upphandling-hela-dagen\\\/#article\",\"isPartOf\":{\"@id\":\"https:\\\/\\\/wp.kristdemokraterna.se\\\/hakanjohansson\\\/2014\\\/03\\\/17\\\/pratat-upphandling-hela-dagen\\\/\"},\"author\":{\"name\":\"H\u00e5kan Johansson\",\"@id\":\"https:\\\/\\\/wp.kristdemokraterna.se\\\/hakanjohansson\\\/#\\\/schema\\\/person\\\/1ebb24d2d3a4cdd92106ea18359c8b63\"},\"headline\":\"Pratat upphandling hela dagen\",\"datePublished\":\"2014-03-17T21:33:11+00:00\",\"dateModified\":\"2015-07-13T18:40:41+00:00\",\"mainEntityOfPage\":{\"@id\":\"https:\\\/\\\/wp.kristdemokraterna.se\\\/hakanjohansson\\\/2014\\\/03\\\/17\\\/pratat-upphandling-hela-dagen\\\/\"},\"wordCount\":293,\"image\":{\"@id\":\"https:\\\/\\\/wp.kristdemokraterna.se\\\/hakanjohansson\\\/2014\\\/03\\\/17\\\/pratat-upphandling-hela-dagen\\\/#primaryimage\"},\"thumbnailUrl\":\"https:\\\/\\\/wp.kristdemokraterna.se\\\/hakanjohansson\\\/files\\\/2014\\\/07\\\/20140317_ireneoskarsson_dieterwagner_camillarinaldomiller_hakanjohansson.png\",\"keywords\":[\"Camilla Rinaldo Miller\",\"Christer Fjordevik\",\"Dieter Wagner\",\"fordon\",\"Irene Oskarsson\",\"kommunal upphandling\",\"konkurrens\",\"Kristdemokraterna\",\"leverant\u00f6r\",\"livsmedel\",\"m\u00e5l\",\"Milj\u00f6- och jordbruksutskottet\",\"milj\u00f6krav\",\"riksdagsledamot\",\"strategisk upphandling\",\"transport\",\"Upphandlingsn\u00e4mnden\",\"verktyg\"],\"articleSection\":[\"Inl\u00e4gg\"],\"inLanguage\":\"sv-SE\"},{\"@type\":\"WebPage\",\"@id\":\"https:\\\/\\\/wp.kristdemokraterna.se\\\/hakanjohansson\\\/2014\\\/03\\\/17\\\/pratat-upphandling-hela-dagen\\\/\",\"url\":\"https:\\\/\\\/wp.kristdemokraterna.se\\\/hakanjohansson\\\/2014\\\/03\\\/17\\\/pratat-upphandling-hela-dagen\\\/\",\"name\":\"Pratat upphandling hela dagen - H\u00e5kan Johansson, KD\",\"isPartOf\":{\"@id\":\"https:\\\/\\\/wp.kristdemokraterna.se\\\/hakanjohansson\\\/#website\"},\"primaryImageOfPage\":{\"@id\":\"https:\\\/\\\/wp.kristdemokraterna.se\\\/hakanjohansson\\\/2014\\\/03\\\/17\\\/pratat-upphandling-hela-dagen\\\/#primaryimage\"},\"image\":{\"@id\":\"https:\\\/\\\/wp.kristdemokraterna.se\\\/hakanjohansson\\\/2014\\\/03\\\/17\\\/pratat-upphandling-hela-dagen\\\/#primaryimage\"},\"thumbnailUrl\":\"https:\\\/\\\/wp.kristdemokraterna.se\\\/hakanjohansson\\\/files\\\/2014\\\/07\\\/20140317_ireneoskarsson_dieterwagner_camillarinaldomiller_hakanjohansson.png\",\"datePublished\":\"2014-03-17T21:33:11+00:00\",\"dateModified\":\"2015-07-13T18:40:41+00:00\",\"author\":{\"@id\":\"https:\\\/\\\/wp.kristdemokraterna.se\\\/hakanjohansson\\\/#\\\/schema\\\/person\\\/1ebb24d2d3a4cdd92106ea18359c8b63\"},\"breadcrumb\":{\"@id\":\"https:\\\/\\\/wp.kristdemokraterna.se\\\/hakanjohansson\\\/2014\\\/03\\\/17\\\/pratat-upphandling-hela-dagen\\\/#breadcrumb\"},\"inLanguage\":\"sv-SE\",\"potentialAction\":[{\"@type\":\"ReadAction\",\"target\":[\"https:\\\/\\\/wp.kristdemokraterna.se\\\/hakanjohansson\\\/2014\\\/03\\\/17\\\/pratat-upphandling-hela-dagen\\\/\"]}]},{\"@type\":\"ImageObject\",\"inLanguage\":\"sv-SE\",\"@id\":\"https:\\\/\\\/wp.kristdemokraterna.se\\\/hakanjohansson\\\/2014\\\/03\\\/17\\\/pratat-upphandling-hela-dagen\\\/#primaryimage\",\"url\":\"https:\\\/\\\/wp.kristdemokraterna.se\\\/hakanjohansson\\\/files\\\/2014\\\/07\\\/20140317_ireneoskarsson_dieterwagner_camillarinaldomiller_hakanjohansson.png\",\"contentUrl\":\"https:\\\/\\\/wp.kristdemokraterna.se\\\/hakanjohansson\\\/files\\\/2014\\\/07\\\/20140317_ireneoskarsson_dieterwagner_camillarinaldomiller_hakanjohansson.png\",\"width\":367,\"height\":181,\"caption\":\"Riksdagsledamot Irene Oskarsson (KD) och Camilla Rinaldo Miller (KD) pratar upphandling med Upphandlingsn\u00e4mndens ordf\u00f6rande och 1 vice ordf\u00f6rande Dieter Wagner (M) och H\u00e5kan Johansson (KD). (Foto: Christer Fjordevik)\"},{\"@type\":\"BreadcrumbList\",\"@id\":\"https:\\\/\\\/wp.kristdemokraterna.se\\\/hakanjohansson\\\/2014\\\/03\\\/17\\\/pratat-upphandling-hela-dagen\\\/#breadcrumb\",\"itemListElement\":[{\"@type\":\"ListItem\",\"position\":1,\"name\":\"Hem\",\"item\":\"https:\\\/\\\/wp.kristdemokraterna.se\\\/hakanjohansson\\\/\"},{\"@type\":\"ListItem\",\"position\":2,\"name\":\"Pratat upphandling hela dagen\"}]},{\"@type\":\"WebSite\",\"@id\":\"https:\\\/\\\/wp.kristdemokraterna.se\\\/hakanjohansson\\\/#website\",\"url\":\"https:\\\/\\\/wp.kristdemokraterna.se\\\/hakanjohansson\\\/\",\"name\":\"H\u00e5kan Johansson, KD\",\"description\":\"Politik, musik och teknik...\",\"inLanguage\":\"sv-SE\"},{\"@type\":\"Person\",\"@id\":\"https:\\\/\\\/wp.kristdemokraterna.se\\\/hakanjohansson\\\/#\\\/schema\\\/person\\\/1ebb24d2d3a4cdd92106ea18359c8b63\",\"name\":\"H\u00e5kan Johansson\",\"image\":{\"@type\":\"ImageObject\",\"inLanguage\":\"sv-SE\",\"@id\":\"https:\\\/\\\/secure.gravatar.com\\\/avatar\\\/2f492f08c4bdc714d7db0d433c48b51adbc8f67dd2112ac3a50d66d0d1ddd173?s=96&r=g\",\"url\":\"https:\\\/\\\/secure.gravatar.com\\\/avatar\\\/2f492f08c4bdc714d7db0d433c48b51adbc8f67dd2112ac3a50d66d0d1ddd173?s=96&r=g\",\"contentUrl\":\"https:\\\/\\\/secure.gravatar.com\\\/avatar\\\/2f492f08c4bdc714d7db0d433c48b51adbc8f67dd2112ac3a50d66d0d1ddd173?s=96&r=g\",\"caption\":\"H\u00e5kan Johansson\"},\"description\":\"Politik, musik och teknik...\",\"sameAs\":[\"https:\\\/\\\/wp.kristdemokraterna.se\\\/hakanjohansson\"],\"url\":\"https:\\\/\\\/wp.kristdemokraterna.se\\\/hakanjohansson\\\/author\\\/hakanjohansson\\\/\"}]}<\/script>\n<!-- \/ Yoast SEO plugin. -->","yoast_head_json":{"title":"Pratat upphandling hela dagen - H\u00e5kan Johansson, KD","robots":{"index":"index","follow":"follow","max-snippet":"max-snippet:-1","max-image-preview":"max-image-preview:large","max-video-preview":"max-video-preview:-1"},"canonical":"https:\/\/wp.kristdemokraterna.se\/hakanjohansson\/2014\/03\/17\/pratat-upphandling-hela-dagen\/","og_locale":"sv_SE","og_type":"article","og_title":"Pratat upphandling hela dagen - H\u00e5kan Johansson, KD","og_description":"Bes\u00f6k av riksdagsledamot i dag igen. Det var\u00a0Kristdemokraternas ledamot i Riksdagens Milj\u00f6- och jordbruksutskott Irene Oskarsson fr\u00e5n Aneby som ville se hur vi g\u00f6r i V\u00e4rnamo. N\u00e5got som hon undrade \u00f6ver var varf\u00f6r\u00a0V\u00e4rnamo har valt att bilda en n\u00e4mnd f\u00f6r upphandling och hur det fungerar.","og_url":"https:\/\/wp.kristdemokraterna.se\/hakanjohansson\/2014\/03\/17\/pratat-upphandling-hela-dagen\/","og_site_name":"H\u00e5kan Johansson, KD","article_published_time":"2014-03-17T21:33:11+00:00","article_modified_time":"2015-07-13T18:40:41+00:00","og_image":[{"width":367,"height":181,"url":"https:\/\/wp.kristdemokraterna.se\/hakanjohansson\/files\/2014\/07\/20140317_ireneoskarsson_dieterwagner_camillarinaldomiller_hakanjohansson.png","type":"image\/png"}],"author":"H\u00e5kan Johansson","twitter_card":"summary_large_image","twitter_misc":{"Skriven av":"H\u00e5kan Johansson","Ber\u00e4knad l\u00e4stid":"1 minut"},"schema":{"@context":"https:\/\/schema.org","@graph":[{"@type":"Article","@id":"https:\/\/wp.kristdemokraterna.se\/hakanjohansson\/2014\/03\/17\/pratat-upphandling-hela-dagen\/#article","isPartOf":{"@id":"https:\/\/wp.kristdemokraterna.se\/hakanjohansson\/2014\/03\/17\/pratat-upphandling-hela-dagen\/"},"author":{"name":"H\u00e5kan Johansson","@id":"https:\/\/wp.kristdemokraterna.se\/hakanjohansson\/#\/schema\/person\/1ebb24d2d3a4cdd92106ea18359c8b63"},"headline":"Pratat upphandling hela dagen","datePublished":"2014-03-17T21:33:11+00:00","dateModified":"2015-07-13T18:40:41+00:00","mainEntityOfPage":{"@id":"https:\/\/wp.kristdemokraterna.se\/hakanjohansson\/2014\/03\/17\/pratat-upphandling-hela-dagen\/"},"wordCount":293,"image":{"@id":"https:\/\/wp.kristdemokraterna.se\/hakanjohansson\/2014\/03\/17\/pratat-upphandling-hela-dagen\/#primaryimage"},"thumbnailUrl":"https:\/\/wp.kristdemokraterna.se\/hakanjohansson\/files\/2014\/07\/20140317_ireneoskarsson_dieterwagner_camillarinaldomiller_hakanjohansson.png","keywords":["Camilla Rinaldo Miller","Christer Fjordevik","Dieter Wagner","fordon","Irene Oskarsson","kommunal upphandling","konkurrens","Kristdemokraterna","leverant\u00f6r","livsmedel","m\u00e5l","Milj\u00f6- och jordbruksutskottet","milj\u00f6krav","riksdagsledamot","strategisk upphandling","transport","Upphandlingsn\u00e4mnden","verktyg"],"articleSection":["Inl\u00e4gg"],"inLanguage":"sv-SE"},{"@type":"WebPage","@id":"https:\/\/wp.kristdemokraterna.se\/hakanjohansson\/2014\/03\/17\/pratat-upphandling-hela-dagen\/","url":"https:\/\/wp.kristdemokraterna.se\/hakanjohansson\/2014\/03\/17\/pratat-upphandling-hela-dagen\/","name":"Pratat upphandling hela dagen - H\u00e5kan Johansson, KD","isPartOf":{"@id":"https:\/\/wp.kristdemokraterna.se\/hakanjohansson\/#website"},"primaryImageOfPage":{"@id":"https:\/\/wp.kristdemokraterna.se\/hakanjohansson\/2014\/03\/17\/pratat-upphandling-hela-dagen\/#primaryimage"},"image":{"@id":"https:\/\/wp.kristdemokraterna.se\/hakanjohansson\/2014\/03\/17\/pratat-upphandling-hela-dagen\/#primaryimage"},"thumbnailUrl":"https:\/\/wp.kristdemokraterna.se\/hakanjohansson\/files\/2014\/07\/20140317_ireneoskarsson_dieterwagner_camillarinaldomiller_hakanjohansson.png","datePublished":"2014-03-17T21:33:11+00:00","dateModified":"2015-07-13T18:40:41+00:00","author":{"@id":"https:\/\/wp.kristdemokraterna.se\/hakanjohansson\/#\/schema\/person\/1ebb24d2d3a4cdd92106ea18359c8b63"},"breadcrumb":{"@id":"https:\/\/wp.kristdemokraterna.se\/hakanjohansson\/2014\/03\/17\/pratat-upphandling-hela-dagen\/#breadcrumb"},"inLanguage":"sv-SE","potentialAction":[{"@type":"ReadAction","target":["https:\/\/wp.kristdemokraterna.se\/hakanjohansson\/2014\/03\/17\/pratat-upphandling-hela-dagen\/"]}]},{"@type":"ImageObject","inLanguage":"sv-SE","@id":"https:\/\/wp.kristdemokraterna.se\/hakanjohansson\/2014\/03\/17\/pratat-upphandling-hela-dagen\/#primaryimage","url":"https:\/\/wp.kristdemokraterna.se\/hakanjohansson\/files\/2014\/07\/20140317_ireneoskarsson_dieterwagner_camillarinaldomiller_hakanjohansson.png","contentUrl":"https:\/\/wp.kristdemokraterna.se\/hakanjohansson\/files\/2014\/07\/20140317_ireneoskarsson_dieterwagner_camillarinaldomiller_hakanjohansson.png","width":367,"height":181,"caption":"Riksdagsledamot Irene Oskarsson (KD) och Camilla Rinaldo Miller (KD) pratar upphandling med Upphandlingsn\u00e4mndens ordf\u00f6rande och 1 vice ordf\u00f6rande Dieter Wagner (M) och H\u00e5kan Johansson (KD). (Foto: Christer Fjordevik)"},{"@type":"BreadcrumbList","@id":"https:\/\/wp.kristdemokraterna.se\/hakanjohansson\/2014\/03\/17\/pratat-upphandling-hela-dagen\/#breadcrumb","itemListElement":[{"@type":"ListItem","position":1,"name":"Hem","item":"https:\/\/wp.kristdemokraterna.se\/hakanjohansson\/"},{"@type":"ListItem","position":2,"name":"Pratat upphandling hela dagen"}]},{"@type":"WebSite","@id":"https:\/\/wp.kristdemokraterna.se\/hakanjohansson\/#website","url":"https:\/\/wp.kristdemokraterna.se\/hakanjohansson\/","name":"H\u00e5kan Johansson, KD","description":"Politik, musik och teknik...","inLanguage":"sv-SE"},{"@type":"Person","@id":"https:\/\/wp.kristdemokraterna.se\/hakanjohansson\/#\/schema\/person\/1ebb24d2d3a4cdd92106ea18359c8b63","name":"H\u00e5kan Johansson","image":{"@type":"ImageObject","inLanguage":"sv-SE","@id":"https:\/\/secure.gravatar.com\/avatar\/2f492f08c4bdc714d7db0d433c48b51adbc8f67dd2112ac3a50d66d0d1ddd173?s=96&r=g","url":"https:\/\/secure.gravatar.com\/avatar\/2f492f08c4bdc714d7db0d433c48b51adbc8f67dd2112ac3a50d66d0d1ddd173?s=96&r=g","contentUrl":"https:\/\/secure.gravatar.com\/avatar\/2f492f08c4bdc714d7db0d433c48b51adbc8f67dd2112ac3a50d66d0d1ddd173?s=96&r=g","caption":"H\u00e5kan Johansson"},"description":"Politik, musik och teknik...","sameAs":["https:\/\/wp.kristdemokraterna.se\/hakanjohansson"],"url":"https:\/\/wp.kristdemokraterna.se\/hakanjohansson\/author\/hakanjohansson\/"}]}},"_links":{"self":[{"href":"https:\/\/wp.kristdemokraterna.se\/hakanjohansson\/wp-json\/wp\/v2\/posts\/764","targetHints":{"allow":["GET"]}}],"collection":[{"href":"https:\/\/wp.kristdemokraterna.se\/hakanjohansson\/wp-json\/wp\/v2\/posts"}],"about":[{"href":"https:\/\/wp.kristdemokraterna.se\/hakanjohansson\/wp-json\/wp\/v2\/types\/post"}],"author":[{"embeddable":true,"href":"https:\/\/wp.kristdemokraterna.se\/hakanjohansson\/wp-json\/wp\/v2\/users\/507"}],"replies":[{"embeddable":true,"href":"https:\/\/wp.kristdemokraterna.se\/hakanjohansson\/wp-json\/wp\/v2\/comments?post=764"}],"version-history":[{"count":9,"href":"https:\/\/wp.kristdemokraterna.se\/hakanjohansson\/wp-json\/wp\/v2\/posts\/764\/revisions"}],"predecessor-version":[{"id":2127,"href":"https:\/\/wp.kristdemokraterna.se\/hakanjohansson\/wp-json\/wp\/v2\/posts\/764\/revisions\/2127"}],"wp:featuredmedia":[{"embeddable":true,"href":"https:\/\/wp.kristdemokraterna.se\/hakanjohansson\/wp-json\/wp\/v2\/media\/765"}],"wp:attachment":[{"href":"https:\/\/wp.kristdemokraterna.se\/hakanjohansson\/wp-json\/wp\/v2\/media?parent=764"}],"wp:term":[{"taxonomy":"category","embeddable":true,"href":"https:\/\/wp.kristdemokraterna.se\/hakanjohansson\/wp-json\/wp\/v2\/categories?post=764"},{"taxonomy":"post_tag","embeddable":true,"href":"https:\/\/wp.kristdemokraterna.se\/hakanjohansson\/wp-json\/wp\/v2\/tags?post=764"}],"curies":[{"name":"wp","href":"https:\/\/api.w.org\/{rel}","templated":true}]}}