{"id":824,"date":"2014-04-08T17:33:32","date_gmt":"2014-04-08T15:33:32","guid":{"rendered":"http:\/\/wp.kristdemokraterna.se\/hakanjohansson\/?p=824"},"modified":"2015-07-13T20:23:50","modified_gmt":"2015-07-13T18:23:50","slug":"ratt-kurs-med-andreas","status":"publish","type":"post","link":"https:\/\/wp.kristdemokraterna.se\/hakanjohansson\/2014\/04\/08\/ratt-kurs-med-andreas\/","title":{"rendered":"P\u00e5 r\u00e4tt kurs med Andreas"},"content":{"rendered":"<p>Andreas Sturesson \u00e4r nog en av dem jag \u00e4r mest glad \u00f6ver att k\u00e4nna. Vi tr\u00e4ffades f\u00f6r m\u00e5nga \u00e5r sedan d\u00e5 Andreas var ordf\u00f6rande i KDU i J\u00f6nk\u00f6pings l\u00e4n och jag var ledamot i styrelsen. Sedan har jag f\u00f6ljt hans v\u00e4xlande bana som milit\u00e4r, topptj\u00e4nsteman i Kristdemokraterna och nu \u00e4r han kommunalr\u00e5d i residensstaden J\u00f6nk\u00f6ping. I dag var han i V\u00e4rnamo f\u00f6r del 1 i Kristdemokraternas kandidatutbildning inf\u00f6r h\u00f6stens val. Efter <a title=\"L\u00e4r av J\u00f6nk\u00f6ping\" href=\"http:\/\/wp.kristdemokraterna.se\/hakanjohansson\/2013\/11\/15\/lar-av-jonkoping\/\">hans insats p\u00e5 h\u00f6stfesten<\/a> ville vi veta \u00e4nnu mer om hur han jobbar i J\u00f6nk\u00f6ping med den sv\u00e5ra konsten att g\u00f6ra ideologi till verklighet. Sj\u00e4lvklart gjorde han det med bravur. B\u00e4st var att han delade med sig av sitt b\u00e4sta tips f\u00f6r att vinna val:<\/p>\n<p><!--more--><\/p>\n<p><q title=\"Andreas Sturesson\">Jobba h\u00e5rt och ha tur!<\/q><\/p>\n\n\t\t<style type=\"text\/css\">\n\t\t\t#gallery-1 {\n\t\t\t\tmargin: auto;\n\t\t\t}\n\t\t\t#gallery-1 .gallery-item {\n\t\t\t\tfloat: left;\n\t\t\t\tmargin-top: 10px;\n\t\t\t\ttext-align: center;\n\t\t\t\twidth: 33%;\n\t\t\t}\n\t\t\t#gallery-1 img {\n\t\t\t\tborder: 2px solid #cfcfcf;\n\t\t\t}\n\t\t\t#gallery-1 .gallery-caption {\n\t\t\t\tmargin-left: 0;\n\t\t\t}\n\t\t\t\/* see gallery_shortcode() in wp-includes\/media.php *\/\n\t\t<\/style>\n\t\t<div id='gallery-1' class='gallery galleryid-824 gallery-columns-3 gallery-size-thumbnail'><dl class='gallery-item'>\n\t\t\t<dt class='gallery-icon landscape'>\n\t\t\t\t<a href='https:\/\/wp.kristdemokraterna.se\/hakanjohansson\/2014\/04\/08\/ratt-kurs-med-andreas\/20140408-andreassturesson\/'><img loading=\"lazy\" decoding=\"async\" width=\"150\" height=\"150\" src=\"https:\/\/wp.kristdemokraterna.se\/hakanjohansson\/files\/2014\/07\/20140408_andreassturesson-150x150.jpg\" class=\"attachment-thumbnail size-thumbnail\" alt=\"Var s\u00e5 god Andreas, ta en kaka till... (Foto: H\u00e5kan Johansson)\" aria-describedby=\"gallery-1-826\" \/><\/a>\n\t\t\t<\/dt>\n\t\t\t\t<dd class='wp-caption-text gallery-caption' id='gallery-1-826'>\n\t\t\t\tVar s\u00e5 god Andreas, ta en kaka till&#8230; (Foto: H\u00e5kan Johansson)\n\t\t\t\t<\/dd><\/dl>\n\t\t\t<br style='clear: both' \/>\n\t\t<\/div>\n\n<p>L\u00e4s mer om utbildningen p\u00e5 Kristdemokraternas hemsida i V\u00e4rnamo:<br \/>\n[<a title=\"Sturesson inspirerade\" href=\"http:\/\/wp.kristdemokraterna.se\/varnamo\/2014\/04\/08\/sturesson-inspirerade\/\" target=\"_blank\">Sturesson inspirerade<\/a>]<\/p>\n","protected":false},"excerpt":{"rendered":"<p>Andreas Sturesson \u00e4r nog en av dem jag \u00e4r mest glad \u00f6ver att k\u00e4nna. Vi tr\u00e4ffades f\u00f6r m\u00e5nga \u00e5r sedan d\u00e5 Andreas var ordf\u00f6rande i KDU i J\u00f6nk\u00f6pings l\u00e4n och jag var ledamot i styrelsen. Sedan har jag f\u00f6ljt hans v\u00e4xlande bana som milit\u00e4r, topptj\u00e4nsteman i Kristdemokraterna och nu \u00e4r han kommunalr\u00e5d i residensstaden J\u00f6nk\u00f6ping.&hellip; <a class=\"read-more-link\" href=\"https:\/\/wp.kristdemokraterna.se\/hakanjohansson\/2014\/04\/08\/ratt-kurs-med-andreas\/\">Forts\u00e4tt l\u00e4sa<\/a><\/p>\n","protected":false},"author":507,"featured_media":826,"comment_status":"closed","ping_status":"closed","sticky":false,"template":"","format":"standard","meta":{"_acf_changed":false,"footnotes":""},"categories":[41],"tags":[340,356,54,357,25,466,386,355,32,533,22,5,534],"class_list":["post-824","post","type-post","status-publish","format-standard","hentry","category-inlagg","tag-andreas-sturesson","tag-hostfest","tag-ideologi","tag-jonkoping","tag-jonkopings-lan","tag-kandidatutbildning","tag-kdu","tag-kommunalrad","tag-kristdemokraterna","tag-residensstad","tag-val","tag-varnamo","tag-verklighet"],"acf":[],"yoast_head":"<!-- This site is optimized with the Yoast SEO plugin v27.4 - https:\/\/yoast.com\/product\/yoast-seo-wordpress\/ -->\n<title>P\u00e5 r\u00e4tt kurs med Andreas - H\u00e5kan Johansson, KD<\/title>\n<meta name=\"robots\" content=\"index, follow, max-snippet:-1, max-image-preview:large, max-video-preview:-1\" \/>\n<link rel=\"canonical\" href=\"https:\/\/wp.kristdemokraterna.se\/hakanjohansson\/2014\/04\/08\/ratt-kurs-med-andreas\/\" \/>\n<meta property=\"og:locale\" content=\"sv_SE\" \/>\n<meta property=\"og:type\" content=\"article\" \/>\n<meta property=\"og:title\" content=\"P\u00e5 r\u00e4tt kurs med Andreas - H\u00e5kan Johansson, KD\" \/>\n<meta property=\"og:description\" content=\"Andreas Sturesson \u00e4r nog en av dem jag \u00e4r mest glad \u00f6ver att k\u00e4nna. Vi tr\u00e4ffades f\u00f6r m\u00e5nga \u00e5r sedan d\u00e5 Andreas var ordf\u00f6rande i KDU i J\u00f6nk\u00f6pings l\u00e4n och jag var ledamot i styrelsen. Sedan har jag f\u00f6ljt hans v\u00e4xlande bana som milit\u00e4r, topptj\u00e4nsteman i Kristdemokraterna och nu \u00e4r han kommunalr\u00e5d i residensstaden J\u00f6nk\u00f6ping.&hellip; Forts\u00e4tt l\u00e4sa\" \/>\n<meta property=\"og:url\" content=\"https:\/\/wp.kristdemokraterna.se\/hakanjohansson\/2014\/04\/08\/ratt-kurs-med-andreas\/\" \/>\n<meta property=\"og:site_name\" content=\"H\u00e5kan Johansson, KD\" \/>\n<meta property=\"article:published_time\" content=\"2014-04-08T15:33:32+00:00\" \/>\n<meta property=\"article:modified_time\" content=\"2015-07-13T18:23:50+00:00\" \/>\n<meta property=\"og:image\" content=\"https:\/\/wp.kristdemokraterna.se\/hakanjohansson\/files\/2014\/07\/20140408_andreassturesson.jpg\" \/>\n\t<meta property=\"og:image:width\" content=\"346\" \/>\n\t<meta property=\"og:image:height\" content=\"261\" \/>\n\t<meta property=\"og:image:type\" content=\"image\/jpeg\" \/>\n<meta name=\"author\" content=\"H\u00e5kan Johansson\" \/>\n<meta name=\"twitter:card\" content=\"summary_large_image\" \/>\n<meta name=\"twitter:label1\" content=\"Skriven av\" \/>\n\t<meta name=\"twitter:data1\" content=\"H\u00e5kan Johansson\" \/>\n\t<meta name=\"twitter:label2\" content=\"Ber\u00e4knad l\u00e4stid\" \/>\n\t<meta name=\"twitter:data2\" content=\"1 minut\" \/>\n<script type=\"application\/ld+json\" class=\"yoast-schema-graph\">{\"@context\":\"https:\\\/\\\/schema.org\",\"@graph\":[{\"@type\":\"Article\",\"@id\":\"https:\\\/\\\/wp.kristdemokraterna.se\\\/hakanjohansson\\\/2014\\\/04\\\/08\\\/ratt-kurs-med-andreas\\\/#article\",\"isPartOf\":{\"@id\":\"https:\\\/\\\/wp.kristdemokraterna.se\\\/hakanjohansson\\\/2014\\\/04\\\/08\\\/ratt-kurs-med-andreas\\\/\"},\"author\":{\"name\":\"H\u00e5kan Johansson\",\"@id\":\"https:\\\/\\\/wp.kristdemokraterna.se\\\/hakanjohansson\\\/#\\\/schema\\\/person\\\/1ebb24d2d3a4cdd92106ea18359c8b63\"},\"headline\":\"P\u00e5 r\u00e4tt kurs med Andreas\",\"datePublished\":\"2014-04-08T15:33:32+00:00\",\"dateModified\":\"2015-07-13T18:23:50+00:00\",\"mainEntityOfPage\":{\"@id\":\"https:\\\/\\\/wp.kristdemokraterna.se\\\/hakanjohansson\\\/2014\\\/04\\\/08\\\/ratt-kurs-med-andreas\\\/\"},\"wordCount\":174,\"image\":{\"@id\":\"https:\\\/\\\/wp.kristdemokraterna.se\\\/hakanjohansson\\\/2014\\\/04\\\/08\\\/ratt-kurs-med-andreas\\\/#primaryimage\"},\"thumbnailUrl\":\"https:\\\/\\\/wp.kristdemokraterna.se\\\/hakanjohansson\\\/files\\\/2014\\\/07\\\/20140408_andreassturesson.jpg\",\"keywords\":[\"Andreas Sturesson\",\"h\u00f6stfest\",\"ideologi\",\"J\u00f6nk\u00f6ping\",\"J\u00f6nk\u00f6pings l\u00e4n\",\"kandidatutbildning\",\"KDU\",\"kommunalr\u00e5d\",\"Kristdemokraterna\",\"residensstad\",\"val\",\"V\u00e4rnamo\",\"verklighet\"],\"articleSection\":[\"Inl\u00e4gg\"],\"inLanguage\":\"sv-SE\"},{\"@type\":\"WebPage\",\"@id\":\"https:\\\/\\\/wp.kristdemokraterna.se\\\/hakanjohansson\\\/2014\\\/04\\\/08\\\/ratt-kurs-med-andreas\\\/\",\"url\":\"https:\\\/\\\/wp.kristdemokraterna.se\\\/hakanjohansson\\\/2014\\\/04\\\/08\\\/ratt-kurs-med-andreas\\\/\",\"name\":\"P\u00e5 r\u00e4tt kurs med Andreas - H\u00e5kan Johansson, KD\",\"isPartOf\":{\"@id\":\"https:\\\/\\\/wp.kristdemokraterna.se\\\/hakanjohansson\\\/#website\"},\"primaryImageOfPage\":{\"@id\":\"https:\\\/\\\/wp.kristdemokraterna.se\\\/hakanjohansson\\\/2014\\\/04\\\/08\\\/ratt-kurs-med-andreas\\\/#primaryimage\"},\"image\":{\"@id\":\"https:\\\/\\\/wp.kristdemokraterna.se\\\/hakanjohansson\\\/2014\\\/04\\\/08\\\/ratt-kurs-med-andreas\\\/#primaryimage\"},\"thumbnailUrl\":\"https:\\\/\\\/wp.kristdemokraterna.se\\\/hakanjohansson\\\/files\\\/2014\\\/07\\\/20140408_andreassturesson.jpg\",\"datePublished\":\"2014-04-08T15:33:32+00:00\",\"dateModified\":\"2015-07-13T18:23:50+00:00\",\"author\":{\"@id\":\"https:\\\/\\\/wp.kristdemokraterna.se\\\/hakanjohansson\\\/#\\\/schema\\\/person\\\/1ebb24d2d3a4cdd92106ea18359c8b63\"},\"breadcrumb\":{\"@id\":\"https:\\\/\\\/wp.kristdemokraterna.se\\\/hakanjohansson\\\/2014\\\/04\\\/08\\\/ratt-kurs-med-andreas\\\/#breadcrumb\"},\"inLanguage\":\"sv-SE\",\"potentialAction\":[{\"@type\":\"ReadAction\",\"target\":[\"https:\\\/\\\/wp.kristdemokraterna.se\\\/hakanjohansson\\\/2014\\\/04\\\/08\\\/ratt-kurs-med-andreas\\\/\"]}]},{\"@type\":\"ImageObject\",\"inLanguage\":\"sv-SE\",\"@id\":\"https:\\\/\\\/wp.kristdemokraterna.se\\\/hakanjohansson\\\/2014\\\/04\\\/08\\\/ratt-kurs-med-andreas\\\/#primaryimage\",\"url\":\"https:\\\/\\\/wp.kristdemokraterna.se\\\/hakanjohansson\\\/files\\\/2014\\\/07\\\/20140408_andreassturesson.jpg\",\"contentUrl\":\"https:\\\/\\\/wp.kristdemokraterna.se\\\/hakanjohansson\\\/files\\\/2014\\\/07\\\/20140408_andreassturesson.jpg\",\"width\":346,\"height\":261,\"caption\":\"Var s\u00e5 god Andreas, ta en kaka till... (Foto: H\u00e5kan Johansson)\"},{\"@type\":\"BreadcrumbList\",\"@id\":\"https:\\\/\\\/wp.kristdemokraterna.se\\\/hakanjohansson\\\/2014\\\/04\\\/08\\\/ratt-kurs-med-andreas\\\/#breadcrumb\",\"itemListElement\":[{\"@type\":\"ListItem\",\"position\":1,\"name\":\"Hem\",\"item\":\"https:\\\/\\\/wp.kristdemokraterna.se\\\/hakanjohansson\\\/\"},{\"@type\":\"ListItem\",\"position\":2,\"name\":\"P\u00e5 r\u00e4tt kurs med Andreas\"}]},{\"@type\":\"WebSite\",\"@id\":\"https:\\\/\\\/wp.kristdemokraterna.se\\\/hakanjohansson\\\/#website\",\"url\":\"https:\\\/\\\/wp.kristdemokraterna.se\\\/hakanjohansson\\\/\",\"name\":\"H\u00e5kan Johansson, KD\",\"description\":\"Politik, musik och teknik...\",\"inLanguage\":\"sv-SE\"},{\"@type\":\"Person\",\"@id\":\"https:\\\/\\\/wp.kristdemokraterna.se\\\/hakanjohansson\\\/#\\\/schema\\\/person\\\/1ebb24d2d3a4cdd92106ea18359c8b63\",\"name\":\"H\u00e5kan Johansson\",\"image\":{\"@type\":\"ImageObject\",\"inLanguage\":\"sv-SE\",\"@id\":\"https:\\\/\\\/secure.gravatar.com\\\/avatar\\\/2f492f08c4bdc714d7db0d433c48b51adbc8f67dd2112ac3a50d66d0d1ddd173?s=96&r=g\",\"url\":\"https:\\\/\\\/secure.gravatar.com\\\/avatar\\\/2f492f08c4bdc714d7db0d433c48b51adbc8f67dd2112ac3a50d66d0d1ddd173?s=96&r=g\",\"contentUrl\":\"https:\\\/\\\/secure.gravatar.com\\\/avatar\\\/2f492f08c4bdc714d7db0d433c48b51adbc8f67dd2112ac3a50d66d0d1ddd173?s=96&r=g\",\"caption\":\"H\u00e5kan Johansson\"},\"description\":\"Politik, musik och teknik...\",\"sameAs\":[\"https:\\\/\\\/wp.kristdemokraterna.se\\\/hakanjohansson\"],\"url\":\"https:\\\/\\\/wp.kristdemokraterna.se\\\/hakanjohansson\\\/author\\\/hakanjohansson\\\/\"}]}<\/script>\n<!-- \/ Yoast SEO plugin. -->","yoast_head_json":{"title":"P\u00e5 r\u00e4tt kurs med Andreas - H\u00e5kan Johansson, KD","robots":{"index":"index","follow":"follow","max-snippet":"max-snippet:-1","max-image-preview":"max-image-preview:large","max-video-preview":"max-video-preview:-1"},"canonical":"https:\/\/wp.kristdemokraterna.se\/hakanjohansson\/2014\/04\/08\/ratt-kurs-med-andreas\/","og_locale":"sv_SE","og_type":"article","og_title":"P\u00e5 r\u00e4tt kurs med Andreas - H\u00e5kan Johansson, KD","og_description":"Andreas Sturesson \u00e4r nog en av dem jag \u00e4r mest glad \u00f6ver att k\u00e4nna. Vi tr\u00e4ffades f\u00f6r m\u00e5nga \u00e5r sedan d\u00e5 Andreas var ordf\u00f6rande i KDU i J\u00f6nk\u00f6pings l\u00e4n och jag var ledamot i styrelsen. Sedan har jag f\u00f6ljt hans v\u00e4xlande bana som milit\u00e4r, topptj\u00e4nsteman i Kristdemokraterna och nu \u00e4r han kommunalr\u00e5d i residensstaden J\u00f6nk\u00f6ping.&hellip; Forts\u00e4tt l\u00e4sa","og_url":"https:\/\/wp.kristdemokraterna.se\/hakanjohansson\/2014\/04\/08\/ratt-kurs-med-andreas\/","og_site_name":"H\u00e5kan Johansson, KD","article_published_time":"2014-04-08T15:33:32+00:00","article_modified_time":"2015-07-13T18:23:50+00:00","og_image":[{"width":346,"height":261,"url":"https:\/\/wp.kristdemokraterna.se\/hakanjohansson\/files\/2014\/07\/20140408_andreassturesson.jpg","type":"image\/jpeg"}],"author":"H\u00e5kan Johansson","twitter_card":"summary_large_image","twitter_misc":{"Skriven av":"H\u00e5kan Johansson","Ber\u00e4knad l\u00e4stid":"1 minut"},"schema":{"@context":"https:\/\/schema.org","@graph":[{"@type":"Article","@id":"https:\/\/wp.kristdemokraterna.se\/hakanjohansson\/2014\/04\/08\/ratt-kurs-med-andreas\/#article","isPartOf":{"@id":"https:\/\/wp.kristdemokraterna.se\/hakanjohansson\/2014\/04\/08\/ratt-kurs-med-andreas\/"},"author":{"name":"H\u00e5kan Johansson","@id":"https:\/\/wp.kristdemokraterna.se\/hakanjohansson\/#\/schema\/person\/1ebb24d2d3a4cdd92106ea18359c8b63"},"headline":"P\u00e5 r\u00e4tt kurs med Andreas","datePublished":"2014-04-08T15:33:32+00:00","dateModified":"2015-07-13T18:23:50+00:00","mainEntityOfPage":{"@id":"https:\/\/wp.kristdemokraterna.se\/hakanjohansson\/2014\/04\/08\/ratt-kurs-med-andreas\/"},"wordCount":174,"image":{"@id":"https:\/\/wp.kristdemokraterna.se\/hakanjohansson\/2014\/04\/08\/ratt-kurs-med-andreas\/#primaryimage"},"thumbnailUrl":"https:\/\/wp.kristdemokraterna.se\/hakanjohansson\/files\/2014\/07\/20140408_andreassturesson.jpg","keywords":["Andreas Sturesson","h\u00f6stfest","ideologi","J\u00f6nk\u00f6ping","J\u00f6nk\u00f6pings l\u00e4n","kandidatutbildning","KDU","kommunalr\u00e5d","Kristdemokraterna","residensstad","val","V\u00e4rnamo","verklighet"],"articleSection":["Inl\u00e4gg"],"inLanguage":"sv-SE"},{"@type":"WebPage","@id":"https:\/\/wp.kristdemokraterna.se\/hakanjohansson\/2014\/04\/08\/ratt-kurs-med-andreas\/","url":"https:\/\/wp.kristdemokraterna.se\/hakanjohansson\/2014\/04\/08\/ratt-kurs-med-andreas\/","name":"P\u00e5 r\u00e4tt kurs med Andreas - H\u00e5kan Johansson, KD","isPartOf":{"@id":"https:\/\/wp.kristdemokraterna.se\/hakanjohansson\/#website"},"primaryImageOfPage":{"@id":"https:\/\/wp.kristdemokraterna.se\/hakanjohansson\/2014\/04\/08\/ratt-kurs-med-andreas\/#primaryimage"},"image":{"@id":"https:\/\/wp.kristdemokraterna.se\/hakanjohansson\/2014\/04\/08\/ratt-kurs-med-andreas\/#primaryimage"},"thumbnailUrl":"https:\/\/wp.kristdemokraterna.se\/hakanjohansson\/files\/2014\/07\/20140408_andreassturesson.jpg","datePublished":"2014-04-08T15:33:32+00:00","dateModified":"2015-07-13T18:23:50+00:00","author":{"@id":"https:\/\/wp.kristdemokraterna.se\/hakanjohansson\/#\/schema\/person\/1ebb24d2d3a4cdd92106ea18359c8b63"},"breadcrumb":{"@id":"https:\/\/wp.kristdemokraterna.se\/hakanjohansson\/2014\/04\/08\/ratt-kurs-med-andreas\/#breadcrumb"},"inLanguage":"sv-SE","potentialAction":[{"@type":"ReadAction","target":["https:\/\/wp.kristdemokraterna.se\/hakanjohansson\/2014\/04\/08\/ratt-kurs-med-andreas\/"]}]},{"@type":"ImageObject","inLanguage":"sv-SE","@id":"https:\/\/wp.kristdemokraterna.se\/hakanjohansson\/2014\/04\/08\/ratt-kurs-med-andreas\/#primaryimage","url":"https:\/\/wp.kristdemokraterna.se\/hakanjohansson\/files\/2014\/07\/20140408_andreassturesson.jpg","contentUrl":"https:\/\/wp.kristdemokraterna.se\/hakanjohansson\/files\/2014\/07\/20140408_andreassturesson.jpg","width":346,"height":261,"caption":"Var s\u00e5 god Andreas, ta en kaka till... (Foto: H\u00e5kan Johansson)"},{"@type":"BreadcrumbList","@id":"https:\/\/wp.kristdemokraterna.se\/hakanjohansson\/2014\/04\/08\/ratt-kurs-med-andreas\/#breadcrumb","itemListElement":[{"@type":"ListItem","position":1,"name":"Hem","item":"https:\/\/wp.kristdemokraterna.se\/hakanjohansson\/"},{"@type":"ListItem","position":2,"name":"P\u00e5 r\u00e4tt kurs med Andreas"}]},{"@type":"WebSite","@id":"https:\/\/wp.kristdemokraterna.se\/hakanjohansson\/#website","url":"https:\/\/wp.kristdemokraterna.se\/hakanjohansson\/","name":"H\u00e5kan Johansson, KD","description":"Politik, musik och teknik...","inLanguage":"sv-SE"},{"@type":"Person","@id":"https:\/\/wp.kristdemokraterna.se\/hakanjohansson\/#\/schema\/person\/1ebb24d2d3a4cdd92106ea18359c8b63","name":"H\u00e5kan Johansson","image":{"@type":"ImageObject","inLanguage":"sv-SE","@id":"https:\/\/secure.gravatar.com\/avatar\/2f492f08c4bdc714d7db0d433c48b51adbc8f67dd2112ac3a50d66d0d1ddd173?s=96&r=g","url":"https:\/\/secure.gravatar.com\/avatar\/2f492f08c4bdc714d7db0d433c48b51adbc8f67dd2112ac3a50d66d0d1ddd173?s=96&r=g","contentUrl":"https:\/\/secure.gravatar.com\/avatar\/2f492f08c4bdc714d7db0d433c48b51adbc8f67dd2112ac3a50d66d0d1ddd173?s=96&r=g","caption":"H\u00e5kan Johansson"},"description":"Politik, musik och teknik...","sameAs":["https:\/\/wp.kristdemokraterna.se\/hakanjohansson"],"url":"https:\/\/wp.kristdemokraterna.se\/hakanjohansson\/author\/hakanjohansson\/"}]}},"_links":{"self":[{"href":"https:\/\/wp.kristdemokraterna.se\/hakanjohansson\/wp-json\/wp\/v2\/posts\/824","targetHints":{"allow":["GET"]}}],"collection":[{"href":"https:\/\/wp.kristdemokraterna.se\/hakanjohansson\/wp-json\/wp\/v2\/posts"}],"about":[{"href":"https:\/\/wp.kristdemokraterna.se\/hakanjohansson\/wp-json\/wp\/v2\/types\/post"}],"author":[{"embeddable":true,"href":"https:\/\/wp.kristdemokraterna.se\/hakanjohansson\/wp-json\/wp\/v2\/users\/507"}],"replies":[{"embeddable":true,"href":"https:\/\/wp.kristdemokraterna.se\/hakanjohansson\/wp-json\/wp\/v2\/comments?post=824"}],"version-history":[{"count":8,"href":"https:\/\/wp.kristdemokraterna.se\/hakanjohansson\/wp-json\/wp\/v2\/posts\/824\/revisions"}],"predecessor-version":[{"id":2118,"href":"https:\/\/wp.kristdemokraterna.se\/hakanjohansson\/wp-json\/wp\/v2\/posts\/824\/revisions\/2118"}],"wp:featuredmedia":[{"embeddable":true,"href":"https:\/\/wp.kristdemokraterna.se\/hakanjohansson\/wp-json\/wp\/v2\/media\/826"}],"wp:attachment":[{"href":"https:\/\/wp.kristdemokraterna.se\/hakanjohansson\/wp-json\/wp\/v2\/media?parent=824"}],"wp:term":[{"taxonomy":"category","embeddable":true,"href":"https:\/\/wp.kristdemokraterna.se\/hakanjohansson\/wp-json\/wp\/v2\/categories?post=824"},{"taxonomy":"post_tag","embeddable":true,"href":"https:\/\/wp.kristdemokraterna.se\/hakanjohansson\/wp-json\/wp\/v2\/tags?post=824"}],"curies":[{"name":"wp","href":"https:\/\/api.w.org\/{rel}","templated":true}]}}