{"id":897,"date":"2014-04-25T13:47:55","date_gmt":"2014-04-25T11:47:55","guid":{"rendered":"http:\/\/wp.kristdemokraterna.se\/hakanjohansson\/?p=897"},"modified":"2015-07-13T20:17:56","modified_gmt":"2015-07-13T18:17:56","slug":"vattenradet-i-varnamo","status":"publish","type":"post","link":"https:\/\/wp.kristdemokraterna.se\/hakanjohansson\/2014\/04\/25\/vattenradet-i-varnamo\/","title":{"rendered":"Vattenr\u00e5det i V\u00e4rnamo"},"content":{"rendered":"<p><a title=\"Lagans vattenr\u00e5ds hemsida\" href=\"http:\/\/www.vattenorganisationer.se\/lagansvr\/\" target=\"_blank\">Lagans vattenr\u00e5d<\/a> hade styrelsem\u00f6te i V\u00e4rnamo i dag. Efter det passade vi p\u00e5 att f\u00f6lja med produktionschef Ronnie Bj\u00f6rkstr\u00f6m f\u00f6r att ta en titt p\u00e5 allt\u00a0som \u00e4r p\u00e5 g\u00e5ng med Lagans vatten i vackra v\u00e4lsk\u00f6tta V\u00e4rnamo.<\/p>\n<p><!--more--><\/p>\n<p>F\u00f6rst var vi p\u00e5 P\u00e5lslund och tittade p\u00e5 bygget av det nya reningsverket d\u00e4r. Det \u00e4r ett imponerande bygge som ska ta hand om n\u00e4stan allt avloppsvatten i kommunen n\u00e4r det st\u00e5r klart. Fr\u00e5n V\u00e4rnamo stad pumpas avloppsvattnet 40 meter upp i luften till P\u00e5lslund. Det g\u00f6r man med\u00a0en av Europas st\u00f6rsta pumpstationer med s\u00e4nkbrunnsteknik\u00a0som man bygger vid\u00a0Ringv\u00e4gen.<\/p>\n<p>Till slut \u00e5kte vi till \u00c5broparken f\u00f6r att titta p\u00e5 bygget av\u00a0skyddsvallar och pumpstationer f\u00f6r att kunna skydda m\u00e4nniskor och tekniska system vid en \u00f6versv\u00e4mning i V\u00e4rnamo centrum. Jag \u00e4r stolt \u00f6ver att vara v\u00e4rnamobo och f\u00e5 vara med och visa upp v\u00e5ra fina anl\u00e4ggningar!<\/p>\n\n\t\t<style type=\"text\/css\">\n\t\t\t#gallery-1 {\n\t\t\t\tmargin: auto;\n\t\t\t}\n\t\t\t#gallery-1 .gallery-item {\n\t\t\t\tfloat: left;\n\t\t\t\tmargin-top: 10px;\n\t\t\t\ttext-align: center;\n\t\t\t\twidth: 33%;\n\t\t\t}\n\t\t\t#gallery-1 img {\n\t\t\t\tborder: 2px solid #cfcfcf;\n\t\t\t}\n\t\t\t#gallery-1 .gallery-caption {\n\t\t\t\tmargin-left: 0;\n\t\t\t}\n\t\t\t\/* see gallery_shortcode() in wp-includes\/media.php *\/\n\t\t<\/style>\n\t\t<div id='gallery-1' class='gallery galleryid-897 gallery-columns-3 gallery-size-thumbnail'><dl class='gallery-item'>\n\t\t\t<dt class='gallery-icon landscape'>\n\t\t\t\t<a href='https:\/\/wp.kristdemokraterna.se\/hakanjohansson\/20140425-lvr-abroparken\/'><img loading=\"lazy\" decoding=\"async\" width=\"150\" height=\"150\" src=\"https:\/\/wp.kristdemokraterna.se\/hakanjohansson\/files\/2014\/07\/20140425_lvr_abroparken-150x150.jpg\" class=\"attachment-thumbnail size-thumbnail\" alt=\"Sista anhalten blev \u00c5broparken och bygget av \u00f6versv\u00e4mningskydden d\u00e4r. (Foto: H\u00e5kan Johansson)\" aria-describedby=\"gallery-1-893\" \/><\/a>\n\t\t\t<\/dt>\n\t\t\t\t<dd class='wp-caption-text gallery-caption' id='gallery-1-893'>\n\t\t\t\tSista anhalten blev \u00c5broparken och bygget av \u00f6versv\u00e4mningskydden d\u00e4r. (Foto: H\u00e5kan Johansson)\n\t\t\t\t<\/dd><\/dl><dl class='gallery-item'>\n\t\t\t<dt class='gallery-icon landscape'>\n\t\t\t\t<a href='https:\/\/wp.kristdemokraterna.se\/hakanjohansson\/20140425-lvr-palslund\/'><img loading=\"lazy\" decoding=\"async\" width=\"150\" height=\"150\" src=\"https:\/\/wp.kristdemokraterna.se\/hakanjohansson\/files\/2014\/07\/20140425_lvr_palslund-150x150.jpg\" class=\"attachment-thumbnail size-thumbnail\" alt=\"I dag hade styrelsen f\u00f6r Lagans vattenr\u00e5d sammantr\u00e4de i vackra v\u00e4lsk\u00f6tta V\u00e4rnamo. H\u00e4r ber\u00e4ttar produktionschef Ronnie Bj\u00f6rkstr\u00f6m om det nya avloppsreningsverket i P\u00e5lslund. (Foto: H\u00e5kan Johansson)\" aria-describedby=\"gallery-1-895\" \/><\/a>\n\t\t\t<\/dt>\n\t\t\t\t<dd class='wp-caption-text gallery-caption' id='gallery-1-895'>\n\t\t\t\tI dag hade styrelsen f\u00f6r Lagans vattenr\u00e5d sammantr\u00e4de i vackra v\u00e4lsk\u00f6tta V\u00e4rnamo. H\u00e4r ber\u00e4ttar produktionschef Ronnie Bj\u00f6rkstr\u00f6m om det nya avloppsreningsverket i P\u00e5lslund. (Foto: H\u00e5kan Johansson)\n\t\t\t\t<\/dd><\/dl><dl class='gallery-item'>\n\t\t\t<dt class='gallery-icon landscape'>\n\t\t\t\t<a href='https:\/\/wp.kristdemokraterna.se\/hakanjohansson\/20140425-lvr-pumpstationen\/'><img loading=\"lazy\" decoding=\"async\" width=\"150\" height=\"150\" src=\"https:\/\/wp.kristdemokraterna.se\/hakanjohansson\/files\/2014\/07\/20140425_lvr_pumpstationen-150x150.jpg\" class=\"attachment-thumbnail size-thumbnail\" alt=\"Sedan \u00e5kte vi till Ringv\u00e4gen f\u00f6r att titta p\u00e5 bygget av en av Europas st\u00f6rsta pumpstationer med s\u00e4nkbrunnsteknik. Pumparna h\u00e4r ska lyfta avloppsvattnet 40 meter upp till P\u00e5lslund. (Foto: H\u00e5kan Johansson)\" aria-describedby=\"gallery-1-896\" \/><\/a>\n\t\t\t<\/dt>\n\t\t\t\t<dd class='wp-caption-text gallery-caption' id='gallery-1-896'>\n\t\t\t\tSedan \u00e5kte vi till Ringv\u00e4gen f\u00f6r att titta p\u00e5 bygget av en av Europas st\u00f6rsta pumpstationer med s\u00e4nkbrunnsteknik. Pumparna h\u00e4r ska lyfta avloppsvattnet 40 meter upp till P\u00e5lslund. (Foto: H\u00e5kan Johansson)\n\t\t\t\t<\/dd><\/dl><br style=\"clear: both\" \/><dl class='gallery-item'>\n\t\t\t<dt class='gallery-icon portrait'>\n\t\t\t\t<a href='https:\/\/wp.kristdemokraterna.se\/hakanjohansson\/2014\/04\/25\/vattenradet-i-varnamo\/20140425-lvr-hakanjohansson\/'><img loading=\"lazy\" decoding=\"async\" width=\"150\" height=\"150\" src=\"https:\/\/wp.kristdemokraterna.se\/hakanjohansson\/files\/2014\/07\/20140425_lvr_hakanjohansson-150x150.jpg\" class=\"attachment-thumbnail size-thumbnail\" alt=\"\u00c4r det jag eller byggare Bob? (Foto: Eskil Svensson)\" aria-describedby=\"gallery-1-894\" \/><\/a>\n\t\t\t<\/dt>\n\t\t\t\t<dd class='wp-caption-text gallery-caption' id='gallery-1-894'>\n\t\t\t\t\u00c4r det jag eller byggare Bob? (Foto: Eskil Svensson)\n\t\t\t\t<\/dd><\/dl>\n\t\t\t<br style='clear: both' \/>\n\t\t<\/div>\n\n","protected":false},"excerpt":{"rendered":"<p>Lagans vattenr\u00e5d hade styrelsem\u00f6te i V\u00e4rnamo i dag. Efter det passade vi p\u00e5 att f\u00f6lja med produktionschef Ronnie Bj\u00f6rkstr\u00f6m f\u00f6r att ta en titt p\u00e5 allt\u00a0som \u00e4r p\u00e5 g\u00e5ng med Lagans vatten i vackra v\u00e4lsk\u00f6tta V\u00e4rnamo.<\/p>\n","protected":false},"author":507,"featured_media":894,"comment_status":"closed","ping_status":"closed","sticky":false,"template":"","format":"standard","meta":{"_acf_changed":false,"footnotes":""},"categories":[41],"tags":[388,202,545,323,319,544,539,540,542,571,541,543,538,5],"class_list":["post-897","post","type-post","status-publish","format-standard","hentry","category-inlagg","tag-abroparken","tag-avloppsreningsverk","tag-centrum","tag-lagan","tag-lagans-vattenrad","tag-oversvamning","tag-palslund","tag-pumpstation","tag-ringvagen","tag-ronnie-bjorkstrom","tag-sankbrunnsteknik","tag-skyddsvall","tag-vackra-valskotta-varnamo","tag-varnamo"],"acf":[],"yoast_head":"<!-- This site is optimized with the Yoast SEO plugin v27.4 - https:\/\/yoast.com\/product\/yoast-seo-wordpress\/ -->\n<title>Vattenr\u00e5det i V\u00e4rnamo - H\u00e5kan Johansson, KD<\/title>\n<meta name=\"robots\" content=\"index, follow, max-snippet:-1, max-image-preview:large, max-video-preview:-1\" \/>\n<link rel=\"canonical\" href=\"https:\/\/wp.kristdemokraterna.se\/hakanjohansson\/2014\/04\/25\/vattenradet-i-varnamo\/\" \/>\n<meta property=\"og:locale\" content=\"sv_SE\" \/>\n<meta property=\"og:type\" content=\"article\" \/>\n<meta property=\"og:title\" content=\"Vattenr\u00e5det i V\u00e4rnamo - H\u00e5kan Johansson, KD\" \/>\n<meta property=\"og:description\" content=\"Lagans vattenr\u00e5d hade styrelsem\u00f6te i V\u00e4rnamo i dag. Efter det passade vi p\u00e5 att f\u00f6lja med produktionschef Ronnie Bj\u00f6rkstr\u00f6m f\u00f6r att ta en titt p\u00e5 allt\u00a0som \u00e4r p\u00e5 g\u00e5ng med Lagans vatten i vackra v\u00e4lsk\u00f6tta V\u00e4rnamo.\" \/>\n<meta property=\"og:url\" content=\"https:\/\/wp.kristdemokraterna.se\/hakanjohansson\/2014\/04\/25\/vattenradet-i-varnamo\/\" \/>\n<meta property=\"og:site_name\" content=\"H\u00e5kan Johansson, KD\" \/>\n<meta property=\"article:published_time\" content=\"2014-04-25T11:47:55+00:00\" \/>\n<meta property=\"article:modified_time\" content=\"2015-07-13T18:17:56+00:00\" \/>\n<meta property=\"og:image\" content=\"https:\/\/wp.kristdemokraterna.se\/hakanjohansson\/files\/2014\/07\/20140425_lvr_hakanjohansson.jpg\" \/>\n\t<meta property=\"og:image:width\" content=\"398\" \/>\n\t<meta property=\"og:image:height\" content=\"425\" \/>\n\t<meta property=\"og:image:type\" content=\"image\/jpeg\" \/>\n<meta name=\"author\" content=\"H\u00e5kan Johansson\" \/>\n<meta name=\"twitter:card\" content=\"summary_large_image\" \/>\n<meta name=\"twitter:label1\" content=\"Skriven av\" \/>\n\t<meta name=\"twitter:data1\" content=\"H\u00e5kan Johansson\" \/>\n\t<meta name=\"twitter:label2\" content=\"Ber\u00e4knad l\u00e4stid\" \/>\n\t<meta name=\"twitter:data2\" content=\"1 minut\" \/>\n<script type=\"application\/ld+json\" class=\"yoast-schema-graph\">{\"@context\":\"https:\\\/\\\/schema.org\",\"@graph\":[{\"@type\":\"Article\",\"@id\":\"https:\\\/\\\/wp.kristdemokraterna.se\\\/hakanjohansson\\\/2014\\\/04\\\/25\\\/vattenradet-i-varnamo\\\/#article\",\"isPartOf\":{\"@id\":\"https:\\\/\\\/wp.kristdemokraterna.se\\\/hakanjohansson\\\/2014\\\/04\\\/25\\\/vattenradet-i-varnamo\\\/\"},\"author\":{\"name\":\"H\u00e5kan Johansson\",\"@id\":\"https:\\\/\\\/wp.kristdemokraterna.se\\\/hakanjohansson\\\/#\\\/schema\\\/person\\\/1ebb24d2d3a4cdd92106ea18359c8b63\"},\"headline\":\"Vattenr\u00e5det i V\u00e4rnamo\",\"datePublished\":\"2014-04-25T11:47:55+00:00\",\"dateModified\":\"2015-07-13T18:17:56+00:00\",\"mainEntityOfPage\":{\"@id\":\"https:\\\/\\\/wp.kristdemokraterna.se\\\/hakanjohansson\\\/2014\\\/04\\\/25\\\/vattenradet-i-varnamo\\\/\"},\"wordCount\":186,\"image\":{\"@id\":\"https:\\\/\\\/wp.kristdemokraterna.se\\\/hakanjohansson\\\/2014\\\/04\\\/25\\\/vattenradet-i-varnamo\\\/#primaryimage\"},\"thumbnailUrl\":\"https:\\\/\\\/wp.kristdemokraterna.se\\\/hakanjohansson\\\/files\\\/2014\\\/07\\\/20140425_lvr_hakanjohansson.jpg\",\"keywords\":[\"\u00c5broparken\",\"avloppsreningsverk\",\"centrum\",\"Lagan\",\"Lagans vattenr\u00e5d\",\"\u00f6versv\u00e4mning\",\"P\u00e5lslund\",\"pumpstation\",\"Ringv\u00e4gen\",\"Ronnie Bj\u00f6rkstr\u00f6m\",\"s\u00e4nkbrunnsteknik\",\"skyddsvall\",\"vackra v\u00e4lsk\u00f6tta V\u00e4rnamo\",\"V\u00e4rnamo\"],\"articleSection\":[\"Inl\u00e4gg\"],\"inLanguage\":\"sv-SE\"},{\"@type\":\"WebPage\",\"@id\":\"https:\\\/\\\/wp.kristdemokraterna.se\\\/hakanjohansson\\\/2014\\\/04\\\/25\\\/vattenradet-i-varnamo\\\/\",\"url\":\"https:\\\/\\\/wp.kristdemokraterna.se\\\/hakanjohansson\\\/2014\\\/04\\\/25\\\/vattenradet-i-varnamo\\\/\",\"name\":\"Vattenr\u00e5det i V\u00e4rnamo - H\u00e5kan Johansson, KD\",\"isPartOf\":{\"@id\":\"https:\\\/\\\/wp.kristdemokraterna.se\\\/hakanjohansson\\\/#website\"},\"primaryImageOfPage\":{\"@id\":\"https:\\\/\\\/wp.kristdemokraterna.se\\\/hakanjohansson\\\/2014\\\/04\\\/25\\\/vattenradet-i-varnamo\\\/#primaryimage\"},\"image\":{\"@id\":\"https:\\\/\\\/wp.kristdemokraterna.se\\\/hakanjohansson\\\/2014\\\/04\\\/25\\\/vattenradet-i-varnamo\\\/#primaryimage\"},\"thumbnailUrl\":\"https:\\\/\\\/wp.kristdemokraterna.se\\\/hakanjohansson\\\/files\\\/2014\\\/07\\\/20140425_lvr_hakanjohansson.jpg\",\"datePublished\":\"2014-04-25T11:47:55+00:00\",\"dateModified\":\"2015-07-13T18:17:56+00:00\",\"author\":{\"@id\":\"https:\\\/\\\/wp.kristdemokraterna.se\\\/hakanjohansson\\\/#\\\/schema\\\/person\\\/1ebb24d2d3a4cdd92106ea18359c8b63\"},\"breadcrumb\":{\"@id\":\"https:\\\/\\\/wp.kristdemokraterna.se\\\/hakanjohansson\\\/2014\\\/04\\\/25\\\/vattenradet-i-varnamo\\\/#breadcrumb\"},\"inLanguage\":\"sv-SE\",\"potentialAction\":[{\"@type\":\"ReadAction\",\"target\":[\"https:\\\/\\\/wp.kristdemokraterna.se\\\/hakanjohansson\\\/2014\\\/04\\\/25\\\/vattenradet-i-varnamo\\\/\"]}]},{\"@type\":\"ImageObject\",\"inLanguage\":\"sv-SE\",\"@id\":\"https:\\\/\\\/wp.kristdemokraterna.se\\\/hakanjohansson\\\/2014\\\/04\\\/25\\\/vattenradet-i-varnamo\\\/#primaryimage\",\"url\":\"https:\\\/\\\/wp.kristdemokraterna.se\\\/hakanjohansson\\\/files\\\/2014\\\/07\\\/20140425_lvr_hakanjohansson.jpg\",\"contentUrl\":\"https:\\\/\\\/wp.kristdemokraterna.se\\\/hakanjohansson\\\/files\\\/2014\\\/07\\\/20140425_lvr_hakanjohansson.jpg\",\"width\":398,\"height\":425,\"caption\":\"\u00c4r det jag eller byggare Bob? (Foto: Eskil Svensson)\"},{\"@type\":\"BreadcrumbList\",\"@id\":\"https:\\\/\\\/wp.kristdemokraterna.se\\\/hakanjohansson\\\/2014\\\/04\\\/25\\\/vattenradet-i-varnamo\\\/#breadcrumb\",\"itemListElement\":[{\"@type\":\"ListItem\",\"position\":1,\"name\":\"Hem\",\"item\":\"https:\\\/\\\/wp.kristdemokraterna.se\\\/hakanjohansson\\\/\"},{\"@type\":\"ListItem\",\"position\":2,\"name\":\"Vattenr\u00e5det i V\u00e4rnamo\"}]},{\"@type\":\"WebSite\",\"@id\":\"https:\\\/\\\/wp.kristdemokraterna.se\\\/hakanjohansson\\\/#website\",\"url\":\"https:\\\/\\\/wp.kristdemokraterna.se\\\/hakanjohansson\\\/\",\"name\":\"H\u00e5kan Johansson, KD\",\"description\":\"Politik, musik och teknik...\",\"inLanguage\":\"sv-SE\"},{\"@type\":\"Person\",\"@id\":\"https:\\\/\\\/wp.kristdemokraterna.se\\\/hakanjohansson\\\/#\\\/schema\\\/person\\\/1ebb24d2d3a4cdd92106ea18359c8b63\",\"name\":\"H\u00e5kan Johansson\",\"image\":{\"@type\":\"ImageObject\",\"inLanguage\":\"sv-SE\",\"@id\":\"https:\\\/\\\/secure.gravatar.com\\\/avatar\\\/2f492f08c4bdc714d7db0d433c48b51adbc8f67dd2112ac3a50d66d0d1ddd173?s=96&r=g\",\"url\":\"https:\\\/\\\/secure.gravatar.com\\\/avatar\\\/2f492f08c4bdc714d7db0d433c48b51adbc8f67dd2112ac3a50d66d0d1ddd173?s=96&r=g\",\"contentUrl\":\"https:\\\/\\\/secure.gravatar.com\\\/avatar\\\/2f492f08c4bdc714d7db0d433c48b51adbc8f67dd2112ac3a50d66d0d1ddd173?s=96&r=g\",\"caption\":\"H\u00e5kan Johansson\"},\"description\":\"Politik, musik och teknik...\",\"sameAs\":[\"https:\\\/\\\/wp.kristdemokraterna.se\\\/hakanjohansson\"],\"url\":\"https:\\\/\\\/wp.kristdemokraterna.se\\\/hakanjohansson\\\/author\\\/hakanjohansson\\\/\"}]}<\/script>\n<!-- \/ Yoast SEO plugin. -->","yoast_head_json":{"title":"Vattenr\u00e5det i V\u00e4rnamo - H\u00e5kan Johansson, KD","robots":{"index":"index","follow":"follow","max-snippet":"max-snippet:-1","max-image-preview":"max-image-preview:large","max-video-preview":"max-video-preview:-1"},"canonical":"https:\/\/wp.kristdemokraterna.se\/hakanjohansson\/2014\/04\/25\/vattenradet-i-varnamo\/","og_locale":"sv_SE","og_type":"article","og_title":"Vattenr\u00e5det i V\u00e4rnamo - H\u00e5kan Johansson, KD","og_description":"Lagans vattenr\u00e5d hade styrelsem\u00f6te i V\u00e4rnamo i dag. Efter det passade vi p\u00e5 att f\u00f6lja med produktionschef Ronnie Bj\u00f6rkstr\u00f6m f\u00f6r att ta en titt p\u00e5 allt\u00a0som \u00e4r p\u00e5 g\u00e5ng med Lagans vatten i vackra v\u00e4lsk\u00f6tta V\u00e4rnamo.","og_url":"https:\/\/wp.kristdemokraterna.se\/hakanjohansson\/2014\/04\/25\/vattenradet-i-varnamo\/","og_site_name":"H\u00e5kan Johansson, KD","article_published_time":"2014-04-25T11:47:55+00:00","article_modified_time":"2015-07-13T18:17:56+00:00","og_image":[{"width":398,"height":425,"url":"https:\/\/wp.kristdemokraterna.se\/hakanjohansson\/files\/2014\/07\/20140425_lvr_hakanjohansson.jpg","type":"image\/jpeg"}],"author":"H\u00e5kan Johansson","twitter_card":"summary_large_image","twitter_misc":{"Skriven av":"H\u00e5kan Johansson","Ber\u00e4knad l\u00e4stid":"1 minut"},"schema":{"@context":"https:\/\/schema.org","@graph":[{"@type":"Article","@id":"https:\/\/wp.kristdemokraterna.se\/hakanjohansson\/2014\/04\/25\/vattenradet-i-varnamo\/#article","isPartOf":{"@id":"https:\/\/wp.kristdemokraterna.se\/hakanjohansson\/2014\/04\/25\/vattenradet-i-varnamo\/"},"author":{"name":"H\u00e5kan Johansson","@id":"https:\/\/wp.kristdemokraterna.se\/hakanjohansson\/#\/schema\/person\/1ebb24d2d3a4cdd92106ea18359c8b63"},"headline":"Vattenr\u00e5det i V\u00e4rnamo","datePublished":"2014-04-25T11:47:55+00:00","dateModified":"2015-07-13T18:17:56+00:00","mainEntityOfPage":{"@id":"https:\/\/wp.kristdemokraterna.se\/hakanjohansson\/2014\/04\/25\/vattenradet-i-varnamo\/"},"wordCount":186,"image":{"@id":"https:\/\/wp.kristdemokraterna.se\/hakanjohansson\/2014\/04\/25\/vattenradet-i-varnamo\/#primaryimage"},"thumbnailUrl":"https:\/\/wp.kristdemokraterna.se\/hakanjohansson\/files\/2014\/07\/20140425_lvr_hakanjohansson.jpg","keywords":["\u00c5broparken","avloppsreningsverk","centrum","Lagan","Lagans vattenr\u00e5d","\u00f6versv\u00e4mning","P\u00e5lslund","pumpstation","Ringv\u00e4gen","Ronnie Bj\u00f6rkstr\u00f6m","s\u00e4nkbrunnsteknik","skyddsvall","vackra v\u00e4lsk\u00f6tta V\u00e4rnamo","V\u00e4rnamo"],"articleSection":["Inl\u00e4gg"],"inLanguage":"sv-SE"},{"@type":"WebPage","@id":"https:\/\/wp.kristdemokraterna.se\/hakanjohansson\/2014\/04\/25\/vattenradet-i-varnamo\/","url":"https:\/\/wp.kristdemokraterna.se\/hakanjohansson\/2014\/04\/25\/vattenradet-i-varnamo\/","name":"Vattenr\u00e5det i V\u00e4rnamo - H\u00e5kan Johansson, KD","isPartOf":{"@id":"https:\/\/wp.kristdemokraterna.se\/hakanjohansson\/#website"},"primaryImageOfPage":{"@id":"https:\/\/wp.kristdemokraterna.se\/hakanjohansson\/2014\/04\/25\/vattenradet-i-varnamo\/#primaryimage"},"image":{"@id":"https:\/\/wp.kristdemokraterna.se\/hakanjohansson\/2014\/04\/25\/vattenradet-i-varnamo\/#primaryimage"},"thumbnailUrl":"https:\/\/wp.kristdemokraterna.se\/hakanjohansson\/files\/2014\/07\/20140425_lvr_hakanjohansson.jpg","datePublished":"2014-04-25T11:47:55+00:00","dateModified":"2015-07-13T18:17:56+00:00","author":{"@id":"https:\/\/wp.kristdemokraterna.se\/hakanjohansson\/#\/schema\/person\/1ebb24d2d3a4cdd92106ea18359c8b63"},"breadcrumb":{"@id":"https:\/\/wp.kristdemokraterna.se\/hakanjohansson\/2014\/04\/25\/vattenradet-i-varnamo\/#breadcrumb"},"inLanguage":"sv-SE","potentialAction":[{"@type":"ReadAction","target":["https:\/\/wp.kristdemokraterna.se\/hakanjohansson\/2014\/04\/25\/vattenradet-i-varnamo\/"]}]},{"@type":"ImageObject","inLanguage":"sv-SE","@id":"https:\/\/wp.kristdemokraterna.se\/hakanjohansson\/2014\/04\/25\/vattenradet-i-varnamo\/#primaryimage","url":"https:\/\/wp.kristdemokraterna.se\/hakanjohansson\/files\/2014\/07\/20140425_lvr_hakanjohansson.jpg","contentUrl":"https:\/\/wp.kristdemokraterna.se\/hakanjohansson\/files\/2014\/07\/20140425_lvr_hakanjohansson.jpg","width":398,"height":425,"caption":"\u00c4r det jag eller byggare Bob? (Foto: Eskil Svensson)"},{"@type":"BreadcrumbList","@id":"https:\/\/wp.kristdemokraterna.se\/hakanjohansson\/2014\/04\/25\/vattenradet-i-varnamo\/#breadcrumb","itemListElement":[{"@type":"ListItem","position":1,"name":"Hem","item":"https:\/\/wp.kristdemokraterna.se\/hakanjohansson\/"},{"@type":"ListItem","position":2,"name":"Vattenr\u00e5det i V\u00e4rnamo"}]},{"@type":"WebSite","@id":"https:\/\/wp.kristdemokraterna.se\/hakanjohansson\/#website","url":"https:\/\/wp.kristdemokraterna.se\/hakanjohansson\/","name":"H\u00e5kan Johansson, KD","description":"Politik, musik och teknik...","inLanguage":"sv-SE"},{"@type":"Person","@id":"https:\/\/wp.kristdemokraterna.se\/hakanjohansson\/#\/schema\/person\/1ebb24d2d3a4cdd92106ea18359c8b63","name":"H\u00e5kan Johansson","image":{"@type":"ImageObject","inLanguage":"sv-SE","@id":"https:\/\/secure.gravatar.com\/avatar\/2f492f08c4bdc714d7db0d433c48b51adbc8f67dd2112ac3a50d66d0d1ddd173?s=96&r=g","url":"https:\/\/secure.gravatar.com\/avatar\/2f492f08c4bdc714d7db0d433c48b51adbc8f67dd2112ac3a50d66d0d1ddd173?s=96&r=g","contentUrl":"https:\/\/secure.gravatar.com\/avatar\/2f492f08c4bdc714d7db0d433c48b51adbc8f67dd2112ac3a50d66d0d1ddd173?s=96&r=g","caption":"H\u00e5kan Johansson"},"description":"Politik, musik och teknik...","sameAs":["https:\/\/wp.kristdemokraterna.se\/hakanjohansson"],"url":"https:\/\/wp.kristdemokraterna.se\/hakanjohansson\/author\/hakanjohansson\/"}]}},"_links":{"self":[{"href":"https:\/\/wp.kristdemokraterna.se\/hakanjohansson\/wp-json\/wp\/v2\/posts\/897","targetHints":{"allow":["GET"]}}],"collection":[{"href":"https:\/\/wp.kristdemokraterna.se\/hakanjohansson\/wp-json\/wp\/v2\/posts"}],"about":[{"href":"https:\/\/wp.kristdemokraterna.se\/hakanjohansson\/wp-json\/wp\/v2\/types\/post"}],"author":[{"embeddable":true,"href":"https:\/\/wp.kristdemokraterna.se\/hakanjohansson\/wp-json\/wp\/v2\/users\/507"}],"replies":[{"embeddable":true,"href":"https:\/\/wp.kristdemokraterna.se\/hakanjohansson\/wp-json\/wp\/v2\/comments?post=897"}],"version-history":[{"count":6,"href":"https:\/\/wp.kristdemokraterna.se\/hakanjohansson\/wp-json\/wp\/v2\/posts\/897\/revisions"}],"predecessor-version":[{"id":2113,"href":"https:\/\/wp.kristdemokraterna.se\/hakanjohansson\/wp-json\/wp\/v2\/posts\/897\/revisions\/2113"}],"wp:featuredmedia":[{"embeddable":true,"href":"https:\/\/wp.kristdemokraterna.se\/hakanjohansson\/wp-json\/wp\/v2\/media\/894"}],"wp:attachment":[{"href":"https:\/\/wp.kristdemokraterna.se\/hakanjohansson\/wp-json\/wp\/v2\/media?parent=897"}],"wp:term":[{"taxonomy":"category","embeddable":true,"href":"https:\/\/wp.kristdemokraterna.se\/hakanjohansson\/wp-json\/wp\/v2\/categories?post=897"},{"taxonomy":"post_tag","embeddable":true,"href":"https:\/\/wp.kristdemokraterna.se\/hakanjohansson\/wp-json\/wp\/v2\/tags?post=897"}],"curies":[{"name":"wp","href":"https:\/\/api.w.org\/{rel}","templated":true}]}}