{"id":909,"date":"2014-04-30T16:06:59","date_gmt":"2014-04-30T14:06:59","guid":{"rendered":"http:\/\/wp.kristdemokraterna.se\/hakanjohansson\/?p=909"},"modified":"2015-07-13T20:11:01","modified_gmt":"2015-07-13T18:11:01","slug":"pa-skolinformation","status":"publish","type":"post","link":"https:\/\/wp.kristdemokraterna.se\/hakanjohansson\/2014\/04\/30\/pa-skolinformation\/","title":{"rendered":"P\u00e5 skolinformation"},"content":{"rendered":"<p>Hur firar man Valborgsm\u00e4ssoafton b\u00e4st? Med att delta i en skolinformation f\u00f6rst\u00e5s! N\u00e4r jag var yngre brukade jag ofta vara med p\u00e5 skolinformationer, oftast i klassrum, men nu \u00e4r det l\u00e4nge sedan. D\u00e4rf\u00f6r blev jag extra glad n\u00e4r Carl Cunningham, ombudsman f\u00f6r KDU i J\u00f6nk\u00f6pings l\u00e4n, ringde upp mig f\u00f6r ett tag sedan och fr\u00e5gade om jag kunde vara med en dag p\u00e5 Finnvedens gymnasium h\u00e4r i V\u00e4rnamo.<\/p>\n<p><!--more--><\/p>\n<p>Uppl\u00e4gget var ambiti\u00f6st &#8211; presentation av partiet med\u00a0fr\u00e5gor och debatt efter det i en miniaula med tv\u00e5 till tre klasser under 60-80 minuter. Jag tycker att jag och mina allianskollegor Anton Eriksson (MUF) och Eric Luth (CUF) stod oss v\u00e4l\u00a0gentemot oppositionens\u00a0Bj\u00f6rn Dahlb\u00e4ck (S) och\u00a0<span style=\"color: #111322\">Johan Nissinen (SD). Det viktigaste \u00e4r naturligtvis \u00e4nd\u00e5 att eleverna fick en bra genomg\u00e5ng av de olika partierna och m\u00f6jlighet att st\u00e4lla sina egna fr\u00e5gor.<\/span><\/p>\n<p><span style=\"color: #111322\">Efter ett av passen kom det fram n\u00e5gra elever som ville veta varf\u00f6r vi heter Kristdemokraterna. D\u00e5 f\u00f6rklarade jag att vi bygger p\u00e5 en kristen v\u00e4rdegrund och utifr\u00e5n det formar vi en politik d\u00e4r m\u00e4nniskov\u00e4rdet \u00e4r det viktigaste och att ge barn och unga s\u00e5 bra uppv\u00e4xtvillkor som m\u00f6jligt \u00e4r den b\u00e4sta v\u00e4gen till det m\u00e5let. De sade att de kommer att r\u00f6sta p\u00e5 Kristdemokraterna. \ud83d\ude00<\/span><\/p>\n","protected":false},"excerpt":{"rendered":"<p>Hur firar man Valborgsm\u00e4ssoafton b\u00e4st? Med att delta i en skolinformation f\u00f6rst\u00e5s! N\u00e4r jag var yngre brukade jag ofta vara med p\u00e5 skolinformationer, oftast i klassrum, men nu \u00e4r det l\u00e4nge sedan. D\u00e4rf\u00f6r blev jag extra glad n\u00e4r Carl Cunningham, ombudsman f\u00f6r KDU i J\u00f6nk\u00f6pings l\u00e4n, ringde upp mig f\u00f6r ett tag sedan och fr\u00e5gade&hellip; <a class=\"read-more-link\" href=\"https:\/\/wp.kristdemokraterna.se\/hakanjohansson\/2014\/04\/30\/pa-skolinformation\/\">Forts\u00e4tt l\u00e4sa<\/a><\/p>\n","protected":false},"author":507,"featured_media":123,"comment_status":"closed","ping_status":"closed","sticky":false,"template":"","format":"standard","meta":{"_acf_changed":false,"footnotes":""},"categories":[41],"tags":[152,557,259,559,552,392,288,390,554,556,561,25,386,32,162,56,558,553,266,555,560,562,551,550,65,5],"class_list":["post-909","post","type-post","status-publish","format-standard","hentry","category-inlagg","tag-alliansen","tag-anton-eriksson","tag-barns-och-ungas-uppvaxtvillkor","tag-bjorn-dahlback","tag-carl-cunningham","tag-cuf","tag-debatt-2","tag-eric-luth","tag-finnvedens-gymnasium","tag-fragor","tag-johan-nissinen","tag-jonkopings-lan","tag-kdu","tag-kristdemokraterna","tag-kristen","tag-manniskovarde","tag-muf","tag-ombudsman","tag-politik","tag-presentation","tag-s","tag-sd","tag-skolinformation","tag-valborgsmassoafton","tag-vardegrund","tag-varnamo"],"acf":[],"yoast_head":"<!-- This site is optimized with the Yoast SEO plugin v27.4 - https:\/\/yoast.com\/product\/yoast-seo-wordpress\/ -->\n<title>P\u00e5 skolinformation - H\u00e5kan Johansson, KD<\/title>\n<meta name=\"robots\" content=\"index, follow, max-snippet:-1, max-image-preview:large, max-video-preview:-1\" \/>\n<link rel=\"canonical\" href=\"https:\/\/wp.kristdemokraterna.se\/hakanjohansson\/2014\/04\/30\/pa-skolinformation\/\" \/>\n<meta property=\"og:locale\" content=\"sv_SE\" \/>\n<meta property=\"og:type\" content=\"article\" \/>\n<meta property=\"og:title\" content=\"P\u00e5 skolinformation - H\u00e5kan Johansson, KD\" \/>\n<meta property=\"og:description\" content=\"Hur firar man Valborgsm\u00e4ssoafton b\u00e4st? Med att delta i en skolinformation f\u00f6rst\u00e5s! N\u00e4r jag var yngre brukade jag ofta vara med p\u00e5 skolinformationer, oftast i klassrum, men nu \u00e4r det l\u00e4nge sedan. D\u00e4rf\u00f6r blev jag extra glad n\u00e4r Carl Cunningham, ombudsman f\u00f6r KDU i J\u00f6nk\u00f6pings l\u00e4n, ringde upp mig f\u00f6r ett tag sedan och fr\u00e5gade&hellip; Forts\u00e4tt l\u00e4sa\" \/>\n<meta property=\"og:url\" content=\"https:\/\/wp.kristdemokraterna.se\/hakanjohansson\/2014\/04\/30\/pa-skolinformation\/\" \/>\n<meta property=\"og:site_name\" content=\"H\u00e5kan Johansson, KD\" \/>\n<meta property=\"article:published_time\" content=\"2014-04-30T14:06:59+00:00\" \/>\n<meta property=\"article:modified_time\" content=\"2015-07-13T18:11:01+00:00\" \/>\n<meta property=\"og:image\" content=\"https:\/\/wp.kristdemokraterna.se\/hakanjohansson\/files\/2014\/06\/hakan_johansson_2013.png\" \/>\n\t<meta property=\"og:image:width\" content=\"256\" \/>\n\t<meta property=\"og:image:height\" content=\"300\" \/>\n\t<meta property=\"og:image:type\" content=\"image\/png\" \/>\n<meta name=\"author\" content=\"H\u00e5kan Johansson\" \/>\n<meta name=\"twitter:card\" content=\"summary_large_image\" \/>\n<meta name=\"twitter:label1\" content=\"Skriven av\" \/>\n\t<meta name=\"twitter:data1\" content=\"H\u00e5kan Johansson\" \/>\n\t<meta name=\"twitter:label2\" content=\"Ber\u00e4knad l\u00e4stid\" \/>\n\t<meta name=\"twitter:data2\" content=\"1 minut\" \/>\n<script type=\"application\/ld+json\" class=\"yoast-schema-graph\">{\"@context\":\"https:\\\/\\\/schema.org\",\"@graph\":[{\"@type\":\"Article\",\"@id\":\"https:\\\/\\\/wp.kristdemokraterna.se\\\/hakanjohansson\\\/2014\\\/04\\\/30\\\/pa-skolinformation\\\/#article\",\"isPartOf\":{\"@id\":\"https:\\\/\\\/wp.kristdemokraterna.se\\\/hakanjohansson\\\/2014\\\/04\\\/30\\\/pa-skolinformation\\\/\"},\"author\":{\"name\":\"H\u00e5kan Johansson\",\"@id\":\"https:\\\/\\\/wp.kristdemokraterna.se\\\/hakanjohansson\\\/#\\\/schema\\\/person\\\/1ebb24d2d3a4cdd92106ea18359c8b63\"},\"headline\":\"P\u00e5 skolinformation\",\"datePublished\":\"2014-04-30T14:06:59+00:00\",\"dateModified\":\"2015-07-13T18:11:01+00:00\",\"mainEntityOfPage\":{\"@id\":\"https:\\\/\\\/wp.kristdemokraterna.se\\\/hakanjohansson\\\/2014\\\/04\\\/30\\\/pa-skolinformation\\\/\"},\"wordCount\":249,\"image\":{\"@id\":\"https:\\\/\\\/wp.kristdemokraterna.se\\\/hakanjohansson\\\/2014\\\/04\\\/30\\\/pa-skolinformation\\\/#primaryimage\"},\"thumbnailUrl\":\"https:\\\/\\\/wp.kristdemokraterna.se\\\/hakanjohansson\\\/files\\\/2014\\\/06\\\/hakan_johansson_2013.png\",\"keywords\":[\"Alliansen\",\"Anton Eriksson\",\"barns och ungas uppv\u00e4xtvillkor\",\"Bj\u00f6rn Dahlb\u00e4ck\",\"Carl Cunningham\",\"CUF\",\"debatt\",\"Eric Luth\",\"Finnvedens gymnasium\",\"fr\u00e5gor\",\"Johan Nissinen\",\"J\u00f6nk\u00f6pings l\u00e4n\",\"KDU\",\"Kristdemokraterna\",\"kristen\",\"m\u00e4nniskov\u00e4rde\",\"MUF\",\"ombudsman\",\"politik\",\"presentation\",\"S\",\"SD\",\"skolinformation\",\"Valborgsm\u00e4ssoafton\",\"v\u00e4rdegrund\",\"V\u00e4rnamo\"],\"articleSection\":[\"Inl\u00e4gg\"],\"inLanguage\":\"sv-SE\"},{\"@type\":\"WebPage\",\"@id\":\"https:\\\/\\\/wp.kristdemokraterna.se\\\/hakanjohansson\\\/2014\\\/04\\\/30\\\/pa-skolinformation\\\/\",\"url\":\"https:\\\/\\\/wp.kristdemokraterna.se\\\/hakanjohansson\\\/2014\\\/04\\\/30\\\/pa-skolinformation\\\/\",\"name\":\"P\u00e5 skolinformation - H\u00e5kan Johansson, KD\",\"isPartOf\":{\"@id\":\"https:\\\/\\\/wp.kristdemokraterna.se\\\/hakanjohansson\\\/#website\"},\"primaryImageOfPage\":{\"@id\":\"https:\\\/\\\/wp.kristdemokraterna.se\\\/hakanjohansson\\\/2014\\\/04\\\/30\\\/pa-skolinformation\\\/#primaryimage\"},\"image\":{\"@id\":\"https:\\\/\\\/wp.kristdemokraterna.se\\\/hakanjohansson\\\/2014\\\/04\\\/30\\\/pa-skolinformation\\\/#primaryimage\"},\"thumbnailUrl\":\"https:\\\/\\\/wp.kristdemokraterna.se\\\/hakanjohansson\\\/files\\\/2014\\\/06\\\/hakan_johansson_2013.png\",\"datePublished\":\"2014-04-30T14:06:59+00:00\",\"dateModified\":\"2015-07-13T18:11:01+00:00\",\"author\":{\"@id\":\"https:\\\/\\\/wp.kristdemokraterna.se\\\/hakanjohansson\\\/#\\\/schema\\\/person\\\/1ebb24d2d3a4cdd92106ea18359c8b63\"},\"breadcrumb\":{\"@id\":\"https:\\\/\\\/wp.kristdemokraterna.se\\\/hakanjohansson\\\/2014\\\/04\\\/30\\\/pa-skolinformation\\\/#breadcrumb\"},\"inLanguage\":\"sv-SE\",\"potentialAction\":[{\"@type\":\"ReadAction\",\"target\":[\"https:\\\/\\\/wp.kristdemokraterna.se\\\/hakanjohansson\\\/2014\\\/04\\\/30\\\/pa-skolinformation\\\/\"]}]},{\"@type\":\"ImageObject\",\"inLanguage\":\"sv-SE\",\"@id\":\"https:\\\/\\\/wp.kristdemokraterna.se\\\/hakanjohansson\\\/2014\\\/04\\\/30\\\/pa-skolinformation\\\/#primaryimage\",\"url\":\"https:\\\/\\\/wp.kristdemokraterna.se\\\/hakanjohansson\\\/files\\\/2014\\\/06\\\/hakan_johansson_2013.png\",\"contentUrl\":\"https:\\\/\\\/wp.kristdemokraterna.se\\\/hakanjohansson\\\/files\\\/2014\\\/06\\\/hakan_johansson_2013.png\",\"width\":256,\"height\":300,\"caption\":\"H\u00e5kan Johansson, Kristdemokraterna V\u00e4rnamo. (Foto: Lennart Molin)\"},{\"@type\":\"BreadcrumbList\",\"@id\":\"https:\\\/\\\/wp.kristdemokraterna.se\\\/hakanjohansson\\\/2014\\\/04\\\/30\\\/pa-skolinformation\\\/#breadcrumb\",\"itemListElement\":[{\"@type\":\"ListItem\",\"position\":1,\"name\":\"Hem\",\"item\":\"https:\\\/\\\/wp.kristdemokraterna.se\\\/hakanjohansson\\\/\"},{\"@type\":\"ListItem\",\"position\":2,\"name\":\"P\u00e5 skolinformation\"}]},{\"@type\":\"WebSite\",\"@id\":\"https:\\\/\\\/wp.kristdemokraterna.se\\\/hakanjohansson\\\/#website\",\"url\":\"https:\\\/\\\/wp.kristdemokraterna.se\\\/hakanjohansson\\\/\",\"name\":\"H\u00e5kan Johansson, KD\",\"description\":\"Politik, musik och teknik...\",\"inLanguage\":\"sv-SE\"},{\"@type\":\"Person\",\"@id\":\"https:\\\/\\\/wp.kristdemokraterna.se\\\/hakanjohansson\\\/#\\\/schema\\\/person\\\/1ebb24d2d3a4cdd92106ea18359c8b63\",\"name\":\"H\u00e5kan Johansson\",\"image\":{\"@type\":\"ImageObject\",\"inLanguage\":\"sv-SE\",\"@id\":\"https:\\\/\\\/secure.gravatar.com\\\/avatar\\\/2f492f08c4bdc714d7db0d433c48b51adbc8f67dd2112ac3a50d66d0d1ddd173?s=96&r=g\",\"url\":\"https:\\\/\\\/secure.gravatar.com\\\/avatar\\\/2f492f08c4bdc714d7db0d433c48b51adbc8f67dd2112ac3a50d66d0d1ddd173?s=96&r=g\",\"contentUrl\":\"https:\\\/\\\/secure.gravatar.com\\\/avatar\\\/2f492f08c4bdc714d7db0d433c48b51adbc8f67dd2112ac3a50d66d0d1ddd173?s=96&r=g\",\"caption\":\"H\u00e5kan Johansson\"},\"description\":\"Politik, musik och teknik...\",\"sameAs\":[\"https:\\\/\\\/wp.kristdemokraterna.se\\\/hakanjohansson\"],\"url\":\"https:\\\/\\\/wp.kristdemokraterna.se\\\/hakanjohansson\\\/author\\\/hakanjohansson\\\/\"}]}<\/script>\n<!-- \/ Yoast SEO plugin. -->","yoast_head_json":{"title":"P\u00e5 skolinformation - H\u00e5kan Johansson, KD","robots":{"index":"index","follow":"follow","max-snippet":"max-snippet:-1","max-image-preview":"max-image-preview:large","max-video-preview":"max-video-preview:-1"},"canonical":"https:\/\/wp.kristdemokraterna.se\/hakanjohansson\/2014\/04\/30\/pa-skolinformation\/","og_locale":"sv_SE","og_type":"article","og_title":"P\u00e5 skolinformation - H\u00e5kan Johansson, KD","og_description":"Hur firar man Valborgsm\u00e4ssoafton b\u00e4st? Med att delta i en skolinformation f\u00f6rst\u00e5s! N\u00e4r jag var yngre brukade jag ofta vara med p\u00e5 skolinformationer, oftast i klassrum, men nu \u00e4r det l\u00e4nge sedan. D\u00e4rf\u00f6r blev jag extra glad n\u00e4r Carl Cunningham, ombudsman f\u00f6r KDU i J\u00f6nk\u00f6pings l\u00e4n, ringde upp mig f\u00f6r ett tag sedan och fr\u00e5gade&hellip; Forts\u00e4tt l\u00e4sa","og_url":"https:\/\/wp.kristdemokraterna.se\/hakanjohansson\/2014\/04\/30\/pa-skolinformation\/","og_site_name":"H\u00e5kan Johansson, KD","article_published_time":"2014-04-30T14:06:59+00:00","article_modified_time":"2015-07-13T18:11:01+00:00","og_image":[{"width":256,"height":300,"url":"https:\/\/wp.kristdemokraterna.se\/hakanjohansson\/files\/2014\/06\/hakan_johansson_2013.png","type":"image\/png"}],"author":"H\u00e5kan Johansson","twitter_card":"summary_large_image","twitter_misc":{"Skriven av":"H\u00e5kan Johansson","Ber\u00e4knad l\u00e4stid":"1 minut"},"schema":{"@context":"https:\/\/schema.org","@graph":[{"@type":"Article","@id":"https:\/\/wp.kristdemokraterna.se\/hakanjohansson\/2014\/04\/30\/pa-skolinformation\/#article","isPartOf":{"@id":"https:\/\/wp.kristdemokraterna.se\/hakanjohansson\/2014\/04\/30\/pa-skolinformation\/"},"author":{"name":"H\u00e5kan Johansson","@id":"https:\/\/wp.kristdemokraterna.se\/hakanjohansson\/#\/schema\/person\/1ebb24d2d3a4cdd92106ea18359c8b63"},"headline":"P\u00e5 skolinformation","datePublished":"2014-04-30T14:06:59+00:00","dateModified":"2015-07-13T18:11:01+00:00","mainEntityOfPage":{"@id":"https:\/\/wp.kristdemokraterna.se\/hakanjohansson\/2014\/04\/30\/pa-skolinformation\/"},"wordCount":249,"image":{"@id":"https:\/\/wp.kristdemokraterna.se\/hakanjohansson\/2014\/04\/30\/pa-skolinformation\/#primaryimage"},"thumbnailUrl":"https:\/\/wp.kristdemokraterna.se\/hakanjohansson\/files\/2014\/06\/hakan_johansson_2013.png","keywords":["Alliansen","Anton Eriksson","barns och ungas uppv\u00e4xtvillkor","Bj\u00f6rn Dahlb\u00e4ck","Carl Cunningham","CUF","debatt","Eric Luth","Finnvedens gymnasium","fr\u00e5gor","Johan Nissinen","J\u00f6nk\u00f6pings l\u00e4n","KDU","Kristdemokraterna","kristen","m\u00e4nniskov\u00e4rde","MUF","ombudsman","politik","presentation","S","SD","skolinformation","Valborgsm\u00e4ssoafton","v\u00e4rdegrund","V\u00e4rnamo"],"articleSection":["Inl\u00e4gg"],"inLanguage":"sv-SE"},{"@type":"WebPage","@id":"https:\/\/wp.kristdemokraterna.se\/hakanjohansson\/2014\/04\/30\/pa-skolinformation\/","url":"https:\/\/wp.kristdemokraterna.se\/hakanjohansson\/2014\/04\/30\/pa-skolinformation\/","name":"P\u00e5 skolinformation - H\u00e5kan Johansson, KD","isPartOf":{"@id":"https:\/\/wp.kristdemokraterna.se\/hakanjohansson\/#website"},"primaryImageOfPage":{"@id":"https:\/\/wp.kristdemokraterna.se\/hakanjohansson\/2014\/04\/30\/pa-skolinformation\/#primaryimage"},"image":{"@id":"https:\/\/wp.kristdemokraterna.se\/hakanjohansson\/2014\/04\/30\/pa-skolinformation\/#primaryimage"},"thumbnailUrl":"https:\/\/wp.kristdemokraterna.se\/hakanjohansson\/files\/2014\/06\/hakan_johansson_2013.png","datePublished":"2014-04-30T14:06:59+00:00","dateModified":"2015-07-13T18:11:01+00:00","author":{"@id":"https:\/\/wp.kristdemokraterna.se\/hakanjohansson\/#\/schema\/person\/1ebb24d2d3a4cdd92106ea18359c8b63"},"breadcrumb":{"@id":"https:\/\/wp.kristdemokraterna.se\/hakanjohansson\/2014\/04\/30\/pa-skolinformation\/#breadcrumb"},"inLanguage":"sv-SE","potentialAction":[{"@type":"ReadAction","target":["https:\/\/wp.kristdemokraterna.se\/hakanjohansson\/2014\/04\/30\/pa-skolinformation\/"]}]},{"@type":"ImageObject","inLanguage":"sv-SE","@id":"https:\/\/wp.kristdemokraterna.se\/hakanjohansson\/2014\/04\/30\/pa-skolinformation\/#primaryimage","url":"https:\/\/wp.kristdemokraterna.se\/hakanjohansson\/files\/2014\/06\/hakan_johansson_2013.png","contentUrl":"https:\/\/wp.kristdemokraterna.se\/hakanjohansson\/files\/2014\/06\/hakan_johansson_2013.png","width":256,"height":300,"caption":"H\u00e5kan Johansson, Kristdemokraterna V\u00e4rnamo. (Foto: Lennart Molin)"},{"@type":"BreadcrumbList","@id":"https:\/\/wp.kristdemokraterna.se\/hakanjohansson\/2014\/04\/30\/pa-skolinformation\/#breadcrumb","itemListElement":[{"@type":"ListItem","position":1,"name":"Hem","item":"https:\/\/wp.kristdemokraterna.se\/hakanjohansson\/"},{"@type":"ListItem","position":2,"name":"P\u00e5 skolinformation"}]},{"@type":"WebSite","@id":"https:\/\/wp.kristdemokraterna.se\/hakanjohansson\/#website","url":"https:\/\/wp.kristdemokraterna.se\/hakanjohansson\/","name":"H\u00e5kan Johansson, KD","description":"Politik, musik och teknik...","inLanguage":"sv-SE"},{"@type":"Person","@id":"https:\/\/wp.kristdemokraterna.se\/hakanjohansson\/#\/schema\/person\/1ebb24d2d3a4cdd92106ea18359c8b63","name":"H\u00e5kan Johansson","image":{"@type":"ImageObject","inLanguage":"sv-SE","@id":"https:\/\/secure.gravatar.com\/avatar\/2f492f08c4bdc714d7db0d433c48b51adbc8f67dd2112ac3a50d66d0d1ddd173?s=96&r=g","url":"https:\/\/secure.gravatar.com\/avatar\/2f492f08c4bdc714d7db0d433c48b51adbc8f67dd2112ac3a50d66d0d1ddd173?s=96&r=g","contentUrl":"https:\/\/secure.gravatar.com\/avatar\/2f492f08c4bdc714d7db0d433c48b51adbc8f67dd2112ac3a50d66d0d1ddd173?s=96&r=g","caption":"H\u00e5kan Johansson"},"description":"Politik, musik och teknik...","sameAs":["https:\/\/wp.kristdemokraterna.se\/hakanjohansson"],"url":"https:\/\/wp.kristdemokraterna.se\/hakanjohansson\/author\/hakanjohansson\/"}]}},"_links":{"self":[{"href":"https:\/\/wp.kristdemokraterna.se\/hakanjohansson\/wp-json\/wp\/v2\/posts\/909","targetHints":{"allow":["GET"]}}],"collection":[{"href":"https:\/\/wp.kristdemokraterna.se\/hakanjohansson\/wp-json\/wp\/v2\/posts"}],"about":[{"href":"https:\/\/wp.kristdemokraterna.se\/hakanjohansson\/wp-json\/wp\/v2\/types\/post"}],"author":[{"embeddable":true,"href":"https:\/\/wp.kristdemokraterna.se\/hakanjohansson\/wp-json\/wp\/v2\/users\/507"}],"replies":[{"embeddable":true,"href":"https:\/\/wp.kristdemokraterna.se\/hakanjohansson\/wp-json\/wp\/v2\/comments?post=909"}],"version-history":[{"count":4,"href":"https:\/\/wp.kristdemokraterna.se\/hakanjohansson\/wp-json\/wp\/v2\/posts\/909\/revisions"}],"predecessor-version":[{"id":2110,"href":"https:\/\/wp.kristdemokraterna.se\/hakanjohansson\/wp-json\/wp\/v2\/posts\/909\/revisions\/2110"}],"wp:featuredmedia":[{"embeddable":true,"href":"https:\/\/wp.kristdemokraterna.se\/hakanjohansson\/wp-json\/wp\/v2\/media\/123"}],"wp:attachment":[{"href":"https:\/\/wp.kristdemokraterna.se\/hakanjohansson\/wp-json\/wp\/v2\/media?parent=909"}],"wp:term":[{"taxonomy":"category","embeddable":true,"href":"https:\/\/wp.kristdemokraterna.se\/hakanjohansson\/wp-json\/wp\/v2\/categories?post=909"},{"taxonomy":"post_tag","embeddable":true,"href":"https:\/\/wp.kristdemokraterna.se\/hakanjohansson\/wp-json\/wp\/v2\/tags?post=909"}],"curies":[{"name":"wp","href":"https:\/\/api.w.org\/{rel}","templated":true}]}}