{"id":92,"date":"2013-09-01T21:34:09","date_gmt":"2013-09-01T19:34:09","guid":{"rendered":"http:\/\/wp.kristdemokraterna.se\/hakanjohansson\/?p=92"},"modified":"2015-07-13T22:38:24","modified_gmt":"2015-07-13T20:38:24","slug":"nu-startar-jag-en-blogg-har","status":"publish","type":"post","link":"https:\/\/wp.kristdemokraterna.se\/hakanjohansson\/2013\/09\/01\/nu-startar-jag-en-blogg-har\/","title":{"rendered":"Nu startar jag en blogg h\u00e4r"},"content":{"rendered":"<p>Nu\u00a0kan du f\u00f6lja mig i mitt politiska arbete i V\u00e4rnamo kommun p\u00e5 denna webbadress. Jag \u00e4r kommunpolitiker med starkt engagemang\u00a0f\u00f6r milj\u00f6, teknik och kultur. F\u00f6r n\u00e4rvarande \u00e4r jag 1 v ordf i Upphandlingsn\u00e4mnden.\u00a0Jag kommer s\u00e4kert att blogga om mer personliga saker ocks\u00e5. Vi f\u00e5r se helt enkelt! \ud83d\ude42<\/p>\n<p>Varmt v\u00e4lkommen tillbaka!<\/p>\n<p style=\"text-align: right\"><em>\/H\u00e5kan<\/em><\/p>\n","protected":false},"excerpt":{"rendered":"<p>Nu\u00a0kan du f\u00f6lja mig i mitt politiska arbete i V\u00e4rnamo kommun p\u00e5 denna webbadress. Jag \u00e4r kommunpolitiker med starkt engagemang\u00a0f\u00f6r milj\u00f6, teknik och kultur. F\u00f6r n\u00e4rvarande \u00e4r jag 1 v ordf i Upphandlingsn\u00e4mnden.\u00a0Jag kommer s\u00e4kert att blogga om mer personliga saker ocks\u00e5. Vi f\u00e5r se helt enkelt! \ud83d\ude42 Varmt v\u00e4lkommen tillbaka! \/H\u00e5kan<\/p>\n","protected":false},"author":507,"featured_media":66,"comment_status":"closed","ping_status":"closed","sticky":false,"template":"","format":"standard","meta":{"_acf_changed":false,"footnotes":""},"categories":[41],"tags":[28,8,9,29,26],"class_list":["post-92","post","type-post","status-publish","format-standard","hentry","category-inlagg","tag-kultur","tag-miljo","tag-teknik","tag-upphandlingsnamnden","tag-varnamo-kommun"],"acf":[],"yoast_head":"<!-- This site is optimized with the Yoast SEO plugin v27.4 - https:\/\/yoast.com\/product\/yoast-seo-wordpress\/ -->\n<title>Nu startar jag en blogg h\u00e4r - H\u00e5kan Johansson, KD<\/title>\n<meta name=\"robots\" content=\"index, follow, max-snippet:-1, max-image-preview:large, max-video-preview:-1\" \/>\n<link rel=\"canonical\" href=\"https:\/\/wp.kristdemokraterna.se\/hakanjohansson\/2013\/09\/01\/nu-startar-jag-en-blogg-har\/\" \/>\n<meta property=\"og:locale\" content=\"sv_SE\" \/>\n<meta property=\"og:type\" content=\"article\" \/>\n<meta property=\"og:title\" content=\"Nu startar jag en blogg h\u00e4r - H\u00e5kan Johansson, KD\" \/>\n<meta property=\"og:description\" content=\"Nu\u00a0kan du f\u00f6lja mig i mitt politiska arbete i V\u00e4rnamo kommun p\u00e5 denna webbadress. Jag \u00e4r kommunpolitiker med starkt engagemang\u00a0f\u00f6r milj\u00f6, teknik och kultur. F\u00f6r n\u00e4rvarande \u00e4r jag 1 v ordf i Upphandlingsn\u00e4mnden.\u00a0Jag kommer s\u00e4kert att blogga om mer personliga saker ocks\u00e5. Vi f\u00e5r se helt enkelt! \ud83d\ude42 Varmt v\u00e4lkommen tillbaka! \/H\u00e5kan\" \/>\n<meta property=\"og:url\" content=\"https:\/\/wp.kristdemokraterna.se\/hakanjohansson\/2013\/09\/01\/nu-startar-jag-en-blogg-har\/\" \/>\n<meta property=\"og:site_name\" content=\"H\u00e5kan Johansson, KD\" \/>\n<meta property=\"article:published_time\" content=\"2013-09-01T19:34:09+00:00\" \/>\n<meta property=\"article:modified_time\" content=\"2015-07-13T20:38:24+00:00\" \/>\n<meta property=\"og:image\" content=\"https:\/\/wp.kristdemokraterna.se\/hakanjohansson\/files\/2013\/10\/person_hakanjohansson_2012.jpg\" \/>\n\t<meta property=\"og:image:width\" content=\"246\" \/>\n\t<meta property=\"og:image:height\" content=\"340\" \/>\n\t<meta property=\"og:image:type\" content=\"image\/jpeg\" \/>\n<meta name=\"author\" content=\"H\u00e5kan Johansson\" \/>\n<meta name=\"twitter:card\" content=\"summary_large_image\" \/>\n<meta name=\"twitter:label1\" content=\"Skriven av\" \/>\n\t<meta name=\"twitter:data1\" content=\"H\u00e5kan Johansson\" \/>\n<script type=\"application\/ld+json\" class=\"yoast-schema-graph\">{\"@context\":\"https:\\\/\\\/schema.org\",\"@graph\":[{\"@type\":\"Article\",\"@id\":\"https:\\\/\\\/wp.kristdemokraterna.se\\\/hakanjohansson\\\/2013\\\/09\\\/01\\\/nu-startar-jag-en-blogg-har\\\/#article\",\"isPartOf\":{\"@id\":\"https:\\\/\\\/wp.kristdemokraterna.se\\\/hakanjohansson\\\/2013\\\/09\\\/01\\\/nu-startar-jag-en-blogg-har\\\/\"},\"author\":{\"name\":\"H\u00e5kan Johansson\",\"@id\":\"https:\\\/\\\/wp.kristdemokraterna.se\\\/hakanjohansson\\\/#\\\/schema\\\/person\\\/1ebb24d2d3a4cdd92106ea18359c8b63\"},\"headline\":\"Nu startar jag en blogg h\u00e4r\",\"datePublished\":\"2013-09-01T19:34:09+00:00\",\"dateModified\":\"2015-07-13T20:38:24+00:00\",\"mainEntityOfPage\":{\"@id\":\"https:\\\/\\\/wp.kristdemokraterna.se\\\/hakanjohansson\\\/2013\\\/09\\\/01\\\/nu-startar-jag-en-blogg-har\\\/\"},\"wordCount\":70,\"image\":{\"@id\":\"https:\\\/\\\/wp.kristdemokraterna.se\\\/hakanjohansson\\\/2013\\\/09\\\/01\\\/nu-startar-jag-en-blogg-har\\\/#primaryimage\"},\"thumbnailUrl\":\"https:\\\/\\\/wp.kristdemokraterna.se\\\/hakanjohansson\\\/files\\\/2013\\\/10\\\/person_hakanjohansson_2012.jpg\",\"keywords\":[\"kultur\",\"milj\u00f6\",\"teknik\",\"Upphandlingsn\u00e4mnden\",\"V\u00e4rnamo kommun\"],\"articleSection\":[\"Inl\u00e4gg\"],\"inLanguage\":\"sv-SE\"},{\"@type\":\"WebPage\",\"@id\":\"https:\\\/\\\/wp.kristdemokraterna.se\\\/hakanjohansson\\\/2013\\\/09\\\/01\\\/nu-startar-jag-en-blogg-har\\\/\",\"url\":\"https:\\\/\\\/wp.kristdemokraterna.se\\\/hakanjohansson\\\/2013\\\/09\\\/01\\\/nu-startar-jag-en-blogg-har\\\/\",\"name\":\"Nu startar jag en blogg h\u00e4r - H\u00e5kan Johansson, KD\",\"isPartOf\":{\"@id\":\"https:\\\/\\\/wp.kristdemokraterna.se\\\/hakanjohansson\\\/#website\"},\"primaryImageOfPage\":{\"@id\":\"https:\\\/\\\/wp.kristdemokraterna.se\\\/hakanjohansson\\\/2013\\\/09\\\/01\\\/nu-startar-jag-en-blogg-har\\\/#primaryimage\"},\"image\":{\"@id\":\"https:\\\/\\\/wp.kristdemokraterna.se\\\/hakanjohansson\\\/2013\\\/09\\\/01\\\/nu-startar-jag-en-blogg-har\\\/#primaryimage\"},\"thumbnailUrl\":\"https:\\\/\\\/wp.kristdemokraterna.se\\\/hakanjohansson\\\/files\\\/2013\\\/10\\\/person_hakanjohansson_2012.jpg\",\"datePublished\":\"2013-09-01T19:34:09+00:00\",\"dateModified\":\"2015-07-13T20:38:24+00:00\",\"author\":{\"@id\":\"https:\\\/\\\/wp.kristdemokraterna.se\\\/hakanjohansson\\\/#\\\/schema\\\/person\\\/1ebb24d2d3a4cdd92106ea18359c8b63\"},\"breadcrumb\":{\"@id\":\"https:\\\/\\\/wp.kristdemokraterna.se\\\/hakanjohansson\\\/2013\\\/09\\\/01\\\/nu-startar-jag-en-blogg-har\\\/#breadcrumb\"},\"inLanguage\":\"sv-SE\",\"potentialAction\":[{\"@type\":\"ReadAction\",\"target\":[\"https:\\\/\\\/wp.kristdemokraterna.se\\\/hakanjohansson\\\/2013\\\/09\\\/01\\\/nu-startar-jag-en-blogg-har\\\/\"]}]},{\"@type\":\"ImageObject\",\"inLanguage\":\"sv-SE\",\"@id\":\"https:\\\/\\\/wp.kristdemokraterna.se\\\/hakanjohansson\\\/2013\\\/09\\\/01\\\/nu-startar-jag-en-blogg-har\\\/#primaryimage\",\"url\":\"https:\\\/\\\/wp.kristdemokraterna.se\\\/hakanjohansson\\\/files\\\/2013\\\/10\\\/person_hakanjohansson_2012.jpg\",\"contentUrl\":\"https:\\\/\\\/wp.kristdemokraterna.se\\\/hakanjohansson\\\/files\\\/2013\\\/10\\\/person_hakanjohansson_2012.jpg\",\"width\":246,\"height\":340,\"caption\":\"H\u00e5kan Johansson, Kristdemokraterna V\u00e4rnamo\"},{\"@type\":\"BreadcrumbList\",\"@id\":\"https:\\\/\\\/wp.kristdemokraterna.se\\\/hakanjohansson\\\/2013\\\/09\\\/01\\\/nu-startar-jag-en-blogg-har\\\/#breadcrumb\",\"itemListElement\":[{\"@type\":\"ListItem\",\"position\":1,\"name\":\"Hem\",\"item\":\"https:\\\/\\\/wp.kristdemokraterna.se\\\/hakanjohansson\\\/\"},{\"@type\":\"ListItem\",\"position\":2,\"name\":\"Nu startar jag en blogg h\u00e4r\"}]},{\"@type\":\"WebSite\",\"@id\":\"https:\\\/\\\/wp.kristdemokraterna.se\\\/hakanjohansson\\\/#website\",\"url\":\"https:\\\/\\\/wp.kristdemokraterna.se\\\/hakanjohansson\\\/\",\"name\":\"H\u00e5kan Johansson, KD\",\"description\":\"Politik, musik och teknik...\",\"inLanguage\":\"sv-SE\"},{\"@type\":\"Person\",\"@id\":\"https:\\\/\\\/wp.kristdemokraterna.se\\\/hakanjohansson\\\/#\\\/schema\\\/person\\\/1ebb24d2d3a4cdd92106ea18359c8b63\",\"name\":\"H\u00e5kan Johansson\",\"image\":{\"@type\":\"ImageObject\",\"inLanguage\":\"sv-SE\",\"@id\":\"https:\\\/\\\/secure.gravatar.com\\\/avatar\\\/2f492f08c4bdc714d7db0d433c48b51adbc8f67dd2112ac3a50d66d0d1ddd173?s=96&r=g\",\"url\":\"https:\\\/\\\/secure.gravatar.com\\\/avatar\\\/2f492f08c4bdc714d7db0d433c48b51adbc8f67dd2112ac3a50d66d0d1ddd173?s=96&r=g\",\"contentUrl\":\"https:\\\/\\\/secure.gravatar.com\\\/avatar\\\/2f492f08c4bdc714d7db0d433c48b51adbc8f67dd2112ac3a50d66d0d1ddd173?s=96&r=g\",\"caption\":\"H\u00e5kan Johansson\"},\"description\":\"Politik, musik och teknik...\",\"sameAs\":[\"https:\\\/\\\/wp.kristdemokraterna.se\\\/hakanjohansson\"],\"url\":\"https:\\\/\\\/wp.kristdemokraterna.se\\\/hakanjohansson\\\/author\\\/hakanjohansson\\\/\"}]}<\/script>\n<!-- \/ Yoast SEO plugin. -->","yoast_head_json":{"title":"Nu startar jag en blogg h\u00e4r - H\u00e5kan Johansson, KD","robots":{"index":"index","follow":"follow","max-snippet":"max-snippet:-1","max-image-preview":"max-image-preview:large","max-video-preview":"max-video-preview:-1"},"canonical":"https:\/\/wp.kristdemokraterna.se\/hakanjohansson\/2013\/09\/01\/nu-startar-jag-en-blogg-har\/","og_locale":"sv_SE","og_type":"article","og_title":"Nu startar jag en blogg h\u00e4r - H\u00e5kan Johansson, KD","og_description":"Nu\u00a0kan du f\u00f6lja mig i mitt politiska arbete i V\u00e4rnamo kommun p\u00e5 denna webbadress. Jag \u00e4r kommunpolitiker med starkt engagemang\u00a0f\u00f6r milj\u00f6, teknik och kultur. F\u00f6r n\u00e4rvarande \u00e4r jag 1 v ordf i Upphandlingsn\u00e4mnden.\u00a0Jag kommer s\u00e4kert att blogga om mer personliga saker ocks\u00e5. Vi f\u00e5r se helt enkelt! \ud83d\ude42 Varmt v\u00e4lkommen tillbaka! \/H\u00e5kan","og_url":"https:\/\/wp.kristdemokraterna.se\/hakanjohansson\/2013\/09\/01\/nu-startar-jag-en-blogg-har\/","og_site_name":"H\u00e5kan Johansson, KD","article_published_time":"2013-09-01T19:34:09+00:00","article_modified_time":"2015-07-13T20:38:24+00:00","og_image":[{"width":246,"height":340,"url":"https:\/\/wp.kristdemokraterna.se\/hakanjohansson\/files\/2013\/10\/person_hakanjohansson_2012.jpg","type":"image\/jpeg"}],"author":"H\u00e5kan Johansson","twitter_card":"summary_large_image","twitter_misc":{"Skriven av":"H\u00e5kan Johansson"},"schema":{"@context":"https:\/\/schema.org","@graph":[{"@type":"Article","@id":"https:\/\/wp.kristdemokraterna.se\/hakanjohansson\/2013\/09\/01\/nu-startar-jag-en-blogg-har\/#article","isPartOf":{"@id":"https:\/\/wp.kristdemokraterna.se\/hakanjohansson\/2013\/09\/01\/nu-startar-jag-en-blogg-har\/"},"author":{"name":"H\u00e5kan Johansson","@id":"https:\/\/wp.kristdemokraterna.se\/hakanjohansson\/#\/schema\/person\/1ebb24d2d3a4cdd92106ea18359c8b63"},"headline":"Nu startar jag en blogg h\u00e4r","datePublished":"2013-09-01T19:34:09+00:00","dateModified":"2015-07-13T20:38:24+00:00","mainEntityOfPage":{"@id":"https:\/\/wp.kristdemokraterna.se\/hakanjohansson\/2013\/09\/01\/nu-startar-jag-en-blogg-har\/"},"wordCount":70,"image":{"@id":"https:\/\/wp.kristdemokraterna.se\/hakanjohansson\/2013\/09\/01\/nu-startar-jag-en-blogg-har\/#primaryimage"},"thumbnailUrl":"https:\/\/wp.kristdemokraterna.se\/hakanjohansson\/files\/2013\/10\/person_hakanjohansson_2012.jpg","keywords":["kultur","milj\u00f6","teknik","Upphandlingsn\u00e4mnden","V\u00e4rnamo kommun"],"articleSection":["Inl\u00e4gg"],"inLanguage":"sv-SE"},{"@type":"WebPage","@id":"https:\/\/wp.kristdemokraterna.se\/hakanjohansson\/2013\/09\/01\/nu-startar-jag-en-blogg-har\/","url":"https:\/\/wp.kristdemokraterna.se\/hakanjohansson\/2013\/09\/01\/nu-startar-jag-en-blogg-har\/","name":"Nu startar jag en blogg h\u00e4r - H\u00e5kan Johansson, KD","isPartOf":{"@id":"https:\/\/wp.kristdemokraterna.se\/hakanjohansson\/#website"},"primaryImageOfPage":{"@id":"https:\/\/wp.kristdemokraterna.se\/hakanjohansson\/2013\/09\/01\/nu-startar-jag-en-blogg-har\/#primaryimage"},"image":{"@id":"https:\/\/wp.kristdemokraterna.se\/hakanjohansson\/2013\/09\/01\/nu-startar-jag-en-blogg-har\/#primaryimage"},"thumbnailUrl":"https:\/\/wp.kristdemokraterna.se\/hakanjohansson\/files\/2013\/10\/person_hakanjohansson_2012.jpg","datePublished":"2013-09-01T19:34:09+00:00","dateModified":"2015-07-13T20:38:24+00:00","author":{"@id":"https:\/\/wp.kristdemokraterna.se\/hakanjohansson\/#\/schema\/person\/1ebb24d2d3a4cdd92106ea18359c8b63"},"breadcrumb":{"@id":"https:\/\/wp.kristdemokraterna.se\/hakanjohansson\/2013\/09\/01\/nu-startar-jag-en-blogg-har\/#breadcrumb"},"inLanguage":"sv-SE","potentialAction":[{"@type":"ReadAction","target":["https:\/\/wp.kristdemokraterna.se\/hakanjohansson\/2013\/09\/01\/nu-startar-jag-en-blogg-har\/"]}]},{"@type":"ImageObject","inLanguage":"sv-SE","@id":"https:\/\/wp.kristdemokraterna.se\/hakanjohansson\/2013\/09\/01\/nu-startar-jag-en-blogg-har\/#primaryimage","url":"https:\/\/wp.kristdemokraterna.se\/hakanjohansson\/files\/2013\/10\/person_hakanjohansson_2012.jpg","contentUrl":"https:\/\/wp.kristdemokraterna.se\/hakanjohansson\/files\/2013\/10\/person_hakanjohansson_2012.jpg","width":246,"height":340,"caption":"H\u00e5kan Johansson, Kristdemokraterna V\u00e4rnamo"},{"@type":"BreadcrumbList","@id":"https:\/\/wp.kristdemokraterna.se\/hakanjohansson\/2013\/09\/01\/nu-startar-jag-en-blogg-har\/#breadcrumb","itemListElement":[{"@type":"ListItem","position":1,"name":"Hem","item":"https:\/\/wp.kristdemokraterna.se\/hakanjohansson\/"},{"@type":"ListItem","position":2,"name":"Nu startar jag en blogg h\u00e4r"}]},{"@type":"WebSite","@id":"https:\/\/wp.kristdemokraterna.se\/hakanjohansson\/#website","url":"https:\/\/wp.kristdemokraterna.se\/hakanjohansson\/","name":"H\u00e5kan Johansson, KD","description":"Politik, musik och teknik...","inLanguage":"sv-SE"},{"@type":"Person","@id":"https:\/\/wp.kristdemokraterna.se\/hakanjohansson\/#\/schema\/person\/1ebb24d2d3a4cdd92106ea18359c8b63","name":"H\u00e5kan Johansson","image":{"@type":"ImageObject","inLanguage":"sv-SE","@id":"https:\/\/secure.gravatar.com\/avatar\/2f492f08c4bdc714d7db0d433c48b51adbc8f67dd2112ac3a50d66d0d1ddd173?s=96&r=g","url":"https:\/\/secure.gravatar.com\/avatar\/2f492f08c4bdc714d7db0d433c48b51adbc8f67dd2112ac3a50d66d0d1ddd173?s=96&r=g","contentUrl":"https:\/\/secure.gravatar.com\/avatar\/2f492f08c4bdc714d7db0d433c48b51adbc8f67dd2112ac3a50d66d0d1ddd173?s=96&r=g","caption":"H\u00e5kan Johansson"},"description":"Politik, musik och teknik...","sameAs":["https:\/\/wp.kristdemokraterna.se\/hakanjohansson"],"url":"https:\/\/wp.kristdemokraterna.se\/hakanjohansson\/author\/hakanjohansson\/"}]}},"_links":{"self":[{"href":"https:\/\/wp.kristdemokraterna.se\/hakanjohansson\/wp-json\/wp\/v2\/posts\/92","targetHints":{"allow":["GET"]}}],"collection":[{"href":"https:\/\/wp.kristdemokraterna.se\/hakanjohansson\/wp-json\/wp\/v2\/posts"}],"about":[{"href":"https:\/\/wp.kristdemokraterna.se\/hakanjohansson\/wp-json\/wp\/v2\/types\/post"}],"author":[{"embeddable":true,"href":"https:\/\/wp.kristdemokraterna.se\/hakanjohansson\/wp-json\/wp\/v2\/users\/507"}],"replies":[{"embeddable":true,"href":"https:\/\/wp.kristdemokraterna.se\/hakanjohansson\/wp-json\/wp\/v2\/comments?post=92"}],"version-history":[{"count":9,"href":"https:\/\/wp.kristdemokraterna.se\/hakanjohansson\/wp-json\/wp\/v2\/posts\/92\/revisions"}],"predecessor-version":[{"id":2191,"href":"https:\/\/wp.kristdemokraterna.se\/hakanjohansson\/wp-json\/wp\/v2\/posts\/92\/revisions\/2191"}],"wp:featuredmedia":[{"embeddable":true,"href":"https:\/\/wp.kristdemokraterna.se\/hakanjohansson\/wp-json\/wp\/v2\/media\/66"}],"wp:attachment":[{"href":"https:\/\/wp.kristdemokraterna.se\/hakanjohansson\/wp-json\/wp\/v2\/media?parent=92"}],"wp:term":[{"taxonomy":"category","embeddable":true,"href":"https:\/\/wp.kristdemokraterna.se\/hakanjohansson\/wp-json\/wp\/v2\/categories?post=92"},{"taxonomy":"post_tag","embeddable":true,"href":"https:\/\/wp.kristdemokraterna.se\/hakanjohansson\/wp-json\/wp\/v2\/tags?post=92"}],"curies":[{"name":"wp","href":"https:\/\/api.w.org\/{rel}","templated":true}]}}