{"id":997,"date":"2014-06-28T19:34:34","date_gmt":"2014-06-28T17:34:34","guid":{"rendered":"http:\/\/wp.kristdemokraterna.se\/hakanjohansson\/?p=997"},"modified":"2015-07-13T19:51:44","modified_gmt":"2015-07-13T17:51:44","slug":"konstverket-pa-plats","status":"publish","type":"post","link":"https:\/\/wp.kristdemokraterna.se\/hakanjohansson\/2014\/06\/28\/konstverket-pa-plats\/","title":{"rendered":"Konstverket p\u00e5 plats"},"content":{"rendered":"<p>Folkets park fyller 100 \u00e5r i \u00e5r. Inf\u00f6r det har parken <a title=\"En finare Folkpark\u2026\" href=\"http:\/\/www.folkparkenvarnamo.se\/2014\/04\/05\/en-finare-folkpark\/\" target=\"_blank\">snyggats upp och gjorts i ordning<\/a>. N\u00e5got som har sett tr\u00e5kigt ut i flera \u00e5r \u00e4r konstverket <em>\u00d6ppen rid\u00e5<\/em> som sitter h\u00f6gst upp p\u00e5 teatern. Det har blekts under de 30 \u00e5r det suttit uppe. N\u00e5gra\u00a0delar har g\u00e5tt s\u00f6nder och andra har lossnat. D\u00e4rf\u00f6r beslutade styrelsen att f\u00f6rs\u00f6ka f\u00e5 tag i n\u00e5gon som kan st\u00e4lla det i ordning inf\u00f6r 100-\u00e5rsjubileet, kanske till och med konstn\u00e4ren sj\u00e4lv.<\/p>\n<p><!--more--><\/p>\n<p>Vi lyckades faktiskt f\u00e5 tag i konstn\u00e4ren <a title=\"Lars Huck Hultgren\" href=\"http:\/\/www.huck.nu\/\" target=\"_blank\">Lars Huck Hultgren<\/a>\u00a0efter m\u00e5nga om och men och han\u00a0lovade att f\u00f6rs\u00f6ka g\u00f6ra n\u00e5got \u00e5t det. N\u00e4r vi hade styrelsem\u00f6te i m\u00e5ndags s\u00e5 kom han f\u00f6r att leverera konstverket i delar och i dag ser det s\u00e5 h\u00e4r fint ut. Nu\u00a0lyser det upp hela parken. \ud83d\ude42<\/p>\n\n\t\t<style type=\"text\/css\">\n\t\t\t#gallery-1 {\n\t\t\t\tmargin: auto;\n\t\t\t}\n\t\t\t#gallery-1 .gallery-item {\n\t\t\t\tfloat: left;\n\t\t\t\tmargin-top: 10px;\n\t\t\t\ttext-align: center;\n\t\t\t\twidth: 33%;\n\t\t\t}\n\t\t\t#gallery-1 img {\n\t\t\t\tborder: 2px solid #cfcfcf;\n\t\t\t}\n\t\t\t#gallery-1 .gallery-caption {\n\t\t\t\tmargin-left: 0;\n\t\t\t}\n\t\t\t\/* see gallery_shortcode() in wp-includes\/media.php *\/\n\t\t<\/style>\n\t\t<div id='gallery-1' class='gallery galleryid-997 gallery-columns-3 gallery-size-thumbnail'><dl class='gallery-item'>\n\t\t\t<dt class='gallery-icon landscape'>\n\t\t\t\t<a href='https:\/\/wp.kristdemokraterna.se\/hakanjohansson\/2014\/06\/28\/konstverket-pa-plats\/20140628-folketspark-konstverket\/'><img loading=\"lazy\" decoding=\"async\" width=\"150\" height=\"150\" src=\"https:\/\/wp.kristdemokraterna.se\/hakanjohansson\/files\/2014\/07\/20140628_folketspark_konstverket-150x150.jpg\" class=\"attachment-thumbnail size-thumbnail\" alt=\"Det nyrenoverade konstverket p\u00e5 plats p\u00e5 teatern i Folkets Park igen. Mycket snyggt! (Foto: H\u00e5kan Johansson)\" aria-describedby=\"gallery-1-979\" \/><\/a>\n\t\t\t<\/dt>\n\t\t\t\t<dd class='wp-caption-text gallery-caption' id='gallery-1-979'>\n\t\t\t\tDet nyrenoverade konstverket p\u00e5 plats p\u00e5 teatern i Folkets Park igen. Mycket snyggt! (Foto: H\u00e5kan Johansson)\n\t\t\t\t<\/dd><\/dl>\n\t\t\t<br style='clear: both' \/>\n\t\t<\/div>\n\n","protected":false},"excerpt":{"rendered":"<p>Folkets park fyller 100 \u00e5r i \u00e5r. Inf\u00f6r det har parken snyggats upp och gjorts i ordning. N\u00e5got som har sett tr\u00e5kigt ut i flera \u00e5r \u00e4r konstverket \u00d6ppen rid\u00e5 som sitter h\u00f6gst upp p\u00e5 teatern. Det har blekts under de 30 \u00e5r det suttit uppe. N\u00e5gra\u00a0delar har g\u00e5tt s\u00f6nder och andra har lossnat. D\u00e4rf\u00f6r&hellip; <a class=\"read-more-link\" href=\"https:\/\/wp.kristdemokraterna.se\/hakanjohansson\/2014\/06\/28\/konstverket-pa-plats\/\">Forts\u00e4tt l\u00e4sa<\/a><\/p>\n","protected":false},"author":507,"featured_media":979,"comment_status":"closed","ping_status":"closed","sticky":false,"template":"","format":"standard","meta":{"_acf_changed":false,"footnotes":""},"categories":[41],"tags":[642,262,632,643,645,640,644],"class_list":["post-997","post","type-post","status-publish","format-standard","hentry","category-inlagg","tag-folkets-park","tag-jubileum","tag-konstnar","tag-konstverk","tag-lars-huck-hultgren","tag-styrelsen","tag-teater"],"acf":[],"yoast_head":"<!-- This site is optimized with the Yoast SEO plugin v27.4 - https:\/\/yoast.com\/product\/yoast-seo-wordpress\/ -->\n<title>Konstverket p\u00e5 plats - H\u00e5kan Johansson, KD<\/title>\n<meta name=\"robots\" content=\"index, follow, max-snippet:-1, max-image-preview:large, max-video-preview:-1\" \/>\n<link rel=\"canonical\" href=\"https:\/\/wp.kristdemokraterna.se\/hakanjohansson\/2014\/06\/28\/konstverket-pa-plats\/\" \/>\n<meta property=\"og:locale\" content=\"sv_SE\" \/>\n<meta property=\"og:type\" content=\"article\" \/>\n<meta property=\"og:title\" content=\"Konstverket p\u00e5 plats - H\u00e5kan Johansson, KD\" \/>\n<meta property=\"og:description\" content=\"Folkets park fyller 100 \u00e5r i \u00e5r. Inf\u00f6r det har parken snyggats upp och gjorts i ordning. N\u00e5got som har sett tr\u00e5kigt ut i flera \u00e5r \u00e4r konstverket \u00d6ppen rid\u00e5 som sitter h\u00f6gst upp p\u00e5 teatern. Det har blekts under de 30 \u00e5r det suttit uppe. N\u00e5gra\u00a0delar har g\u00e5tt s\u00f6nder och andra har lossnat. D\u00e4rf\u00f6r&hellip; Forts\u00e4tt l\u00e4sa\" \/>\n<meta property=\"og:url\" content=\"https:\/\/wp.kristdemokraterna.se\/hakanjohansson\/2014\/06\/28\/konstverket-pa-plats\/\" \/>\n<meta property=\"og:site_name\" content=\"H\u00e5kan Johansson, KD\" \/>\n<meta property=\"article:published_time\" content=\"2014-06-28T17:34:34+00:00\" \/>\n<meta property=\"article:modified_time\" content=\"2015-07-13T17:51:44+00:00\" \/>\n<meta property=\"og:image\" content=\"https:\/\/wp.kristdemokraterna.se\/hakanjohansson\/files\/2014\/07\/20140628_folketspark_konstverket.jpg\" \/>\n\t<meta property=\"og:image:width\" content=\"346\" \/>\n\t<meta property=\"og:image:height\" content=\"261\" \/>\n\t<meta property=\"og:image:type\" content=\"image\/jpeg\" \/>\n<meta name=\"author\" content=\"H\u00e5kan Johansson\" \/>\n<meta name=\"twitter:card\" content=\"summary_large_image\" \/>\n<meta name=\"twitter:label1\" content=\"Skriven av\" \/>\n\t<meta name=\"twitter:data1\" content=\"H\u00e5kan Johansson\" \/>\n\t<meta name=\"twitter:label2\" content=\"Ber\u00e4knad l\u00e4stid\" \/>\n\t<meta name=\"twitter:data2\" content=\"1 minut\" \/>\n<script type=\"application\/ld+json\" class=\"yoast-schema-graph\">{\"@context\":\"https:\\\/\\\/schema.org\",\"@graph\":[{\"@type\":\"Article\",\"@id\":\"https:\\\/\\\/wp.kristdemokraterna.se\\\/hakanjohansson\\\/2014\\\/06\\\/28\\\/konstverket-pa-plats\\\/#article\",\"isPartOf\":{\"@id\":\"https:\\\/\\\/wp.kristdemokraterna.se\\\/hakanjohansson\\\/2014\\\/06\\\/28\\\/konstverket-pa-plats\\\/\"},\"author\":{\"name\":\"H\u00e5kan Johansson\",\"@id\":\"https:\\\/\\\/wp.kristdemokraterna.se\\\/hakanjohansson\\\/#\\\/schema\\\/person\\\/1ebb24d2d3a4cdd92106ea18359c8b63\"},\"headline\":\"Konstverket p\u00e5 plats\",\"datePublished\":\"2014-06-28T17:34:34+00:00\",\"dateModified\":\"2015-07-13T17:51:44+00:00\",\"mainEntityOfPage\":{\"@id\":\"https:\\\/\\\/wp.kristdemokraterna.se\\\/hakanjohansson\\\/2014\\\/06\\\/28\\\/konstverket-pa-plats\\\/\"},\"wordCount\":167,\"image\":{\"@id\":\"https:\\\/\\\/wp.kristdemokraterna.se\\\/hakanjohansson\\\/2014\\\/06\\\/28\\\/konstverket-pa-plats\\\/#primaryimage\"},\"thumbnailUrl\":\"https:\\\/\\\/wp.kristdemokraterna.se\\\/hakanjohansson\\\/files\\\/2014\\\/07\\\/20140628_folketspark_konstverket.jpg\",\"keywords\":[\"Folkets park\",\"jubileum\",\"konstn\u00e4r\",\"konstverk\",\"Lars Huck Hultgren\",\"styrelsen\",\"teater\"],\"articleSection\":[\"Inl\u00e4gg\"],\"inLanguage\":\"sv-SE\"},{\"@type\":\"WebPage\",\"@id\":\"https:\\\/\\\/wp.kristdemokraterna.se\\\/hakanjohansson\\\/2014\\\/06\\\/28\\\/konstverket-pa-plats\\\/\",\"url\":\"https:\\\/\\\/wp.kristdemokraterna.se\\\/hakanjohansson\\\/2014\\\/06\\\/28\\\/konstverket-pa-plats\\\/\",\"name\":\"Konstverket p\u00e5 plats - H\u00e5kan Johansson, KD\",\"isPartOf\":{\"@id\":\"https:\\\/\\\/wp.kristdemokraterna.se\\\/hakanjohansson\\\/#website\"},\"primaryImageOfPage\":{\"@id\":\"https:\\\/\\\/wp.kristdemokraterna.se\\\/hakanjohansson\\\/2014\\\/06\\\/28\\\/konstverket-pa-plats\\\/#primaryimage\"},\"image\":{\"@id\":\"https:\\\/\\\/wp.kristdemokraterna.se\\\/hakanjohansson\\\/2014\\\/06\\\/28\\\/konstverket-pa-plats\\\/#primaryimage\"},\"thumbnailUrl\":\"https:\\\/\\\/wp.kristdemokraterna.se\\\/hakanjohansson\\\/files\\\/2014\\\/07\\\/20140628_folketspark_konstverket.jpg\",\"datePublished\":\"2014-06-28T17:34:34+00:00\",\"dateModified\":\"2015-07-13T17:51:44+00:00\",\"author\":{\"@id\":\"https:\\\/\\\/wp.kristdemokraterna.se\\\/hakanjohansson\\\/#\\\/schema\\\/person\\\/1ebb24d2d3a4cdd92106ea18359c8b63\"},\"breadcrumb\":{\"@id\":\"https:\\\/\\\/wp.kristdemokraterna.se\\\/hakanjohansson\\\/2014\\\/06\\\/28\\\/konstverket-pa-plats\\\/#breadcrumb\"},\"inLanguage\":\"sv-SE\",\"potentialAction\":[{\"@type\":\"ReadAction\",\"target\":[\"https:\\\/\\\/wp.kristdemokraterna.se\\\/hakanjohansson\\\/2014\\\/06\\\/28\\\/konstverket-pa-plats\\\/\"]}]},{\"@type\":\"ImageObject\",\"inLanguage\":\"sv-SE\",\"@id\":\"https:\\\/\\\/wp.kristdemokraterna.se\\\/hakanjohansson\\\/2014\\\/06\\\/28\\\/konstverket-pa-plats\\\/#primaryimage\",\"url\":\"https:\\\/\\\/wp.kristdemokraterna.se\\\/hakanjohansson\\\/files\\\/2014\\\/07\\\/20140628_folketspark_konstverket.jpg\",\"contentUrl\":\"https:\\\/\\\/wp.kristdemokraterna.se\\\/hakanjohansson\\\/files\\\/2014\\\/07\\\/20140628_folketspark_konstverket.jpg\",\"width\":346,\"height\":261,\"caption\":\"Det nyrenoverade konstverket p\u00e5 plats p\u00e5 teatern i Folkets Park igen. Mycket snyggt! (Foto: H\u00e5kan Johansson)\"},{\"@type\":\"BreadcrumbList\",\"@id\":\"https:\\\/\\\/wp.kristdemokraterna.se\\\/hakanjohansson\\\/2014\\\/06\\\/28\\\/konstverket-pa-plats\\\/#breadcrumb\",\"itemListElement\":[{\"@type\":\"ListItem\",\"position\":1,\"name\":\"Hem\",\"item\":\"https:\\\/\\\/wp.kristdemokraterna.se\\\/hakanjohansson\\\/\"},{\"@type\":\"ListItem\",\"position\":2,\"name\":\"Konstverket p\u00e5 plats\"}]},{\"@type\":\"WebSite\",\"@id\":\"https:\\\/\\\/wp.kristdemokraterna.se\\\/hakanjohansson\\\/#website\",\"url\":\"https:\\\/\\\/wp.kristdemokraterna.se\\\/hakanjohansson\\\/\",\"name\":\"H\u00e5kan Johansson, KD\",\"description\":\"Politik, musik och teknik...\",\"inLanguage\":\"sv-SE\"},{\"@type\":\"Person\",\"@id\":\"https:\\\/\\\/wp.kristdemokraterna.se\\\/hakanjohansson\\\/#\\\/schema\\\/person\\\/1ebb24d2d3a4cdd92106ea18359c8b63\",\"name\":\"H\u00e5kan Johansson\",\"image\":{\"@type\":\"ImageObject\",\"inLanguage\":\"sv-SE\",\"@id\":\"https:\\\/\\\/secure.gravatar.com\\\/avatar\\\/2f492f08c4bdc714d7db0d433c48b51adbc8f67dd2112ac3a50d66d0d1ddd173?s=96&r=g\",\"url\":\"https:\\\/\\\/secure.gravatar.com\\\/avatar\\\/2f492f08c4bdc714d7db0d433c48b51adbc8f67dd2112ac3a50d66d0d1ddd173?s=96&r=g\",\"contentUrl\":\"https:\\\/\\\/secure.gravatar.com\\\/avatar\\\/2f492f08c4bdc714d7db0d433c48b51adbc8f67dd2112ac3a50d66d0d1ddd173?s=96&r=g\",\"caption\":\"H\u00e5kan Johansson\"},\"description\":\"Politik, musik och teknik...\",\"sameAs\":[\"https:\\\/\\\/wp.kristdemokraterna.se\\\/hakanjohansson\"],\"url\":\"https:\\\/\\\/wp.kristdemokraterna.se\\\/hakanjohansson\\\/author\\\/hakanjohansson\\\/\"}]}<\/script>\n<!-- \/ Yoast SEO plugin. -->","yoast_head_json":{"title":"Konstverket p\u00e5 plats - H\u00e5kan Johansson, KD","robots":{"index":"index","follow":"follow","max-snippet":"max-snippet:-1","max-image-preview":"max-image-preview:large","max-video-preview":"max-video-preview:-1"},"canonical":"https:\/\/wp.kristdemokraterna.se\/hakanjohansson\/2014\/06\/28\/konstverket-pa-plats\/","og_locale":"sv_SE","og_type":"article","og_title":"Konstverket p\u00e5 plats - H\u00e5kan Johansson, KD","og_description":"Folkets park fyller 100 \u00e5r i \u00e5r. Inf\u00f6r det har parken snyggats upp och gjorts i ordning. N\u00e5got som har sett tr\u00e5kigt ut i flera \u00e5r \u00e4r konstverket \u00d6ppen rid\u00e5 som sitter h\u00f6gst upp p\u00e5 teatern. Det har blekts under de 30 \u00e5r det suttit uppe. N\u00e5gra\u00a0delar har g\u00e5tt s\u00f6nder och andra har lossnat. D\u00e4rf\u00f6r&hellip; Forts\u00e4tt l\u00e4sa","og_url":"https:\/\/wp.kristdemokraterna.se\/hakanjohansson\/2014\/06\/28\/konstverket-pa-plats\/","og_site_name":"H\u00e5kan Johansson, KD","article_published_time":"2014-06-28T17:34:34+00:00","article_modified_time":"2015-07-13T17:51:44+00:00","og_image":[{"width":346,"height":261,"url":"https:\/\/wp.kristdemokraterna.se\/hakanjohansson\/files\/2014\/07\/20140628_folketspark_konstverket.jpg","type":"image\/jpeg"}],"author":"H\u00e5kan Johansson","twitter_card":"summary_large_image","twitter_misc":{"Skriven av":"H\u00e5kan Johansson","Ber\u00e4knad l\u00e4stid":"1 minut"},"schema":{"@context":"https:\/\/schema.org","@graph":[{"@type":"Article","@id":"https:\/\/wp.kristdemokraterna.se\/hakanjohansson\/2014\/06\/28\/konstverket-pa-plats\/#article","isPartOf":{"@id":"https:\/\/wp.kristdemokraterna.se\/hakanjohansson\/2014\/06\/28\/konstverket-pa-plats\/"},"author":{"name":"H\u00e5kan Johansson","@id":"https:\/\/wp.kristdemokraterna.se\/hakanjohansson\/#\/schema\/person\/1ebb24d2d3a4cdd92106ea18359c8b63"},"headline":"Konstverket p\u00e5 plats","datePublished":"2014-06-28T17:34:34+00:00","dateModified":"2015-07-13T17:51:44+00:00","mainEntityOfPage":{"@id":"https:\/\/wp.kristdemokraterna.se\/hakanjohansson\/2014\/06\/28\/konstverket-pa-plats\/"},"wordCount":167,"image":{"@id":"https:\/\/wp.kristdemokraterna.se\/hakanjohansson\/2014\/06\/28\/konstverket-pa-plats\/#primaryimage"},"thumbnailUrl":"https:\/\/wp.kristdemokraterna.se\/hakanjohansson\/files\/2014\/07\/20140628_folketspark_konstverket.jpg","keywords":["Folkets park","jubileum","konstn\u00e4r","konstverk","Lars Huck Hultgren","styrelsen","teater"],"articleSection":["Inl\u00e4gg"],"inLanguage":"sv-SE"},{"@type":"WebPage","@id":"https:\/\/wp.kristdemokraterna.se\/hakanjohansson\/2014\/06\/28\/konstverket-pa-plats\/","url":"https:\/\/wp.kristdemokraterna.se\/hakanjohansson\/2014\/06\/28\/konstverket-pa-plats\/","name":"Konstverket p\u00e5 plats - H\u00e5kan Johansson, KD","isPartOf":{"@id":"https:\/\/wp.kristdemokraterna.se\/hakanjohansson\/#website"},"primaryImageOfPage":{"@id":"https:\/\/wp.kristdemokraterna.se\/hakanjohansson\/2014\/06\/28\/konstverket-pa-plats\/#primaryimage"},"image":{"@id":"https:\/\/wp.kristdemokraterna.se\/hakanjohansson\/2014\/06\/28\/konstverket-pa-plats\/#primaryimage"},"thumbnailUrl":"https:\/\/wp.kristdemokraterna.se\/hakanjohansson\/files\/2014\/07\/20140628_folketspark_konstverket.jpg","datePublished":"2014-06-28T17:34:34+00:00","dateModified":"2015-07-13T17:51:44+00:00","author":{"@id":"https:\/\/wp.kristdemokraterna.se\/hakanjohansson\/#\/schema\/person\/1ebb24d2d3a4cdd92106ea18359c8b63"},"breadcrumb":{"@id":"https:\/\/wp.kristdemokraterna.se\/hakanjohansson\/2014\/06\/28\/konstverket-pa-plats\/#breadcrumb"},"inLanguage":"sv-SE","potentialAction":[{"@type":"ReadAction","target":["https:\/\/wp.kristdemokraterna.se\/hakanjohansson\/2014\/06\/28\/konstverket-pa-plats\/"]}]},{"@type":"ImageObject","inLanguage":"sv-SE","@id":"https:\/\/wp.kristdemokraterna.se\/hakanjohansson\/2014\/06\/28\/konstverket-pa-plats\/#primaryimage","url":"https:\/\/wp.kristdemokraterna.se\/hakanjohansson\/files\/2014\/07\/20140628_folketspark_konstverket.jpg","contentUrl":"https:\/\/wp.kristdemokraterna.se\/hakanjohansson\/files\/2014\/07\/20140628_folketspark_konstverket.jpg","width":346,"height":261,"caption":"Det nyrenoverade konstverket p\u00e5 plats p\u00e5 teatern i Folkets Park igen. Mycket snyggt! (Foto: H\u00e5kan Johansson)"},{"@type":"BreadcrumbList","@id":"https:\/\/wp.kristdemokraterna.se\/hakanjohansson\/2014\/06\/28\/konstverket-pa-plats\/#breadcrumb","itemListElement":[{"@type":"ListItem","position":1,"name":"Hem","item":"https:\/\/wp.kristdemokraterna.se\/hakanjohansson\/"},{"@type":"ListItem","position":2,"name":"Konstverket p\u00e5 plats"}]},{"@type":"WebSite","@id":"https:\/\/wp.kristdemokraterna.se\/hakanjohansson\/#website","url":"https:\/\/wp.kristdemokraterna.se\/hakanjohansson\/","name":"H\u00e5kan Johansson, KD","description":"Politik, musik och teknik...","inLanguage":"sv-SE"},{"@type":"Person","@id":"https:\/\/wp.kristdemokraterna.se\/hakanjohansson\/#\/schema\/person\/1ebb24d2d3a4cdd92106ea18359c8b63","name":"H\u00e5kan Johansson","image":{"@type":"ImageObject","inLanguage":"sv-SE","@id":"https:\/\/secure.gravatar.com\/avatar\/2f492f08c4bdc714d7db0d433c48b51adbc8f67dd2112ac3a50d66d0d1ddd173?s=96&r=g","url":"https:\/\/secure.gravatar.com\/avatar\/2f492f08c4bdc714d7db0d433c48b51adbc8f67dd2112ac3a50d66d0d1ddd173?s=96&r=g","contentUrl":"https:\/\/secure.gravatar.com\/avatar\/2f492f08c4bdc714d7db0d433c48b51adbc8f67dd2112ac3a50d66d0d1ddd173?s=96&r=g","caption":"H\u00e5kan Johansson"},"description":"Politik, musik och teknik...","sameAs":["https:\/\/wp.kristdemokraterna.se\/hakanjohansson"],"url":"https:\/\/wp.kristdemokraterna.se\/hakanjohansson\/author\/hakanjohansson\/"}]}},"_links":{"self":[{"href":"https:\/\/wp.kristdemokraterna.se\/hakanjohansson\/wp-json\/wp\/v2\/posts\/997","targetHints":{"allow":["GET"]}}],"collection":[{"href":"https:\/\/wp.kristdemokraterna.se\/hakanjohansson\/wp-json\/wp\/v2\/posts"}],"about":[{"href":"https:\/\/wp.kristdemokraterna.se\/hakanjohansson\/wp-json\/wp\/v2\/types\/post"}],"author":[{"embeddable":true,"href":"https:\/\/wp.kristdemokraterna.se\/hakanjohansson\/wp-json\/wp\/v2\/users\/507"}],"replies":[{"embeddable":true,"href":"https:\/\/wp.kristdemokraterna.se\/hakanjohansson\/wp-json\/wp\/v2\/comments?post=997"}],"version-history":[{"count":6,"href":"https:\/\/wp.kristdemokraterna.se\/hakanjohansson\/wp-json\/wp\/v2\/posts\/997\/revisions"}],"predecessor-version":[{"id":2097,"href":"https:\/\/wp.kristdemokraterna.se\/hakanjohansson\/wp-json\/wp\/v2\/posts\/997\/revisions\/2097"}],"wp:featuredmedia":[{"embeddable":true,"href":"https:\/\/wp.kristdemokraterna.se\/hakanjohansson\/wp-json\/wp\/v2\/media\/979"}],"wp:attachment":[{"href":"https:\/\/wp.kristdemokraterna.se\/hakanjohansson\/wp-json\/wp\/v2\/media?parent=997"}],"wp:term":[{"taxonomy":"category","embeddable":true,"href":"https:\/\/wp.kristdemokraterna.se\/hakanjohansson\/wp-json\/wp\/v2\/categories?post=997"},{"taxonomy":"post_tag","embeddable":true,"href":"https:\/\/wp.kristdemokraterna.se\/hakanjohansson\/wp-json\/wp\/v2\/tags?post=997"}],"curies":[{"name":"wp","href":"https:\/\/api.w.org\/{rel}","templated":true}]}}