{"id":336,"date":"2020-09-07T18:22:19","date_gmt":"2020-09-07T16:22:19","guid":{"rendered":"http:\/\/wp.kristdemokraterna.se\/hammaro\/?p=336"},"modified":"2020-09-27T09:35:06","modified_gmt":"2020-09-27T07:35:06","slug":"kd-och-hammarosamverkan-i-opposition","status":"publish","type":"post","link":"https:\/\/wp.kristdemokraterna.se\/hammaro\/kd-och-hammarosamverkan-i-opposition\/","title":{"rendered":"KD och Hammar\u00f6samverkan i opposition"},"content":{"rendered":"<p>Kristdemokraterna beklagar att Socialdemokraterna tackade nej till ett block\u00f6verskridande samarbete med b\u00e5de Hammar\u00f6samverkan och Moderaterna. Det hade varit en unik m\u00f6jlighet att bryta gamla traditioner i kommunen och grunda f\u00f6r ett mognare samarbete mellan partierna p\u00e5 Hammar\u00f6.<!--more--><\/p>\n<p>Oavsett styre \u00e4r ekonomin, skolprojektet och hantering av pandemins effekter de allra viktigaste fr\u00e5gorna f\u00f6r resten av mandatperioden. Kommunen m\u00e5ste lyckas under de kommande tv\u00e5 \u00e5ren om det ska finnas f\u00f6ruts\u00e4ttningar f\u00f6r att minska skatten och \u00e5terg\u00e5 till normal verksamhet i n\u00e4sta mandatperiod. D\u00e4rf\u00f6r \u00f6nskar vi det tilltr\u00e4dande styret lycka till med dessa utmaningar f\u00f6r alla medborgares skull p\u00e5 Hammar\u00f6.<\/p>\n<p>Kristdemokraterna \u00e4r stolta \u00f6ver det vi hunnit uppn\u00e5 inom samh\u00e4llsbyggnad under den korta tid det gavs. Vi hoppas att det nya styret inte \u00e5terg\u00e5r till gamla tiders synder d\u00e4r samh\u00e4llsbyggnad sk\u00f6ts med v\u00e4nsterhanden.<\/p>\n<p>I slut\u00e4ndan \u00e4r det medborgarnas ansvar att i n\u00e4sta val se till att det finns f\u00f6ruts\u00e4ttningar f\u00f6r ett stabilt borgerligt styre p\u00e5 Hammar\u00f6.<\/p>\n<p>Hammar\u00f6samverkan best\u00e5r idag av Kristdemokraterna, Moderaterna och Liberalerna. Vi kommer tillsammans arbeta f\u00f6r borgerlig politik p\u00e5 Hammar\u00f6 och skapa f\u00f6ruts\u00e4ttningar f\u00f6r ett nytt majoritetsstyre efter valet 2022.<\/p>\n","protected":false},"excerpt":{"rendered":"<p>Kristdemokraterna beklagar att Socialdemokraterna tackade nej till ett block\u00f6verskridande samarbete med b\u00e5de Hammar\u00f6samverkan och Moderaterna. Det hade varit en unik m\u00f6jlighet att bryta gamla traditioner i kommunen och grunda f\u00f6r ett mognare samarbete mellan partierna p\u00e5 Hammar\u00f6.<\/p>\n","protected":false},"author":724,"featured_media":337,"comment_status":"closed","ping_status":"closed","sticky":false,"template":"","format":"standard","meta":{"_acf_changed":false,"footnotes":""},"categories":[1],"tags":[],"class_list":["post-336","post","type-post","status-publish","format-standard","has-post-thumbnail","hentry","category-okategoriserade"],"acf":[],"yoast_head":"<!-- This site is optimized with the Yoast SEO plugin v27.5 - https:\/\/yoast.com\/product\/yoast-seo-wordpress\/ -->\n<title>KD och Hammar\u00f6samverkan i opposition - Hammar\u00f6<\/title>\n<meta name=\"robots\" content=\"index, follow, max-snippet:-1, max-image-preview:large, max-video-preview:-1\" \/>\n<link rel=\"canonical\" href=\"https:\/\/wp.kristdemokraterna.se\/hammaro\/kd-och-hammarosamverkan-i-opposition\/\" \/>\n<meta property=\"og:locale\" content=\"sv_SE\" \/>\n<meta property=\"og:type\" content=\"article\" \/>\n<meta property=\"og:title\" content=\"KD och Hammar\u00f6samverkan i opposition - Hammar\u00f6\" \/>\n<meta property=\"og:description\" content=\"Kristdemokraterna beklagar att Socialdemokraterna tackade nej till ett block\u00f6verskridande samarbete med b\u00e5de Hammar\u00f6samverkan och Moderaterna. Det hade varit en unik m\u00f6jlighet att bryta gamla traditioner i kommunen och grunda f\u00f6r ett mognare samarbete mellan partierna p\u00e5 Hammar\u00f6.\" \/>\n<meta property=\"og:url\" content=\"https:\/\/wp.kristdemokraterna.se\/hammaro\/kd-och-hammarosamverkan-i-opposition\/\" \/>\n<meta property=\"og:site_name\" content=\"Hammar\u00f6\" \/>\n<meta property=\"article:published_time\" content=\"2020-09-07T16:22:19+00:00\" \/>\n<meta property=\"article:modified_time\" content=\"2020-09-27T07:35:06+00:00\" \/>\n<meta property=\"og:image\" content=\"https:\/\/wp.kristdemokraterna.se\/hammaro\/files\/2020\/09\/hs-lillangen-2020-fb.png\" \/>\n\t<meta property=\"og:image:width\" content=\"300\" \/>\n\t<meta property=\"og:image:height\" content=\"282\" \/>\n\t<meta property=\"og:image:type\" content=\"image\/png\" \/>\n<meta name=\"author\" content=\"mattias\" \/>\n<meta name=\"twitter:card\" content=\"summary_large_image\" \/>\n<meta name=\"twitter:label1\" content=\"Skriven av\" \/>\n\t<meta name=\"twitter:data1\" content=\"mattias\" \/>\n\t<meta name=\"twitter:label2\" content=\"Ber\u00e4knad l\u00e4stid\" \/>\n\t<meta name=\"twitter:data2\" content=\"1 minut\" \/>\n<script type=\"application\/ld+json\" class=\"yoast-schema-graph\">{\"@context\":\"https:\\\/\\\/schema.org\",\"@graph\":[{\"@type\":\"Article\",\"@id\":\"https:\\\/\\\/wp.kristdemokraterna.se\\\/hammaro\\\/kd-och-hammarosamverkan-i-opposition\\\/#article\",\"isPartOf\":{\"@id\":\"https:\\\/\\\/wp.kristdemokraterna.se\\\/hammaro\\\/kd-och-hammarosamverkan-i-opposition\\\/\"},\"author\":{\"name\":\"mattias\",\"@id\":\"https:\\\/\\\/wp.kristdemokraterna.se\\\/hammaro\\\/#\\\/schema\\\/person\\\/b1c1e8bb4a909aa3de9183432c7309d4\"},\"headline\":\"KD och Hammar\u00f6samverkan i opposition\",\"datePublished\":\"2020-09-07T16:22:19+00:00\",\"dateModified\":\"2020-09-27T07:35:06+00:00\",\"mainEntityOfPage\":{\"@id\":\"https:\\\/\\\/wp.kristdemokraterna.se\\\/hammaro\\\/kd-och-hammarosamverkan-i-opposition\\\/\"},\"wordCount\":218,\"image\":{\"@id\":\"https:\\\/\\\/wp.kristdemokraterna.se\\\/hammaro\\\/kd-och-hammarosamverkan-i-opposition\\\/#primaryimage\"},\"thumbnailUrl\":\"https:\\\/\\\/wp.kristdemokraterna.se\\\/hammaro\\\/files\\\/2020\\\/09\\\/hs-lillangen-2020-fb.png\",\"inLanguage\":\"sv-SE\"},{\"@type\":\"WebPage\",\"@id\":\"https:\\\/\\\/wp.kristdemokraterna.se\\\/hammaro\\\/kd-och-hammarosamverkan-i-opposition\\\/\",\"url\":\"https:\\\/\\\/wp.kristdemokraterna.se\\\/hammaro\\\/kd-och-hammarosamverkan-i-opposition\\\/\",\"name\":\"KD och Hammar\u00f6samverkan i opposition - Hammar\u00f6\",\"isPartOf\":{\"@id\":\"https:\\\/\\\/wp.kristdemokraterna.se\\\/hammaro\\\/#website\"},\"primaryImageOfPage\":{\"@id\":\"https:\\\/\\\/wp.kristdemokraterna.se\\\/hammaro\\\/kd-och-hammarosamverkan-i-opposition\\\/#primaryimage\"},\"image\":{\"@id\":\"https:\\\/\\\/wp.kristdemokraterna.se\\\/hammaro\\\/kd-och-hammarosamverkan-i-opposition\\\/#primaryimage\"},\"thumbnailUrl\":\"https:\\\/\\\/wp.kristdemokraterna.se\\\/hammaro\\\/files\\\/2020\\\/09\\\/hs-lillangen-2020-fb.png\",\"datePublished\":\"2020-09-07T16:22:19+00:00\",\"dateModified\":\"2020-09-27T07:35:06+00:00\",\"author\":{\"@id\":\"https:\\\/\\\/wp.kristdemokraterna.se\\\/hammaro\\\/#\\\/schema\\\/person\\\/b1c1e8bb4a909aa3de9183432c7309d4\"},\"breadcrumb\":{\"@id\":\"https:\\\/\\\/wp.kristdemokraterna.se\\\/hammaro\\\/kd-och-hammarosamverkan-i-opposition\\\/#breadcrumb\"},\"inLanguage\":\"sv-SE\",\"potentialAction\":[{\"@type\":\"ReadAction\",\"target\":[\"https:\\\/\\\/wp.kristdemokraterna.se\\\/hammaro\\\/kd-och-hammarosamverkan-i-opposition\\\/\"]}]},{\"@type\":\"ImageObject\",\"inLanguage\":\"sv-SE\",\"@id\":\"https:\\\/\\\/wp.kristdemokraterna.se\\\/hammaro\\\/kd-och-hammarosamverkan-i-opposition\\\/#primaryimage\",\"url\":\"https:\\\/\\\/wp.kristdemokraterna.se\\\/hammaro\\\/files\\\/2020\\\/09\\\/hs-lillangen-2020-fb.png\",\"contentUrl\":\"https:\\\/\\\/wp.kristdemokraterna.se\\\/hammaro\\\/files\\\/2020\\\/09\\\/hs-lillangen-2020-fb.png\",\"width\":300,\"height\":282},{\"@type\":\"BreadcrumbList\",\"@id\":\"https:\\\/\\\/wp.kristdemokraterna.se\\\/hammaro\\\/kd-och-hammarosamverkan-i-opposition\\\/#breadcrumb\",\"itemListElement\":[{\"@type\":\"ListItem\",\"position\":1,\"name\":\"Hem\",\"item\":\"https:\\\/\\\/wp.kristdemokraterna.se\\\/hammaro\\\/\"},{\"@type\":\"ListItem\",\"position\":2,\"name\":\"KD och Hammar\u00f6samverkan i opposition\"}]},{\"@type\":\"WebSite\",\"@id\":\"https:\\\/\\\/wp.kristdemokraterna.se\\\/hammaro\\\/#website\",\"url\":\"https:\\\/\\\/wp.kristdemokraterna.se\\\/hammaro\\\/\",\"name\":\"Hammar\u00f6\",\"description\":\"Ansvarsfull och medm\u00e4nsklig politik\",\"inLanguage\":\"sv-SE\"},{\"@type\":\"Person\",\"@id\":\"https:\\\/\\\/wp.kristdemokraterna.se\\\/hammaro\\\/#\\\/schema\\\/person\\\/b1c1e8bb4a909aa3de9183432c7309d4\",\"name\":\"mattias\",\"image\":{\"@type\":\"ImageObject\",\"inLanguage\":\"sv-SE\",\"@id\":\"https:\\\/\\\/secure.gravatar.com\\\/avatar\\\/17bc6395e055b5c45b8b611e3cd5c69e2b666d04071755f5b7a2f98cb35ee9a5?s=96&r=g\",\"url\":\"https:\\\/\\\/secure.gravatar.com\\\/avatar\\\/17bc6395e055b5c45b8b611e3cd5c69e2b666d04071755f5b7a2f98cb35ee9a5?s=96&r=g\",\"contentUrl\":\"https:\\\/\\\/secure.gravatar.com\\\/avatar\\\/17bc6395e055b5c45b8b611e3cd5c69e2b666d04071755f5b7a2f98cb35ee9a5?s=96&r=g\",\"caption\":\"mattias\"},\"url\":\"https:\\\/\\\/wp.kristdemokraterna.se\\\/hammaro\\\/author\\\/mattias\\\/\"}]}<\/script>\n<!-- \/ Yoast SEO plugin. -->","yoast_head_json":{"title":"KD och Hammar\u00f6samverkan i opposition - Hammar\u00f6","robots":{"index":"index","follow":"follow","max-snippet":"max-snippet:-1","max-image-preview":"max-image-preview:large","max-video-preview":"max-video-preview:-1"},"canonical":"https:\/\/wp.kristdemokraterna.se\/hammaro\/kd-och-hammarosamverkan-i-opposition\/","og_locale":"sv_SE","og_type":"article","og_title":"KD och Hammar\u00f6samverkan i opposition - Hammar\u00f6","og_description":"Kristdemokraterna beklagar att Socialdemokraterna tackade nej till ett block\u00f6verskridande samarbete med b\u00e5de Hammar\u00f6samverkan och Moderaterna. Det hade varit en unik m\u00f6jlighet att bryta gamla traditioner i kommunen och grunda f\u00f6r ett mognare samarbete mellan partierna p\u00e5 Hammar\u00f6.","og_url":"https:\/\/wp.kristdemokraterna.se\/hammaro\/kd-och-hammarosamverkan-i-opposition\/","og_site_name":"Hammar\u00f6","article_published_time":"2020-09-07T16:22:19+00:00","article_modified_time":"2020-09-27T07:35:06+00:00","og_image":[{"width":300,"height":282,"url":"https:\/\/wp.kristdemokraterna.se\/hammaro\/files\/2020\/09\/hs-lillangen-2020-fb.png","type":"image\/png"}],"author":"mattias","twitter_card":"summary_large_image","twitter_misc":{"Skriven av":"mattias","Ber\u00e4knad l\u00e4stid":"1 minut"},"schema":{"@context":"https:\/\/schema.org","@graph":[{"@type":"Article","@id":"https:\/\/wp.kristdemokraterna.se\/hammaro\/kd-och-hammarosamverkan-i-opposition\/#article","isPartOf":{"@id":"https:\/\/wp.kristdemokraterna.se\/hammaro\/kd-och-hammarosamverkan-i-opposition\/"},"author":{"name":"mattias","@id":"https:\/\/wp.kristdemokraterna.se\/hammaro\/#\/schema\/person\/b1c1e8bb4a909aa3de9183432c7309d4"},"headline":"KD och Hammar\u00f6samverkan i opposition","datePublished":"2020-09-07T16:22:19+00:00","dateModified":"2020-09-27T07:35:06+00:00","mainEntityOfPage":{"@id":"https:\/\/wp.kristdemokraterna.se\/hammaro\/kd-och-hammarosamverkan-i-opposition\/"},"wordCount":218,"image":{"@id":"https:\/\/wp.kristdemokraterna.se\/hammaro\/kd-och-hammarosamverkan-i-opposition\/#primaryimage"},"thumbnailUrl":"https:\/\/wp.kristdemokraterna.se\/hammaro\/files\/2020\/09\/hs-lillangen-2020-fb.png","inLanguage":"sv-SE"},{"@type":"WebPage","@id":"https:\/\/wp.kristdemokraterna.se\/hammaro\/kd-och-hammarosamverkan-i-opposition\/","url":"https:\/\/wp.kristdemokraterna.se\/hammaro\/kd-och-hammarosamverkan-i-opposition\/","name":"KD och Hammar\u00f6samverkan i opposition - Hammar\u00f6","isPartOf":{"@id":"https:\/\/wp.kristdemokraterna.se\/hammaro\/#website"},"primaryImageOfPage":{"@id":"https:\/\/wp.kristdemokraterna.se\/hammaro\/kd-och-hammarosamverkan-i-opposition\/#primaryimage"},"image":{"@id":"https:\/\/wp.kristdemokraterna.se\/hammaro\/kd-och-hammarosamverkan-i-opposition\/#primaryimage"},"thumbnailUrl":"https:\/\/wp.kristdemokraterna.se\/hammaro\/files\/2020\/09\/hs-lillangen-2020-fb.png","datePublished":"2020-09-07T16:22:19+00:00","dateModified":"2020-09-27T07:35:06+00:00","author":{"@id":"https:\/\/wp.kristdemokraterna.se\/hammaro\/#\/schema\/person\/b1c1e8bb4a909aa3de9183432c7309d4"},"breadcrumb":{"@id":"https:\/\/wp.kristdemokraterna.se\/hammaro\/kd-och-hammarosamverkan-i-opposition\/#breadcrumb"},"inLanguage":"sv-SE","potentialAction":[{"@type":"ReadAction","target":["https:\/\/wp.kristdemokraterna.se\/hammaro\/kd-och-hammarosamverkan-i-opposition\/"]}]},{"@type":"ImageObject","inLanguage":"sv-SE","@id":"https:\/\/wp.kristdemokraterna.se\/hammaro\/kd-och-hammarosamverkan-i-opposition\/#primaryimage","url":"https:\/\/wp.kristdemokraterna.se\/hammaro\/files\/2020\/09\/hs-lillangen-2020-fb.png","contentUrl":"https:\/\/wp.kristdemokraterna.se\/hammaro\/files\/2020\/09\/hs-lillangen-2020-fb.png","width":300,"height":282},{"@type":"BreadcrumbList","@id":"https:\/\/wp.kristdemokraterna.se\/hammaro\/kd-och-hammarosamverkan-i-opposition\/#breadcrumb","itemListElement":[{"@type":"ListItem","position":1,"name":"Hem","item":"https:\/\/wp.kristdemokraterna.se\/hammaro\/"},{"@type":"ListItem","position":2,"name":"KD och Hammar\u00f6samverkan i opposition"}]},{"@type":"WebSite","@id":"https:\/\/wp.kristdemokraterna.se\/hammaro\/#website","url":"https:\/\/wp.kristdemokraterna.se\/hammaro\/","name":"Hammar\u00f6","description":"Ansvarsfull och medm\u00e4nsklig politik","inLanguage":"sv-SE"},{"@type":"Person","@id":"https:\/\/wp.kristdemokraterna.se\/hammaro\/#\/schema\/person\/b1c1e8bb4a909aa3de9183432c7309d4","name":"mattias","image":{"@type":"ImageObject","inLanguage":"sv-SE","@id":"https:\/\/secure.gravatar.com\/avatar\/17bc6395e055b5c45b8b611e3cd5c69e2b666d04071755f5b7a2f98cb35ee9a5?s=96&r=g","url":"https:\/\/secure.gravatar.com\/avatar\/17bc6395e055b5c45b8b611e3cd5c69e2b666d04071755f5b7a2f98cb35ee9a5?s=96&r=g","contentUrl":"https:\/\/secure.gravatar.com\/avatar\/17bc6395e055b5c45b8b611e3cd5c69e2b666d04071755f5b7a2f98cb35ee9a5?s=96&r=g","caption":"mattias"},"url":"https:\/\/wp.kristdemokraterna.se\/hammaro\/author\/mattias\/"}]}},"_links":{"self":[{"href":"https:\/\/wp.kristdemokraterna.se\/hammaro\/wp-json\/wp\/v2\/posts\/336","targetHints":{"allow":["GET"]}}],"collection":[{"href":"https:\/\/wp.kristdemokraterna.se\/hammaro\/wp-json\/wp\/v2\/posts"}],"about":[{"href":"https:\/\/wp.kristdemokraterna.se\/hammaro\/wp-json\/wp\/v2\/types\/post"}],"author":[{"embeddable":true,"href":"https:\/\/wp.kristdemokraterna.se\/hammaro\/wp-json\/wp\/v2\/users\/724"}],"replies":[{"embeddable":true,"href":"https:\/\/wp.kristdemokraterna.se\/hammaro\/wp-json\/wp\/v2\/comments?post=336"}],"version-history":[{"count":2,"href":"https:\/\/wp.kristdemokraterna.se\/hammaro\/wp-json\/wp\/v2\/posts\/336\/revisions"}],"predecessor-version":[{"id":344,"href":"https:\/\/wp.kristdemokraterna.se\/hammaro\/wp-json\/wp\/v2\/posts\/336\/revisions\/344"}],"wp:featuredmedia":[{"embeddable":true,"href":"https:\/\/wp.kristdemokraterna.se\/hammaro\/wp-json\/wp\/v2\/media\/337"}],"wp:attachment":[{"href":"https:\/\/wp.kristdemokraterna.se\/hammaro\/wp-json\/wp\/v2\/media?parent=336"}],"wp:term":[{"taxonomy":"category","embeddable":true,"href":"https:\/\/wp.kristdemokraterna.se\/hammaro\/wp-json\/wp\/v2\/categories?post=336"},{"taxonomy":"post_tag","embeddable":true,"href":"https:\/\/wp.kristdemokraterna.se\/hammaro\/wp-json\/wp\/v2\/tags?post=336"}],"curies":[{"name":"wp","href":"https:\/\/api.w.org\/{rel}","templated":true}]}}