{"id":341,"date":"2020-09-27T09:34:13","date_gmt":"2020-09-27T07:34:13","guid":{"rendered":"http:\/\/wp.kristdemokraterna.se\/hammaro\/?p=341"},"modified":"2020-09-27T09:34:13","modified_gmt":"2020-09-27T07:34:13","slug":"var-finns-det-politiska-intresset","status":"publish","type":"post","link":"https:\/\/wp.kristdemokraterna.se\/hammaro\/var-finns-det-politiska-intresset\/","title":{"rendered":"Var finns det politiska intresset?"},"content":{"rendered":"<p>En h\u00f6gst aktuell och viktig debattartikel om politiskt engegemang av Kenth Carlsson, ordf\u00f6rande f\u00f6r Kristdemokraterna Hammar\u00f6.<br \/>\nArtikeln publicerades i NWT 2020-09-26<!--more--><\/p>\n<p><strong>Var finns det politiska intresset p\u00e5 Hammar\u00f6?<\/strong><br \/>\nV\u00e5r demokrati uppr\u00e4tth\u00e5lls genom val vart 4:e \u00e5r. D\u00e5 kan du best\u00e4mma vilket parti och vilka personer<br \/>\nsom ska best\u00e4mma \u00f6ver dig, din familj, ditt f\u00f6retag och all kommunal verksamhet p\u00e5 v\u00e5rt vackra<br \/>\nHammar\u00f6. Det finns idag inget annat s\u00e4tt att ut\u00f6va sina demokratiska r\u00e4ttigheter p\u00e5 \u00e4n att r\u00f6sta i<br \/>\nallm\u00e4nna val, \u00e4ven om inl\u00e4gg p\u00e5 sociala medier i viss m\u00e5n \u00e4r en k\u00e4lla f\u00f6r opinionsbildning s\u00e5 \u00e4r det till<br \/>\nsist fullm\u00e4ktige med sina 31 personer som best\u00e4mmer allt!<\/p>\n<p>Tyv\u00e4rr verkar det snart vara slut med denna demokratiska ordning om inte du, din sambo, man\/fru,<br \/>\ngranne eller kompis aktiverar dig i den kommunala politiken inf\u00f6r n\u00e4sta val 2022. Det \u00e4r ett bra<br \/>\ntillf\u00e4lle att redan under 2021 s\u00f6ka sig till det politiska parti som du tycker b\u00e4st st\u00e4mmer \u00f6verens med<br \/>\ndina v\u00e4rderingar, bli medlem d\u00e4r och b\u00f6rja s\u00e4tta dig in i hur du kan p\u00e5verka Hammar\u00f6s framtid. Utan<br \/>\ndin hj\u00e4lp tror jag dessv\u00e4rre att vi har n\u00e5tt v\u00e4gs \u00e4nde f\u00f6r Hammar\u00f6 som egen kommun. Enda<br \/>\nljusglimten f\u00f6r en framtida positiv utveckling \u00e4r d\u00e5 att s\u00f6ka ett samg\u00e5ende med storebror Karlstad.<br \/>\nOm nu Karlstad vill ta omhand lillebror fr\u00e5n \u201d\u00d6:a\u201d som visserligen \u00e4r attraktiv men skuldsatt upp \u00f6ver<br \/>\n\u00f6ronen!<\/p>\n<p>Dagsl\u00e4get \u00e4r s\u00e5dant att efter sommarens politiska turbulens har Mp nu har bytt sida och tagit flera<br \/>\nsteg v\u00e4nsterut och g\u00e5tt \u00f6ver till S + V! Att C sedan g\u00e5r dit makten finns det har vi l\u00e4rt oss sen m\u00e5nga<br \/>\n\u00e5r tillbaka!<\/p>\n<p>Nu \u00e4r cirkusen \u00f6ver f\u00f6r den h\u00e4r g\u00e5ngen och den 28 september tar S+V+MP+C \u00f6ver styret p\u00e5<br \/>\nHammar\u00f6. D\u00e5 l\u00e4gger man ocks\u00e5 ner Samh\u00e4llsbyggnadsutskottet som vi var \u00f6verens om efter valet<br \/>\nh\u00f6sten 2018 var n\u00f6dv\u00e4ndigt att inr\u00e4tta f\u00f6r att p\u00e5b\u00f6rja en l\u00e5ngsiktig styrning av kommunens<br \/>\ninfrastruktur och byggande, baserat p\u00e5 kunskap om tillv\u00e4xt och demografiutveckling.<br \/>\nHade Samh\u00e4llsbyggnadsutskottet funnits f\u00f6r 10-20 \u00e5r sedan \u00e4r jag \u00f6vertygad om att \u201dbarackskola\u201d<br \/>\nvarit ett ok\u00e4nt begrepp f\u00f6r oss och att den kraftiga skatteh\u00f6jningen p\u00e5 1,50 aldrig hade beh\u00f6vt g\u00f6ras!<br \/>\nMen som sagt, nu \u00e5terg\u00e5r vi till det oplanerade \u201dnormaltillst\u00e5ndet\u201d f\u00f6r Hammar\u00f6 igen!<br \/>\nTyv\u00e4rr drabbar denna turbulens alla som bor p\u00e5 Hammar\u00f6 och v\u00e5ra kvalificerade tj\u00e4nstem\u00e4n i<br \/>\nkommunen och v\u00e5rt gigantiska byggprojekt av nya skolor p\u00e5 ett negativt s\u00e4tt.<\/p>\n<p>Orsaken till min allvarliga uppmaning till er alla som \u201dhar fyllt politisk \u00e5lder\u201d 18 \u00e5r till valet 2022, \u00e4r<br \/>\natt vi endast haft en liten tillv\u00e4xt i politikerskaran under de senaste \u00e5ren. Detta blir helt uppenbart<br \/>\nom vi ser till den \u201dnya\u201d majoriteten av S+V+MP+C som tar \u00f6ver styret av Hammar\u00f6 den 28<br \/>\nseptember. Det \u00e4r idel k\u00e4nda ansikten som varit med sedan m\u00e5nga \u00e5r tillbaka. Medel\u00e5ldern i de<br \/>\nledande rollerna i v\u00e5ra n\u00e4mnder och styrelser blir omkring 70 \u00e5r! Och detta p\u00e5 Barnens \u00d6 \u2013<br \/>\nHammar\u00f6!<\/p>\n<p>Allts\u00e5 \u2013 g\u00e5 med i ett politiskt parti p\u00e5 Hammar\u00f6 och g\u00f6r det nu! Snart \u00e4r det f\u00f6r sent\u2026..<\/p>\n<p>Kenth Carlsson<br \/>\nOrdf\u00f6rande Kristdemokraterna p\u00e5 Hammar\u00f6<\/p>\n","protected":false},"excerpt":{"rendered":"<p>En h\u00f6gst aktuell och viktig debattartikel om politiskt engegemang av Kenth Carlsson, ordf\u00f6rande f\u00f6r Kristdemokraterna Hammar\u00f6. Artikeln publicerades i NWT 2020-09-26<\/p>\n","protected":false},"author":724,"featured_media":342,"comment_status":"closed","ping_status":"closed","sticky":false,"template":"","format":"standard","meta":{"_acf_changed":false,"footnotes":""},"categories":[1],"tags":[],"class_list":["post-341","post","type-post","status-publish","format-standard","has-post-thumbnail","hentry","category-okategoriserade"],"acf":[],"yoast_head":"<!-- This site is optimized with the Yoast SEO plugin v27.5 - https:\/\/yoast.com\/product\/yoast-seo-wordpress\/ -->\n<title>Var finns det politiska intresset? - Hammar\u00f6<\/title>\n<meta name=\"robots\" content=\"index, follow, max-snippet:-1, max-image-preview:large, max-video-preview:-1\" \/>\n<link rel=\"canonical\" href=\"https:\/\/wp.kristdemokraterna.se\/hammaro\/var-finns-det-politiska-intresset\/\" \/>\n<meta property=\"og:locale\" content=\"sv_SE\" \/>\n<meta property=\"og:type\" content=\"article\" \/>\n<meta property=\"og:title\" content=\"Var finns det politiska intresset? - Hammar\u00f6\" \/>\n<meta property=\"og:description\" content=\"En h\u00f6gst aktuell och viktig debattartikel om politiskt engegemang av Kenth Carlsson, ordf\u00f6rande f\u00f6r Kristdemokraterna Hammar\u00f6. Artikeln publicerades i NWT 2020-09-26\" \/>\n<meta property=\"og:url\" content=\"https:\/\/wp.kristdemokraterna.se\/hammaro\/var-finns-det-politiska-intresset\/\" \/>\n<meta property=\"og:site_name\" content=\"Hammar\u00f6\" \/>\n<meta property=\"article:published_time\" content=\"2020-09-27T07:34:13+00:00\" \/>\n<meta property=\"og:image\" content=\"https:\/\/wp.kristdemokraterna.se\/hammaro\/files\/2020\/09\/debatt1.jpg\" \/>\n\t<meta property=\"og:image:width\" content=\"640\" \/>\n\t<meta property=\"og:image:height\" content=\"480\" \/>\n\t<meta property=\"og:image:type\" content=\"image\/jpeg\" \/>\n<meta name=\"author\" content=\"mattias\" \/>\n<meta name=\"twitter:card\" content=\"summary_large_image\" \/>\n<meta name=\"twitter:label1\" content=\"Skriven av\" \/>\n\t<meta name=\"twitter:data1\" content=\"mattias\" \/>\n\t<meta name=\"twitter:label2\" content=\"Ber\u00e4knad l\u00e4stid\" \/>\n\t<meta name=\"twitter:data2\" content=\"3 minuter\" \/>\n<script type=\"application\/ld+json\" class=\"yoast-schema-graph\">{\"@context\":\"https:\\\/\\\/schema.org\",\"@graph\":[{\"@type\":\"Article\",\"@id\":\"https:\\\/\\\/wp.kristdemokraterna.se\\\/hammaro\\\/var-finns-det-politiska-intresset\\\/#article\",\"isPartOf\":{\"@id\":\"https:\\\/\\\/wp.kristdemokraterna.se\\\/hammaro\\\/var-finns-det-politiska-intresset\\\/\"},\"author\":{\"name\":\"mattias\",\"@id\":\"https:\\\/\\\/wp.kristdemokraterna.se\\\/hammaro\\\/#\\\/schema\\\/person\\\/b1c1e8bb4a909aa3de9183432c7309d4\"},\"headline\":\"Var finns det politiska intresset?\",\"datePublished\":\"2020-09-27T07:34:13+00:00\",\"mainEntityOfPage\":{\"@id\":\"https:\\\/\\\/wp.kristdemokraterna.se\\\/hammaro\\\/var-finns-det-politiska-intresset\\\/\"},\"wordCount\":592,\"image\":{\"@id\":\"https:\\\/\\\/wp.kristdemokraterna.se\\\/hammaro\\\/var-finns-det-politiska-intresset\\\/#primaryimage\"},\"thumbnailUrl\":\"https:\\\/\\\/wp.kristdemokraterna.se\\\/hammaro\\\/files\\\/2020\\\/09\\\/debatt1.jpg\",\"inLanguage\":\"sv-SE\"},{\"@type\":\"WebPage\",\"@id\":\"https:\\\/\\\/wp.kristdemokraterna.se\\\/hammaro\\\/var-finns-det-politiska-intresset\\\/\",\"url\":\"https:\\\/\\\/wp.kristdemokraterna.se\\\/hammaro\\\/var-finns-det-politiska-intresset\\\/\",\"name\":\"Var finns det politiska intresset? - Hammar\u00f6\",\"isPartOf\":{\"@id\":\"https:\\\/\\\/wp.kristdemokraterna.se\\\/hammaro\\\/#website\"},\"primaryImageOfPage\":{\"@id\":\"https:\\\/\\\/wp.kristdemokraterna.se\\\/hammaro\\\/var-finns-det-politiska-intresset\\\/#primaryimage\"},\"image\":{\"@id\":\"https:\\\/\\\/wp.kristdemokraterna.se\\\/hammaro\\\/var-finns-det-politiska-intresset\\\/#primaryimage\"},\"thumbnailUrl\":\"https:\\\/\\\/wp.kristdemokraterna.se\\\/hammaro\\\/files\\\/2020\\\/09\\\/debatt1.jpg\",\"datePublished\":\"2020-09-27T07:34:13+00:00\",\"author\":{\"@id\":\"https:\\\/\\\/wp.kristdemokraterna.se\\\/hammaro\\\/#\\\/schema\\\/person\\\/b1c1e8bb4a909aa3de9183432c7309d4\"},\"breadcrumb\":{\"@id\":\"https:\\\/\\\/wp.kristdemokraterna.se\\\/hammaro\\\/var-finns-det-politiska-intresset\\\/#breadcrumb\"},\"inLanguage\":\"sv-SE\",\"potentialAction\":[{\"@type\":\"ReadAction\",\"target\":[\"https:\\\/\\\/wp.kristdemokraterna.se\\\/hammaro\\\/var-finns-det-politiska-intresset\\\/\"]}]},{\"@type\":\"ImageObject\",\"inLanguage\":\"sv-SE\",\"@id\":\"https:\\\/\\\/wp.kristdemokraterna.se\\\/hammaro\\\/var-finns-det-politiska-intresset\\\/#primaryimage\",\"url\":\"https:\\\/\\\/wp.kristdemokraterna.se\\\/hammaro\\\/files\\\/2020\\\/09\\\/debatt1.jpg\",\"contentUrl\":\"https:\\\/\\\/wp.kristdemokraterna.se\\\/hammaro\\\/files\\\/2020\\\/09\\\/debatt1.jpg\",\"width\":640,\"height\":480},{\"@type\":\"BreadcrumbList\",\"@id\":\"https:\\\/\\\/wp.kristdemokraterna.se\\\/hammaro\\\/var-finns-det-politiska-intresset\\\/#breadcrumb\",\"itemListElement\":[{\"@type\":\"ListItem\",\"position\":1,\"name\":\"Hem\",\"item\":\"https:\\\/\\\/wp.kristdemokraterna.se\\\/hammaro\\\/\"},{\"@type\":\"ListItem\",\"position\":2,\"name\":\"Var finns det politiska intresset?\"}]},{\"@type\":\"WebSite\",\"@id\":\"https:\\\/\\\/wp.kristdemokraterna.se\\\/hammaro\\\/#website\",\"url\":\"https:\\\/\\\/wp.kristdemokraterna.se\\\/hammaro\\\/\",\"name\":\"Hammar\u00f6\",\"description\":\"Ansvarsfull och medm\u00e4nsklig politik\",\"inLanguage\":\"sv-SE\"},{\"@type\":\"Person\",\"@id\":\"https:\\\/\\\/wp.kristdemokraterna.se\\\/hammaro\\\/#\\\/schema\\\/person\\\/b1c1e8bb4a909aa3de9183432c7309d4\",\"name\":\"mattias\",\"image\":{\"@type\":\"ImageObject\",\"inLanguage\":\"sv-SE\",\"@id\":\"https:\\\/\\\/secure.gravatar.com\\\/avatar\\\/17bc6395e055b5c45b8b611e3cd5c69e2b666d04071755f5b7a2f98cb35ee9a5?s=96&r=g\",\"url\":\"https:\\\/\\\/secure.gravatar.com\\\/avatar\\\/17bc6395e055b5c45b8b611e3cd5c69e2b666d04071755f5b7a2f98cb35ee9a5?s=96&r=g\",\"contentUrl\":\"https:\\\/\\\/secure.gravatar.com\\\/avatar\\\/17bc6395e055b5c45b8b611e3cd5c69e2b666d04071755f5b7a2f98cb35ee9a5?s=96&r=g\",\"caption\":\"mattias\"},\"url\":\"https:\\\/\\\/wp.kristdemokraterna.se\\\/hammaro\\\/author\\\/mattias\\\/\"}]}<\/script>\n<!-- \/ Yoast SEO plugin. -->","yoast_head_json":{"title":"Var finns det politiska intresset? - Hammar\u00f6","robots":{"index":"index","follow":"follow","max-snippet":"max-snippet:-1","max-image-preview":"max-image-preview:large","max-video-preview":"max-video-preview:-1"},"canonical":"https:\/\/wp.kristdemokraterna.se\/hammaro\/var-finns-det-politiska-intresset\/","og_locale":"sv_SE","og_type":"article","og_title":"Var finns det politiska intresset? - Hammar\u00f6","og_description":"En h\u00f6gst aktuell och viktig debattartikel om politiskt engegemang av Kenth Carlsson, ordf\u00f6rande f\u00f6r Kristdemokraterna Hammar\u00f6. Artikeln publicerades i NWT 2020-09-26","og_url":"https:\/\/wp.kristdemokraterna.se\/hammaro\/var-finns-det-politiska-intresset\/","og_site_name":"Hammar\u00f6","article_published_time":"2020-09-27T07:34:13+00:00","og_image":[{"width":640,"height":480,"url":"https:\/\/wp.kristdemokraterna.se\/hammaro\/files\/2020\/09\/debatt1.jpg","type":"image\/jpeg"}],"author":"mattias","twitter_card":"summary_large_image","twitter_misc":{"Skriven av":"mattias","Ber\u00e4knad l\u00e4stid":"3 minuter"},"schema":{"@context":"https:\/\/schema.org","@graph":[{"@type":"Article","@id":"https:\/\/wp.kristdemokraterna.se\/hammaro\/var-finns-det-politiska-intresset\/#article","isPartOf":{"@id":"https:\/\/wp.kristdemokraterna.se\/hammaro\/var-finns-det-politiska-intresset\/"},"author":{"name":"mattias","@id":"https:\/\/wp.kristdemokraterna.se\/hammaro\/#\/schema\/person\/b1c1e8bb4a909aa3de9183432c7309d4"},"headline":"Var finns det politiska intresset?","datePublished":"2020-09-27T07:34:13+00:00","mainEntityOfPage":{"@id":"https:\/\/wp.kristdemokraterna.se\/hammaro\/var-finns-det-politiska-intresset\/"},"wordCount":592,"image":{"@id":"https:\/\/wp.kristdemokraterna.se\/hammaro\/var-finns-det-politiska-intresset\/#primaryimage"},"thumbnailUrl":"https:\/\/wp.kristdemokraterna.se\/hammaro\/files\/2020\/09\/debatt1.jpg","inLanguage":"sv-SE"},{"@type":"WebPage","@id":"https:\/\/wp.kristdemokraterna.se\/hammaro\/var-finns-det-politiska-intresset\/","url":"https:\/\/wp.kristdemokraterna.se\/hammaro\/var-finns-det-politiska-intresset\/","name":"Var finns det politiska intresset? - Hammar\u00f6","isPartOf":{"@id":"https:\/\/wp.kristdemokraterna.se\/hammaro\/#website"},"primaryImageOfPage":{"@id":"https:\/\/wp.kristdemokraterna.se\/hammaro\/var-finns-det-politiska-intresset\/#primaryimage"},"image":{"@id":"https:\/\/wp.kristdemokraterna.se\/hammaro\/var-finns-det-politiska-intresset\/#primaryimage"},"thumbnailUrl":"https:\/\/wp.kristdemokraterna.se\/hammaro\/files\/2020\/09\/debatt1.jpg","datePublished":"2020-09-27T07:34:13+00:00","author":{"@id":"https:\/\/wp.kristdemokraterna.se\/hammaro\/#\/schema\/person\/b1c1e8bb4a909aa3de9183432c7309d4"},"breadcrumb":{"@id":"https:\/\/wp.kristdemokraterna.se\/hammaro\/var-finns-det-politiska-intresset\/#breadcrumb"},"inLanguage":"sv-SE","potentialAction":[{"@type":"ReadAction","target":["https:\/\/wp.kristdemokraterna.se\/hammaro\/var-finns-det-politiska-intresset\/"]}]},{"@type":"ImageObject","inLanguage":"sv-SE","@id":"https:\/\/wp.kristdemokraterna.se\/hammaro\/var-finns-det-politiska-intresset\/#primaryimage","url":"https:\/\/wp.kristdemokraterna.se\/hammaro\/files\/2020\/09\/debatt1.jpg","contentUrl":"https:\/\/wp.kristdemokraterna.se\/hammaro\/files\/2020\/09\/debatt1.jpg","width":640,"height":480},{"@type":"BreadcrumbList","@id":"https:\/\/wp.kristdemokraterna.se\/hammaro\/var-finns-det-politiska-intresset\/#breadcrumb","itemListElement":[{"@type":"ListItem","position":1,"name":"Hem","item":"https:\/\/wp.kristdemokraterna.se\/hammaro\/"},{"@type":"ListItem","position":2,"name":"Var finns det politiska intresset?"}]},{"@type":"WebSite","@id":"https:\/\/wp.kristdemokraterna.se\/hammaro\/#website","url":"https:\/\/wp.kristdemokraterna.se\/hammaro\/","name":"Hammar\u00f6","description":"Ansvarsfull och medm\u00e4nsklig politik","inLanguage":"sv-SE"},{"@type":"Person","@id":"https:\/\/wp.kristdemokraterna.se\/hammaro\/#\/schema\/person\/b1c1e8bb4a909aa3de9183432c7309d4","name":"mattias","image":{"@type":"ImageObject","inLanguage":"sv-SE","@id":"https:\/\/secure.gravatar.com\/avatar\/17bc6395e055b5c45b8b611e3cd5c69e2b666d04071755f5b7a2f98cb35ee9a5?s=96&r=g","url":"https:\/\/secure.gravatar.com\/avatar\/17bc6395e055b5c45b8b611e3cd5c69e2b666d04071755f5b7a2f98cb35ee9a5?s=96&r=g","contentUrl":"https:\/\/secure.gravatar.com\/avatar\/17bc6395e055b5c45b8b611e3cd5c69e2b666d04071755f5b7a2f98cb35ee9a5?s=96&r=g","caption":"mattias"},"url":"https:\/\/wp.kristdemokraterna.se\/hammaro\/author\/mattias\/"}]}},"_links":{"self":[{"href":"https:\/\/wp.kristdemokraterna.se\/hammaro\/wp-json\/wp\/v2\/posts\/341","targetHints":{"allow":["GET"]}}],"collection":[{"href":"https:\/\/wp.kristdemokraterna.se\/hammaro\/wp-json\/wp\/v2\/posts"}],"about":[{"href":"https:\/\/wp.kristdemokraterna.se\/hammaro\/wp-json\/wp\/v2\/types\/post"}],"author":[{"embeddable":true,"href":"https:\/\/wp.kristdemokraterna.se\/hammaro\/wp-json\/wp\/v2\/users\/724"}],"replies":[{"embeddable":true,"href":"https:\/\/wp.kristdemokraterna.se\/hammaro\/wp-json\/wp\/v2\/comments?post=341"}],"version-history":[{"count":1,"href":"https:\/\/wp.kristdemokraterna.se\/hammaro\/wp-json\/wp\/v2\/posts\/341\/revisions"}],"predecessor-version":[{"id":343,"href":"https:\/\/wp.kristdemokraterna.se\/hammaro\/wp-json\/wp\/v2\/posts\/341\/revisions\/343"}],"wp:featuredmedia":[{"embeddable":true,"href":"https:\/\/wp.kristdemokraterna.se\/hammaro\/wp-json\/wp\/v2\/media\/342"}],"wp:attachment":[{"href":"https:\/\/wp.kristdemokraterna.se\/hammaro\/wp-json\/wp\/v2\/media?parent=341"}],"wp:term":[{"taxonomy":"category","embeddable":true,"href":"https:\/\/wp.kristdemokraterna.se\/hammaro\/wp-json\/wp\/v2\/categories?post=341"},{"taxonomy":"post_tag","embeddable":true,"href":"https:\/\/wp.kristdemokraterna.se\/hammaro\/wp-json\/wp\/v2\/tags?post=341"}],"curies":[{"name":"wp","href":"https:\/\/api.w.org\/{rel}","templated":true}]}}