{"id":403,"date":"2022-07-13T03:47:04","date_gmt":"2022-07-13T01:47:04","guid":{"rendered":"https:\/\/wp.kristdemokraterna.se\/hammaro\/?p=403"},"modified":"2022-07-13T03:50:39","modified_gmt":"2022-07-13T01:50:39","slug":"med-hjarta-for-hammaro-lokalt-valprogram","status":"publish","type":"post","link":"https:\/\/wp.kristdemokraterna.se\/hammaro\/med-hjarta-for-hammaro-lokalt-valprogram\/","title":{"rendered":"Med hj\u00e4rta f\u00f6r Hammar\u00f6  &#8211; lokalt valprogram"},"content":{"rendered":"<p>KD Hammar\u00f6 arbetar f\u00f6r Hammar\u00f6s b\u00e4sta och f\u00f6r att varje person och familj ska f\u00e5 m\u00f6jlighet att forma och styra sitt eget liv. Detta \u00e4r v\u00e5rt lokala valprogram i valet 2022.<\/p>\n<p><!--more--><\/p>\n<p><strong>KD Hammar\u00f6 \u2013 V\u00e5ra Valfr\u00e5gor 2022<\/strong><\/p>\n<ul>\n<li><strong>Familjen<\/strong><\/li>\n<li>6-timmars arbetsdag f\u00f6r kommunanst\u00e4llda med barn under 7 \u00e5r, s\u00e5 att livspusslet g\u00e5r ihop<\/li>\n<li>F\u00f6r\u00e4ldrast\u00f6d p\u00e5 kv\u00e4llar och helger med r\u00e5dgivning till nya f\u00f6r\u00e4ldrar<\/li>\n<li>Trygga barn ger trygga familjer \u2013 en trygg famn p\u00e5 f\u00f6rskolan betyder mer \u00e4n h\u00f6gskolepo\u00e4ng f\u00f6r en 2-\u00e5ring<\/li>\n<li><strong>\u00c4ldreomsorgen<\/strong><\/li>\n<li>Valfrihet i \u00e4ldreomsorgen med privat regi &#8211; \u201dDen \u00e4ldre i centrum\u201d<\/li>\n<li>\u00c4ldreboendegaranti f\u00f6r 85+<\/li>\n<li>Den \u00e4ldre har r\u00e4tt till utvecklingssamtal med sin personliga omsorgspersonal<\/li>\n<li>H\u00f6gst 10 olika personer hos den \u00e4ldre under en 14-dagsperiod<\/li>\n<li>Alla undersk\u00f6terskor ska f\u00e5 m\u00f6jlighet till specialistutbildning i demensv\u00e5rd p\u00e5 arbetstid!<\/li>\n<li>Digital utbildning f\u00f6r v\u00e5ra \u00e4ldre<\/li>\n<li>Pub- och Quizkv\u00e4ll p\u00e5 S\u00e4rskilt boende och Trygghetsboende \u2013 \u00e5lder \u00e4r bara en siffra!<\/li>\n<li><strong>Barnomsorg<\/strong><\/li>\n<li>Barngruppernas storlek i f\u00f6rskolan ska vara max 12 barn f\u00f6r de sm\u00e5 och 15 f\u00f6r de st\u00f6rre<\/li>\n<li>Ge f\u00f6ruts\u00e4ttningar f\u00f6r valfrihet i barnomsorgen \u2013 privat, kollektivt eller \u201ddagmammor\u201d och \u201ddagpappor\u201d<\/li>\n<li><strong>Grundskolan<\/strong><\/li>\n<li>Digitala forum f\u00f6r ungas psykiska h\u00e4lsa &#8211; chatta med en vuxen som lyssnar<\/li>\n<li>Barn med s\u00e4rskilda behov ska ocks\u00e5 k\u00e4nna att de kan lyckas &#8211; erbjud en skola utformad efter barnets behov<\/li>\n<li>Hammar\u00f6 ska vara bland Sveriges Top-10 skolkommuner<\/li>\n<li>L\u00e5g- och mellanstadiebarn ska ha n\u00e4ra till skolan<\/li>\n<li>Alla barn f\u00f6rtj\u00e4nar en egen skolskog och en skolg\u00e5rd v\u00e4rd namnet<\/li>\n<li><strong>Gymnasieskolan<\/strong><\/li>\n<li>Ridgymnasium p\u00e5 Hammar\u00f6<\/li>\n<li>M\u00f6jligheten att v\u00e4lja skola ska fortsatt vara en r\u00e4ttighet \u2013 kommunal eller friskola<\/li>\n<li>Samarbete skola n\u00e4ringsliv och utbildning i entrepren\u00f6rskap<\/li>\n<li><strong>Sjukv\u00e5rden<\/strong><\/li>\n<li>Inr\u00e4tta n\u00e4rv\u00e5rdsplatser p\u00e5 Hammar\u00f6 i samverkan med Region V\u00e4rmland<\/li>\n<li>F\u00f6rst\u00e4rka utbildning och fortbildning f\u00f6r personal inom LSS och Daglig verksamhet<\/li>\n<li>Skapa mobil v\u00e5rd, hembes\u00f6k \u00e4ven av l\u00e4kare genom samarbete med Region V\u00e4rmland<\/li>\n<li>Utveckla God och n\u00e4ra v\u00e5rd, h\u00e4lsa och omsorg. V\u00e5rd och st\u00f6d utifr\u00e5n behov.<\/li>\n<li><strong>Trygghet<\/strong><\/li>\n<li>Skapa trygga utemilj\u00f6er och nolltolerans mot skadeg\u00f6relse och klotter<\/li>\n<li>Handlingsplaner i kommunens verksamheter f\u00f6r kriser \u2013 in\/utrymning, beredskap och \u00f6vningar<\/li>\n<li><strong>Samh\u00e4llsbyggnad<\/strong><\/li>\n<li>Vi ska ha en l\u00e5ngsiktig planering f\u00f6r Hammar\u00f6s utveckling<\/li>\n<li>Ett utvecklat centrum med pop-up butiker och restauranger<\/li>\n<li>Turismsatsning f\u00f6r b\u00e5de cykel, bil- och b\u00e5tturister<\/li>\n<li><strong>Kommunens ekonomi<\/strong><\/li>\n<li>Det \u00e4r ansvarsfullt att s\u00e4ga nej till kommunala skrytbyggen eller riskprojekt<\/li>\n<li>Utveckla kommunens verksamhet s\u00e5 att vi kan s\u00e4nka skatten<\/li>\n<li><strong>F\u00f6reningslivet<\/strong><\/li>\n<li>St\u00e4rk samarbetet med f\u00f6reningslivet<\/li>\n<li>Bredda f\u00f6reningsbidragen till alla \u00e5ldrar och kategorier &#8211; <u>inte bara f\u00f6r sm\u00e5 barn<\/u><\/li>\n<li><strong>Landsbygden<\/strong><\/li>\n<li>F\u00f6rskolor p\u00e5 landsbygden ska vara kvar<\/li>\n<li>Kollektivtrafik f\u00f6r alla p\u00e5 Hammar\u00f6<\/li>\n<li>Kommunal vinterv\u00e4gh\u00e5llning f\u00f6r fastboende p\u00e5 enskilda v\u00e4gar<\/li>\n<li>Bevara gr\u00f6nomr\u00e5den i bostadsomr\u00e5den och \u00e5kermarken<\/li>\n<li><strong>Ett samh\u00e4lle f\u00f6r alla<\/strong><\/li>\n<li>SFI-undervisning ska kombineras med fadderskap och praktik<\/li>\n<li>Undervisning f\u00f6r nyanl\u00e4nda om v\u00e4rderingar, lag och r\u00e4tt, j\u00e4mst\u00e4lldhet och sociala och etiska koder i Sverige<\/li>\n<li>Svenska f\u00f6r v\u00e5ra invandrare \u2013 digitala st\u00f6d f\u00f6r utbildning och prov<\/li>\n<li>Praktikplatser i kommunen f\u00f6r att st\u00e4rka integrationen<\/li>\n<li><strong>Kultur och fritid<\/strong><\/li>\n<li>En simhall f\u00f6r alla byggs p\u00e5 Hammar\u00f6<\/li>\n<li>En idrottsplats etableras vid Hammarlundens skola<\/li>\n<li>Pojk- och flickidrotten ska ha j\u00e4mlika villkor och resurser<\/li>\n<li>\u00d6ka samarbetet med V\u00e4rmlands museum och Sk\u00e4rg\u00e5rdsmuseet<\/li>\n<li>En m\u00f6tesplats f\u00f6r motorintresserad ungdom<\/li>\n<li><strong>Milj\u00f6 och klimat<\/strong><\/li>\n<li>S\u00e4ker cykel- och g\u00e5ngpassage vid Hammar\u00f6leden vid Nolg\u00e5rd<\/li>\n<li>Stimulera alla att anv\u00e4nda den ut\u00f6kade kollektivtrafiken<\/li>\n<li>Etablera laddstolpar tillsammans med butiker och \u201dmackar\u201d<\/li>\n<li><strong>Jobb och N\u00e4ringsliv<\/strong><\/li>\n<li>V\u00e4lkomna nya och underl\u00e4tta f\u00f6r v\u00e5ra privata f\u00f6retagare<\/li>\n<li>F\u00f6retagsklimatet ska upp fr\u00e5n plats 175 till Topp 10<\/li>\n<\/ul>\n<p>&nbsp;<\/p>\n","protected":false},"excerpt":{"rendered":"<p>KD Hammar\u00f6 arbetar f\u00f6r Hammar\u00f6s b\u00e4sta och f\u00f6r att varje person och familj ska f\u00e5 m\u00f6jlighet att forma och styra sitt eget liv. Detta \u00e4r v\u00e5rt lokala valprogram i valet 2022.<\/p>\n","protected":false},"author":724,"featured_media":406,"comment_status":"closed","ping_status":"closed","sticky":false,"template":"","format":"standard","meta":{"_acf_changed":false,"footnotes":""},"categories":[1],"tags":[],"class_list":["post-403","post","type-post","status-publish","format-standard","has-post-thumbnail","hentry","category-okategoriserade"],"acf":[],"yoast_head":"<!-- This site is optimized with the Yoast SEO plugin v27.4 - https:\/\/yoast.com\/product\/yoast-seo-wordpress\/ -->\n<title>Med hj\u00e4rta f\u00f6r Hammar\u00f6 - lokalt valprogram - Hammar\u00f6<\/title>\n<meta name=\"robots\" content=\"index, follow, max-snippet:-1, max-image-preview:large, max-video-preview:-1\" \/>\n<link rel=\"canonical\" href=\"https:\/\/wp.kristdemokraterna.se\/hammaro\/med-hjarta-for-hammaro-lokalt-valprogram\/\" \/>\n<meta property=\"og:locale\" content=\"sv_SE\" \/>\n<meta property=\"og:type\" content=\"article\" \/>\n<meta property=\"og:title\" content=\"Med hj\u00e4rta f\u00f6r Hammar\u00f6 - lokalt valprogram - Hammar\u00f6\" \/>\n<meta property=\"og:description\" content=\"KD Hammar\u00f6 arbetar f\u00f6r Hammar\u00f6s b\u00e4sta och f\u00f6r att varje person och familj ska f\u00e5 m\u00f6jlighet att forma och styra sitt eget liv. Detta \u00e4r v\u00e5rt lokala valprogram i valet 2022.\" \/>\n<meta property=\"og:url\" content=\"https:\/\/wp.kristdemokraterna.se\/hammaro\/med-hjarta-for-hammaro-lokalt-valprogram\/\" \/>\n<meta property=\"og:site_name\" content=\"Hammar\u00f6\" \/>\n<meta property=\"article:published_time\" content=\"2022-07-13T01:47:04+00:00\" \/>\n<meta property=\"article:modified_time\" content=\"2022-07-13T01:50:39+00:00\" \/>\n<meta property=\"og:image\" content=\"http:\/\/wp.kristdemokraterna.se\/hammaro\/files\/2022\/07\/hjartaforhammaro-blakvadrat.jpg\" \/>\n\t<meta property=\"og:image:width\" content=\"870\" \/>\n\t<meta property=\"og:image:height\" content=\"692\" \/>\n\t<meta property=\"og:image:type\" content=\"image\/jpeg\" \/>\n<meta name=\"author\" content=\"mattias\" \/>\n<meta name=\"twitter:card\" content=\"summary_large_image\" \/>\n<meta name=\"twitter:label1\" content=\"Skriven av\" \/>\n\t<meta name=\"twitter:data1\" content=\"mattias\" \/>\n\t<meta name=\"twitter:label2\" content=\"Ber\u00e4knad l\u00e4stid\" \/>\n\t<meta name=\"twitter:data2\" content=\"3 minuter\" \/>\n<script type=\"application\/ld+json\" class=\"yoast-schema-graph\">{\"@context\":\"https:\\\/\\\/schema.org\",\"@graph\":[{\"@type\":\"Article\",\"@id\":\"https:\\\/\\\/wp.kristdemokraterna.se\\\/hammaro\\\/med-hjarta-for-hammaro-lokalt-valprogram\\\/#article\",\"isPartOf\":{\"@id\":\"https:\\\/\\\/wp.kristdemokraterna.se\\\/hammaro\\\/med-hjarta-for-hammaro-lokalt-valprogram\\\/\"},\"author\":{\"name\":\"mattias\",\"@id\":\"https:\\\/\\\/wp.kristdemokraterna.se\\\/hammaro\\\/#\\\/schema\\\/person\\\/b1c1e8bb4a909aa3de9183432c7309d4\"},\"headline\":\"Med hj\u00e4rta f\u00f6r Hammar\u00f6 &#8211; lokalt valprogram\",\"datePublished\":\"2022-07-13T01:47:04+00:00\",\"dateModified\":\"2022-07-13T01:50:39+00:00\",\"mainEntityOfPage\":{\"@id\":\"https:\\\/\\\/wp.kristdemokraterna.se\\\/hammaro\\\/med-hjarta-for-hammaro-lokalt-valprogram\\\/\"},\"wordCount\":672,\"image\":{\"@id\":\"https:\\\/\\\/wp.kristdemokraterna.se\\\/hammaro\\\/med-hjarta-for-hammaro-lokalt-valprogram\\\/#primaryimage\"},\"thumbnailUrl\":\"https:\\\/\\\/wp.kristdemokraterna.se\\\/hammaro\\\/files\\\/2022\\\/07\\\/hjartaforhammaro-blakvadrat.jpg\",\"inLanguage\":\"sv-SE\"},{\"@type\":\"WebPage\",\"@id\":\"https:\\\/\\\/wp.kristdemokraterna.se\\\/hammaro\\\/med-hjarta-for-hammaro-lokalt-valprogram\\\/\",\"url\":\"https:\\\/\\\/wp.kristdemokraterna.se\\\/hammaro\\\/med-hjarta-for-hammaro-lokalt-valprogram\\\/\",\"name\":\"Med hj\u00e4rta f\u00f6r Hammar\u00f6 - lokalt valprogram - Hammar\u00f6\",\"isPartOf\":{\"@id\":\"https:\\\/\\\/wp.kristdemokraterna.se\\\/hammaro\\\/#website\"},\"primaryImageOfPage\":{\"@id\":\"https:\\\/\\\/wp.kristdemokraterna.se\\\/hammaro\\\/med-hjarta-for-hammaro-lokalt-valprogram\\\/#primaryimage\"},\"image\":{\"@id\":\"https:\\\/\\\/wp.kristdemokraterna.se\\\/hammaro\\\/med-hjarta-for-hammaro-lokalt-valprogram\\\/#primaryimage\"},\"thumbnailUrl\":\"https:\\\/\\\/wp.kristdemokraterna.se\\\/hammaro\\\/files\\\/2022\\\/07\\\/hjartaforhammaro-blakvadrat.jpg\",\"datePublished\":\"2022-07-13T01:47:04+00:00\",\"dateModified\":\"2022-07-13T01:50:39+00:00\",\"author\":{\"@id\":\"https:\\\/\\\/wp.kristdemokraterna.se\\\/hammaro\\\/#\\\/schema\\\/person\\\/b1c1e8bb4a909aa3de9183432c7309d4\"},\"breadcrumb\":{\"@id\":\"https:\\\/\\\/wp.kristdemokraterna.se\\\/hammaro\\\/med-hjarta-for-hammaro-lokalt-valprogram\\\/#breadcrumb\"},\"inLanguage\":\"sv-SE\",\"potentialAction\":[{\"@type\":\"ReadAction\",\"target\":[\"https:\\\/\\\/wp.kristdemokraterna.se\\\/hammaro\\\/med-hjarta-for-hammaro-lokalt-valprogram\\\/\"]}]},{\"@type\":\"ImageObject\",\"inLanguage\":\"sv-SE\",\"@id\":\"https:\\\/\\\/wp.kristdemokraterna.se\\\/hammaro\\\/med-hjarta-for-hammaro-lokalt-valprogram\\\/#primaryimage\",\"url\":\"https:\\\/\\\/wp.kristdemokraterna.se\\\/hammaro\\\/files\\\/2022\\\/07\\\/hjartaforhammaro-blakvadrat.jpg\",\"contentUrl\":\"https:\\\/\\\/wp.kristdemokraterna.se\\\/hammaro\\\/files\\\/2022\\\/07\\\/hjartaforhammaro-blakvadrat.jpg\",\"width\":870,\"height\":692,\"caption\":\"Hj\u00e4rta f\u00f6r Hammar\u00f6\"},{\"@type\":\"BreadcrumbList\",\"@id\":\"https:\\\/\\\/wp.kristdemokraterna.se\\\/hammaro\\\/med-hjarta-for-hammaro-lokalt-valprogram\\\/#breadcrumb\",\"itemListElement\":[{\"@type\":\"ListItem\",\"position\":1,\"name\":\"Hem\",\"item\":\"https:\\\/\\\/wp.kristdemokraterna.se\\\/hammaro\\\/\"},{\"@type\":\"ListItem\",\"position\":2,\"name\":\"Med hj\u00e4rta f\u00f6r Hammar\u00f6 &#8211; lokalt valprogram\"}]},{\"@type\":\"WebSite\",\"@id\":\"https:\\\/\\\/wp.kristdemokraterna.se\\\/hammaro\\\/#website\",\"url\":\"https:\\\/\\\/wp.kristdemokraterna.se\\\/hammaro\\\/\",\"name\":\"Hammar\u00f6\",\"description\":\"Ansvarsfull och medm\u00e4nsklig politik\",\"inLanguage\":\"sv-SE\"},{\"@type\":\"Person\",\"@id\":\"https:\\\/\\\/wp.kristdemokraterna.se\\\/hammaro\\\/#\\\/schema\\\/person\\\/b1c1e8bb4a909aa3de9183432c7309d4\",\"name\":\"mattias\",\"image\":{\"@type\":\"ImageObject\",\"inLanguage\":\"sv-SE\",\"@id\":\"https:\\\/\\\/secure.gravatar.com\\\/avatar\\\/17bc6395e055b5c45b8b611e3cd5c69e2b666d04071755f5b7a2f98cb35ee9a5?s=96&r=g\",\"url\":\"https:\\\/\\\/secure.gravatar.com\\\/avatar\\\/17bc6395e055b5c45b8b611e3cd5c69e2b666d04071755f5b7a2f98cb35ee9a5?s=96&r=g\",\"contentUrl\":\"https:\\\/\\\/secure.gravatar.com\\\/avatar\\\/17bc6395e055b5c45b8b611e3cd5c69e2b666d04071755f5b7a2f98cb35ee9a5?s=96&r=g\",\"caption\":\"mattias\"},\"url\":\"https:\\\/\\\/wp.kristdemokraterna.se\\\/hammaro\\\/author\\\/mattias\\\/\"}]}<\/script>\n<!-- \/ Yoast SEO plugin. -->","yoast_head_json":{"title":"Med hj\u00e4rta f\u00f6r Hammar\u00f6 - lokalt valprogram - Hammar\u00f6","robots":{"index":"index","follow":"follow","max-snippet":"max-snippet:-1","max-image-preview":"max-image-preview:large","max-video-preview":"max-video-preview:-1"},"canonical":"https:\/\/wp.kristdemokraterna.se\/hammaro\/med-hjarta-for-hammaro-lokalt-valprogram\/","og_locale":"sv_SE","og_type":"article","og_title":"Med hj\u00e4rta f\u00f6r Hammar\u00f6 - lokalt valprogram - Hammar\u00f6","og_description":"KD Hammar\u00f6 arbetar f\u00f6r Hammar\u00f6s b\u00e4sta och f\u00f6r att varje person och familj ska f\u00e5 m\u00f6jlighet att forma och styra sitt eget liv. Detta \u00e4r v\u00e5rt lokala valprogram i valet 2022.","og_url":"https:\/\/wp.kristdemokraterna.se\/hammaro\/med-hjarta-for-hammaro-lokalt-valprogram\/","og_site_name":"Hammar\u00f6","article_published_time":"2022-07-13T01:47:04+00:00","article_modified_time":"2022-07-13T01:50:39+00:00","og_image":[{"width":870,"height":692,"url":"http:\/\/wp.kristdemokraterna.se\/hammaro\/files\/2022\/07\/hjartaforhammaro-blakvadrat.jpg","type":"image\/jpeg"}],"author":"mattias","twitter_card":"summary_large_image","twitter_misc":{"Skriven av":"mattias","Ber\u00e4knad l\u00e4stid":"3 minuter"},"schema":{"@context":"https:\/\/schema.org","@graph":[{"@type":"Article","@id":"https:\/\/wp.kristdemokraterna.se\/hammaro\/med-hjarta-for-hammaro-lokalt-valprogram\/#article","isPartOf":{"@id":"https:\/\/wp.kristdemokraterna.se\/hammaro\/med-hjarta-for-hammaro-lokalt-valprogram\/"},"author":{"name":"mattias","@id":"https:\/\/wp.kristdemokraterna.se\/hammaro\/#\/schema\/person\/b1c1e8bb4a909aa3de9183432c7309d4"},"headline":"Med hj\u00e4rta f\u00f6r Hammar\u00f6 &#8211; lokalt valprogram","datePublished":"2022-07-13T01:47:04+00:00","dateModified":"2022-07-13T01:50:39+00:00","mainEntityOfPage":{"@id":"https:\/\/wp.kristdemokraterna.se\/hammaro\/med-hjarta-for-hammaro-lokalt-valprogram\/"},"wordCount":672,"image":{"@id":"https:\/\/wp.kristdemokraterna.se\/hammaro\/med-hjarta-for-hammaro-lokalt-valprogram\/#primaryimage"},"thumbnailUrl":"https:\/\/wp.kristdemokraterna.se\/hammaro\/files\/2022\/07\/hjartaforhammaro-blakvadrat.jpg","inLanguage":"sv-SE"},{"@type":"WebPage","@id":"https:\/\/wp.kristdemokraterna.se\/hammaro\/med-hjarta-for-hammaro-lokalt-valprogram\/","url":"https:\/\/wp.kristdemokraterna.se\/hammaro\/med-hjarta-for-hammaro-lokalt-valprogram\/","name":"Med hj\u00e4rta f\u00f6r Hammar\u00f6 - lokalt valprogram - Hammar\u00f6","isPartOf":{"@id":"https:\/\/wp.kristdemokraterna.se\/hammaro\/#website"},"primaryImageOfPage":{"@id":"https:\/\/wp.kristdemokraterna.se\/hammaro\/med-hjarta-for-hammaro-lokalt-valprogram\/#primaryimage"},"image":{"@id":"https:\/\/wp.kristdemokraterna.se\/hammaro\/med-hjarta-for-hammaro-lokalt-valprogram\/#primaryimage"},"thumbnailUrl":"https:\/\/wp.kristdemokraterna.se\/hammaro\/files\/2022\/07\/hjartaforhammaro-blakvadrat.jpg","datePublished":"2022-07-13T01:47:04+00:00","dateModified":"2022-07-13T01:50:39+00:00","author":{"@id":"https:\/\/wp.kristdemokraterna.se\/hammaro\/#\/schema\/person\/b1c1e8bb4a909aa3de9183432c7309d4"},"breadcrumb":{"@id":"https:\/\/wp.kristdemokraterna.se\/hammaro\/med-hjarta-for-hammaro-lokalt-valprogram\/#breadcrumb"},"inLanguage":"sv-SE","potentialAction":[{"@type":"ReadAction","target":["https:\/\/wp.kristdemokraterna.se\/hammaro\/med-hjarta-for-hammaro-lokalt-valprogram\/"]}]},{"@type":"ImageObject","inLanguage":"sv-SE","@id":"https:\/\/wp.kristdemokraterna.se\/hammaro\/med-hjarta-for-hammaro-lokalt-valprogram\/#primaryimage","url":"https:\/\/wp.kristdemokraterna.se\/hammaro\/files\/2022\/07\/hjartaforhammaro-blakvadrat.jpg","contentUrl":"https:\/\/wp.kristdemokraterna.se\/hammaro\/files\/2022\/07\/hjartaforhammaro-blakvadrat.jpg","width":870,"height":692,"caption":"Hj\u00e4rta f\u00f6r Hammar\u00f6"},{"@type":"BreadcrumbList","@id":"https:\/\/wp.kristdemokraterna.se\/hammaro\/med-hjarta-for-hammaro-lokalt-valprogram\/#breadcrumb","itemListElement":[{"@type":"ListItem","position":1,"name":"Hem","item":"https:\/\/wp.kristdemokraterna.se\/hammaro\/"},{"@type":"ListItem","position":2,"name":"Med hj\u00e4rta f\u00f6r Hammar\u00f6 &#8211; lokalt valprogram"}]},{"@type":"WebSite","@id":"https:\/\/wp.kristdemokraterna.se\/hammaro\/#website","url":"https:\/\/wp.kristdemokraterna.se\/hammaro\/","name":"Hammar\u00f6","description":"Ansvarsfull och medm\u00e4nsklig politik","inLanguage":"sv-SE"},{"@type":"Person","@id":"https:\/\/wp.kristdemokraterna.se\/hammaro\/#\/schema\/person\/b1c1e8bb4a909aa3de9183432c7309d4","name":"mattias","image":{"@type":"ImageObject","inLanguage":"sv-SE","@id":"https:\/\/secure.gravatar.com\/avatar\/17bc6395e055b5c45b8b611e3cd5c69e2b666d04071755f5b7a2f98cb35ee9a5?s=96&r=g","url":"https:\/\/secure.gravatar.com\/avatar\/17bc6395e055b5c45b8b611e3cd5c69e2b666d04071755f5b7a2f98cb35ee9a5?s=96&r=g","contentUrl":"https:\/\/secure.gravatar.com\/avatar\/17bc6395e055b5c45b8b611e3cd5c69e2b666d04071755f5b7a2f98cb35ee9a5?s=96&r=g","caption":"mattias"},"url":"https:\/\/wp.kristdemokraterna.se\/hammaro\/author\/mattias\/"}]}},"_links":{"self":[{"href":"https:\/\/wp.kristdemokraterna.se\/hammaro\/wp-json\/wp\/v2\/posts\/403","targetHints":{"allow":["GET"]}}],"collection":[{"href":"https:\/\/wp.kristdemokraterna.se\/hammaro\/wp-json\/wp\/v2\/posts"}],"about":[{"href":"https:\/\/wp.kristdemokraterna.se\/hammaro\/wp-json\/wp\/v2\/types\/post"}],"author":[{"embeddable":true,"href":"https:\/\/wp.kristdemokraterna.se\/hammaro\/wp-json\/wp\/v2\/users\/724"}],"replies":[{"embeddable":true,"href":"https:\/\/wp.kristdemokraterna.se\/hammaro\/wp-json\/wp\/v2\/comments?post=403"}],"version-history":[{"count":1,"href":"https:\/\/wp.kristdemokraterna.se\/hammaro\/wp-json\/wp\/v2\/posts\/403\/revisions"}],"predecessor-version":[{"id":405,"href":"https:\/\/wp.kristdemokraterna.se\/hammaro\/wp-json\/wp\/v2\/posts\/403\/revisions\/405"}],"wp:featuredmedia":[{"embeddable":true,"href":"https:\/\/wp.kristdemokraterna.se\/hammaro\/wp-json\/wp\/v2\/media\/406"}],"wp:attachment":[{"href":"https:\/\/wp.kristdemokraterna.se\/hammaro\/wp-json\/wp\/v2\/media?parent=403"}],"wp:term":[{"taxonomy":"category","embeddable":true,"href":"https:\/\/wp.kristdemokraterna.se\/hammaro\/wp-json\/wp\/v2\/categories?post=403"},{"taxonomy":"post_tag","embeddable":true,"href":"https:\/\/wp.kristdemokraterna.se\/hammaro\/wp-json\/wp\/v2\/tags?post=403"}],"curies":[{"name":"wp","href":"https:\/\/api.w.org\/{rel}","templated":true}]}}