{"id":69,"date":"2015-02-08T17:59:16","date_gmt":"2015-02-08T16:59:16","guid":{"rendered":"http:\/\/wp.kristdemokraterna.se\/hammaro\/?p=69"},"modified":"2016-03-08T20:14:52","modified_gmt":"2016-03-08T19:14:52","slug":"satterstrand-ar-basta-platsen-for-sarskilt-boende","status":"publish","type":"post","link":"https:\/\/wp.kristdemokraterna.se\/hammaro\/satterstrand-ar-basta-platsen-for-sarskilt-boende\/","title":{"rendered":"S\u00e4tterstrand \u00e4r b\u00e4sta platsen f\u00f6r s\u00e4rskilt boende."},"content":{"rendered":"<p>Yttrande \u00f6ver \u201dLokalisering av s\u00e4rskilt boende\u201d<\/p>\n<p>Svar p\u00e5 inbjudan fr\u00e5n kommunstyrelsens ordf\u00f6rande att inkomma med synpunkter ang\u00e5ende lokalisering av nytt s\u00e4rskilt boende f\u00f6re den 9 februari.<\/p>\n<p>Kristdemokraterna p\u00e5 Hammar\u00f6 har tagit del av underlaget f\u00f6r beslut om lokalisering av nytt s\u00e4rskilt boende p\u00e5 Hammar\u00f6. Av de 4 alternativ som i underlaget bed\u00f6mts som mest l\u00e4mpliga f\u00f6rordar Kristdemokraterna att lokaliseringen sker p\u00e5 Omr\u00e5de 4 &#8221;S\u00e4tterstrand&#8221;<\/p>\n<p>F\u00f6r boendemilj\u00f6n och utbyggnadsm\u00f6jligheter framst\u00e5r S\u00e4tterstrand, med sin lugna och vackra milj\u00f6, som b\u00e4sta alternativet. M\u00f6jligheten att bygga i ett plan \u00e4r en mycket viktig parameter. S\u00e4tterstrand \u00e4r utpekat som ett omr\u00e5de f\u00f6r expansion och att b\u00f6rja med boendet kan vara helt r\u00e4tt. Vid lokalisering p\u00e5 S\u00e4tterstrand beh\u00f6ver allm\u00e4nna kommunikationerna f\u00f6rb\u00e4ttras, n\u00e5got som \u00e4r efterfr\u00e5gat av fler grupper t.ex. HVB-hem, f\u00f6retagare, f\u00f6rskolor.<\/p>\n<p>Djup\u00e4ngen har m\u00e5nga av de f\u00f6rdelar som finns p\u00e5 S\u00e4tterstrand, lugn och vacker milj\u00f6 samtidigt som det ligger i n\u00e4ra anslutning till kommunikationer och med ett kort avst\u00e5nd till centrala Skoghall. Det \u00e4r fr\u00e4mst de l\u00e5ngsiktiga \u00f6verv\u00e4gandena som talar emot alternativet Djup\u00e4ngen.<\/p>\n<p>Nackdelen p\u00e5 Djup\u00e4ngen att ett boende l\u00e5ser omr\u00e5det fr\u00e5n vidare utveckling som utbildning, sport och friluftsomr\u00e5de. Alternativ anv\u00e4ndning av Djup\u00e4ngen-omr\u00e5det \u00e4r expansion av Hammar\u00f6 Arena, t.ex. en framtida h\u00f6gstadieskola eller en ny fotbolls\/friidrottsanl\u00e4ggning om\/n\u00e4r Lunnevi flyttas f\u00f6r att ge plats f\u00f6r bostadsbyggande f\u00f6r att fr\u00e4mja centrumutveckling.<\/p>\n<p>I centrala Skoghall ser Kristdemokraterna det som l\u00e4mpligare att placera ett trygghetsboende d\u00e4r de boende \u00e4r friskare och aktivare. N\u00e4rhet till butiker och service uppskattas av den gruppen. Att ytorna f\u00f6r att bygga ett s\u00e4rskilt boende i centrum \u00e4r s\u00e5 begr\u00e4nsade att det idealiska boendet i ett plan inte \u00e4r m\u00f6jligt, \u00e4r avg\u00f6rande f\u00f6r att inte v\u00e4lja detta alternativ f\u00f6r ett s\u00e4rskilt boende. Den fridfulla och naturn\u00e4ra milj\u00f6 som efterstr\u00e4vas \u00e4r inte lika v\u00e4l tillgodosedd i centrum.<\/p>\n<p>F\u00f6r Kristdemokraterna p\u00e5 Hammar\u00f6 28 januari 2015<\/p>\n<p>Mattias Joelsson<\/p>\n<p>Gruppledare<\/p>\n","protected":false},"excerpt":{"rendered":"<p>Yttrande \u00f6ver \u201dLokalisering av s\u00e4rskilt boende\u201d Svar p\u00e5 inbjudan fr\u00e5n kommunstyrelsens ordf\u00f6rande att inkomma med synpunkter ang\u00e5ende lokalisering av nytt s\u00e4rskilt boende f\u00f6re den 9 februari. Kristdemokraterna p\u00e5 Hammar\u00f6 har tagit del av underlaget f\u00f6r beslut om lokalisering av nytt s\u00e4rskilt boende p\u00e5 Hammar\u00f6. Av de 4 alternativ som i underlaget bed\u00f6mts som mest l\u00e4mpliga <a class=\"read-more-link\" href=\"https:\/\/wp.kristdemokraterna.se\/hammaro\/satterstrand-ar-basta-platsen-for-sarskilt-boende\/\">Read More<\/a><\/p>\n","protected":false},"author":683,"featured_media":0,"comment_status":"closed","ping_status":"closed","sticky":false,"template":"","format":"standard","meta":{"_acf_changed":false,"footnotes":""},"categories":[1],"tags":[],"class_list":["post-69","post","type-post","status-publish","format-standard","hentry","category-okategoriserade"],"acf":[],"yoast_head":"<!-- This site is optimized with the Yoast SEO plugin v27.4 - https:\/\/yoast.com\/product\/yoast-seo-wordpress\/ -->\n<title>S\u00e4tterstrand \u00e4r b\u00e4sta platsen f\u00f6r s\u00e4rskilt boende. - Hammar\u00f6<\/title>\n<meta name=\"robots\" content=\"index, follow, max-snippet:-1, max-image-preview:large, max-video-preview:-1\" \/>\n<link rel=\"canonical\" href=\"https:\/\/wp.kristdemokraterna.se\/hammaro\/satterstrand-ar-basta-platsen-for-sarskilt-boende\/\" \/>\n<meta property=\"og:locale\" content=\"sv_SE\" \/>\n<meta property=\"og:type\" content=\"article\" \/>\n<meta property=\"og:title\" content=\"S\u00e4tterstrand \u00e4r b\u00e4sta platsen f\u00f6r s\u00e4rskilt boende. - Hammar\u00f6\" \/>\n<meta property=\"og:description\" content=\"Yttrande \u00f6ver \u201dLokalisering av s\u00e4rskilt boende\u201d Svar p\u00e5 inbjudan fr\u00e5n kommunstyrelsens ordf\u00f6rande att inkomma med synpunkter ang\u00e5ende lokalisering av nytt s\u00e4rskilt boende f\u00f6re den 9 februari. Kristdemokraterna p\u00e5 Hammar\u00f6 har tagit del av underlaget f\u00f6r beslut om lokalisering av nytt s\u00e4rskilt boende p\u00e5 Hammar\u00f6. Av de 4 alternativ som i underlaget bed\u00f6mts som mest l\u00e4mpliga Read More\" \/>\n<meta property=\"og:url\" content=\"https:\/\/wp.kristdemokraterna.se\/hammaro\/satterstrand-ar-basta-platsen-for-sarskilt-boende\/\" \/>\n<meta property=\"og:site_name\" content=\"Hammar\u00f6\" \/>\n<meta property=\"article:published_time\" content=\"2015-02-08T16:59:16+00:00\" \/>\n<meta property=\"article:modified_time\" content=\"2016-03-08T19:14:52+00:00\" \/>\n<meta name=\"author\" content=\"Peter Lundholm\" \/>\n<meta name=\"twitter:card\" content=\"summary_large_image\" \/>\n<meta name=\"twitter:label1\" content=\"Skriven av\" \/>\n\t<meta name=\"twitter:data1\" content=\"Peter Lundholm\" \/>\n\t<meta name=\"twitter:label2\" content=\"Ber\u00e4knad l\u00e4stid\" \/>\n\t<meta name=\"twitter:data2\" content=\"2 minuter\" \/>\n<script type=\"application\/ld+json\" class=\"yoast-schema-graph\">{\"@context\":\"https:\\\/\\\/schema.org\",\"@graph\":[{\"@type\":\"Article\",\"@id\":\"https:\\\/\\\/wp.kristdemokraterna.se\\\/hammaro\\\/satterstrand-ar-basta-platsen-for-sarskilt-boende\\\/#article\",\"isPartOf\":{\"@id\":\"https:\\\/\\\/wp.kristdemokraterna.se\\\/hammaro\\\/satterstrand-ar-basta-platsen-for-sarskilt-boende\\\/\"},\"author\":{\"name\":\"Peter Lundholm\",\"@id\":\"https:\\\/\\\/wp.kristdemokraterna.se\\\/hammaro\\\/#\\\/schema\\\/person\\\/05516f30ea8adbb0beafa17f94825e80\"},\"headline\":\"S\u00e4tterstrand \u00e4r b\u00e4sta platsen f\u00f6r s\u00e4rskilt boende.\",\"datePublished\":\"2015-02-08T16:59:16+00:00\",\"dateModified\":\"2016-03-08T19:14:52+00:00\",\"mainEntityOfPage\":{\"@id\":\"https:\\\/\\\/wp.kristdemokraterna.se\\\/hammaro\\\/satterstrand-ar-basta-platsen-for-sarskilt-boende\\\/\"},\"wordCount\":386,\"inLanguage\":\"sv-SE\"},{\"@type\":\"WebPage\",\"@id\":\"https:\\\/\\\/wp.kristdemokraterna.se\\\/hammaro\\\/satterstrand-ar-basta-platsen-for-sarskilt-boende\\\/\",\"url\":\"https:\\\/\\\/wp.kristdemokraterna.se\\\/hammaro\\\/satterstrand-ar-basta-platsen-for-sarskilt-boende\\\/\",\"name\":\"S\u00e4tterstrand \u00e4r b\u00e4sta platsen f\u00f6r s\u00e4rskilt boende. - Hammar\u00f6\",\"isPartOf\":{\"@id\":\"https:\\\/\\\/wp.kristdemokraterna.se\\\/hammaro\\\/#website\"},\"datePublished\":\"2015-02-08T16:59:16+00:00\",\"dateModified\":\"2016-03-08T19:14:52+00:00\",\"author\":{\"@id\":\"https:\\\/\\\/wp.kristdemokraterna.se\\\/hammaro\\\/#\\\/schema\\\/person\\\/05516f30ea8adbb0beafa17f94825e80\"},\"breadcrumb\":{\"@id\":\"https:\\\/\\\/wp.kristdemokraterna.se\\\/hammaro\\\/satterstrand-ar-basta-platsen-for-sarskilt-boende\\\/#breadcrumb\"},\"inLanguage\":\"sv-SE\",\"potentialAction\":[{\"@type\":\"ReadAction\",\"target\":[\"https:\\\/\\\/wp.kristdemokraterna.se\\\/hammaro\\\/satterstrand-ar-basta-platsen-for-sarskilt-boende\\\/\"]}]},{\"@type\":\"BreadcrumbList\",\"@id\":\"https:\\\/\\\/wp.kristdemokraterna.se\\\/hammaro\\\/satterstrand-ar-basta-platsen-for-sarskilt-boende\\\/#breadcrumb\",\"itemListElement\":[{\"@type\":\"ListItem\",\"position\":1,\"name\":\"Hem\",\"item\":\"https:\\\/\\\/wp.kristdemokraterna.se\\\/hammaro\\\/\"},{\"@type\":\"ListItem\",\"position\":2,\"name\":\"S\u00e4tterstrand \u00e4r b\u00e4sta platsen f\u00f6r s\u00e4rskilt boende.\"}]},{\"@type\":\"WebSite\",\"@id\":\"https:\\\/\\\/wp.kristdemokraterna.se\\\/hammaro\\\/#website\",\"url\":\"https:\\\/\\\/wp.kristdemokraterna.se\\\/hammaro\\\/\",\"name\":\"Hammar\u00f6\",\"description\":\"Ansvarsfull och medm\u00e4nsklig politik\",\"inLanguage\":\"sv-SE\"},{\"@type\":\"Person\",\"@id\":\"https:\\\/\\\/wp.kristdemokraterna.se\\\/hammaro\\\/#\\\/schema\\\/person\\\/05516f30ea8adbb0beafa17f94825e80\",\"name\":\"Peter Lundholm\",\"image\":{\"@type\":\"ImageObject\",\"inLanguage\":\"sv-SE\",\"@id\":\"https:\\\/\\\/secure.gravatar.com\\\/avatar\\\/f9762d19347d58d0d11960f636b242740fd07fa0133577db82655e94cc9f4093?s=96&r=g\",\"url\":\"https:\\\/\\\/secure.gravatar.com\\\/avatar\\\/f9762d19347d58d0d11960f636b242740fd07fa0133577db82655e94cc9f4093?s=96&r=g\",\"contentUrl\":\"https:\\\/\\\/secure.gravatar.com\\\/avatar\\\/f9762d19347d58d0d11960f636b242740fd07fa0133577db82655e94cc9f4093?s=96&r=g\",\"caption\":\"Peter Lundholm\"},\"url\":\"https:\\\/\\\/wp.kristdemokraterna.se\\\/hammaro\\\/author\\\/peter\\\/\"}]}<\/script>\n<!-- \/ Yoast SEO plugin. -->","yoast_head_json":{"title":"S\u00e4tterstrand \u00e4r b\u00e4sta platsen f\u00f6r s\u00e4rskilt boende. - Hammar\u00f6","robots":{"index":"index","follow":"follow","max-snippet":"max-snippet:-1","max-image-preview":"max-image-preview:large","max-video-preview":"max-video-preview:-1"},"canonical":"https:\/\/wp.kristdemokraterna.se\/hammaro\/satterstrand-ar-basta-platsen-for-sarskilt-boende\/","og_locale":"sv_SE","og_type":"article","og_title":"S\u00e4tterstrand \u00e4r b\u00e4sta platsen f\u00f6r s\u00e4rskilt boende. - Hammar\u00f6","og_description":"Yttrande \u00f6ver \u201dLokalisering av s\u00e4rskilt boende\u201d Svar p\u00e5 inbjudan fr\u00e5n kommunstyrelsens ordf\u00f6rande att inkomma med synpunkter ang\u00e5ende lokalisering av nytt s\u00e4rskilt boende f\u00f6re den 9 februari. Kristdemokraterna p\u00e5 Hammar\u00f6 har tagit del av underlaget f\u00f6r beslut om lokalisering av nytt s\u00e4rskilt boende p\u00e5 Hammar\u00f6. Av de 4 alternativ som i underlaget bed\u00f6mts som mest l\u00e4mpliga Read More","og_url":"https:\/\/wp.kristdemokraterna.se\/hammaro\/satterstrand-ar-basta-platsen-for-sarskilt-boende\/","og_site_name":"Hammar\u00f6","article_published_time":"2015-02-08T16:59:16+00:00","article_modified_time":"2016-03-08T19:14:52+00:00","author":"Peter Lundholm","twitter_card":"summary_large_image","twitter_misc":{"Skriven av":"Peter Lundholm","Ber\u00e4knad l\u00e4stid":"2 minuter"},"schema":{"@context":"https:\/\/schema.org","@graph":[{"@type":"Article","@id":"https:\/\/wp.kristdemokraterna.se\/hammaro\/satterstrand-ar-basta-platsen-for-sarskilt-boende\/#article","isPartOf":{"@id":"https:\/\/wp.kristdemokraterna.se\/hammaro\/satterstrand-ar-basta-platsen-for-sarskilt-boende\/"},"author":{"name":"Peter Lundholm","@id":"https:\/\/wp.kristdemokraterna.se\/hammaro\/#\/schema\/person\/05516f30ea8adbb0beafa17f94825e80"},"headline":"S\u00e4tterstrand \u00e4r b\u00e4sta platsen f\u00f6r s\u00e4rskilt boende.","datePublished":"2015-02-08T16:59:16+00:00","dateModified":"2016-03-08T19:14:52+00:00","mainEntityOfPage":{"@id":"https:\/\/wp.kristdemokraterna.se\/hammaro\/satterstrand-ar-basta-platsen-for-sarskilt-boende\/"},"wordCount":386,"inLanguage":"sv-SE"},{"@type":"WebPage","@id":"https:\/\/wp.kristdemokraterna.se\/hammaro\/satterstrand-ar-basta-platsen-for-sarskilt-boende\/","url":"https:\/\/wp.kristdemokraterna.se\/hammaro\/satterstrand-ar-basta-platsen-for-sarskilt-boende\/","name":"S\u00e4tterstrand \u00e4r b\u00e4sta platsen f\u00f6r s\u00e4rskilt boende. - Hammar\u00f6","isPartOf":{"@id":"https:\/\/wp.kristdemokraterna.se\/hammaro\/#website"},"datePublished":"2015-02-08T16:59:16+00:00","dateModified":"2016-03-08T19:14:52+00:00","author":{"@id":"https:\/\/wp.kristdemokraterna.se\/hammaro\/#\/schema\/person\/05516f30ea8adbb0beafa17f94825e80"},"breadcrumb":{"@id":"https:\/\/wp.kristdemokraterna.se\/hammaro\/satterstrand-ar-basta-platsen-for-sarskilt-boende\/#breadcrumb"},"inLanguage":"sv-SE","potentialAction":[{"@type":"ReadAction","target":["https:\/\/wp.kristdemokraterna.se\/hammaro\/satterstrand-ar-basta-platsen-for-sarskilt-boende\/"]}]},{"@type":"BreadcrumbList","@id":"https:\/\/wp.kristdemokraterna.se\/hammaro\/satterstrand-ar-basta-platsen-for-sarskilt-boende\/#breadcrumb","itemListElement":[{"@type":"ListItem","position":1,"name":"Hem","item":"https:\/\/wp.kristdemokraterna.se\/hammaro\/"},{"@type":"ListItem","position":2,"name":"S\u00e4tterstrand \u00e4r b\u00e4sta platsen f\u00f6r s\u00e4rskilt boende."}]},{"@type":"WebSite","@id":"https:\/\/wp.kristdemokraterna.se\/hammaro\/#website","url":"https:\/\/wp.kristdemokraterna.se\/hammaro\/","name":"Hammar\u00f6","description":"Ansvarsfull och medm\u00e4nsklig politik","inLanguage":"sv-SE"},{"@type":"Person","@id":"https:\/\/wp.kristdemokraterna.se\/hammaro\/#\/schema\/person\/05516f30ea8adbb0beafa17f94825e80","name":"Peter Lundholm","image":{"@type":"ImageObject","inLanguage":"sv-SE","@id":"https:\/\/secure.gravatar.com\/avatar\/f9762d19347d58d0d11960f636b242740fd07fa0133577db82655e94cc9f4093?s=96&r=g","url":"https:\/\/secure.gravatar.com\/avatar\/f9762d19347d58d0d11960f636b242740fd07fa0133577db82655e94cc9f4093?s=96&r=g","contentUrl":"https:\/\/secure.gravatar.com\/avatar\/f9762d19347d58d0d11960f636b242740fd07fa0133577db82655e94cc9f4093?s=96&r=g","caption":"Peter Lundholm"},"url":"https:\/\/wp.kristdemokraterna.se\/hammaro\/author\/peter\/"}]}},"_links":{"self":[{"href":"https:\/\/wp.kristdemokraterna.se\/hammaro\/wp-json\/wp\/v2\/posts\/69","targetHints":{"allow":["GET"]}}],"collection":[{"href":"https:\/\/wp.kristdemokraterna.se\/hammaro\/wp-json\/wp\/v2\/posts"}],"about":[{"href":"https:\/\/wp.kristdemokraterna.se\/hammaro\/wp-json\/wp\/v2\/types\/post"}],"author":[{"embeddable":true,"href":"https:\/\/wp.kristdemokraterna.se\/hammaro\/wp-json\/wp\/v2\/users\/683"}],"replies":[{"embeddable":true,"href":"https:\/\/wp.kristdemokraterna.se\/hammaro\/wp-json\/wp\/v2\/comments?post=69"}],"version-history":[{"count":2,"href":"https:\/\/wp.kristdemokraterna.se\/hammaro\/wp-json\/wp\/v2\/posts\/69\/revisions"}],"predecessor-version":[{"id":83,"href":"https:\/\/wp.kristdemokraterna.se\/hammaro\/wp-json\/wp\/v2\/posts\/69\/revisions\/83"}],"wp:attachment":[{"href":"https:\/\/wp.kristdemokraterna.se\/hammaro\/wp-json\/wp\/v2\/media?parent=69"}],"wp:term":[{"taxonomy":"category","embeddable":true,"href":"https:\/\/wp.kristdemokraterna.se\/hammaro\/wp-json\/wp\/v2\/categories?post=69"},{"taxonomy":"post_tag","embeddable":true,"href":"https:\/\/wp.kristdemokraterna.se\/hammaro\/wp-json\/wp\/v2\/tags?post=69"}],"curies":[{"name":"wp","href":"https:\/\/api.w.org\/{rel}","templated":true}]}}