{"id":1374,"date":"2026-08-24T11:19:55","date_gmt":"2026-08-24T09:19:55","guid":{"rendered":"https:\/\/wp.kristdemokraterna.se\/haninge\/?p=1374"},"modified":"2026-08-24T11:19:55","modified_gmt":"2026-08-24T09:19:55","slug":"jakob-forssmed-besoker-handen-den-25-augusti","status":"publish","type":"post","link":"https:\/\/wp.kristdemokraterna.se\/haninge\/jakob-forssmed-besoker-handen-den-25-augusti\/","title":{"rendered":"Jakob Forssmed bes\u00f6ker Handen den 25 augusti"},"content":{"rendered":"<p data-path-to-node=\"3\"><b data-path-to-node=\"3\" data-index-in-node=\"0\">Tisdagen den 25 augusti klockan 15:00 f\u00e5r Haninge bes\u00f6k av socialminister Jakob Forssmed p\u00e5 Poseidons torg i Handen. Vi bjuder in alla f\u00f6retr\u00e4dare f\u00f6r det lokala f\u00f6reningslivet och intresserade inv\u00e5nare f\u00f6r att tr\u00e4ffa ministern och diskutera framtidens viktiga fr\u00e5gor.<\/b><\/p>\n<p data-path-to-node=\"4\">F\u00f6reningslivet i Haninge g\u00f6r ett ov\u00e4rderligt arbete varje dag f\u00f6r att skapa trygghet, gemenskap och r\u00f6relsegl\u00e4dje f\u00f6r kommunens barn och unga. Under bes\u00f6ket uppm\u00e4rksammas detta viktiga arbete, och det ges \u00e4ven tillf\u00e4lle att prata vidare om regeringens satsningar.<\/p>\n<p data-path-to-node=\"5\">Jakob Forssmed har varit en av de drivande krafterna bakom inf\u00f6randet av regeringens <b data-path-to-node=\"5\" data-index-in-node=\"85\">Fritidskort<\/b> \u2013 en central satsning som lanserades f\u00f6r att ge fler barn och unga ekonomiska f\u00f6ruts\u00e4ttningar till en aktiv och meningsfull fritid.<\/p>\n<h3 data-path-to-node=\"6\">Varf\u00f6r du b\u00f6r komma:<\/h3>\n<ul data-path-to-node=\"7\">\n<li>\n<p data-path-to-node=\"7,0,0\"><b data-path-to-node=\"7,0,0\" data-index-in-node=\"0\">Diskutera framtiden:<\/b> Tr\u00e4ffa den ansvariga ministern och diskutera f\u00f6ruts\u00e4ttningar och framtidsfr\u00e5gor f\u00f6r Haninges f\u00f6reningsliv.<\/p>\n<\/li>\n<li>\n<p data-path-to-node=\"7,1,0\"><b data-path-to-node=\"7,1,0\" data-index-in-node=\"0\">Samtala om politik:<\/b> H\u00f6r mer om Kristdemokraternas politik och st\u00e4ll dina fr\u00e5gor direkt till v\u00e5ra f\u00f6retr\u00e4dare.<\/p>\n<\/li>\n<li>\n<p data-path-to-node=\"7,2,0\"><b data-path-to-node=\"7,2,0\" data-index-in-node=\"0\">Trevlig gemenskap:<\/b> Umg\u00e5s med oss \u00f6ver en kopp fika p\u00e5 torget.<\/p>\n<\/li>\n<\/ul>\n<h3 data-path-to-node=\"8\">Praktisk information<\/h3>\n<ul data-path-to-node=\"9\">\n<li>\n<p data-path-to-node=\"9,0,0\"><b data-path-to-node=\"9,0,0\" data-index-in-node=\"0\">Plats:<\/b> Poseidons torg, Handen<\/p>\n<\/li>\n<li>\n<p data-path-to-node=\"9,1,0\"><b data-path-to-node=\"9,1,0\" data-index-in-node=\"0\">Tid:<\/b> Tisdagen den 25 augusti kl. 15:00<\/p>\n<\/li>\n<\/ul>\n<p data-path-to-node=\"10\">Vi hoppas verkligen att du har m\u00f6jlighet att komma f\u00f6rbi, st\u00e4lla dina fr\u00e5gor och dela dina tankar med oss och ministern!<\/p>\n<h3 data-path-to-node=\"11\">Har du fr\u00e5gor eller vill anm\u00e4la ditt intresse?<\/h3>\n<p data-path-to-node=\"12\">H\u00f6r g\u00e4rna av dig till Philip Lind via e-post p\u00e5 <a class=\"ng-star-inserted\" href=\"mailto:philip.lind@haninge.se\" target=\"_blank\" rel=\"noopener\" data-hveid=\"0\" data-ved=\"0CAAQ_4QMahgKEwi75N7n9riWAxUAAAAAHQAAAAAQiQE\">philip.lind@haninge.se<\/a>.<\/p>\n<p data-path-to-node=\"13\">Varmt v\u00e4lkommen!<\/p>\n<p data-path-to-node=\"13\">\n<p data-path-to-node=\"13\">\n","protected":false},"excerpt":{"rendered":"<p>Tisdagen den 25 augusti klockan 15:00 f\u00e5r Haninge bes\u00f6k av socialminister Jakob Forssmed p\u00e5 Poseidons torg i Handen. Vi bjuder in alla f\u00f6retr\u00e4dare f\u00f6r det lokala f\u00f6reningslivet och intresserade inv\u00e5nare f\u00f6r att tr\u00e4ffa ministern och diskutera framtidens viktiga fr\u00e5gor. F\u00f6reningslivet i Haninge g\u00f6r ett ov\u00e4rderligt arbete varje dag f\u00f6r att skapa trygghet, gemenskap och r\u00f6relsegl\u00e4dje <a class=\"read-more-link\" href=\"https:\/\/wp.kristdemokraterna.se\/haninge\/jakob-forssmed-besoker-handen-den-25-augusti\/\">L\u00e4s mer<\/a><\/p>\n","protected":false},"author":967,"featured_media":880,"comment_status":"closed","ping_status":"closed","sticky":false,"template":"","format":"standard","meta":{"_acf_changed":false,"footnotes":""},"categories":[10],"tags":[],"class_list":["post-1374","post","type-post","status-publish","format-standard","hentry","category-nyheter"],"acf":[],"_links":{"self":[{"href":"https:\/\/wp.kristdemokraterna.se\/haninge\/wp-json\/wp\/v2\/posts\/1374","targetHints":{"allow":["GET"]}}],"collection":[{"href":"https:\/\/wp.kristdemokraterna.se\/haninge\/wp-json\/wp\/v2\/posts"}],"about":[{"href":"https:\/\/wp.kristdemokraterna.se\/haninge\/wp-json\/wp\/v2\/types\/post"}],"author":[{"embeddable":true,"href":"https:\/\/wp.kristdemokraterna.se\/haninge\/wp-json\/wp\/v2\/users\/967"}],"replies":[{"embeddable":true,"href":"https:\/\/wp.kristdemokraterna.se\/haninge\/wp-json\/wp\/v2\/comments?post=1374"}],"version-history":[{"count":1,"href":"https:\/\/wp.kristdemokraterna.se\/haninge\/wp-json\/wp\/v2\/posts\/1374\/revisions"}],"predecessor-version":[{"id":1376,"href":"https:\/\/wp.kristdemokraterna.se\/haninge\/wp-json\/wp\/v2\/posts\/1374\/revisions\/1376"}],"wp:featuredmedia":[{"embeddable":true,"href":"https:\/\/wp.kristdemokraterna.se\/haninge\/wp-json\/wp\/v2\/media\/880"}],"wp:attachment":[{"href":"https:\/\/wp.kristdemokraterna.se\/haninge\/wp-json\/wp\/v2\/media?parent=1374"}],"wp:term":[{"taxonomy":"category","embeddable":true,"href":"https:\/\/wp.kristdemokraterna.se\/haninge\/wp-json\/wp\/v2\/categories?post=1374"},{"taxonomy":"post_tag","embeddable":true,"href":"https:\/\/wp.kristdemokraterna.se\/haninge\/wp-json\/wp\/v2\/tags?post=1374"}],"curies":[{"name":"wp","href":"https:\/\/api.w.org\/{rel}","templated":true}]}}