{"id":565,"date":"2017-03-29T14:50:06","date_gmt":"2017-03-29T12:50:06","guid":{"rendered":"http:\/\/wp.kristdemokraterna.se\/haninge\/?p=565"},"modified":"2017-03-29T14:50:06","modified_gmt":"2017-03-29T12:50:06","slug":"socialdemokraterna-bortprioriterar-sarbegavade-elever","status":"publish","type":"post","link":"https:\/\/wp.kristdemokraterna.se\/haninge\/socialdemokraterna-bortprioriterar-sarbegavade-elever\/","title":{"rendered":"Socialdemokraterna bortprioriterar s\u00e4rbeg\u00e5vade elever"},"content":{"rendered":"<p>Under m\u00e5ndagens kommunstyrelsesammantr\u00e4de behandlades Kristdemokraternas motion om att g\u00f6ra en kartl\u00e4ggning kring hur s\u00e4rbeg\u00e5vade elever har det i Haninges skolor Den politiska ledningen i Haninge &#8211; Socialdemokraterna, Milj\u00f6partiet och Centerpartiet &#8211; r\u00f6stade nej till Kristdemokraternas f\u00f6rslag.<!--more--><\/p>\n<p>V\u00e5ra skolor ska ge kunskaper och f\u00e4rdigheter s\u00e5 att alla elever, oavsett f\u00f6ruts\u00e4ttningar, ges m\u00f6jlighet till maximal utveckling. Detta \u00e4r en f\u00f6ruts\u00e4ttning f\u00f6r att kunna skapa en \u00f6kad likv\u00e4rdighet inom Haninges skolor och framf\u00f6rallt f\u00f6r att kunna v\u00e4nda den negativa resultatutvecklingen.<\/p>\n<p>I Haninge g\u00f6rs det en rad olika satsningar p\u00e5 elever med s\u00e4rskilda behov, men de elever som \u00e4r s\u00e4rbeg\u00e5vade och h\u00f6gpresterande \u00e4r idag bortgl\u00f6mda i Haninges skolor och ges inte det st\u00f6d som de f\u00f6rtj\u00e4nar. Kristdemokraternas uppfattning \u00e4r att det beh\u00f6vs en handlingsplan f\u00f6r att skapa en \u00f6kad medvetenhet kring s\u00e4rbeg\u00e5vade elever, och \u00e4ven hur man p\u00e5 b\u00e4sta m\u00f6jliga s\u00e4tt kan anpassa undervisningen f\u00f6r dessa elever. F\u00f6r att skolresultaten p\u00e5 sikt ska kunna f\u00f6rb\u00e4ttras i Haninges skolor, s\u00e5 beh\u00f6vs det en tydlig strategi f\u00f6r hur man arbetar med denna grupp av elever.<\/p>\n<p>Det finns mycket forskning som visar att det \u00e4r viktigt att s\u00e4rbeg\u00e5vade elever ges utmaningar i skolarbetet utifr\u00e5n sina egna styrkor och f\u00e4rdigheter. I vissa fall har s\u00e4rbeg\u00e5vade elever sv\u00e5rt att f\u00f6lja skolans och l\u00e4rarens ritualer. De har en tendens att ifr\u00e5gas\u00e4tta l\u00e4raren och undervisningen p\u00e5 ett provocerande s\u00e4tt, vilket st\u00e4ller stora krav p\u00e5 l\u00e4rarna och skolan.<\/p>\n<p>Kristdemokraternas f\u00f6rslag om att g\u00f6ra en kartl\u00e4ggning kring de s\u00e4rbeg\u00e5vade elevernas situation i Haninge avg\u00f6rs slutligen \u00a0den 18 april n\u00e4r Haninges kommunfullm\u00e4ktige ska fatta beslut.<\/p>\n","protected":false},"excerpt":{"rendered":"<p>Under m\u00e5ndagens kommunstyrelsesammantr\u00e4de behandlades Kristdemokraternas motion om att g\u00f6ra en kartl\u00e4ggning kring hur s\u00e4rbeg\u00e5vade elever har det i Haninges skolor Den politiska ledningen i Haninge &#8211; Socialdemokraterna, Milj\u00f6partiet och Centerpartiet &#8211; r\u00f6stade nej till Kristdemokraternas f\u00f6rslag.<\/p>\n","protected":false},"author":444,"featured_media":484,"comment_status":"closed","ping_status":"closed","sticky":false,"template":"","format":"standard","meta":{"_acf_changed":false,"footnotes":""},"categories":[1],"tags":[],"class_list":["post-565","post","type-post","status-publish","format-standard","hentry","category-okategoriserade"],"acf":[],"yoast_head":"<!-- This site is optimized with the Yoast SEO plugin v27.5 - https:\/\/yoast.com\/product\/yoast-seo-wordpress\/ -->\n<title>Socialdemokraterna bortprioriterar s\u00e4rbeg\u00e5vade elever &#8211;<\/title>\n<meta name=\"description\" content=\"V\u00e4lkommen till Kristdemokraterna i Haninges hemsida! Vi \u00e4r det trygga alternativet i Haninge kommun f\u00f6r ett samh\u00e4lle d\u00e4r m\u00e4nniskor vill bo och verka i.\" \/>\n<meta name=\"robots\" content=\"index, follow, max-snippet:-1, max-image-preview:large, max-video-preview:-1\" \/>\n<link rel=\"canonical\" href=\"https:\/\/wp.kristdemokraterna.se\/haninge\/socialdemokraterna-bortprioriterar-sarbegavade-elever\/\" \/>\n<meta property=\"og:locale\" content=\"sv_SE\" \/>\n<meta property=\"og:type\" content=\"article\" \/>\n<meta property=\"og:title\" content=\"Socialdemokraterna bortprioriterar s\u00e4rbeg\u00e5vade elever &#8211;\" \/>\n<meta property=\"og:description\" content=\"V\u00e4lkommen till Kristdemokraterna i Haninges hemsida! Vi \u00e4r det trygga alternativet i Haninge kommun f\u00f6r ett samh\u00e4lle d\u00e4r m\u00e4nniskor vill bo och verka i.\" \/>\n<meta property=\"og:url\" content=\"https:\/\/wp.kristdemokraterna.se\/haninge\/socialdemokraterna-bortprioriterar-sarbegavade-elever\/\" \/>\n<meta property=\"og:site_name\" content=\"Kristdemokraterna i Haninge |\" \/>\n<meta property=\"article:published_time\" content=\"2017-03-29T12:50:06+00:00\" \/>\n<meta name=\"author\" content=\"helpdesk\" \/>\n<meta name=\"twitter:card\" content=\"summary_large_image\" \/>\n<meta name=\"twitter:label1\" content=\"Skriven av\" \/>\n\t<meta name=\"twitter:data1\" content=\"helpdesk\" \/>\n\t<meta name=\"twitter:label2\" content=\"Ber\u00e4knad l\u00e4stid\" \/>\n\t<meta name=\"twitter:data2\" content=\"2 minuter\" \/>\n<script type=\"application\/ld+json\" class=\"yoast-schema-graph\">{\"@context\":\"https:\\\/\\\/schema.org\",\"@graph\":[{\"@type\":\"Article\",\"@id\":\"https:\\\/\\\/wp.kristdemokraterna.se\\\/haninge\\\/socialdemokraterna-bortprioriterar-sarbegavade-elever\\\/#article\",\"isPartOf\":{\"@id\":\"https:\\\/\\\/wp.kristdemokraterna.se\\\/haninge\\\/socialdemokraterna-bortprioriterar-sarbegavade-elever\\\/\"},\"author\":{\"name\":\"helpdesk\",\"@id\":\"https:\\\/\\\/wp.kristdemokraterna.se\\\/haninge\\\/#\\\/schema\\\/person\\\/98d27838d17178471da5e8a56aa604a4\"},\"headline\":\"Socialdemokraterna bortprioriterar s\u00e4rbeg\u00e5vade elever\",\"datePublished\":\"2017-03-29T12:50:06+00:00\",\"mainEntityOfPage\":{\"@id\":\"https:\\\/\\\/wp.kristdemokraterna.se\\\/haninge\\\/socialdemokraterna-bortprioriterar-sarbegavade-elever\\\/\"},\"wordCount\":322,\"publisher\":{\"@id\":\"https:\\\/\\\/wp.kristdemokraterna.se\\\/haninge\\\/#organization\"},\"image\":{\"@id\":\"https:\\\/\\\/wp.kristdemokraterna.se\\\/haninge\\\/socialdemokraterna-bortprioriterar-sarbegavade-elever\\\/#primaryimage\"},\"thumbnailUrl\":\"\",\"inLanguage\":\"sv-SE\"},{\"@type\":\"WebPage\",\"@id\":\"https:\\\/\\\/wp.kristdemokraterna.se\\\/haninge\\\/socialdemokraterna-bortprioriterar-sarbegavade-elever\\\/\",\"url\":\"https:\\\/\\\/wp.kristdemokraterna.se\\\/haninge\\\/socialdemokraterna-bortprioriterar-sarbegavade-elever\\\/\",\"name\":\"Socialdemokraterna bortprioriterar s\u00e4rbeg\u00e5vade elever &#8211;\",\"isPartOf\":{\"@id\":\"https:\\\/\\\/wp.kristdemokraterna.se\\\/haninge\\\/#website\"},\"primaryImageOfPage\":{\"@id\":\"https:\\\/\\\/wp.kristdemokraterna.se\\\/haninge\\\/socialdemokraterna-bortprioriterar-sarbegavade-elever\\\/#primaryimage\"},\"image\":{\"@id\":\"https:\\\/\\\/wp.kristdemokraterna.se\\\/haninge\\\/socialdemokraterna-bortprioriterar-sarbegavade-elever\\\/#primaryimage\"},\"thumbnailUrl\":\"\",\"datePublished\":\"2017-03-29T12:50:06+00:00\",\"description\":\"V\u00e4lkommen till Kristdemokraterna i Haninges hemsida! Vi \u00e4r det trygga alternativet i Haninge kommun f\u00f6r ett samh\u00e4lle d\u00e4r m\u00e4nniskor vill bo och verka i.\",\"breadcrumb\":{\"@id\":\"https:\\\/\\\/wp.kristdemokraterna.se\\\/haninge\\\/socialdemokraterna-bortprioriterar-sarbegavade-elever\\\/#breadcrumb\"},\"inLanguage\":\"sv-SE\",\"potentialAction\":[{\"@type\":\"ReadAction\",\"target\":[\"https:\\\/\\\/wp.kristdemokraterna.se\\\/haninge\\\/socialdemokraterna-bortprioriterar-sarbegavade-elever\\\/\"]}]},{\"@type\":\"ImageObject\",\"inLanguage\":\"sv-SE\",\"@id\":\"https:\\\/\\\/wp.kristdemokraterna.se\\\/haninge\\\/socialdemokraterna-bortprioriterar-sarbegavade-elever\\\/#primaryimage\",\"url\":\"\",\"contentUrl\":\"\"},{\"@type\":\"BreadcrumbList\",\"@id\":\"https:\\\/\\\/wp.kristdemokraterna.se\\\/haninge\\\/socialdemokraterna-bortprioriterar-sarbegavade-elever\\\/#breadcrumb\",\"itemListElement\":[{\"@type\":\"ListItem\",\"position\":1,\"name\":\"Hem\",\"item\":\"https:\\\/\\\/wp.kristdemokraterna.se\\\/haninge\\\/\"},{\"@type\":\"ListItem\",\"position\":2,\"name\":\"Socialdemokraterna bortprioriterar s\u00e4rbeg\u00e5vade elever\"}]},{\"@type\":\"WebSite\",\"@id\":\"https:\\\/\\\/wp.kristdemokraterna.se\\\/haninge\\\/#website\",\"url\":\"https:\\\/\\\/wp.kristdemokraterna.se\\\/haninge\\\/\",\"name\":\"Kristdemokraterna i Haninge |\",\"description\":\"Det trygga alternativet\",\"publisher\":{\"@id\":\"https:\\\/\\\/wp.kristdemokraterna.se\\\/haninge\\\/#organization\"},\"inLanguage\":\"sv-SE\"},{\"@type\":\"Organization\",\"@id\":\"https:\\\/\\\/wp.kristdemokraterna.se\\\/haninge\\\/#organization\",\"name\":\"Kristdemokraterna i Haninge\",\"url\":\"https:\\\/\\\/wp.kristdemokraterna.se\\\/haninge\\\/\",\"logo\":{\"@type\":\"ImageObject\",\"inLanguage\":\"sv-SE\",\"@id\":\"https:\\\/\\\/wp.kristdemokraterna.se\\\/haninge\\\/#\\\/schema\\\/logo\\\/image\\\/\",\"url\":\"https:\\\/\\\/wp.kristdemokraterna.se\\\/haninge\\\/files\\\/2022\\\/01\\\/kd-logo-bla\u2560e.png\",\"contentUrl\":\"https:\\\/\\\/wp.kristdemokraterna.se\\\/haninge\\\/files\\\/2022\\\/01\\\/kd-logo-bla\u2560e.png\",\"width\":2032,\"height\":2031,\"caption\":\"Kristdemokraterna i Haninge\"},\"image\":{\"@id\":\"https:\\\/\\\/wp.kristdemokraterna.se\\\/haninge\\\/#\\\/schema\\\/logo\\\/image\\\/\"}},{\"@type\":\"Person\",\"@id\":\"https:\\\/\\\/wp.kristdemokraterna.se\\\/haninge\\\/#\\\/schema\\\/person\\\/98d27838d17178471da5e8a56aa604a4\",\"name\":\"helpdesk\",\"image\":{\"@type\":\"ImageObject\",\"inLanguage\":\"sv-SE\",\"@id\":\"https:\\\/\\\/secure.gravatar.com\\\/avatar\\\/2e747bc9a7d4e5a6ecca7d851e4175129f995f3f6d9ef18734d1ff623abe4a88?s=96&d=mm&r=g\",\"url\":\"https:\\\/\\\/secure.gravatar.com\\\/avatar\\\/2e747bc9a7d4e5a6ecca7d851e4175129f995f3f6d9ef18734d1ff623abe4a88?s=96&d=mm&r=g\",\"contentUrl\":\"https:\\\/\\\/secure.gravatar.com\\\/avatar\\\/2e747bc9a7d4e5a6ecca7d851e4175129f995f3f6d9ef18734d1ff623abe4a88?s=96&d=mm&r=g\",\"caption\":\"helpdesk\"},\"url\":\"https:\\\/\\\/wp.kristdemokraterna.se\\\/haninge\\\/author\\\/helpdesk\\\/\"}]}<\/script>\n<!-- \/ Yoast SEO plugin. -->","yoast_head_json":{"title":"Socialdemokraterna bortprioriterar s\u00e4rbeg\u00e5vade elever &#8211;","description":"V\u00e4lkommen till Kristdemokraterna i Haninges hemsida! Vi \u00e4r det trygga alternativet i Haninge kommun f\u00f6r ett samh\u00e4lle d\u00e4r m\u00e4nniskor vill bo och verka i.","robots":{"index":"index","follow":"follow","max-snippet":"max-snippet:-1","max-image-preview":"max-image-preview:large","max-video-preview":"max-video-preview:-1"},"canonical":"https:\/\/wp.kristdemokraterna.se\/haninge\/socialdemokraterna-bortprioriterar-sarbegavade-elever\/","og_locale":"sv_SE","og_type":"article","og_title":"Socialdemokraterna bortprioriterar s\u00e4rbeg\u00e5vade elever &#8211;","og_description":"V\u00e4lkommen till Kristdemokraterna i Haninges hemsida! Vi \u00e4r det trygga alternativet i Haninge kommun f\u00f6r ett samh\u00e4lle d\u00e4r m\u00e4nniskor vill bo och verka i.","og_url":"https:\/\/wp.kristdemokraterna.se\/haninge\/socialdemokraterna-bortprioriterar-sarbegavade-elever\/","og_site_name":"Kristdemokraterna i Haninge |","article_published_time":"2017-03-29T12:50:06+00:00","author":"helpdesk","twitter_card":"summary_large_image","twitter_misc":{"Skriven av":"helpdesk","Ber\u00e4knad l\u00e4stid":"2 minuter"},"schema":{"@context":"https:\/\/schema.org","@graph":[{"@type":"Article","@id":"https:\/\/wp.kristdemokraterna.se\/haninge\/socialdemokraterna-bortprioriterar-sarbegavade-elever\/#article","isPartOf":{"@id":"https:\/\/wp.kristdemokraterna.se\/haninge\/socialdemokraterna-bortprioriterar-sarbegavade-elever\/"},"author":{"name":"helpdesk","@id":"https:\/\/wp.kristdemokraterna.se\/haninge\/#\/schema\/person\/98d27838d17178471da5e8a56aa604a4"},"headline":"Socialdemokraterna bortprioriterar s\u00e4rbeg\u00e5vade elever","datePublished":"2017-03-29T12:50:06+00:00","mainEntityOfPage":{"@id":"https:\/\/wp.kristdemokraterna.se\/haninge\/socialdemokraterna-bortprioriterar-sarbegavade-elever\/"},"wordCount":322,"publisher":{"@id":"https:\/\/wp.kristdemokraterna.se\/haninge\/#organization"},"image":{"@id":"https:\/\/wp.kristdemokraterna.se\/haninge\/socialdemokraterna-bortprioriterar-sarbegavade-elever\/#primaryimage"},"thumbnailUrl":"","inLanguage":"sv-SE"},{"@type":"WebPage","@id":"https:\/\/wp.kristdemokraterna.se\/haninge\/socialdemokraterna-bortprioriterar-sarbegavade-elever\/","url":"https:\/\/wp.kristdemokraterna.se\/haninge\/socialdemokraterna-bortprioriterar-sarbegavade-elever\/","name":"Socialdemokraterna bortprioriterar s\u00e4rbeg\u00e5vade elever &#8211;","isPartOf":{"@id":"https:\/\/wp.kristdemokraterna.se\/haninge\/#website"},"primaryImageOfPage":{"@id":"https:\/\/wp.kristdemokraterna.se\/haninge\/socialdemokraterna-bortprioriterar-sarbegavade-elever\/#primaryimage"},"image":{"@id":"https:\/\/wp.kristdemokraterna.se\/haninge\/socialdemokraterna-bortprioriterar-sarbegavade-elever\/#primaryimage"},"thumbnailUrl":"","datePublished":"2017-03-29T12:50:06+00:00","description":"V\u00e4lkommen till Kristdemokraterna i Haninges hemsida! Vi \u00e4r det trygga alternativet i Haninge kommun f\u00f6r ett samh\u00e4lle d\u00e4r m\u00e4nniskor vill bo och verka i.","breadcrumb":{"@id":"https:\/\/wp.kristdemokraterna.se\/haninge\/socialdemokraterna-bortprioriterar-sarbegavade-elever\/#breadcrumb"},"inLanguage":"sv-SE","potentialAction":[{"@type":"ReadAction","target":["https:\/\/wp.kristdemokraterna.se\/haninge\/socialdemokraterna-bortprioriterar-sarbegavade-elever\/"]}]},{"@type":"ImageObject","inLanguage":"sv-SE","@id":"https:\/\/wp.kristdemokraterna.se\/haninge\/socialdemokraterna-bortprioriterar-sarbegavade-elever\/#primaryimage","url":"","contentUrl":""},{"@type":"BreadcrumbList","@id":"https:\/\/wp.kristdemokraterna.se\/haninge\/socialdemokraterna-bortprioriterar-sarbegavade-elever\/#breadcrumb","itemListElement":[{"@type":"ListItem","position":1,"name":"Hem","item":"https:\/\/wp.kristdemokraterna.se\/haninge\/"},{"@type":"ListItem","position":2,"name":"Socialdemokraterna bortprioriterar s\u00e4rbeg\u00e5vade elever"}]},{"@type":"WebSite","@id":"https:\/\/wp.kristdemokraterna.se\/haninge\/#website","url":"https:\/\/wp.kristdemokraterna.se\/haninge\/","name":"Kristdemokraterna i Haninge |","description":"Det trygga alternativet","publisher":{"@id":"https:\/\/wp.kristdemokraterna.se\/haninge\/#organization"},"inLanguage":"sv-SE"},{"@type":"Organization","@id":"https:\/\/wp.kristdemokraterna.se\/haninge\/#organization","name":"Kristdemokraterna i Haninge","url":"https:\/\/wp.kristdemokraterna.se\/haninge\/","logo":{"@type":"ImageObject","inLanguage":"sv-SE","@id":"https:\/\/wp.kristdemokraterna.se\/haninge\/#\/schema\/logo\/image\/","url":"https:\/\/wp.kristdemokraterna.se\/haninge\/files\/2022\/01\/kd-logo-bla\u2560e.png","contentUrl":"https:\/\/wp.kristdemokraterna.se\/haninge\/files\/2022\/01\/kd-logo-bla\u2560e.png","width":2032,"height":2031,"caption":"Kristdemokraterna i Haninge"},"image":{"@id":"https:\/\/wp.kristdemokraterna.se\/haninge\/#\/schema\/logo\/image\/"}},{"@type":"Person","@id":"https:\/\/wp.kristdemokraterna.se\/haninge\/#\/schema\/person\/98d27838d17178471da5e8a56aa604a4","name":"helpdesk","image":{"@type":"ImageObject","inLanguage":"sv-SE","@id":"https:\/\/secure.gravatar.com\/avatar\/2e747bc9a7d4e5a6ecca7d851e4175129f995f3f6d9ef18734d1ff623abe4a88?s=96&d=mm&r=g","url":"https:\/\/secure.gravatar.com\/avatar\/2e747bc9a7d4e5a6ecca7d851e4175129f995f3f6d9ef18734d1ff623abe4a88?s=96&d=mm&r=g","contentUrl":"https:\/\/secure.gravatar.com\/avatar\/2e747bc9a7d4e5a6ecca7d851e4175129f995f3f6d9ef18734d1ff623abe4a88?s=96&d=mm&r=g","caption":"helpdesk"},"url":"https:\/\/wp.kristdemokraterna.se\/haninge\/author\/helpdesk\/"}]}},"_links":{"self":[{"href":"https:\/\/wp.kristdemokraterna.se\/haninge\/wp-json\/wp\/v2\/posts\/565","targetHints":{"allow":["GET"]}}],"collection":[{"href":"https:\/\/wp.kristdemokraterna.se\/haninge\/wp-json\/wp\/v2\/posts"}],"about":[{"href":"https:\/\/wp.kristdemokraterna.se\/haninge\/wp-json\/wp\/v2\/types\/post"}],"author":[{"embeddable":true,"href":"https:\/\/wp.kristdemokraterna.se\/haninge\/wp-json\/wp\/v2\/users\/444"}],"replies":[{"embeddable":true,"href":"https:\/\/wp.kristdemokraterna.se\/haninge\/wp-json\/wp\/v2\/comments?post=565"}],"version-history":[{"count":0,"href":"https:\/\/wp.kristdemokraterna.se\/haninge\/wp-json\/wp\/v2\/posts\/565\/revisions"}],"wp:featuredmedia":[{"embeddable":true,"href":"https:\/\/wp.kristdemokraterna.se\/haninge\/wp-json\/wp\/v2\/pages\/484"}],"wp:attachment":[{"href":"https:\/\/wp.kristdemokraterna.se\/haninge\/wp-json\/wp\/v2\/media?parent=565"}],"wp:term":[{"taxonomy":"category","embeddable":true,"href":"https:\/\/wp.kristdemokraterna.se\/haninge\/wp-json\/wp\/v2\/categories?post=565"},{"taxonomy":"post_tag","embeddable":true,"href":"https:\/\/wp.kristdemokraterna.se\/haninge\/wp-json\/wp\/v2\/tags?post=565"}],"curies":[{"name":"wp","href":"https:\/\/api.w.org\/{rel}","templated":true}]}}